{"id":70981,"date":"2025-02-16T07:36:14","date_gmt":"2025-02-16T13:36:14","guid":{"rendered":"https:\/\/www.grieta.org.mx\/?p=70981"},"modified":"2025-02-16T07:36:14","modified_gmt":"2025-02-16T13:36:14","slug":"alto-a-los-ataques-contra-la-ucizoni-pronunciamiento-del-congreso-nacional-indigena-y-el-ezln-en-apoyo-a-quienes-resisten-en-el-istmo","status":"publish","type":"post","link":"https:\/\/www.grieta.org.mx\/index.php\/2025\/02\/16\/alto-a-los-ataques-contra-la-ucizoni-pronunciamiento-del-congreso-nacional-indigena-y-el-ezln-en-apoyo-a-quienes-resisten-en-el-istmo\/","title":{"rendered":"ALTO A LOS ATAQUES CONTRA LA UCIZONI. PRONUNCIAMIENTO DEL CONGRESO NACIONAL IND\u00cdGENA Y EL EZLN EN APOYO A QUIENES RESISTEN EN EL ISTMO"},"content":{"rendered":"<p>ALTO A LOS ATAQUES CONTRA LA UCIZONI<\/p>\n<p>PRONUNCIAMIENTO DEL CONGRESO NACIONAL IND\u00cdGENA<br \/>\nY EL EZLN EN APOYO A QUIENES RESISTEN EN EL ISTMO.<\/p>\n<p>A los pueblos ind\u00edgenas de M\u00e9xico y del mundo<br \/>\nA las organizaciones en resistencia<br \/>\nA la sociedad civil nacional e internacional<\/p>\n<p>Hermanas y hermanos:<\/p>\n<p>Desde el Congreso Nacional Ind\u00edgena (CNI) y el EZLN condenamos la emboscada ocurrida en la zona lim\u00edtrofe entre Santo Domingo Petapa y San Juan Mazatl\u00e1n, Oaxaca, en la que fueron asesinados tres compa\u00f1eros de la Uni\u00f3n de Comunidades Ind\u00edgenas de la Zona Norte del Istmo (UCIZONI).<\/p>\n<p>Denunciamos que esta violencia no es un hecho aislado, sino parte de la guerra de exterminio que los malos gobiernos, los caciques y los intereses capitalistas imponen contra nuestros pueblos. Buscan despojarnos de nuestras tierras con terror, persecuci\u00f3n y muerte, al servicio de intereses oscuros.<\/p>\n<p>Exigimos justicia para nuestros hermanos ca\u00eddos, el respeto a la autonom\u00eda de las comunidades ind\u00edgenas y la garant\u00eda de seguridad para la poblaci\u00f3n de El Platanillo. Responsabilizamos a los gobiernos estatal y federal por su omisi\u00f3n y complicidad en esta escalada de violencia.<\/p>\n<p>  Todo aquel que no baja la cabeza y se convierte en siervo de la 4T es perseguido, desplazado, encarcelado y asesinado.  Son lo mismo y son los mismos.  Frente a sus golpes: \u00a1resistencia y rebeld\u00eda! en defensa de la madre tierra y sus guardianes.<\/p>\n<p>Nos solidarizamos con UCIZONI y con todas las comunidades ind\u00edgenas que, a pesar de la represi\u00f3n, siguen en pie de lucha, defendiendo la vida y la dignidad.<\/p>\n<p>\u00a1Alto a la guerra contra los pueblos ind\u00edgenas!<br \/>\n\u00a1No al despojo, no a la represi\u00f3n!<br \/>\n\u00a1Justicia para las v\u00edctimas de Santo Domingo Petapa!<\/p>\n<p>Congreso Nacional Ind\u00edgena \u2013 Concejo Ind\u00edgena de Gobierno<br \/>\nEj\u00e9rcito Zapatista de Liberaci\u00f3n Nacional.<\/p>\n<p>M\u00e9xico, 13 de febrero de 2025<\/p>\n<p><a href=\"https:\/\/enlacezapatista.ezln.org.mx\/2025\/02\/13\/alto-a-los-ataques-contra-la-ucizoni-pronunciamiento-del-congreso-nacional-indigena-y-el-ezln-en-apoyo-a-quienes-resisten-en-el-istmo\/\" target=\"_blank\">https:\/\/enlacezapatista.ezln.org.mx\/2025\/02\/13\/alto-a-los-ataques-contra-la-ucizoni-pronunciamiento-del-congreso-nacional-indigena-y-el-ezln-en-apoyo-a-quienes-resisten-en-el-istmo\/<\/a><\/p>\n","protected":false},"excerpt":{"rendered":"<p>ALTO A LOS ATAQUES CONTRA LA UCIZONI PRONUNCIAMIENTO DEL CONGRESO NACIONAL IND\u00cdGENA Y EL EZLN EN APOYO A QUIENES RESISTEN EN EL ISTMO. A los pueblos ind\u00edgenas de M\u00e9xico y &hellip; <a href=\"https:\/\/www.grieta.org.mx\/index.php\/2025\/02\/16\/alto-a-los-ataques-contra-la-ucizoni-pronunciamiento-del-congreso-nacional-indigena-y-el-ezln-en-apoyo-a-quienes-resisten-en-el-istmo\/\" class=\"more-link\">Leer m\u00e1s<\/a><\/p>\n","protected":false},"author":2,"featured_media":70982,"comment_status":"closed","ping_status":"closed","sticky":false,"template":"","format":"standard","meta":{"ngg_post_thumbnail":0,"_jetpack_newsletter_access":"","_jetpack_dont_email_post_to_subs":false,"_jetpack_newsletter_tier_id":0,"_jetpack_memberships_contains_paywalled_content":false,"_jetpack_memberships_contains_paid_content":false,"footnotes":""},"categories":[80,79,921,74,907,2,78],"tags":[95,466],"class_list":["post-70981","post","type-post","status-publish","format-standard","has-post-thumbnail","hentry","category-cintillo","category-cni","category-comunicados","category-ezln","category-ezln-2","category-noticias-nacionales","category-palabras-del-ezln","tag-cni","tag-ezln","entry"],"jetpack_featured_media_url":"https:\/\/www.grieta.org.mx\/wp-content\/uploads\/2025\/02\/ucizoni.png","jetpack_sharing_enabled":true,"jetpack_shortlink":"https:\/\/wp.me\/p7ZJR4-isR","jetpack_likes_enabled":false,"jetpack-related-posts":[{"id":54121,"url":"https:\/\/www.grieta.org.mx\/index.php\/2020\/10\/12\/jornada-nacional-de-movilizacion-en-defensa-de-la-madre-tierra-contra-la-guerra-al-ezln-los-pueblos-y-comunidades-indigenas-en-oaxaca\/","url_meta":{"origin":70981,"position":0},"title":"Jornada Nacional de Movilizaci\u00f3n en Defensa de la Madre Tierra, contra la guerra al EZLN, los pueblos y comunidades Ind\u00edgenas en Oaxaca","author":"grieta","date":"12 octubre, 2020","format":false,"excerpt":"Radio Zapatista \/ Informaci\u00f3n CNI Mat\u00edas Romero, Oaxaca 12 de octubre 2020 En el marco de la Jornada Nacional de Movilizaci\u00f3n en Defensa de la Madre Tierra, contra la guerra al EZLN, los pueblos y comunidades Ind\u00edgenas. Mitin UCIZONI RESISTENCIA CIVIL DEL ISTMO en Estaci\u00f3n Ferrocarril de Mat\u00edas Romero Oaxaca\u2026","rel":"","context":"En &quot;CINTILLO&quot;","block_context":{"text":"CINTILLO","link":"https:\/\/www.grieta.org.mx\/index.php\/category\/cintillo\/"},"img":{"alt_text":"","src":"https:\/\/i0.wp.com\/www.grieta.org.mx\/wp-content\/uploads\/2020\/10\/r.jpg?resize=350%2C200&ssl=1","width":350,"height":200,"srcset":"https:\/\/i0.wp.com\/www.grieta.org.mx\/wp-content\/uploads\/2020\/10\/r.jpg?resize=350%2C200&ssl=1 1x, https:\/\/i0.wp.com\/www.grieta.org.mx\/wp-content\/uploads\/2020\/10\/r.jpg?resize=525%2C300&ssl=1 1.5x"},"classes":[]},{"id":31394,"url":"https:\/\/www.grieta.org.mx\/index.php\/2019\/03\/29\/comunicado-del-cni-cig-y-el-ezln-ante-nueva-situacion-de-consulta-para-imponer-mega-proyectos-en-el-istmo-de-tehuantepec\/","url_meta":{"origin":70981,"position":1},"title":"Comunicado del CNI-CIG y el EZLN ante nueva situaci\u00f3n de consulta para imponer mega proyectos en el Istmo de Tehuantepec","author":"grieta","date":"29 marzo, 2019","format":false,"excerpt":"COMUNICADO DEL CONGRESO NACIONAL IND\u00cdGENA Y EL CONCEJO IND\u00cdGENA DE GOBIERNO Y EL EJ\u00c9RCITO ZAPATISTA DE LIBERACI\u00d3N NACIONAL ANTE NUEVA SIMULACI\u00d3N DE CONSULTA PARA IMPONER MEGA PROYECTOS EN EL ISTMO DE TEHUANTEPEC Al pueblo de M\u00e9xico A los pueblos del mundo A las Redes de Apoyo al CIG A las\u2026","rel":"","context":"En &quot;CINTILLO&quot;","block_context":{"text":"CINTILLO","link":"https:\/\/www.grieta.org.mx\/index.php\/category\/cintillo\/"},"img":{"alt_text":"","src":"https:\/\/i0.wp.com\/www.grieta.org.mx\/wp-content\/uploads\/2018\/03\/14524434_1106112876131411_958039263622046936_o.jpg?resize=350%2C200&ssl=1","width":350,"height":200,"srcset":"https:\/\/i0.wp.com\/www.grieta.org.mx\/wp-content\/uploads\/2018\/03\/14524434_1106112876131411_958039263622046936_o.jpg?resize=350%2C200&ssl=1 1x, https:\/\/i0.wp.com\/www.grieta.org.mx\/wp-content\/uploads\/2018\/03\/14524434_1106112876131411_958039263622046936_o.jpg?resize=525%2C300&ssl=1 1.5x, https:\/\/i0.wp.com\/www.grieta.org.mx\/wp-content\/uploads\/2018\/03\/14524434_1106112876131411_958039263622046936_o.jpg?resize=700%2C400&ssl=1 2x"},"classes":[]},{"id":42476,"url":"https:\/\/www.grieta.org.mx\/index.php\/2019\/12\/23\/acuerdos-y-pronunciamiento-de-la-iv-asamblea-nacional-del-cni-cig-y-ezln\/","url_meta":{"origin":70981,"position":2},"title":"Acuerdos y pronunciamiento de la IV Asamblea Nacional del CNI-CIG y EZLN","author":"grieta","date":"23 diciembre, 2019","format":false,"excerpt":"Radio Zapatista. El 19 de diciembre de 2019 concluy\u00f3 la IV Asamblea Nacional del Congreso Nacional Ind\u00edgena \u2013 Concejo Ind\u00edgena de Gobierno y el Ej\u00e9rcito Zapatista de Liberaci\u00f3n Nacional. Despu\u00e9s de dos d\u00edas de deliberaciones a puerta cerrada, se realiz\u00f3 la plenaria abierta, en el Caracol Jacinto Canek, Cideci\/UniTierra, en\u2026","rel":"","context":"En &quot;CINTILLO&quot;","block_context":{"text":"CINTILLO","link":"https:\/\/www.grieta.org.mx\/index.php\/category\/cintillo\/"},"img":{"alt_text":"","src":"https:\/\/i0.wp.com\/www.grieta.org.mx\/wp-content\/uploads\/2019\/12\/1-2.jpg?resize=350%2C200&ssl=1","width":350,"height":200,"srcset":"https:\/\/i0.wp.com\/www.grieta.org.mx\/wp-content\/uploads\/2019\/12\/1-2.jpg?resize=350%2C200&ssl=1 1x, https:\/\/i0.wp.com\/www.grieta.org.mx\/wp-content\/uploads\/2019\/12\/1-2.jpg?resize=525%2C300&ssl=1 1.5x, https:\/\/i0.wp.com\/www.grieta.org.mx\/wp-content\/uploads\/2019\/12\/1-2.jpg?resize=700%2C400&ssl=1 2x"},"classes":[]},{"id":66873,"url":"https:\/\/www.grieta.org.mx\/index.php\/2023\/04\/29\/pronunciamiento-del-congreso-nacional-indigena-y-el-ezln-ante-el-violento-desalojo-del-campamento-tierra-y-libertad-en-la-comunidad-mixe-de-mogone-viejo-guichicovi-oaxaca-por-part\/","url_meta":{"origin":70981,"position":3},"title":"PRONUNCIAMIENTO DEL CONGRESO NACIONAL IND\u00cdGENA Y EL EZLN ANTE EL VIOLENTO DESALOJO DEL CAMPAMENTO \u201cTIERRA Y LIBERTAD\u201d EN LA COMUNIDAD MIXE DE MOGO\u00d1E VIEJO, GUICHICOVI, OAXACA, POR PARTE DE LOS GOBIERNOS FEDERAL Y DEL ESTADO.","author":"grieta","date":"29 abril, 2023","format":false,"excerpt":"PRONUNCIAMIENTO DEL CONGRESO NACIONAL IND\u00cdGENA Y EL EZLN ANTE EL VIOLENTO DESALOJO DEL CAMPAMENTO \u201cTIERRA Y LIBERTAD\u201d EN LA COMUNIDAD MIXE DE MOGO\u00d1E VIEJO, GUICHICOVI, OAXACA, POR PARTE DE LOS GOBIERNOS FEDERAL Y DEL ESTADO. A los pueblos de M\u00e9xico y del mundo, A los organismos y colectivos defensores de\u2026","rel":"","context":"En &quot;CINTILLO&quot;","block_context":{"text":"CINTILLO","link":"https:\/\/www.grieta.org.mx\/index.php\/category\/cintillo\/"},"img":{"alt_text":"","src":"","width":0,"height":0},"classes":[]},{"id":27703,"url":"https:\/\/www.grieta.org.mx\/index.php\/2018\/11\/24\/comunicado-del-cni-cig-y-ezln-al-pueblo-mapuche\/","url_meta":{"origin":70981,"position":4},"title":"Comunicado [conjunto del CNI, CIG y EZLN] al pueblo Mapuche","author":"grieta","date":"24 noviembre, 2018","format":false,"excerpt":"Comunicado: Al pueblo mapuche Al pueblo chileno A los pueblos originarios de Am\u00e9rica A la Sexta Internacional Hermanos y hermanas del digno pueblo mapuche, Los pueblos, naciones, tribus y barrios que conformamos el Congreso Nacional Ind\u00edgena, el Concejo Ind\u00edgena de Gobierno y el EZLN abrazamos solidariamente la familia del compa\u00f1ero\u2026","rel":"","context":"En &quot;CINTILLO&quot;","block_context":{"text":"CINTILLO","link":"https:\/\/www.grieta.org.mx\/index.php\/category\/cintillo\/"},"img":{"alt_text":"","src":"","width":0,"height":0},"classes":[]},{"id":33887,"url":"https:\/\/www.grieta.org.mx\/index.php\/2019\/05\/26\/alto-a-la-guerra-narcoparamilitar-contra-el-cipog-ez-comunicado-urgente-del-cni-cig-y-el-ezln\/","url_meta":{"origin":70981,"position":5},"title":"ALTO A LA GUERRA NARCOPARAMILITAR CONTRA EL CIPOG-EZ Comunicado urgente del CNI-CIG y el EZLN","author":"grieta","date":"26 mayo, 2019","format":false,"excerpt":"ALTO A LA GUERRA NARCOPARAMILITAR CONTRA EL CIPOG-EZ Comunicado urgente del CNI-CIG y el EZLN Hoy, con indignaci\u00f3n y dolor denunciamos un nuevo y artero crimen contra nuestros compa\u00f1eros del Consejo Ind\u00edgena y Popular de Guerrero \u2013 Emiliano Zapata (CIPOG-EZ). Alrededor de las 13:30 horas del d\u00eda 23 de mayo,\u2026","rel":"","context":"En &quot;CIG&quot;","block_context":{"text":"CIG","link":"https:\/\/www.grieta.org.mx\/index.php\/category\/cig\/"},"img":{"alt_text":"","src":"https:\/\/i0.wp.com\/www.grieta.org.mx\/wp-content\/uploads\/2019\/05\/20190525_222118_0000.png?resize=350%2C200&ssl=1","width":350,"height":200,"srcset":"https:\/\/i0.wp.com\/www.grieta.org.mx\/wp-content\/uploads\/2019\/05\/20190525_222118_0000.png?resize=350%2C200&ssl=1 1x, https:\/\/i0.wp.com\/www.grieta.org.mx\/wp-content\/uploads\/2019\/05\/20190525_222118_0000.png?resize=525%2C300&ssl=1 1.5x, https:\/\/i0.wp.com\/www.grieta.org.mx\/wp-content\/uploads\/2019\/05\/20190525_222118_0000.png?resize=700%2C400&ssl=1 2x"},"classes":[]}],"_links":{"self":[{"href":"https:\/\/www.grieta.org.mx\/index.php\/wp-json\/wp\/v2\/posts\/70981","targetHints":{"allow":["GET"]}}],"collection":[{"href":"https:\/\/www.grieta.org.mx\/index.php\/wp-json\/wp\/v2\/posts"}],"about":[{"href":"https:\/\/www.grieta.org.mx\/index.php\/wp-json\/wp\/v2\/types\/post"}],"author":[{"embeddable":true,"href":"https:\/\/www.grieta.org.mx\/index.php\/wp-json\/wp\/v2\/users\/2"}],"replies":[{"embeddable":true,"href":"https:\/\/www.grieta.org.mx\/index.php\/wp-json\/wp\/v2\/comments?post=70981"}],"version-history":[{"count":1,"href":"https:\/\/www.grieta.org.mx\/index.php\/wp-json\/wp\/v2\/posts\/70981\/revisions"}],"predecessor-version":[{"id":70983,"href":"https:\/\/www.grieta.org.mx\/index.php\/wp-json\/wp\/v2\/posts\/70981\/revisions\/70983"}],"wp:featuredmedia":[{"embeddable":true,"href":"https:\/\/www.grieta.org.mx\/index.php\/wp-json\/wp\/v2\/media\/70982"}],"wp:attachment":[{"href":"https:\/\/www.grieta.org.mx\/index.php\/wp-json\/wp\/v2\/media?parent=70981"}],"wp:term":[{"taxonomy":"category","embeddable":true,"href":"https:\/\/www.grieta.org.mx\/index.php\/wp-json\/wp\/v2\/categories?post=70981"},{"taxonomy":"post_tag","embeddable":true,"href":"https:\/\/www.grieta.org.mx\/index.php\/wp-json\/wp\/v2\/tags?post=70981"}],"curies":[{"name":"wp","href":"https:\/\/api.w.org\/{rel}","templated":true}]}}