{"id":70969,"date":"2025-02-15T17:53:36","date_gmt":"2025-02-15T23:53:36","guid":{"rendered":"https:\/\/www.grieta.org.mx\/?p=70969"},"modified":"2025-02-15T17:56:36","modified_gmt":"2025-02-15T23:56:36","slug":"insuficiente-fallo-a-favor-de-ostula-michoacan","status":"publish","type":"post","link":"https:\/\/www.grieta.org.mx\/index.php\/2025\/02\/15\/insuficiente-fallo-a-favor-de-ostula-michoacan\/","title":{"rendered":"Insuficiente, fallo a favor de Ostula (Michoac\u00e1n)"},"content":{"rendered":"<p><strong>La justicia federal reconoci\u00f3 violaci\u00f3n de derechos a la comunidad nahua en el juicio sobre la posesi\u00f3n de Xayakalan, pero no resolvi\u00f3 de fondo el asunto<\/strong><\/p>\n<p>regla de tres<br \/>\n13\/02\/2025<\/p>\n<p>Patricia Monreal<\/p>\n<p>La comunidad ind\u00edgena de Santa Mar\u00eda Ostula logr\u00f3 este jueves una resoluci\u00f3n a favor en el amparo directo 463\/2023 que promovi\u00f3 hace casi dos a\u00f1os ante el Segundo Tribunal Colegiado en Materias Administrativa y de Trabajo del D\u00e9cimo Primer Circuito del Poder Judicial Federal, pero el fallo result\u00f3 insuficiente pues no resolvi\u00f3 el fondo del asunto que es la posesi\u00f3n de Xayakalan, sino que orden\u00f3 reponer el procedimiento.<\/p>\n<p>A 21 a\u00f1os de lucha por el reconocimiento de su derecho sobre Xayakalan, Ostula deber\u00e1 continuar la ruta legal para lograrlo. La resoluci\u00f3n tomada por unanimidad por el Segundo Tribunal Colegiado, representa una victoria significativa para la comunidad en lo que era la \u00faltima instancia legal para la revisi\u00f3n del caso.<\/p>\n<p>En entrevista, Carlos Gonz\u00e1lez Garc\u00eda, abogado de la comunidad, inform\u00f3 que los tres magistrados del Colegiado determinaron por unanimidad amparar a Santa Mar\u00eda Ostula por considerar que en el juicio agrario 78\/2004 -por el que se resolvi\u00f3 en primera instancia el conflicto de l\u00edmites con peque\u00f1os propietarios con aval del Tribunal Agrario- se violaron derechos fundamentales de Ostula.<\/p>\n<blockquote><p><em><br \/>\n\u201cSe considera que hay violaciones a los derechos humanos de la comunidad por parte del Tribunal Superior Agrario y del Tribunal Unitario Agrario con las sentencias que en su momento dictaron\u201d, refiri\u00f3 el abogado.<\/em><\/p><\/blockquote>\n<p>Por un lado el Tribunal Colegiado consider\u00f3 que se violentaron los derechos contenidos en el art\u00edculo segundo constitucional, porque no se consideraron los derechos territoriales que tiene Santa Mar\u00eda Ostula en su car\u00e1cter de comunidad ind\u00edgena.<\/p>\n<p>Por otro lado, sobre la prueba pericial en materia topogr\u00e1fica que resulta fundamental para resolver el juicio por tratarse de un conflicto por l\u00edmites, se determin\u00f3 que fue integrada de manera indebida.<\/p>\n<blockquote><p>\n<em>\u201cEn primer lugar, se desconoci\u00f3 a nuestro ingeniero top\u00f3grafo en el procedimiento de manera indebida. En segundo lugar -lo cual resulta demasiado grave- el perito tercero en discordia, que es el que emite el dictamen que tomaron en cuenta el Tribunal Unitario Agrario y el Tribunal Superior Agrario y que causa un perjuicio grave a la comunidad porque fija un lindero que la va privando de miles de hect\u00e1reas, ese perito que dio el dictamen, falsific\u00f3 su c\u00e9dula profesional, es decir, no es ingeniero.<\/p>\n<p>\u201cQuien cometi\u00f3 esa anomal\u00eda es el perito Roberto Orozco Cuevas, lo que hizo se trata de un delito, y evidentemente esa situaci\u00f3n deja sin ning\u00fan valor este elemento de prueba que consideraron el Tribunal Unitario Agrario y el Superior Agrario como fundamental para dictar su sentencia en contra de la comunidad\u201d.<\/em><\/p><\/blockquote>\n<p>Carlos Gonz\u00e1lez indic\u00f3 que ahora sigue que se reponga el juicio y que \u00e9ste se tramite con respeto a lo que marcan las leyes, el procedimiento agrario, la Constituci\u00f3n General de la Rep\u00fablica y los convenios y tratados internacionales en materia de derechos ind\u00edgenas.<\/p>\n<p>La prueba pericial en materia topogr\u00e1fica deber\u00e1 ser repuesta, y Santa Mar\u00eda Ostula buscar\u00e1 se sancione a quienes puedan tener una responsabilidad de car\u00e1cter administrativo o penal en esta situaci\u00f3n.<\/p>\n<blockquote><p><em>\u201cNo es broma que la comunidad tenga 40 comuneros asesinados y seis desaparecidos en medio de este tipo de anomal\u00edas tan terribles, no es cualquier cosa\u201d.<\/em><\/p><\/blockquote>\n<p>El abogado explic\u00f3 que el fallo del Segundo Tribunal Colegiado no resolvi\u00f3 el fondo del asunto, el cual se relaciona con la posesi\u00f3n de Xayakalan, aunque en el amparo la comunidad s\u00ed estaba demandando el reconocimiento de propiedad sobre ese territorio.<\/p>\n<blockquote><p><em><br \/>\n\u201cPor t\u00e9cnica jur\u00eddica, los tribunales siempre estudian primero si hubo violaciones al procedimiento, y si las hay entonces ordenan reponerlo; en este caso no atendieron el fondo del asunto, ese sigue sin tocarse porque se considera que no se llev\u00f3 adecuadamente el juicio agrario\u201d<\/em>.<\/p><\/blockquote>\n<p>Consider\u00f3 que aunque es de celebrarse el fallo, resulta insuficiente.<\/p>\n<p>Estim\u00f3 que el juicio agrario se llevar\u00e1 de dos a cinco a\u00f1os m\u00e1s debido a que se tiene que reponer el procedimiento, \u201cseguramente despu\u00e9s de que haya una resoluci\u00f3n va a impugnar quien no est\u00e9 de acuerdo con la sentencia, entonces se ir\u00e1 al Tribunal Superior Agrario, y de ah\u00ed a un amparo directo, en fin, esto va para largo\u201d.<\/p>\n<p>A pregunta expresa comparti\u00f3 que la comunidad est\u00e1 animada porque se otorg\u00f3 el amparo, aunque esperaba que hubiera una decisi\u00f3n de fondo definitiva a su favor.<\/p>\n<blockquote><p><em><br \/>\n\u201cNo la hubo pero no est\u00e1 desanimada la comunidad, porque evidentemente se obtuvo un fallo que le favorece y que deja sin efectos dos sentencias que le estaban privando de miles de hect\u00e1reas\u201d, remarc\u00f3.<\/em><\/p><\/blockquote>\n<figure id=\"attachment_70970\" aria-describedby=\"caption-attachment-70970\" style=\"width: 1949px\" class=\"wp-caption alignright\"><a href=\"http:\/\/www.grieta.org.mx\/wp-content\/uploads\/2025\/02\/Insuficiente-fallo-a-favor-de-Ostula-02.webp\"><img loading=\"lazy\" decoding=\"async\" data-attachment-id=\"70970\" data-permalink=\"https:\/\/www.grieta.org.mx\/index.php\/2025\/02\/15\/insuficiente-fallo-a-favor-de-ostula-michoacan\/insuficiente-fallo-a-favor-de-ostula-02\/\" data-orig-file=\"https:\/\/www.grieta.org.mx\/wp-content\/uploads\/2025\/02\/Insuficiente-fallo-a-favor-de-Ostula-02.webp\" data-orig-size=\"1949,1299\" data-comments-opened=\"0\" data-image-meta=\"{&quot;aperture&quot;:&quot;0&quot;,&quot;credit&quot;:&quot;&quot;,&quot;camera&quot;:&quot;&quot;,&quot;caption&quot;:&quot;&quot;,&quot;created_timestamp&quot;:&quot;0&quot;,&quot;copyright&quot;:&quot;&quot;,&quot;focal_length&quot;:&quot;0&quot;,&quot;iso&quot;:&quot;0&quot;,&quot;shutter_speed&quot;:&quot;0&quot;,&quot;title&quot;:&quot;&quot;,&quot;orientation&quot;:&quot;0&quot;}\" data-image-title=\"Insuficiente-fallo-a-favor-de-Ostula-02\" data-image-description=\"\" data-image-caption=\"&lt;p&gt;Carlos Gonz\u00e1lez Garc\u00eda, abogado de la comunidad&lt;\/p&gt;\n\" data-medium-file=\"https:\/\/www.grieta.org.mx\/wp-content\/uploads\/2025\/02\/Insuficiente-fallo-a-favor-de-Ostula-02-300x200.webp\" data-large-file=\"https:\/\/www.grieta.org.mx\/wp-content\/uploads\/2025\/02\/Insuficiente-fallo-a-favor-de-Ostula-02-1024x682.webp\" src=\"http:\/\/www.grieta.org.mx\/wp-content\/uploads\/2025\/02\/Insuficiente-fallo-a-favor-de-Ostula-02.webp\" alt=\"\" width=\"1949\" height=\"1299\" class=\"size-full wp-image-70970\" srcset=\"https:\/\/www.grieta.org.mx\/wp-content\/uploads\/2025\/02\/Insuficiente-fallo-a-favor-de-Ostula-02.webp 1949w, https:\/\/www.grieta.org.mx\/wp-content\/uploads\/2025\/02\/Insuficiente-fallo-a-favor-de-Ostula-02-300x200.webp 300w, https:\/\/www.grieta.org.mx\/wp-content\/uploads\/2025\/02\/Insuficiente-fallo-a-favor-de-Ostula-02-1024x682.webp 1024w, https:\/\/www.grieta.org.mx\/wp-content\/uploads\/2025\/02\/Insuficiente-fallo-a-favor-de-Ostula-02-768x512.webp 768w, https:\/\/www.grieta.org.mx\/wp-content\/uploads\/2025\/02\/Insuficiente-fallo-a-favor-de-Ostula-02-1536x1024.webp 1536w\" sizes=\"auto, (max-width: 1949px) 100vw, 1949px\" \/><\/a><figcaption id=\"caption-attachment-70970\" class=\"wp-caption-text\">Carlos Gonz\u00e1lez Garc\u00eda, abogado de la comunidad<\/figcaption><\/figure>\n<p><a href=\"https:\/\/regladetres.com.mx\/insuficiente-fallo-a-favor-de-ostula\/\">https:\/\/regladetres.com.mx\/insuficiente-fallo-a-favor-de-ostula\/<\/a><\/p>\n","protected":false},"excerpt":{"rendered":"<p>La justicia federal reconoci\u00f3 violaci\u00f3n de derechos a la comunidad nahua en el juicio sobre la posesi\u00f3n de Xayakalan, pero no resolvi\u00f3 de fondo el asunto regla de tres 13\/02\/2025 &hellip; <a href=\"https:\/\/www.grieta.org.mx\/index.php\/2025\/02\/15\/insuficiente-fallo-a-favor-de-ostula-michoacan\/\" class=\"more-link\">Leer m\u00e1s<\/a><\/p>\n","protected":false},"author":2,"featured_media":70971,"comment_status":"closed","ping_status":"closed","sticky":false,"template":"","format":"standard","meta":{"ngg_post_thumbnail":0,"_jetpack_newsletter_access":"","_jetpack_dont_email_post_to_subs":false,"_jetpack_newsletter_tier_id":0,"_jetpack_memberships_contains_paywalled_content":false,"_jetpack_memberships_contains_paid_content":false,"footnotes":""},"categories":[8,80,989,21,2,995,2934],"tags":[4172,628,2310,4171,2466,3206],"class_list":["post-70969","post","type-post","status-publish","format-standard","has-post-thumbnail","hentry","category-1-ostula","category-cintillo","category-lucha-y-resistencia-del-pueblo-de-santa-maria-ostula","category-michoacan","category-noticias-nacionales","category-resistencia-y-construccion-de-autonomia-de-las-comunidades-rurales-en-michoacan","category-resistencias-en-michoacan","tag-defensa-de-la-tierra-y-el-territorio","tag-defensa-del-territorio","tag-lucha-de-santa-maria-ostula","tag-lucha-por-la-tierra","tag-luchas-y-resistencias-de-pueblos-originarios","tag-protestas-pueblos-indigenas","entry"],"jetpack_featured_media_url":"https:\/\/www.grieta.org.mx\/wp-content\/uploads\/2025\/02\/Insuficiente-fallo-a-favor-de-Ostula-01-scaled-1.webp","jetpack_sharing_enabled":true,"jetpack_shortlink":"https:\/\/wp.me\/p7ZJR4-isF","jetpack_likes_enabled":false,"jetpack-related-posts":[{"id":41062,"url":"https:\/\/www.grieta.org.mx\/index.php\/2019\/11\/03\/pobladores-de-ostula-michoacan-instalan-revisiones-vehiculares-tras-emboscada-a-guardia-local-michoacan\/","url_meta":{"origin":70969,"position":0},"title":"Pobladores de Ostula, Michoac\u00e1n, instalan revisiones vehiculares tras emboscada a Guardia Local (Michoac\u00e1n)","author":"grieta","date":"3 noviembre, 2019","format":false,"excerpt":"Por:Redacci\u00f3n \/ Noventa Grados, 03 de noviembre de 2019 Aquila, Michoac\u00e1n; a 03 de noviembre de 2019.- Ante la agresi\u00f3n armada que sufri\u00f3 esta tarde la Guardia Comunal de Aquila, el pueblo nahua de Ostula, que forma parte de este municipio, activ\u00f3 sus protocolos de seguridad e instal\u00f3 un filtro\u2026","rel":"","context":"En &quot;1. Ostula&quot;","block_context":{"text":"1. Ostula","link":"https:\/\/www.grieta.org.mx\/index.php\/category\/espejos-de-la-resistencia\/1-ostula\/"},"img":{"alt_text":"","src":"https:\/\/i0.wp.com\/www.grieta.org.mx\/wp-content\/uploads\/2019\/11\/0-grande.jpg?resize=350%2C200&ssl=1","width":350,"height":200,"srcset":"https:\/\/i0.wp.com\/www.grieta.org.mx\/wp-content\/uploads\/2019\/11\/0-grande.jpg?resize=350%2C200&ssl=1 1x, https:\/\/i0.wp.com\/www.grieta.org.mx\/wp-content\/uploads\/2019\/11\/0-grande.jpg?resize=525%2C300&ssl=1 1.5x, https:\/\/i0.wp.com\/www.grieta.org.mx\/wp-content\/uploads\/2019\/11\/0-grande.jpg?resize=700%2C400&ssl=1 2x"},"classes":[]},{"id":15886,"url":"https:\/\/www.grieta.org.mx\/index.php\/2016\/06\/28\/ostula-michoacan-siete-anos-en-defensa-de-la-madre-tierra\/","url_meta":{"origin":70969,"position":1},"title":"Ostula Michoac\u00e1n, siete a\u00f1os en defensa de la Madre Tierra","author":"Admin","date":"28 junio, 2016","format":false,"excerpt":"En el marco del s\u00e9ptimo aniversario de recuperaci\u00f3n de 1200 hect\u00e1reas de tierras comunales donde la comunidad ind\u00edgena de Santa Mar\u00eda Ostula, municipio de Aquila, Michoac\u00e1n, fund\u00f3 la encargatura de Xayakalan, como parte de su organizaci\u00f3n en defensa de su territorio y autonom\u00eda. El Centro de Derechos Humanos Fray Bartolom\u00e9\u2026","rel":"","context":"En &quot;CINTILLO&quot;","block_context":{"text":"CINTILLO","link":"https:\/\/www.grieta.org.mx\/index.php\/category\/cintillo\/"},"img":{"alt_text":"","src":"https:\/\/i0.wp.com\/www.grieta.org.mx\/wp-content\/uploads\/2018\/03\/14524434_1106112876131411_958039263622046936_o.jpg?resize=350%2C200&ssl=1","width":350,"height":200,"srcset":"https:\/\/i0.wp.com\/www.grieta.org.mx\/wp-content\/uploads\/2018\/03\/14524434_1106112876131411_958039263622046936_o.jpg?resize=350%2C200&ssl=1 1x, https:\/\/i0.wp.com\/www.grieta.org.mx\/wp-content\/uploads\/2018\/03\/14524434_1106112876131411_958039263622046936_o.jpg?resize=525%2C300&ssl=1 1.5x, https:\/\/i0.wp.com\/www.grieta.org.mx\/wp-content\/uploads\/2018\/03\/14524434_1106112876131411_958039263622046936_o.jpg?resize=700%2C400&ssl=1 2x"},"classes":[]},{"id":68449,"url":"https:\/\/www.grieta.org.mx\/index.php\/2024\/02\/08\/la-comunidad-nahua-de-santa-maria-ostula-denuncia-ataque-de-un-comando-armado-del-cjng\/","url_meta":{"origin":70969,"position":2},"title":"La comunidad Nahua de Santa Mar\u00eda Ostula denuncia ataque de un Comando Armado del CJNG","author":"grieta","date":"8 febrero, 2024","format":false,"excerpt":"Colectivo Grieta 04 de febrero de 2024. En un comunicado publicado por el Congreso Nacional Ind\u00edgena, la Comunidad Nahua de Santa Mar\u00eda Ostula denunci\u00f3 el ataque de un comando armado de unas 50 personas que incursionaron a bordo de camionetas en el territorio comunal de La Cofrad\u00eda. Los comuneros reportan\u2026","rel":"","context":"En &quot;1. Ostula&quot;","block_context":{"text":"1. Ostula","link":"https:\/\/www.grieta.org.mx\/index.php\/category\/espejos-de-la-resistencia\/1-ostula\/"},"img":{"alt_text":"","src":"https:\/\/i0.wp.com\/www.grieta.org.mx\/wp-content\/uploads\/2024\/02\/PRONUNCIAMIENTO-POR-LA-DESAPARICION-FORZADA-DE-LORENZO-FROYLAN-DE-LA-CRUZ-R_20240202_202519_0000.png?resize=350%2C200&ssl=1","width":350,"height":200,"srcset":"https:\/\/i0.wp.com\/www.grieta.org.mx\/wp-content\/uploads\/2024\/02\/PRONUNCIAMIENTO-POR-LA-DESAPARICION-FORZADA-DE-LORENZO-FROYLAN-DE-LA-CRUZ-R_20240202_202519_0000.png?resize=350%2C200&ssl=1 1x, https:\/\/i0.wp.com\/www.grieta.org.mx\/wp-content\/uploads\/2024\/02\/PRONUNCIAMIENTO-POR-LA-DESAPARICION-FORZADA-DE-LORENZO-FROYLAN-DE-LA-CRUZ-R_20240202_202519_0000.png?resize=525%2C300&ssl=1 1.5x, https:\/\/i0.wp.com\/www.grieta.org.mx\/wp-content\/uploads\/2024\/02\/PRONUNCIAMIENTO-POR-LA-DESAPARICION-FORZADA-DE-LORENZO-FROYLAN-DE-LA-CRUZ-R_20240202_202519_0000.png?resize=700%2C400&ssl=1 2x"},"classes":[]},{"id":69748,"url":"https:\/\/www.grieta.org.mx\/index.php\/2024\/08\/09\/habitantes-de-santa-maria-ostula-realizan-jornada-de-protestas-en-defensa-de-su-territorio-michoacan\/","url_meta":{"origin":70969,"position":3},"title":"Habitantes de Santa Mar\u00eda Ostula realizan jornada de protestas en defensa de su territorio (Michoac\u00e1n)","author":"grieta","date":"9 agosto, 2024","format":false,"excerpt":"Pobladores de la comunidad ind\u00edgena nahua enfrentan el riesgo de perder alrededor de 3 mil hect\u00e1reas de su territorio mediante un juicio iniciado hace dos d\u00e9cadas. Proceso Por Pedro Zamora Brise\u00f1o viernes, 9 de agosto de 2024 MORELIA, Mich. (apro).- La ma\u00f1ana de este viernes, habitantes de la comunidad ind\u00edgena\u2026","rel":"","context":"En &quot;CINTILLO&quot;","block_context":{"text":"CINTILLO","link":"https:\/\/www.grieta.org.mx\/index.php\/category\/cintillo\/"},"img":{"alt_text":"","src":"https:\/\/i0.wp.com\/www.grieta.org.mx\/wp-content\/uploads\/2024\/09\/f685x385-205051_242744_4965.jpg?resize=350%2C200&ssl=1","width":350,"height":200,"srcset":"https:\/\/i0.wp.com\/www.grieta.org.mx\/wp-content\/uploads\/2024\/09\/f685x385-205051_242744_4965.jpg?resize=350%2C200&ssl=1 1x, https:\/\/i0.wp.com\/www.grieta.org.mx\/wp-content\/uploads\/2024\/09\/f685x385-205051_242744_4965.jpg?resize=525%2C300&ssl=1 1.5x"},"classes":[]},{"id":61530,"url":"https:\/\/www.grieta.org.mx\/index.php\/2021\/08\/23\/ostula-se-mantiene-en-la-lucha-por-la-defensa-y-reconocimiento-de-su-territorio\/","url_meta":{"origin":70969,"position":4},"title":"Ostula se mantiene en la lucha por la defensa y reconocimiento de su territorio","author":"grieta","date":"23 agosto, 2021","format":false,"excerpt":"Desde el siglo pasado, los pobladores de Ostula buscan el reconocimiento de sus tierras, las cuales son amenazas por la riqueza natural que poseen. Jos\u00e9 Luis Ceja \/ Colaborador La Voz de Michoac\u00e1n, 23 de agosto de 2021 Jiquilpan, Michoac\u00e1n. El tema de Ostula no solamente es importante para el\u2026","rel":"","context":"En &quot;1. Ostula&quot;","block_context":{"text":"1. Ostula","link":"https:\/\/www.grieta.org.mx\/index.php\/category\/espejos-de-la-resistencia\/1-ostula\/"},"img":{"alt_text":"","src":"https:\/\/i0.wp.com\/www.grieta.org.mx\/wp-content\/uploads\/2021\/09\/Ostula-1.jpg?resize=350%2C200&ssl=1","width":350,"height":200,"srcset":"https:\/\/i0.wp.com\/www.grieta.org.mx\/wp-content\/uploads\/2021\/09\/Ostula-1.jpg?resize=350%2C200&ssl=1 1x, https:\/\/i0.wp.com\/www.grieta.org.mx\/wp-content\/uploads\/2021\/09\/Ostula-1.jpg?resize=525%2C300&ssl=1 1.5x, https:\/\/i0.wp.com\/www.grieta.org.mx\/wp-content\/uploads\/2021\/09\/Ostula-1.jpg?resize=700%2C400&ssl=1 2x"},"classes":[]},{"id":61821,"url":"https:\/\/www.grieta.org.mx\/index.php\/2021\/09\/20\/comunidad-nahua-de-santa-maria-ostula-integrante-del-congreso-nacional-indigena-se-solidariza-con-las-comunidades-zapatistas\/","url_meta":{"origin":70969,"position":5},"title":"Comunidad nahua de Santa Mar\u00eda Ostula, integrante del Congreso Nacional Ind\u00edgena, se solidariza con las comunidades Zapatistas","author":"grieta","date":"20 septiembre, 2021","format":false,"excerpt":"COMUNIDAD NAHUA DE SANTA MAR\u00cdA OSTULA, MICHOAC\u00c1N\/RADIO ZAPATISTA #AltoALaGuerraContraLasComunidadesZapatistas #RutilioEscand\u00f3n #RutilioRepresor #AltoALaGuerraEnChiapas #OstulaVive A todos los medios de comunicaci\u00f3n, Al Ej\u00e9rcito Zapatista de Liberaci\u00f3n Nacional, Al Congreso Nacional Ind\u00edgena, Al Concejo Ind\u00edgena de Gobierno, A las organizaciones sociales, A la poblaci\u00f3n en general, Por medio de este comunicado, la comunidad\u2026","rel":"","context":"En &quot;CINTILLO&quot;","block_context":{"text":"CINTILLO","link":"https:\/\/www.grieta.org.mx\/index.php\/category\/cintillo\/"},"img":{"alt_text":"","src":"https:\/\/i0.wp.com\/www.grieta.org.mx\/wp-content\/uploads\/2021\/09\/Zap-Nahuas.jpg?resize=350%2C200&ssl=1","width":350,"height":200,"srcset":"https:\/\/i0.wp.com\/www.grieta.org.mx\/wp-content\/uploads\/2021\/09\/Zap-Nahuas.jpg?resize=350%2C200&ssl=1 1x, https:\/\/i0.wp.com\/www.grieta.org.mx\/wp-content\/uploads\/2021\/09\/Zap-Nahuas.jpg?resize=525%2C300&ssl=1 1.5x"},"classes":[]}],"_links":{"self":[{"href":"https:\/\/www.grieta.org.mx\/index.php\/wp-json\/wp\/v2\/posts\/70969","targetHints":{"allow":["GET"]}}],"collection":[{"href":"https:\/\/www.grieta.org.mx\/index.php\/wp-json\/wp\/v2\/posts"}],"about":[{"href":"https:\/\/www.grieta.org.mx\/index.php\/wp-json\/wp\/v2\/types\/post"}],"author":[{"embeddable":true,"href":"https:\/\/www.grieta.org.mx\/index.php\/wp-json\/wp\/v2\/users\/2"}],"replies":[{"embeddable":true,"href":"https:\/\/www.grieta.org.mx\/index.php\/wp-json\/wp\/v2\/comments?post=70969"}],"version-history":[{"count":1,"href":"https:\/\/www.grieta.org.mx\/index.php\/wp-json\/wp\/v2\/posts\/70969\/revisions"}],"predecessor-version":[{"id":70972,"href":"https:\/\/www.grieta.org.mx\/index.php\/wp-json\/wp\/v2\/posts\/70969\/revisions\/70972"}],"wp:featuredmedia":[{"embeddable":true,"href":"https:\/\/www.grieta.org.mx\/index.php\/wp-json\/wp\/v2\/media\/70971"}],"wp:attachment":[{"href":"https:\/\/www.grieta.org.mx\/index.php\/wp-json\/wp\/v2\/media?parent=70969"}],"wp:term":[{"taxonomy":"category","embeddable":true,"href":"https:\/\/www.grieta.org.mx\/index.php\/wp-json\/wp\/v2\/categories?post=70969"},{"taxonomy":"post_tag","embeddable":true,"href":"https:\/\/www.grieta.org.mx\/index.php\/wp-json\/wp\/v2\/tags?post=70969"}],"curies":[{"name":"wp","href":"https:\/\/api.w.org\/{rel}","templated":true}]}}