{"id":7094,"date":"2015-03-04T05:52:07","date_gmt":"2015-03-04T05:52:07","guid":{"rendered":"http:\/\/50.22.11.12\/~grietaor\/?p=7094"},"modified":"2016-03-29T05:52:59","modified_gmt":"2016-03-29T05:52:59","slug":"empresas-mineras-extranjeras-buscan-invertir-4-mil-mdd-en-chihuahua","status":"publish","type":"post","link":"https:\/\/www.grieta.org.mx\/index.php\/2015\/03\/04\/empresas-mineras-extranjeras-buscan-invertir-4-mil-mdd-en-chihuahua\/","title":{"rendered":"Empresas mineras extranjeras buscan invertir 4 mil mdd en Chihuahua"},"content":{"rendered":"<p>La Jornada Baja California<\/p>\n<p>POR NOTIMEX<\/p>\n<p>Chihuahua, 4 de marzo.- Empresas extranjeras del ramo minero contemplan una inversi\u00f3n que podr\u00eda alcanzar los cuatro mil millones de d\u00f3lares entre 2015 y 2016 en diversos proyectos, informaron autoridades estatales.<\/p>\n<p>A su regreso de la gira de promoci\u00f3n de esta entidad en la ciudad de Toronto, Canad\u00e1, el gobernador C\u00e9sar Duarte se\u00f1al\u00f3 que estos proyectos redundar\u00e1n en generaci\u00f3n de empleo bien remunerado y alternativas de desarrollo para las regiones donde asentar\u00e1n estas inversiones.<\/p>\n<p>Resalt\u00f3 el proyecto de extracci\u00f3n de cobre en Aldama y Coyame, que se suma a otros en el norte de la entidad y algunos m\u00e1s en la regi\u00f3n serrana y sur del estado.<\/p>\n<p>Se\u00f1al\u00f3 que debido a la recuperaci\u00f3n de la seguridad, lo cual lo vuelve muy atractivo para la expansi\u00f3n y nuevas inversiones de la industria minera.<\/p>\n<p>Incluso una empresa de la India, dijo, ten\u00eda en su promoci\u00f3n para inversi\u00f3n y co-inversi\u00f3n una mina de Chihuahua, en el marco de la exposici\u00f3n internacional minera en la que toman parte m\u00e1s de 100 pa\u00edses y que se desarroll\u00f3 en la citada ciudad canadiense.<\/p>\n<p><a href=\"http:\/\/La Jornada Baja California  POR NOTIMEX  Chihuahua, 4 de marzo.- Empresas extranjeras del ramo minero contemplan una inversi\u00f3n que podr\u00eda alcanzar los cuatro mil millones de d\u00f3lares entre 2015 y 2016 en diversos proyectos, informaron autoridades estatales.  A su regreso de la gira de promoci\u00f3n de esta entidad en la ciudad de Toronto, Canad\u00e1, el gobernador C\u00e9sar Duarte se\u00f1al\u00f3 que estos proyectos redundar\u00e1n en generaci\u00f3n de empleo bien remunerado y alternativas de desarrollo para las regiones donde asentar\u00e1n estas inversiones.  Resalt\u00f3 el proyecto de extracci\u00f3n de cobre en Aldama y Coyame, que se suma a otros en el norte de la entidad y algunos m\u00e1s en la regi\u00f3n serrana y sur del estado.  Se\u00f1al\u00f3 que debido a la recuperaci\u00f3n de la seguridad, lo cual lo vuelve muy atractivo para la expansi\u00f3n y nuevas inversiones de la industria minera.  Incluso una empresa de la India, dijo, ten\u00eda en su promoci\u00f3n para inversi\u00f3n y co-inversi\u00f3n una mina de Chihuahua, en el marco de la exposici\u00f3n internacional minera en la que toman parte m\u00e1s de 100 pa\u00edses y que se desarroll\u00f3 en la citada ciudad canadiense.  jornadabc.mx\/tijuana\/04-03-2015\/empresas-mineras-extranjeras-buscan-invertir-4-mil-mdd-en-chihuahua\">jornadabc.mx\/tijuana\/04-03-2015\/empresas-mineras-extranjeras-buscan-invertir-4-mil-mdd-en-chihuahua<\/a><\/p>\n","protected":false},"excerpt":{"rendered":"<p>La Jornada Baja California POR NOTIMEX Chihuahua, 4 de marzo.- Empresas extranjeras del ramo minero contemplan una inversi\u00f3n que podr\u00eda alcanzar los cuatro mil millones de d\u00f3lares entre 2015 y &hellip; <a href=\"https:\/\/www.grieta.org.mx\/index.php\/2015\/03\/04\/empresas-mineras-extranjeras-buscan-invertir-4-mil-mdd-en-chihuahua\/\" class=\"more-link\">Leer m\u00e1s<\/a><\/p>\n","protected":false},"author":2,"featured_media":21928,"comment_status":"closed","ping_status":"open","sticky":false,"template":"","format":"standard","meta":{"ngg_post_thumbnail":0,"_jetpack_newsletter_access":"","_jetpack_dont_email_post_to_subs":false,"_jetpack_newsletter_tier_id":0,"_jetpack_memberships_contains_paywalled_content":false,"_jetpack_memberships_contains_paid_content":false,"footnotes":""},"categories":[122,80],"tags":[109],"class_list":["post-7094","post","type-post","status-publish","format-standard","has-post-thumbnail","hentry","category-chihuahua","category-cintillo","tag-mineria","entry"],"jetpack_featured_media_url":"https:\/\/www.grieta.org.mx\/wp-content\/uploads\/2018\/03\/14524434_1106112876131411_958039263622046936_o.jpg","jetpack_sharing_enabled":true,"jetpack_shortlink":"https:\/\/wp.me\/p7ZJR4-1Qq","jetpack_likes_enabled":false,"jetpack-related-posts":[{"id":7010,"url":"https:\/\/www.grieta.org.mx\/index.php\/2016\/08\/26\/mineria-en-chihuahua\/","url_meta":{"origin":7094,"position":0},"title":"Miner\u00eda en Chihuahua","author":"grieta","date":"26 agosto, 2016","format":false,"excerpt":"25\/08\/16. Baill\u00e8res, el heredero de la sierra tarahumaraLa Adobe 30\/03\/16. Controla crimen organizado actividad minera en Chihuahua: estudioEntrelineas 05\/16\/15. Convertir\u00e1n en zona minera SamalayucaEl Diario 10\/02\/16. Chihuahua es de los estados con mayor n\u00famero de conflictos ambientales: investigador Entrelineas 20\/11\/15. Minera canadiense contamina los arroyos de la sierra de Chihuahua,\u2026","rel":"","context":"En &quot;Chihuahua&quot;","block_context":{"text":"Chihuahua","link":"https:\/\/www.grieta.org.mx\/index.php\/category\/noticias-nacionales\/chihuahua\/"},"img":{"alt_text":"","src":"https:\/\/i0.wp.com\/www.grieta.org.mx\/wp-content\/uploads\/2018\/03\/14524434_1106112876131411_958039263622046936_o.jpg?resize=350%2C200&ssl=1","width":350,"height":200,"srcset":"https:\/\/i0.wp.com\/www.grieta.org.mx\/wp-content\/uploads\/2018\/03\/14524434_1106112876131411_958039263622046936_o.jpg?resize=350%2C200&ssl=1 1x, https:\/\/i0.wp.com\/www.grieta.org.mx\/wp-content\/uploads\/2018\/03\/14524434_1106112876131411_958039263622046936_o.jpg?resize=525%2C300&ssl=1 1.5x, https:\/\/i0.wp.com\/www.grieta.org.mx\/wp-content\/uploads\/2018\/03\/14524434_1106112876131411_958039263622046936_o.jpg?resize=700%2C400&ssl=1 2x"},"classes":[]},{"id":7067,"url":"https:\/\/www.grieta.org.mx\/index.php\/2015\/03\/09\/planean-explotacion-de-cobre-en-reserva-natural-de-chihuahua\/","url_meta":{"origin":7094,"position":1},"title":"Planean explotaci\u00f3n de cobre en reserva natural de Chihuahua","author":"grieta","date":"9 marzo, 2015","format":false,"excerpt":"Miroslava Breach Velducea Corresponsal Peri\u00f3dico La Jornada Lunes 9 de marzo de 2015, p. 32 Chihuahua, Chih. En las inmedicaciones de la reserva natural protegida del desierto de Samalayuca, inversionistas canadienses asociados con empresas mexicanas planean abrir a mediados de este a\u00f1o un complejo minero para la explotaci\u00f3n de cobre.\u2026","rel":"","context":"En &quot;chihuahua&quot;","block_context":{"text":"chihuahua","link":"https:\/\/www.grieta.org.mx\/index.php\/category\/chihuahua\/"},"img":{"alt_text":"","src":"https:\/\/i0.wp.com\/www.grieta.org.mx\/wp-content\/uploads\/2018\/03\/14524434_1106112876131411_958039263622046936_o.jpg?resize=350%2C200&ssl=1","width":350,"height":200,"srcset":"https:\/\/i0.wp.com\/www.grieta.org.mx\/wp-content\/uploads\/2018\/03\/14524434_1106112876131411_958039263622046936_o.jpg?resize=350%2C200&ssl=1 1x, https:\/\/i0.wp.com\/www.grieta.org.mx\/wp-content\/uploads\/2018\/03\/14524434_1106112876131411_958039263622046936_o.jpg?resize=525%2C300&ssl=1 1.5x, https:\/\/i0.wp.com\/www.grieta.org.mx\/wp-content\/uploads\/2018\/03\/14524434_1106112876131411_958039263622046936_o.jpg?resize=700%2C400&ssl=1 2x"},"classes":[]},{"id":22868,"url":"https:\/\/www.grieta.org.mx\/index.php\/2017\/03\/24\/miroslava-breach-periodista-asesinada-que-difundio-la-oposicion-minera-en-chihuahua\/","url_meta":{"origin":7094,"position":2},"title":"Miroslava Breach, periodista asesinada que difundi\u00f3 la oposici\u00f3n minera en Chihuahua","author":"grieta","date":"24 marzo, 2017","format":false,"excerpt":"Miroslava Breach Velducea -mujer periodista de 54 a\u00f1os de edad, corresponsal de La Jornada- fue asesinada el jueves 23 de marzo. Cuando sal\u00eda de su domicilio ubicado en la ciudad de Chihuahua, sujetos a bordo de una camioneta la ultimaron con tiros de una arma de fuego, calibre 38. Una\u2026","rel":"","context":"En &quot;Chihuahua&quot;","block_context":{"text":"Chihuahua","link":"https:\/\/www.grieta.org.mx\/index.php\/category\/noticias-nacionales\/chihuahua\/"},"img":{"alt_text":"","src":"https:\/\/i0.wp.com\/www.grieta.org.mx\/wp-content\/uploads\/2018\/03\/14524434_1106112876131411_958039263622046936_o.jpg?resize=350%2C200&ssl=1","width":350,"height":200,"srcset":"https:\/\/i0.wp.com\/www.grieta.org.mx\/wp-content\/uploads\/2018\/03\/14524434_1106112876131411_958039263622046936_o.jpg?resize=350%2C200&ssl=1 1x, https:\/\/i0.wp.com\/www.grieta.org.mx\/wp-content\/uploads\/2018\/03\/14524434_1106112876131411_958039263622046936_o.jpg?resize=525%2C300&ssl=1 1.5x, https:\/\/i0.wp.com\/www.grieta.org.mx\/wp-content\/uploads\/2018\/03\/14524434_1106112876131411_958039263622046936_o.jpg?resize=700%2C400&ssl=1 2x"},"classes":[]},{"id":33738,"url":"https:\/\/www.grieta.org.mx\/index.php\/2019\/05\/15\/ciudadanos-piden-consulta-en-proyectos-que-buscan-licitar-alumbrado-publico-a-privados-en-chihuahua\/","url_meta":{"origin":7094,"position":3},"title":"Ciudadanos piden consulta en proyectos que buscan licitar alumbrado p\u00fablico a privados en Chihuahua","author":"grieta","date":"15 mayo, 2019","format":false,"excerpt":"Los instrumentos de plebiscito y revocaci\u00f3n de mandato est\u00e1n contenidos en la Ley de Participaci\u00f3n Ciudadana de Chihuahua, vigente desde junio de 2018. YoCiudadano\/ ANIMAL POL\u00cdTICO Organizaciones civiles y ciudadanos de los municipios de Ciudad Ju\u00e1rez y Chihuahua solicitaron ante el Instituto Estatal Electoral (IEE) la realizaci\u00f3n de dos plebiscitos\u2026","rel":"","context":"En &quot;Chihuahua&quot;","block_context":{"text":"Chihuahua","link":"https:\/\/www.grieta.org.mx\/index.php\/category\/noticias-nacionales\/chihuahua\/"},"img":{"alt_text":"","src":"https:\/\/i0.wp.com\/www.grieta.org.mx\/wp-content\/uploads\/2019\/05\/Alumbrado_publico-1-1.jpg?resize=350%2C200&ssl=1","width":350,"height":200,"srcset":"https:\/\/i0.wp.com\/www.grieta.org.mx\/wp-content\/uploads\/2019\/05\/Alumbrado_publico-1-1.jpg?resize=350%2C200&ssl=1 1x, https:\/\/i0.wp.com\/www.grieta.org.mx\/wp-content\/uploads\/2019\/05\/Alumbrado_publico-1-1.jpg?resize=525%2C300&ssl=1 1.5x, https:\/\/i0.wp.com\/www.grieta.org.mx\/wp-content\/uploads\/2019\/05\/Alumbrado_publico-1-1.jpg?resize=700%2C400&ssl=1 2x"},"classes":[]},{"id":7058,"url":"https:\/\/www.grieta.org.mx\/index.php\/2015\/06\/18\/chihuahua-tiene-16-proyectos-mineros-certificados\/","url_meta":{"origin":7094,"position":4},"title":"Chihuahua tiene 16 proyectos mineros certificados","author":"grieta","date":"18 junio, 2015","format":false,"excerpt":"Por: Nancy De Le\u00f3n Noticias de Chihuahua.- En el marco del Primer Informe de Actividades del Cl\u00faster Minero, celebrado esta noche en Palacio de Gobierno, el presidente del Consejo Directivo, Jaime Cruz Russek, inform\u00f3 que existen 16 grandes proyectos mineros presentes, los cuales se encuentran certificados bajo el distintivo Industria\u2026","rel":"","context":"En &quot;chihuahua&quot;","block_context":{"text":"chihuahua","link":"https:\/\/www.grieta.org.mx\/index.php\/category\/chihuahua\/"},"img":{"alt_text":"","src":"https:\/\/i0.wp.com\/www.grieta.org.mx\/wp-content\/uploads\/2018\/03\/14524434_1106112876131411_958039263622046936_o.jpg?resize=350%2C200&ssl=1","width":350,"height":200,"srcset":"https:\/\/i0.wp.com\/www.grieta.org.mx\/wp-content\/uploads\/2018\/03\/14524434_1106112876131411_958039263622046936_o.jpg?resize=350%2C200&ssl=1 1x, https:\/\/i0.wp.com\/www.grieta.org.mx\/wp-content\/uploads\/2018\/03\/14524434_1106112876131411_958039263622046936_o.jpg?resize=525%2C300&ssl=1 1.5x, https:\/\/i0.wp.com\/www.grieta.org.mx\/wp-content\/uploads\/2018\/03\/14524434_1106112876131411_958039263622046936_o.jpg?resize=700%2C400&ssl=1 2x"},"classes":[]},{"id":23540,"url":"https:\/\/www.grieta.org.mx\/index.php\/2018\/06\/07\/la-rema-lamenta-la-muerte-de-tres-mineros-en-urique-y-exige-rendicion-de-cuentas-chihuahua\/","url_meta":{"origin":7094,"position":5},"title":"La Rema lamenta la muerte de tres mineros en Urique y exige rendici\u00f3n de cuentas (Chihuahua)","author":"grieta","date":"7 junio, 2018","format":false,"excerpt":"La presa que revent\u00f3 en Chihuahua. Foto: Especial CIUDAD DE M\u00c9XICO (apro).- La Red Mexicana de Afectados por la Miner\u00eda (Rema) lament\u00f3 la muerte de tres trabajadores tras el desbordamiento de una presa de desechos de la mina R\u00edo Tinto en el municipio de Urique, Chihuahua, el pasado lunes 4,\u2026","rel":"","context":"En &quot;Chihuahua&quot;","block_context":{"text":"Chihuahua","link":"https:\/\/www.grieta.org.mx\/index.php\/category\/noticias-nacionales\/chihuahua\/"},"img":{"alt_text":"","src":"https:\/\/i0.wp.com\/www.grieta.org.mx\/wp-content\/uploads\/2018\/06\/Presa-La-Rema.jpg?resize=350%2C200&ssl=1","width":350,"height":200,"srcset":"https:\/\/i0.wp.com\/www.grieta.org.mx\/wp-content\/uploads\/2018\/06\/Presa-La-Rema.jpg?resize=350%2C200&ssl=1 1x, https:\/\/i0.wp.com\/www.grieta.org.mx\/wp-content\/uploads\/2018\/06\/Presa-La-Rema.jpg?resize=525%2C300&ssl=1 1.5x, https:\/\/i0.wp.com\/www.grieta.org.mx\/wp-content\/uploads\/2018\/06\/Presa-La-Rema.jpg?resize=700%2C400&ssl=1 2x, https:\/\/i0.wp.com\/www.grieta.org.mx\/wp-content\/uploads\/2018\/06\/Presa-La-Rema.jpg?resize=1050%2C600&ssl=1 3x"},"classes":[]}],"_links":{"self":[{"href":"https:\/\/www.grieta.org.mx\/index.php\/wp-json\/wp\/v2\/posts\/7094","targetHints":{"allow":["GET"]}}],"collection":[{"href":"https:\/\/www.grieta.org.mx\/index.php\/wp-json\/wp\/v2\/posts"}],"about":[{"href":"https:\/\/www.grieta.org.mx\/index.php\/wp-json\/wp\/v2\/types\/post"}],"author":[{"embeddable":true,"href":"https:\/\/www.grieta.org.mx\/index.php\/wp-json\/wp\/v2\/users\/2"}],"replies":[{"embeddable":true,"href":"https:\/\/www.grieta.org.mx\/index.php\/wp-json\/wp\/v2\/comments?post=7094"}],"version-history":[{"count":1,"href":"https:\/\/www.grieta.org.mx\/index.php\/wp-json\/wp\/v2\/posts\/7094\/revisions"}],"predecessor-version":[{"id":7097,"href":"https:\/\/www.grieta.org.mx\/index.php\/wp-json\/wp\/v2\/posts\/7094\/revisions\/7097"}],"wp:featuredmedia":[{"embeddable":true,"href":"https:\/\/www.grieta.org.mx\/index.php\/wp-json\/wp\/v2\/media\/21928"}],"wp:attachment":[{"href":"https:\/\/www.grieta.org.mx\/index.php\/wp-json\/wp\/v2\/media?parent=7094"}],"wp:term":[{"taxonomy":"category","embeddable":true,"href":"https:\/\/www.grieta.org.mx\/index.php\/wp-json\/wp\/v2\/categories?post=7094"},{"taxonomy":"post_tag","embeddable":true,"href":"https:\/\/www.grieta.org.mx\/index.php\/wp-json\/wp\/v2\/tags?post=7094"}],"curies":[{"name":"wp","href":"https:\/\/api.w.org\/{rel}","templated":true}]}}