{"id":7089,"date":"2015-03-25T05:50:22","date_gmt":"2015-03-25T05:50:22","guid":{"rendered":"http:\/\/50.22.11.12\/~grietaor\/?p=7089"},"modified":"2016-03-29T05:51:58","modified_gmt":"2016-03-29T05:51:58","slug":"se-incrementan-feminicidios-en-baja-california-y-guanajuato","status":"publish","type":"post","link":"https:\/\/www.grieta.org.mx\/index.php\/2015\/03\/25\/se-incrementan-feminicidios-en-baja-california-y-guanajuato\/","title":{"rendered":"Se incrementan feminicidios en Baja California y Guanajuato"},"content":{"rendered":"<p>C\u00e9sar Arellano Garc\u00eda<\/p>\n<p>Ante el incremento de cr\u00edmenes violentos contra mujeres, organizaciones civiles de Baja California y Guanajuato exigieron al gobierno federal emitir alerta por violencia de g\u00e9nero en sus entidades y que tomen las medidas de emergencia correspondientes.<\/p>\n<p>Liliana Sevilla, de Libre Movimiento Ciudadano de Baja California, se\u00f1al\u00f3 que esta es la quinta entidad que hace la petici\u00f3n, ya que existe violaci\u00f3n de derechos humanos de las mujeres por violencia feminicida o agravio comparado.<\/p>\n<p>En conferencia de prensa, asegur\u00f3 que las cifras de cr\u00edmenes contra mujeres en el estado han aumentado de manera exagerada \u2018\u2018ante un gobierno (estatal) mis\u00f3gino, que cierra los ojos ante una realidad que los est\u00e1 avasallando, donde las pol\u00edticas p\u00fablicas no est\u00e1n encaminadas al desarrollo profesional de las mujeres y donde la violencia institucional es latente, patente y presente\u2019\u2019.<\/p>\n<p>En Baja California, indic\u00f3, 6.7 mujeres de cada 10 sufren violencia dom\u00e9stica y a un grado extremo. \u2018\u2018Tan s\u00f3lo en 2013 hubo 75 feminicidios, en 2014 registramos 90 y en lo que va del a\u00f1o ya tenemos 40 asesinatos de mujeres: 10 asesinadas en Tijuana, 9 en Mexicali, 4 en Tecate. De Rosarito no hay datos. Tijuana ocupa el segundo lugar en feminicidios, despu\u00e9s de Acapulco.<\/p>\n<p>\u2018\u2018Hace mes y medio asesinaron a una religiosa coreana, la cual encontraron en el canal de Mexicali. Tambi\u00e9n hace d\u00edas desapareci\u00f3 una ciudadana estadunidense de 68 a\u00f1os y a\u00fan no se sabe nada de ella. Ayer, en otro hecho, una madre y su hija aparecieron asesinadas con un balazo en la frente cada una.\u2019\u2019<\/p>\n<p>Por su parte, Ver\u00f3nica Cruz, de la asociaci\u00f3n guanajuatense Las Libres, se\u00f1al\u00f3 que a un a\u00f1o de que solicitaron emitir la alerta de g\u00e9nero en la entidad el gobierno federal no se ha pronunciado al respecto. \u2018\u2018Ya pas\u00f3 un a\u00f1o y no han hecho nada\u2019\u2019, dijo.<\/p>\n<p>Preguntan d\u00f3nde quedaron $5 millones del Conavim<\/p>\n<p>\u2018\u2018La violencia feminicida en el estado se ha incrementado desde 2013; en ese a\u00f1o se reportaron 73 feminicidos, el a\u00f1o pasado 67 mujeres fueron asesinadas y en lo que va de 2015 van m\u00e1s de 15 mujeres muertas. Que la Comisi\u00f3n Nacional para Prevenir y Erradicar la Violencia (Conavim) explique en qu\u00e9 gast\u00f3 5 millones de pesos que tiene para los procesos de alerta de g\u00e9nero\u2019\u2019, pidi\u00f3.<\/p>\n<p>A su vez, Circe L\u00f3pez Riofr\u00edo, directora de Humanas sin Violencia, dijo que a finales del a\u00f1o pasado solicitaron declaratoria de alerta de g\u00e9nero en Michoac\u00e1n, ya que de 2008 a 2014 se asentaron 2 mil 117 homicidios dolosos a mujeres, s\u00f3lo por mencionar algunos.<\/p>\n<p><a href=\"http:\/\/www.jornada.unam.mx\/2015\/03\/25\/politica\/007n1pol\" target=\"_blank\">www.jornada.unam.mx\/2015\/03\/25\/politica\/007n1pol<\/a><\/p>\n","protected":false},"excerpt":{"rendered":"<p>C\u00e9sar Arellano Garc\u00eda Ante el incremento de cr\u00edmenes violentos contra mujeres, organizaciones civiles de Baja California y Guanajuato exigieron al gobierno federal emitir alerta por violencia de g\u00e9nero en sus &hellip; <a href=\"https:\/\/www.grieta.org.mx\/index.php\/2015\/03\/25\/se-incrementan-feminicidios-en-baja-california-y-guanajuato\/\" class=\"more-link\">Leer m\u00e1s<\/a><\/p>\n","protected":false},"author":2,"featured_media":21928,"comment_status":"closed","ping_status":"open","sticky":false,"template":"","format":"standard","meta":{"ngg_post_thumbnail":0,"_jetpack_newsletter_access":"","_jetpack_dont_email_post_to_subs":false,"_jetpack_newsletter_tier_id":0,"_jetpack_memberships_contains_paywalled_content":false,"_jetpack_memberships_contains_paid_content":false,"footnotes":""},"categories":[80],"tags":[81],"class_list":["post-7089","post","type-post","status-publish","format-standard","has-post-thumbnail","hentry","category-cintillo","tag-feminicidios","entry"],"jetpack_featured_media_url":"https:\/\/www.grieta.org.mx\/wp-content\/uploads\/2018\/03\/14524434_1106112876131411_958039263622046936_o.jpg","jetpack_sharing_enabled":true,"jetpack_shortlink":"https:\/\/wp.me\/p7ZJR4-1Ql","jetpack_likes_enabled":false,"jetpack-related-posts":[{"id":46192,"url":"https:\/\/www.grieta.org.mx\/index.php\/2020\/03\/08\/ante-la-violencia-en-baja-california-la-resistencia-y-la-creatividad-de-mujeres\/","url_meta":{"origin":7089,"position":0},"title":"Ante la violencia en Baja California, la resistencia y la creatividad de mujeres","author":"grieta","date":"8 marzo, 2020","format":false,"excerpt":"Lindero Norte \/ Antonio Heras. Mexicali.- Una expresi\u00f3n de protesta por los feminicidios en esta frontera fue la convocatoria tijuanafeminista 2020 para activar la palabra y potenciar la capacidad pol\u00edtica de la comunidad de mujeres y disidencias del g\u00e9nero a trav\u00e9s de la gr\u00e1fica. Alli, en las inmediaciones del palacio\u2026","rel":"","context":"En &quot;Baja California&quot;","block_context":{"text":"Baja California","link":"https:\/\/www.grieta.org.mx\/index.php\/category\/noticias-nacionales\/baja-california\/"},"img":{"alt_text":"","src":"https:\/\/i0.wp.com\/www.grieta.org.mx\/wp-content\/uploads\/2018\/03\/14524434_1106112876131411_958039263622046936_o.jpg?resize=350%2C200&ssl=1","width":350,"height":200,"srcset":"https:\/\/i0.wp.com\/www.grieta.org.mx\/wp-content\/uploads\/2018\/03\/14524434_1106112876131411_958039263622046936_o.jpg?resize=350%2C200&ssl=1 1x, https:\/\/i0.wp.com\/www.grieta.org.mx\/wp-content\/uploads\/2018\/03\/14524434_1106112876131411_958039263622046936_o.jpg?resize=525%2C300&ssl=1 1.5x, https:\/\/i0.wp.com\/www.grieta.org.mx\/wp-content\/uploads\/2018\/03\/14524434_1106112876131411_958039263622046936_o.jpg?resize=700%2C400&ssl=1 2x"},"classes":[]},{"id":11209,"url":"https:\/\/www.grieta.org.mx\/index.php\/2016\/04\/25\/movilizacion-contra-la-violencia-hacia-las-mujeres-en-baja-california-sur\/","url_meta":{"origin":7089,"position":1},"title":"Movilizaci\u00f3n contra la violencia hacia las mujeres en Baja California Sur","author":"grieta","date":"25 abril, 2016","format":false,"excerpt":"25\/04\/16. Se manifiestan contra feminicidios en La Paz; se suman a movimiento nacional BCS Noticias","rel":"","context":"En &quot;Baja California Sur&quot;","block_context":{"text":"Baja California Sur","link":"https:\/\/www.grieta.org.mx\/index.php\/category\/noticias-nacionales\/baja-california-sur\/"},"img":{"alt_text":"","src":"https:\/\/i0.wp.com\/www.grieta.org.mx\/wp-content\/uploads\/2018\/03\/14524434_1106112876131411_958039263622046936_o.jpg?resize=350%2C200&ssl=1","width":350,"height":200,"srcset":"https:\/\/i0.wp.com\/www.grieta.org.mx\/wp-content\/uploads\/2018\/03\/14524434_1106112876131411_958039263622046936_o.jpg?resize=350%2C200&ssl=1 1x, https:\/\/i0.wp.com\/www.grieta.org.mx\/wp-content\/uploads\/2018\/03\/14524434_1106112876131411_958039263622046936_o.jpg?resize=525%2C300&ssl=1 1.5x, https:\/\/i0.wp.com\/www.grieta.org.mx\/wp-content\/uploads\/2018\/03\/14524434_1106112876131411_958039263622046936_o.jpg?resize=700%2C400&ssl=1 2x"},"classes":[]},{"id":31275,"url":"https:\/\/www.grieta.org.mx\/index.php\/2019\/03\/27\/prevalece-violencia-contra-las-mujeres-en-guanajuato-se-cometen-47-feminicidios-en-2019\/","url_meta":{"origin":7089,"position":2},"title":"Prevalece violencia contra las mujeres en Guanajuato; se cometen 47 feminicidios en 2019","author":"grieta","date":"27 marzo, 2019","format":false,"excerpt":"Jorge Hernandez, Zona Franca, 27 de marzo de 2019 Le\u00f3n, Gto. Este 2019 ha sido el a\u00f1o m\u00e1s violento para las mujeres ya que el estado de Guanajuato, ocupa el segundo lugar con mayor n\u00famero de asesinatos dolosos femeninos. Datos de la informaci\u00f3n sobre violencia contra las mujeres del Centro\u2026","rel":"","context":"En &quot;CINTILLO&quot;","block_context":{"text":"CINTILLO","link":"https:\/\/www.grieta.org.mx\/index.php\/category\/cintillo\/"},"img":{"alt_text":"","src":"https:\/\/i0.wp.com\/www.grieta.org.mx\/wp-content\/uploads\/2019\/03\/hom-dol-2019.jpg?resize=350%2C200&ssl=1","width":350,"height":200,"srcset":"https:\/\/i0.wp.com\/www.grieta.org.mx\/wp-content\/uploads\/2019\/03\/hom-dol-2019.jpg?resize=350%2C200&ssl=1 1x, https:\/\/i0.wp.com\/www.grieta.org.mx\/wp-content\/uploads\/2019\/03\/hom-dol-2019.jpg?resize=525%2C300&ssl=1 1.5x, https:\/\/i0.wp.com\/www.grieta.org.mx\/wp-content\/uploads\/2019\/03\/hom-dol-2019.jpg?resize=700%2C400&ssl=1 2x"},"classes":[]},{"id":48295,"url":"https:\/\/www.grieta.org.mx\/index.php\/2020\/04\/26\/lidera-guanajuato-en-mayor-numero-de-homicidios-de-mujeres\/","url_meta":{"origin":7089,"position":3},"title":"Lidera Guanajuato en mayor n\u00famero de homicidios de mujeres","author":"grieta","date":"26 abril, 2020","format":false,"excerpt":"Guanajuato es el estado m\u00e1s inseguro para las mujeres, pues en los primeros tres meses del a\u00f1o, les quitaron la vida a 121 de ellas. Por Areli Barrera \/ AM, Le\u00f3n Guanajuato, 26 de abril de 2020 Le\u00f3n.- Con 121 v\u00edctimas mortales, Guanajuato se coloc\u00f3 como el estado con m\u00e1s\u2026","rel":"","context":"En &quot;CINTILLO&quot;","block_context":{"text":"CINTILLO","link":"https:\/\/www.grieta.org.mx\/index.php\/category\/cintillo\/"},"img":{"alt_text":"","src":"https:\/\/i0.wp.com\/www.grieta.org.mx\/wp-content\/uploads\/2020\/04\/CrucesRosasGto.jpg?resize=350%2C200&ssl=1","width":350,"height":200,"srcset":"https:\/\/i0.wp.com\/www.grieta.org.mx\/wp-content\/uploads\/2020\/04\/CrucesRosasGto.jpg?resize=350%2C200&ssl=1 1x, https:\/\/i0.wp.com\/www.grieta.org.mx\/wp-content\/uploads\/2020\/04\/CrucesRosasGto.jpg?resize=525%2C300&ssl=1 1.5x, https:\/\/i0.wp.com\/www.grieta.org.mx\/wp-content\/uploads\/2020\/04\/CrucesRosasGto.jpg?resize=700%2C400&ssl=1 2x"},"classes":[]},{"id":36875,"url":"https:\/\/www.grieta.org.mx\/index.php\/2019\/07\/22\/han-asesinado-a-117-mujeres-en-baja-california-solo-8-han-sido-tipificados-como-feminicidios\/","url_meta":{"origin":7089,"position":4},"title":"Han asesinado a 117 mujeres en Baja California; s\u00f3lo 8 han sido tipificados como Feminicidios","author":"grieta","date":"22 julio, 2019","format":false,"excerpt":"Antonio Heras \/ Lindero Norte Mexicali.- Primero se escucharon detonaciones de arma de fuego, despu\u00e9s silencio. Los vecinos del fraccionamiento Los Encinas del puerto de Ensenada descubrieron el cuerpo sin vida de una mujer en la avenida Fresnos. Se encuentra sin ser reconocida, aunque se le identific\u00f3 en las estad\u00edsticas\u2026","rel":"","context":"En &quot;Baja California&quot;","block_context":{"text":"Baja California","link":"https:\/\/www.grieta.org.mx\/index.php\/category\/noticias-nacionales\/baja-california\/"},"img":{"alt_text":"","src":"https:\/\/i0.wp.com\/www.grieta.org.mx\/wp-content\/uploads\/2019\/07\/images-100-1.jpeg?resize=350%2C200&ssl=1","width":350,"height":200,"srcset":"https:\/\/i0.wp.com\/www.grieta.org.mx\/wp-content\/uploads\/2019\/07\/images-100-1.jpeg?resize=350%2C200&ssl=1 1x, https:\/\/i0.wp.com\/www.grieta.org.mx\/wp-content\/uploads\/2019\/07\/images-100-1.jpeg?resize=525%2C300&ssl=1 1.5x, https:\/\/i0.wp.com\/www.grieta.org.mx\/wp-content\/uploads\/2019\/07\/images-100-1.jpeg?resize=700%2C400&ssl=1 2x"},"classes":[]},{"id":39641,"url":"https:\/\/www.grieta.org.mx\/index.php\/2019\/09\/25\/a-dos-anos-de-la-avg-siguen-en-aumento-los-asesinatos-de-mujeres-en-colima\/","url_meta":{"origin":7089,"position":5},"title":"A dos a\u00f1os de la AVG, siguen en aumento los asesinatos de mujeres en Colima","author":"grieta","date":"25 septiembre, 2019","format":false,"excerpt":"Foto: Gob del Estado-Proceso Pedro Zamora Brise\u00f1o \/ Proceso COLIMA, Col. (apro).- La Alerta de Violencia de G\u00e9nero (AVG) decretada para esta entidad el 20 de junio de 2017 no ha visto reflejados sus efectos en una disminuci\u00f3n de los asesinatos de mujeres, por el contrario, la incidencia de este\u2026","rel":"","context":"En &quot;CINTILLO&quot;","block_context":{"text":"CINTILLO","link":"https:\/\/www.grieta.org.mx\/index.php\/category\/cintillo\/"},"img":{"alt_text":"","src":"https:\/\/i0.wp.com\/www.grieta.org.mx\/wp-content\/uploads\/2018\/03\/14524434_1106112876131411_958039263622046936_o.jpg?resize=350%2C200&ssl=1","width":350,"height":200,"srcset":"https:\/\/i0.wp.com\/www.grieta.org.mx\/wp-content\/uploads\/2018\/03\/14524434_1106112876131411_958039263622046936_o.jpg?resize=350%2C200&ssl=1 1x, https:\/\/i0.wp.com\/www.grieta.org.mx\/wp-content\/uploads\/2018\/03\/14524434_1106112876131411_958039263622046936_o.jpg?resize=525%2C300&ssl=1 1.5x, https:\/\/i0.wp.com\/www.grieta.org.mx\/wp-content\/uploads\/2018\/03\/14524434_1106112876131411_958039263622046936_o.jpg?resize=700%2C400&ssl=1 2x"},"classes":[]}],"_links":{"self":[{"href":"https:\/\/www.grieta.org.mx\/index.php\/wp-json\/wp\/v2\/posts\/7089","targetHints":{"allow":["GET"]}}],"collection":[{"href":"https:\/\/www.grieta.org.mx\/index.php\/wp-json\/wp\/v2\/posts"}],"about":[{"href":"https:\/\/www.grieta.org.mx\/index.php\/wp-json\/wp\/v2\/types\/post"}],"author":[{"embeddable":true,"href":"https:\/\/www.grieta.org.mx\/index.php\/wp-json\/wp\/v2\/users\/2"}],"replies":[{"embeddable":true,"href":"https:\/\/www.grieta.org.mx\/index.php\/wp-json\/wp\/v2\/comments?post=7089"}],"version-history":[{"count":1,"href":"https:\/\/www.grieta.org.mx\/index.php\/wp-json\/wp\/v2\/posts\/7089\/revisions"}],"predecessor-version":[{"id":7093,"href":"https:\/\/www.grieta.org.mx\/index.php\/wp-json\/wp\/v2\/posts\/7089\/revisions\/7093"}],"wp:featuredmedia":[{"embeddable":true,"href":"https:\/\/www.grieta.org.mx\/index.php\/wp-json\/wp\/v2\/media\/21928"}],"wp:attachment":[{"href":"https:\/\/www.grieta.org.mx\/index.php\/wp-json\/wp\/v2\/media?parent=7089"}],"wp:term":[{"taxonomy":"category","embeddable":true,"href":"https:\/\/www.grieta.org.mx\/index.php\/wp-json\/wp\/v2\/categories?post=7089"},{"taxonomy":"post_tag","embeddable":true,"href":"https:\/\/www.grieta.org.mx\/index.php\/wp-json\/wp\/v2\/tags?post=7089"}],"curies":[{"name":"wp","href":"https:\/\/api.w.org\/{rel}","templated":true}]}}