{"id":70887,"date":"2025-01-16T16:07:36","date_gmt":"2025-01-16T22:07:36","guid":{"rendered":"https:\/\/www.grieta.org.mx\/?p=70887"},"modified":"2025-01-21T16:17:27","modified_gmt":"2025-01-21T22:17:27","slug":"protestan-en-el-infonavit-y-acusan-a-rogerio-castro-de-ser-parte-del-fraude-yucatan","status":"publish","type":"post","link":"https:\/\/www.grieta.org.mx\/index.php\/2025\/01\/16\/protestan-en-el-infonavit-y-acusan-a-rogerio-castro-de-ser-parte-del-fraude-yucatan\/","title":{"rendered":"Protestan en el Infonavit y acusan a Rogerio Castro de ser parte del fraude (Yucat\u00e1n)"},"content":{"rendered":"<p>Por Herbeth Escalante \/ Haz Ruido<\/p>\n<blockquote><p>Las y los afectados bloquearon las entradas de la delegaci\u00f3n en Yucat\u00e1n y advierten que el ahora delegado del Bienestar est\u00e1 involucrado en la estafa con Yavo Capital y las constructoras.\n<\/p><\/blockquote>\n<p>M\u00e9rida, Yucat\u00e1n, 16 de enero de 2025.- Un grupo de derechohabientes bloque\u00f3 los cuatro accesos de la delegaci\u00f3n del Instituto del Fondo Nacional de la Vivienda para los Trabajadores (Infonavit) en Yucat\u00e1n a manera de protesta para exigir respuestas, ya que desde hace tres a\u00f1os son v\u00edctimas de un megafraude de viviendas en fraccionamientos de Um\u00e1n, Kanas\u00edn y Hunucm\u00e1.<\/p>\n<p>Explicaron que sus viviendas se las entregaron en obra negra, en otros casos sin servicios b\u00e1sicos como luz y agua potable, y en el peor de los escenarios ni siquiera las han construido. En total, recalcaron, son 367 familias defraudadas.<\/p>\n<p>En la manifestaci\u00f3n acusaron al exsecretario general del Infonavit, Rogerio Castro V\u00e1zquez, actual delegado de la Secretar\u00eda del Bienestar en Yucat\u00e1n, de estar coludido con las constructoras Sucovisa y Comasa Soluciones y la financiera Yavo Capital en esta estafa.<\/p>\n<p>\u201cEs una burla lo que est\u00e1n haciendo, es un megafraude y no entiendo c\u00f3mo es que el Infonavit autoriz\u00f3 esos cr\u00e9ditos con esas constructoras. A muchos se los est\u00e1n descontando de sus sueldos y Rogerio Castro nunca nos atendi\u00f3\u201d, se\u00f1al\u00f3 uno de los afectados, Pablo Chan.<\/p>\n<p>El manifestante indic\u00f3 que en su caso le entregaron su vivienda en el fraccionamiento Jerusal\u00e9n en Um\u00e1n hace m\u00e1s de dos a\u00f1os, pero sin servicios, por lo que tiene que colgarse de unos \u201cdiablitos\u201d para poder tener energ\u00eda el\u00e9ctrica.<\/p>\n<p>\u201cLa Comisi\u00f3n Federal de Electricidad (CFE) no nos quiere dar contratos porque dice que el fraccionamiento no est\u00e1 municipalizado \u00bfEntonces c\u00f3mo es posible que el Infonavit aprob\u00f3 los cr\u00e9ditos?\u201d, insisti\u00f3.<\/p>\n<p>Otra de las estafadas, Rosa Mar\u00eda Urbina, se\u00f1al\u00f3 que hasta el momento no le han construido su vivienda en el fraccionamiento Zoola, a pesar de que le aprobaron el cr\u00e9dito hace tres a\u00f1os, por lo que pr\u00e1cticamente \u201csigue en el monte\u201d.<\/p>\n<p>En ese contexto, acus\u00f3 a Rogerio Castro de no proteger a los derechohabientes porque, a pesar de ser secretario general de Infonavit, nunca present\u00f3 las denuncias correspondientes en contra de Yavo Capital y las constructoras.<\/p>\n<p>\u201cEste se\u00f1or est\u00e1 dando patadas de ahogado, en su trabajo en los a\u00f1os pasados no tuvo la decencia de recibirnos y tampoco denunci\u00f3 a nadie, por lo que es obvio que esta coludido en este fraude\u201d, recalc\u00f3.<\/p>\n<p><a href=\"http:\/\/www.grieta.org.mx\/wp-content\/uploads\/2025\/01\/Fraude2.jpg\"><img loading=\"lazy\" decoding=\"async\" data-attachment-id=\"70889\" data-permalink=\"https:\/\/www.grieta.org.mx\/index.php\/2025\/01\/16\/protestan-en-el-infonavit-y-acusan-a-rogerio-castro-de-ser-parte-del-fraude-yucatan\/screenshot-254\/\" data-orig-file=\"https:\/\/www.grieta.org.mx\/wp-content\/uploads\/2025\/01\/Fraude2.jpg\" data-orig-size=\"770,568\" data-comments-opened=\"0\" data-image-meta=\"{&quot;aperture&quot;:&quot;0&quot;,&quot;credit&quot;:&quot;&quot;,&quot;camera&quot;:&quot;&quot;,&quot;caption&quot;:&quot;Screenshot&quot;,&quot;created_timestamp&quot;:&quot;0&quot;,&quot;copyright&quot;:&quot;&quot;,&quot;focal_length&quot;:&quot;0&quot;,&quot;iso&quot;:&quot;0&quot;,&quot;shutter_speed&quot;:&quot;0&quot;,&quot;title&quot;:&quot;Screenshot&quot;,&quot;orientation&quot;:&quot;1&quot;}\" data-image-title=\"Screenshot\" data-image-description=\"\" data-image-caption=\"\" data-medium-file=\"https:\/\/www.grieta.org.mx\/wp-content\/uploads\/2025\/01\/Fraude2-300x221.jpg\" data-large-file=\"https:\/\/www.grieta.org.mx\/wp-content\/uploads\/2025\/01\/Fraude2.jpg\" src=\"http:\/\/www.grieta.org.mx\/wp-content\/uploads\/2025\/01\/Fraude2.jpg\" alt=\"\" width=\"770\" height=\"568\" class=\"alignright size-full wp-image-70889\" srcset=\"https:\/\/www.grieta.org.mx\/wp-content\/uploads\/2025\/01\/Fraude2.jpg 770w, https:\/\/www.grieta.org.mx\/wp-content\/uploads\/2025\/01\/Fraude2-300x221.jpg 300w, https:\/\/www.grieta.org.mx\/wp-content\/uploads\/2025\/01\/Fraude2-768x567.jpg 768w\" sizes=\"auto, (max-width: 770px) 100vw, 770px\" \/><\/a><\/p>\n<p>Los manifestantes recordaron que el ahora delegado del Bienestar incluso acudi\u00f3 al evento inaugural de la primera etapa del fraccionamiento Jerusal\u00e9n, en donde entreg\u00f3 algunas viviendas que posteriormente presentaron desperfectos. Las otras fases no se terminaron, siguen sin agua potable apta para el consumo y no tienen electricidad.<\/p>\n<p>En la protesta de esta ma\u00f1ana, los inconformes bloquearon los cuatro accesos de las oficinas del Infonavit en espera de ser recibidos por el nuevo delegado, Mauricio Sahu\u00ed Rivero.<\/p>\n<p>En uno de las bardas del edificio colocaron una manta con las fotograf\u00edas de los directivos de las empresas involucradas en este hecho y la imagen de Rogerio Castro. <\/p>\n<p><a href=\"https:\/\/www.hazruido.mx\/reportes\/protestan-en-el-infonavit-y-acusan-a-rogerio-castro-de-ser-parte-del-fraude\/\" target=\"_blank\">https:\/\/www.hazruido.mx\/reportes\/protestan-en-el-infonavit-y-acusan-a-rogerio-castro-de-ser-parte-del-fraude\/<\/a><\/p>\n","protected":false},"excerpt":{"rendered":"<p>Por Herbeth Escalante \/ Haz Ruido Las y los afectados bloquearon las entradas de la delegaci\u00f3n en Yucat\u00e1n y advierten que el ahora delegado del Bienestar est\u00e1 involucrado en la &hellip; <a href=\"https:\/\/www.grieta.org.mx\/index.php\/2025\/01\/16\/protestan-en-el-infonavit-y-acusan-a-rogerio-castro-de-ser-parte-del-fraude-yucatan\/\" class=\"more-link\">Leer m\u00e1s<\/a><\/p>\n","protected":false},"author":2,"featured_media":70888,"comment_status":"closed","ping_status":"closed","sticky":false,"template":"","format":"standard","meta":{"ngg_post_thumbnail":0,"_jetpack_newsletter_access":"","_jetpack_dont_email_post_to_subs":false,"_jetpack_newsletter_tier_id":0,"_jetpack_memberships_contains_paywalled_content":false,"_jetpack_memberships_contains_paid_content":false,"footnotes":""},"categories":[80,4232,2,36],"tags":[1046,290,1686,180,853],"class_list":["post-70887","post","type-post","status-publish","format-standard","has-post-thumbnail","hentry","category-cintillo","category-fraude-inmobiliario-en-yucatan","category-noticias-nacionales","category-yucatan","tag-cartel-inmobiliario","tag-fraude","tag-infonavit","tag-protesta","tag-proyectos-inmobiliarios","entry"],"jetpack_featured_media_url":"https:\/\/www.grieta.org.mx\/wp-content\/uploads\/2025\/01\/FraudeInmobiliario-e1737497538768.jpg","jetpack_sharing_enabled":true,"jetpack_shortlink":"https:\/\/wp.me\/p7ZJR4-irl","jetpack_likes_enabled":false,"jetpack-related-posts":[{"id":2930,"url":"https:\/\/www.grieta.org.mx\/index.php\/2014\/03\/26\/fraude-en-oceanografia-salpica-a-yucatan\/","url_meta":{"origin":70887,"position":0},"title":"Fraude en Oceanograf\u00eda \u2018salpica\u2019 a Yucat\u00e1n","author":"grieta","date":"26 marzo, 2014","format":false,"excerpt":"M\u00c9RIDA, Yuc.- Tras dos meses de que se diera a conocer que la Secretar\u00eda de la Funci\u00f3n P\u00fablica (SFP) realizaba una investigaci\u00f3n contra la empresa naviera y de construcci\u00f3n mar\u00edtima Oceanograf\u00eda SA de CV por diversas irregularidades encontradas en Petr\u00f3leos Mexicanos (Pemex), ahora salen nuevas anomal\u00edas. Las investigaciones han arrojado\u2026","rel":"","context":"En &quot;campeche&quot;","block_context":{"text":"campeche","link":"https:\/\/www.grieta.org.mx\/index.php\/category\/campeche\/"},"img":{"alt_text":"","src":"https:\/\/i0.wp.com\/www.grieta.org.mx\/wp-content\/uploads\/2018\/03\/14524434_1106112876131411_958039263622046936_o.jpg?resize=350%2C200&ssl=1","width":350,"height":200,"srcset":"https:\/\/i0.wp.com\/www.grieta.org.mx\/wp-content\/uploads\/2018\/03\/14524434_1106112876131411_958039263622046936_o.jpg?resize=350%2C200&ssl=1 1x, https:\/\/i0.wp.com\/www.grieta.org.mx\/wp-content\/uploads\/2018\/03\/14524434_1106112876131411_958039263622046936_o.jpg?resize=525%2C300&ssl=1 1.5x, https:\/\/i0.wp.com\/www.grieta.org.mx\/wp-content\/uploads\/2018\/03\/14524434_1106112876131411_958039263622046936_o.jpg?resize=700%2C400&ssl=1 2x"},"classes":[]},{"id":33453,"url":"https:\/\/www.grieta.org.mx\/index.php\/2019\/05\/13\/exempleados-toman-las-intalaciones-del-conafe-en-merida\/","url_meta":{"origin":70887,"position":1},"title":"Exempleados toman las intalaciones del Conafe en M\u00e9rida","author":"grieta","date":"13 mayo, 2019","format":false,"excerpt":"DAVID DOM\u00cdNGUEZ MASSA\/Diario de Yucat\u00e1n Por el despido injustificado de 540 trabajadores del Conafe en todo el pa\u00eds (16 en Yucat\u00e1n)los afectados tomaron las instalaciones de esta dependencia. \u201cNo es justo llevo 16 a\u00f1os y 7 meses trabajando aqu\u00ed y de repente llego y me dicen que estoy despedido y\u2026","rel":"","context":"En &quot;CINTILLO&quot;","block_context":{"text":"CINTILLO","link":"https:\/\/www.grieta.org.mx\/index.php\/category\/cintillo\/"},"img":{"alt_text":"","src":"https:\/\/i0.wp.com\/www.grieta.org.mx\/wp-content\/uploads\/2019\/05\/ConafeMerida.png?resize=350%2C200&ssl=1","width":350,"height":200},"classes":[]},{"id":65620,"url":"https:\/\/www.grieta.org.mx\/index.php\/2022\/10\/26\/inmobiliaria-tapa-cenote-natural-y-devasta-plantas-endemicas-en-dzemul-yucatan\/","url_meta":{"origin":70887,"position":2},"title":"Inmobiliaria tapa cenote natural y devasta plantas end\u00e9micas en Dzemul (Yucat\u00e1n)","author":"grieta","date":"26 octubre, 2022","format":false,"excerpt":"Emilio Pellicer \/ Por Esto! Top\u00f3grafos de instancias especializadas en colaboraci\u00f3n con la subsecretar\u00eda de Asuntos Agrarios del Gobierno del Estado de Yucat\u00e1n revisaron las m\u00e1s de 800 hect\u00e1reas que presuntamente compr\u00f3 el empresario Rodrigo Rosas Cantillo a la exgobernadora Ivonne Ortega Pacheco. Los ejidatarios de Dzemul denunciaron fraude contra\u2026","rel":"","context":"En &quot;CINTILLO&quot;","block_context":{"text":"CINTILLO","link":"https:\/\/www.grieta.org.mx\/index.php\/category\/cintillo\/"},"img":{"alt_text":"","src":"https:\/\/i0.wp.com\/www.grieta.org.mx\/wp-content\/uploads\/2022\/10\/Dzemul-e1666887165289.jpg?resize=350%2C200&ssl=1","width":350,"height":200,"srcset":"https:\/\/i0.wp.com\/www.grieta.org.mx\/wp-content\/uploads\/2022\/10\/Dzemul-e1666887165289.jpg?resize=350%2C200&ssl=1 1x, https:\/\/i0.wp.com\/www.grieta.org.mx\/wp-content\/uploads\/2022\/10\/Dzemul-e1666887165289.jpg?resize=525%2C300&ssl=1 1.5x, https:\/\/i0.wp.com\/www.grieta.org.mx\/wp-content\/uploads\/2022\/10\/Dzemul-e1666887165289.jpg?resize=700%2C400&ssl=1 2x"},"classes":[]},{"id":26105,"url":"https:\/\/www.grieta.org.mx\/index.php\/2018\/09\/03\/infonavit-embarga-viviendas-por-falta-de-pagos-sinaloa\/","url_meta":{"origin":70887,"position":3},"title":"Infonavit embarga viviendas por falta de pagos (Sinaloa)","author":"grieta","date":"3 septiembre, 2018","format":false,"excerpt":"Foto ilustrativa El Debate En Sinaloa, 70 mil trabajadores est\u00e1n cotizando para acceder a una casa de inter\u00e9s social Francisca Mart\u00ednez Culiac\u00e1n, Sinaloa.- Alrededor de 600 viviendas se han embargado en Sinaloa por adeudos, inform\u00f3 Mar\u00eda Cristina Calvo Acosta. La delegada de Infonavit en Sinaloa dio a conocer que las\u2026","rel":"","context":"En &quot;CINTILLO&quot;","block_context":{"text":"CINTILLO","link":"https:\/\/www.grieta.org.mx\/index.php\/category\/cintillo\/"},"img":{"alt_text":"","src":"https:\/\/i0.wp.com\/www.grieta.org.mx\/wp-content\/uploads\/2018\/09\/casa_infonavit.jpg_539665225.jpg?resize=350%2C200&ssl=1","width":350,"height":200,"srcset":"https:\/\/i0.wp.com\/www.grieta.org.mx\/wp-content\/uploads\/2018\/09\/casa_infonavit.jpg_539665225.jpg?resize=350%2C200&ssl=1 1x, https:\/\/i0.wp.com\/www.grieta.org.mx\/wp-content\/uploads\/2018\/09\/casa_infonavit.jpg_539665225.jpg?resize=525%2C300&ssl=1 1.5x"},"classes":[]},{"id":72210,"url":"https:\/\/www.grieta.org.mx\/index.php\/2025\/08\/21\/incendian-palacio-municipal-de-tzucacab-por-muerte-de-un-detenido-yucatan\/","url_meta":{"origin":70887,"position":4},"title":"Incendian Palacio Municipal de Tzucacab por muerte de un detenido (Yucat\u00e1n)","author":"grieta","date":"21 agosto, 2025","format":false,"excerpt":"Herbeth Escalante \/ Haz Ruido La protesta se sali\u00f3 de control y los habitantes provocaron da\u00f1os en el edificio del Ayuntamiento. Culpan a los polic\u00edas municipales de la muerte de un hombre en la c\u00e1rcel p\u00fablica Tzucacab, Yucat\u00e1n, 21 de agosto. \u2013 Enojados por el fallecimiento de un joven en\u2026","rel":"","context":"En &quot;Abuso Autoridades en Yucat\u00e1n&quot;","block_context":{"text":"Abuso Autoridades en Yucat\u00e1n","link":"https:\/\/www.grieta.org.mx\/index.php\/category\/noticias-nacionales\/yucatan\/abuso-autoridades-en-yucatan\/"},"img":{"alt_text":"","src":"https:\/\/i0.wp.com\/www.grieta.org.mx\/wp-content\/uploads\/2025\/08\/Tzucacab-e1755885660234.jpg?resize=350%2C200&ssl=1","width":350,"height":200,"srcset":"https:\/\/i0.wp.com\/www.grieta.org.mx\/wp-content\/uploads\/2025\/08\/Tzucacab-e1755885660234.jpg?resize=350%2C200&ssl=1 1x, https:\/\/i0.wp.com\/www.grieta.org.mx\/wp-content\/uploads\/2025\/08\/Tzucacab-e1755885660234.jpg?resize=525%2C300&ssl=1 1.5x, https:\/\/i0.wp.com\/www.grieta.org.mx\/wp-content\/uploads\/2025\/08\/Tzucacab-e1755885660234.jpg?resize=700%2C400&ssl=1 2x"},"classes":[]},{"id":21319,"url":"https:\/\/www.grieta.org.mx\/index.php\/2016\/09\/09\/protesta-de-estudiantes-de-peto-yucatan\/","url_meta":{"origin":70887,"position":5},"title":"Protesta de estudiantes de Peto, Yucat\u00e1n","author":"grieta","date":"9 septiembre, 2016","format":false,"excerpt":"09\/09\/16. Estudiantes de Peto exigen apoyo para la UPN (Yucat\u00e1n) Diario de Yucat\u00e1n 03\/09\/16. \u201cNo callar\u00e1n m\u00e1s\u201d (Yucat\u00e1n) Diario de Yucat\u00e1n","rel":"","context":"En &quot;NOTICIAS NACIONALES&quot;","block_context":{"text":"NOTICIAS NACIONALES","link":"https:\/\/www.grieta.org.mx\/index.php\/category\/noticias-nacionales\/"},"img":{"alt_text":"","src":"https:\/\/i0.wp.com\/www.grieta.org.mx\/wp-content\/uploads\/2018\/03\/14524434_1106112876131411_958039263622046936_o.jpg?resize=350%2C200&ssl=1","width":350,"height":200,"srcset":"https:\/\/i0.wp.com\/www.grieta.org.mx\/wp-content\/uploads\/2018\/03\/14524434_1106112876131411_958039263622046936_o.jpg?resize=350%2C200&ssl=1 1x, https:\/\/i0.wp.com\/www.grieta.org.mx\/wp-content\/uploads\/2018\/03\/14524434_1106112876131411_958039263622046936_o.jpg?resize=525%2C300&ssl=1 1.5x, https:\/\/i0.wp.com\/www.grieta.org.mx\/wp-content\/uploads\/2018\/03\/14524434_1106112876131411_958039263622046936_o.jpg?resize=700%2C400&ssl=1 2x"},"classes":[]}],"_links":{"self":[{"href":"https:\/\/www.grieta.org.mx\/index.php\/wp-json\/wp\/v2\/posts\/70887","targetHints":{"allow":["GET"]}}],"collection":[{"href":"https:\/\/www.grieta.org.mx\/index.php\/wp-json\/wp\/v2\/posts"}],"about":[{"href":"https:\/\/www.grieta.org.mx\/index.php\/wp-json\/wp\/v2\/types\/post"}],"author":[{"embeddable":true,"href":"https:\/\/www.grieta.org.mx\/index.php\/wp-json\/wp\/v2\/users\/2"}],"replies":[{"embeddable":true,"href":"https:\/\/www.grieta.org.mx\/index.php\/wp-json\/wp\/v2\/comments?post=70887"}],"version-history":[{"count":1,"href":"https:\/\/www.grieta.org.mx\/index.php\/wp-json\/wp\/v2\/posts\/70887\/revisions"}],"predecessor-version":[{"id":70891,"href":"https:\/\/www.grieta.org.mx\/index.php\/wp-json\/wp\/v2\/posts\/70887\/revisions\/70891"}],"wp:featuredmedia":[{"embeddable":true,"href":"https:\/\/www.grieta.org.mx\/index.php\/wp-json\/wp\/v2\/media\/70888"}],"wp:attachment":[{"href":"https:\/\/www.grieta.org.mx\/index.php\/wp-json\/wp\/v2\/media?parent=70887"}],"wp:term":[{"taxonomy":"category","embeddable":true,"href":"https:\/\/www.grieta.org.mx\/index.php\/wp-json\/wp\/v2\/categories?post=70887"},{"taxonomy":"post_tag","embeddable":true,"href":"https:\/\/www.grieta.org.mx\/index.php\/wp-json\/wp\/v2\/tags?post=70887"}],"curies":[{"name":"wp","href":"https:\/\/api.w.org\/{rel}","templated":true}]}}