{"id":70807,"date":"2024-11-25T09:46:54","date_gmt":"2024-11-25T15:46:54","guid":{"rendered":"http:\/\/www.grieta.org.mx\/?p=70807"},"modified":"2025-01-09T10:23:02","modified_gmt":"2025-01-09T16:23:02","slug":"la-presa-endho-una-historia-de-abandono-y-de-desastre-sanitario-en-mexico-hidalgo","status":"publish","type":"post","link":"https:\/\/www.grieta.org.mx\/index.php\/2024\/11\/25\/la-presa-endho-una-historia-de-abandono-y-de-desastre-sanitario-en-mexico-hidalgo\/","title":{"rendered":"La presa Endh\u00f3: una historia de abandono y de desastre sanitario en M\u00e9xico (Hidalgo)"},"content":{"rendered":"<p>Por France 24<\/p>\n<p>El estado de Hidalgo, al norte de la Ciudad de M\u00e9xico, acoge un lugar que en el pasado fue un para\u00edso y que se ha convertido en un verdadero infierno para sus habitantes. Las aguas de la presa y los pozos est\u00e1n completamente contaminadas. Las autoridades lo saben, pero han ignorado a la poblaci\u00f3n durante a\u00f1os, con un resultado dram\u00e1tico: la explosi\u00f3n de enfermedades como el c\u00e1ncer.<\/p>\n<p>El  desastre medioambiental y sanitario en Hidalgo es el tema que se ha llevado este a\u00f1o el Premio Breach\/Valdez de Periodismo en la categor\u00eda de Derechos Humanos, un premio que da la Embajada de Francia con otros actores como la ONU.<\/p>\n<p>La investigaci\u00f3n lleva como t\u00edtulo \u2018Los Olvidados de Hidalgo. C\u00e1ncer, contaminaci\u00f3n y aguas residuales\u2019 y su autor es Carlos Caraba\u00f1a, periodista espa\u00f1ol de Focus, la unidad de investigaci\u00f3n de N+ de Televisa-Univisi\u00f3n.<\/p>\n<p><a href=\"https:\/\/www.nmas.com.mx\/nmas-focus\/programas\/nmas-focus\/videos\/los-olvidados-hidalgo-reportaje-especial\/\">https:\/\/www.nmas.com.mx\/nmas-focus\/programas\/nmas-focus\/videos\/los-olvidados-hidalgo-reportaje-especial\/<\/a><\/p>\n<p>\u201cEs un honor recibir un premio, pero en este caso tambi\u00e9n es una responsabilidad porque te lo dan con el nombre de dos personas, que son dos referentes para el periodismo en la zona y entonces tienes que intentar estar a la altura de las circunstancias\u201d, dice Caraba\u00f1a, primer no mexicano que gana este premio que rinde homenaje a Miroslava Breach y Javier Valdez, asesinados en 2017.<\/p>\n<p>Caraba\u00f1a comenz\u00f3 a investigar sobre la presa de Endh\u00f3 por los fuertes casos de sequ\u00eda, pero cuando fue a la zona descubri\u00f3 este desastre.<\/p>\n<p>\u201cDecidimos que era un tema que merec\u00eda mucho ser tratado aparte, y con una gran precisi\u00f3n y mucha lupa porque vimos que era realmente complejo\u201d, nos explica el periodista de investigaci\u00f3n.<\/p>\n<p>\u201cEsto era un para\u00edso y ahora es una zona de devastaci\u00f3n ecol\u00f3gica. Aqu\u00ed nos llega toda el agua negra de todos los sitios de la Ciudad de M\u00e9xico y pues lo \u00fanico que tenemos son enfermedades y pobreza\u201d, dice en el reportaje uno de los testimonios que acompa\u00f1an las im\u00e1genes demoledoras del estado del agua de la presa y las historias dram\u00e1ticas de sus vecinos, v\u00edctimas de enfermedades mortales como el c\u00e1ncer, a causa de la contaminaci\u00f3n.<\/p>\n<p>    Esto era un para\u00edso y ahora es una zona de devastaci\u00f3n ecol\u00f3gica. Aqu\u00ed nos llega toda el agua negra de todos los sitios de la Ciudad de M\u00e9xico y pues lo \u00fanico que tenemos son enfermedades y pobreza&#8221;.<\/p>\n<p>En diez a\u00f1os se triplicaron los casos de c\u00e1ncer<\/p>\n<p>Y es que 326 millones de metros c\u00fabicos de aguas residuales llegan por a\u00f1o a esta presa. \u201cEs una historia de abandono\u201d, afirma Caraba\u00f1a. Una historia que comienza con la decisi\u00f3n del Gobierno de Miguel Alem\u00e1n de construir una presa en los a\u00f1os 40. Para ello, el pueblo que estaba en el centro del valle es reubicado en las riberas.<\/p>\n<p>\u201cAl principio, era hasta incluso tur\u00edstico, un sitio muy bonito\u201d, dice el periodista. Sin embargo, en los a\u00f1os 70 se tom\u00f3 una decisi\u00f3n fatal para la poblaci\u00f3n.<\/p>\n<p>\u201cEsa decisi\u00f3n fue derivar hacia esa presa las aguas residuales de la Ciudad de M\u00e9xico, de todos los corredores industriales de esa zona, que son much\u00edsimos, los hospitales, una refiner\u00eda y una termoel\u00e9ctrica\u201d, explica. El resultado es un verdadero vertedero que ha dado lugar a una grave contaminaci\u00f3n y lo peor de todo es que esa contaminaci\u00f3n se filtr\u00f3 a los siete pozos de agua potable.  <\/p>\n<p>    \u201cHay una retah\u00edla enorme de enfermedades, pero la m\u00e1s grave es que los c\u00e1nceres en la zona est\u00e1n disparados. T\u00fa vas andando por el pueblo y te dicen aqu\u00ed esta persona muri\u00f3 de c\u00e1ncer, su padre tambi\u00e9n ten\u00eda, su hermano lo tiene y pasa en todas las casas. Lo que encontramos nosotros con documentos oficiales es que se hab\u00eda triplicado los casos de c\u00e1ncer por encima de la media de M\u00e9xico en la zona en los \u00faltimos diez a\u00f1os\u201d, denuncia Caraba\u00f1a.<\/p>\n<p>Plantas potabilizadoras que nunca llegaron a funcionar<\/p>\n<p>En este reportaje presentan documentos oficiales, an\u00e1lisis que mostraban la contaminaci\u00f3n y durante d\u00e9cadas no se hizo nada. Todas las Administraciones lo sab\u00edan, pero abandonaron a los ciudadanos. Ya en 2007 estaban al corriente de la presencia de ars\u00e9nico en el agua potable.<\/p>\n<p>\u201cSon unos an\u00e1lisis de la Conferencia de la Autoridad Sanitaria Local con elevados \u00edndices de ars\u00e9nico en el agua potable de la gente, en el agua que reciben en sus casas. En 2010, tenemos unos primeros an\u00e1lisis que ya hablan de pozos contaminados y, en 2018, tenemos otros an\u00e1lisis m\u00e1s completos de los siete pozos de agua que est\u00e1n contaminados y todos estos documentos se hicieron llegar al entonces gobernador Omar Fayad\u201d, precisa.<\/p>\n<p>Fue a partir del informe sobre los pozos que se instalaron cinco plantas potabilizadoras. Las autoridades las inauguraron y parec\u00eda que el problema se hab\u00eda solucionado, pero no. \u201cCuando empezamos a investigar nos dimos cuenta de que ninguna de las cinco plantas lleg\u00f3 a funcionar. Obtuvimos los inventarios de las plantas, del material que ten\u00edan. No ten\u00edan casi nada. Luego hicimos una visita a las plantas. A las cinco vimos que estaban cerradas, que no hab\u00eda qu\u00edmicos. Incluso en las v\u00e1lvulas encontrabas telara\u00f1as\u201d, afirma.<br \/>\nLa repercusi\u00f3n del reportaje de Caraba\u00f1a llev\u00f3 a AMLO a firmar un decreto<\/p>\n<p>Antes de dejar su cargo, el presidente Andr\u00e9s Manuel L\u00f3pez Obrador firm\u00f3 un decreto para declarar una zona de restauraci\u00f3n ambiental, se trata de 35.000 hect\u00e1reas. \u201cEl Gobierno mexicano ahora tiene la obligaci\u00f3n legal y vinculante por un decreto presidencial de arreglar la zona\u201d, explica Caraba\u00f1a.<\/p>\n<p>Una victoria para los pobladores que han protagonizado protestas durante lustros para que las autoridades hicieran algo, y tambi\u00e9n una victoria para los periodistas de investigaci\u00f3n.  \u201cNosotros les dimos apoyo, digamos, haciendo una presi\u00f3n medi\u00e1tica al respecto\u201d, dice.<\/p>\n<p>El decreto lo va a tener que aplicar la nueva Administraci\u00f3n de Claudia Sheinbaum. Tienen ocho meses para redactar un plan con un presupuesto y puntos detallados con la idea de devolver a esta zona las condiciones similares a la contaminaci\u00f3n. Habr\u00e1 que tener paciencia para ver los resultados ya que el Gobierno tiene 12 a\u00f1os para ejecutarlo.<br \/>\n<a href=\"https:\/\/www.france24.com\/es\/programas\/escala-en-par%C3%ADs\/20241025-la-presa-endh%C3%B3-una-historia-de-abandono-y-de-desastre-sanitario-en-m%C3%A9xico\">https:\/\/www.france24.com\/es\/programas\/escala-en-par%C3%ADs\/20241025-la-presa-endh%C3%B3-una-historia-de-abandono-y-de-desastre-sanitario-en-m%C3%A9xico<\/a><\/p>\n","protected":false},"excerpt":{"rendered":"<p>Por France 24 El estado de Hidalgo, al norte de la Ciudad de M\u00e9xico, acoge un lugar que en el pasado fue un para\u00edso y que se ha convertido en &hellip; <a href=\"https:\/\/www.grieta.org.mx\/index.php\/2024\/11\/25\/la-presa-endho-una-historia-de-abandono-y-de-desastre-sanitario-en-mexico-hidalgo\/\" class=\"more-link\">Leer m\u00e1s<\/a><\/p>\n","protected":false},"author":1,"featured_media":36604,"comment_status":"closed","ping_status":"closed","sticky":false,"template":"","format":"standard","meta":{"ngg_post_thumbnail":0,"_jetpack_newsletter_access":"","_jetpack_dont_email_post_to_subs":false,"_jetpack_newsletter_tier_id":0,"_jetpack_memberships_contains_paywalled_content":false,"_jetpack_memberships_contains_paid_content":false,"footnotes":""},"categories":[2387,2758,19,2],"tags":[4205,91,4231],"class_list":["post-70807","post","type-post","status-publish","format-standard","has-post-thumbnail","hentry","category-contaminacion-ambiental-en-hidalgo","category-desastre-ambiental-en-presa-endho","category-hidalgo","category-noticias-nacionales","tag-agua-contaminada","tag-contaminacion-ambiental","tag-presa-endho","entry"],"jetpack_featured_media_url":"https:\/\/www.grieta.org.mx\/wp-content\/uploads\/2019\/07\/presa-endho-high.jpg","jetpack_sharing_enabled":true,"jetpack_shortlink":"https:\/\/wp.me\/p7ZJR4-iq3","jetpack_likes_enabled":false,"jetpack-related-posts":[{"id":36617,"url":"https:\/\/www.grieta.org.mx\/index.php\/2019\/07\/19\/espejo-del-olvido-documental-sobre-la-vida-de-las-comunidades-aledanas-a-la-presa-endho-hidalgo\/","url_meta":{"origin":70807,"position":0},"title":"&#8220;Espejo del olvido&#8221; documental sobre la vida de las comunidades aleda\u00f1as a la Presa Endh\u00f3 (Hidalgo)","author":"Admin","date":"19 julio, 2019","format":false,"excerpt":"Direcci\u00f3n, fotograf\u00eda y edici\u00f3n: \u00a0Armando de la Cruz El siguiente cortometraje del 2011 documenta el desastre ambiental y sus repercusiones en la vida y la salud de la comunidades ribere\u00f1as de la Presa Endh\u00f3 en donde hasta la fecha se vierten los desechos t\u00f3xicos de\u00a0la refiner\u00eda de Petr\u00f3leos Mexicanos (Pemex),\u2026","rel":"","context":"En &quot;CINTILLO&quot;","block_context":{"text":"CINTILLO","link":"https:\/\/www.grieta.org.mx\/index.php\/category\/cintillo\/"},"img":{"alt_text":"","src":"https:\/\/i0.wp.com\/www.grieta.org.mx\/wp-content\/uploads\/2019\/07\/Captura-de-pantalla-2019-07-19-20.26.01.png?resize=350%2C200&ssl=1","width":350,"height":200,"srcset":"https:\/\/i0.wp.com\/www.grieta.org.mx\/wp-content\/uploads\/2019\/07\/Captura-de-pantalla-2019-07-19-20.26.01.png?resize=350%2C200&ssl=1 1x, https:\/\/i0.wp.com\/www.grieta.org.mx\/wp-content\/uploads\/2019\/07\/Captura-de-pantalla-2019-07-19-20.26.01.png?resize=525%2C300&ssl=1 1.5x, https:\/\/i0.wp.com\/www.grieta.org.mx\/wp-content\/uploads\/2019\/07\/Captura-de-pantalla-2019-07-19-20.26.01.png?resize=700%2C400&ssl=1 2x"},"classes":[]},{"id":38981,"url":"https:\/\/www.grieta.org.mx\/index.php\/2019\/09\/05\/con-un-planton-exigen-reducir-contaminacion-en-presa-endho-hidalgo\/","url_meta":{"origin":70807,"position":1},"title":"Con un plant\u00f3n, exigen reducir contaminaci\u00f3n en presa Endh\u00f3 (Hidalgo)","author":"Admin","date":"5 septiembre, 2019","format":false,"excerpt":"Martha S\u00e1enz \/ Criterio Hidalgo Alrededor de dos mil agremiados al Movimiento Social por la Tierra (MST) se plantaron frente a oficinas de las secretar\u00edas de Obras P\u00fablicas y Ordenamiento Territorial (Sopot) y de Agricultura y Desarrollo Agropecuario (Sedagro) para exigir obras que reduzcan la contaminaci\u00f3n relacionada con la presa\u2026","rel":"","context":"En &quot;CINTILLO&quot;","block_context":{"text":"CINTILLO","link":"https:\/\/www.grieta.org.mx\/index.php\/category\/cintillo\/"},"img":{"alt_text":"","src":"https:\/\/i0.wp.com\/www.grieta.org.mx\/wp-content\/uploads\/2019\/09\/https-_www.criteriohidalgo.com_wp-content_uploads_2019_09_ch06f1-Juan-MartC3ADnez-ContaminaciC3B3n-660x330.jpeg?resize=350%2C200&ssl=1","width":350,"height":200,"srcset":"https:\/\/i0.wp.com\/www.grieta.org.mx\/wp-content\/uploads\/2019\/09\/https-_www.criteriohidalgo.com_wp-content_uploads_2019_09_ch06f1-Juan-MartC3ADnez-ContaminaciC3B3n-660x330.jpeg?resize=350%2C200&ssl=1 1x, https:\/\/i0.wp.com\/www.grieta.org.mx\/wp-content\/uploads\/2019\/09\/https-_www.criteriohidalgo.com_wp-content_uploads_2019_09_ch06f1-Juan-MartC3ADnez-ContaminaciC3B3n-660x330.jpeg?resize=525%2C300&ssl=1 1.5x"},"classes":[]},{"id":36603,"url":"https:\/\/www.grieta.org.mx\/index.php\/2019\/07\/18\/hidalgo-enfrenta-emergencia-ambiental-por-aire-y-agua-contaminados\/","url_meta":{"origin":70807,"position":2},"title":"Hidalgo enfrenta emergencia ambiental por aire y agua contaminados","author":"Admin","date":"18 julio, 2019","format":false,"excerpt":"Redacci\u00f3n \/ Cultura Colectiva La Secretar\u00eda de Medio Ambiente y Recursos Naturales (Semarnat) declar\u00f3 el martes pasado la emergencia ambiental en varios municipios de Hidalgo, debido a que la contaminaci\u00f3n del aire y el agua ha convertido a ese lugar en una zona pr\u00e1cticamente inhabitable. V\u00edctor Toledo, titular de la\u2026","rel":"","context":"En &quot;CINTILLO&quot;","block_context":{"text":"CINTILLO","link":"https:\/\/www.grieta.org.mx\/index.php\/category\/cintillo\/"},"img":{"alt_text":"","src":"https:\/\/i0.wp.com\/www.grieta.org.mx\/wp-content\/uploads\/2019\/07\/presa-endho-high.jpg?resize=350%2C200&ssl=1","width":350,"height":200,"srcset":"https:\/\/i0.wp.com\/www.grieta.org.mx\/wp-content\/uploads\/2019\/07\/presa-endho-high.jpg?resize=350%2C200&ssl=1 1x, https:\/\/i0.wp.com\/www.grieta.org.mx\/wp-content\/uploads\/2019\/07\/presa-endho-high.jpg?resize=525%2C300&ssl=1 1.5x, https:\/\/i0.wp.com\/www.grieta.org.mx\/wp-content\/uploads\/2019\/07\/presa-endho-high.jpg?resize=700%2C400&ssl=1 2x"},"classes":[]},{"id":69810,"url":"https:\/\/www.grieta.org.mx\/index.php\/2024\/07\/07\/infecciones-en-piel-ojos-insuficiencia-renal-y-hasta-cancer-por-contaminacion-del-agua-en-region-tula\/","url_meta":{"origin":70807,"position":3},"title":"Infecciones en piel, ojos, insuficiencia renal y hasta c\u00e1ncer por contaminaci\u00f3n del agua en regi\u00f3n Tula","author":"Admin","date":"7 julio, 2024","format":false,"excerpt":"Por El Universal, Hidalgo El agua contaminada del sistema de drenaje profundo de la Ciudad de M\u00e9xico que llega a trav\u00e9s del T\u00fanel Emisor Oriente y T\u00fanel Emisor Central, as\u00ed como las descargas que realiza la Planta de Tratamiento de Aguas Residuales de Atotonilco hacia la presa Endh\u00f3, son las\u2026","rel":"","context":"En &quot;Contaminaci\u00f3n ambiental en Hidalgo&quot;","block_context":{"text":"Contaminaci\u00f3n ambiental en Hidalgo","link":"https:\/\/www.grieta.org.mx\/index.php\/category\/noticias-nacionales\/hidalgo\/contaminacion-ambiental-en-hidalgo\/"},"img":{"alt_text":"","src":"https:\/\/i0.wp.com\/www.grieta.org.mx\/wp-content\/uploads\/2024\/09\/Captura-de-Pantalla-2024-09-24-a-las-9.52.09.jpg?resize=350%2C200&ssl=1","width":350,"height":200,"srcset":"https:\/\/i0.wp.com\/www.grieta.org.mx\/wp-content\/uploads\/2024\/09\/Captura-de-Pantalla-2024-09-24-a-las-9.52.09.jpg?resize=350%2C200&ssl=1 1x, https:\/\/i0.wp.com\/www.grieta.org.mx\/wp-content\/uploads\/2024\/09\/Captura-de-Pantalla-2024-09-24-a-las-9.52.09.jpg?resize=525%2C300&ssl=1 1.5x, https:\/\/i0.wp.com\/www.grieta.org.mx\/wp-content\/uploads\/2024\/09\/Captura-de-Pantalla-2024-09-24-a-las-9.52.09.jpg?resize=700%2C400&ssl=1 2x, https:\/\/i0.wp.com\/www.grieta.org.mx\/wp-content\/uploads\/2024\/09\/Captura-de-Pantalla-2024-09-24-a-las-9.52.09.jpg?resize=1050%2C600&ssl=1 3x, https:\/\/i0.wp.com\/www.grieta.org.mx\/wp-content\/uploads\/2024\/09\/Captura-de-Pantalla-2024-09-24-a-las-9.52.09.jpg?resize=1400%2C800&ssl=1 4x"},"classes":[]},{"id":2586,"url":"https:\/\/www.grieta.org.mx\/index.php\/2015\/08\/11\/acusan-a-exalcaldesa-de-contaminar-zimapan\/","url_meta":{"origin":70807,"position":4},"title":"Acusan a exalcaldesa de contaminar Zimap\u00e1n","author":"grieta","date":"11 agosto, 2015","format":false,"excerpt":"Victor Valera Al marchar por las calles de Pachuca, habitantes del rancho San Miguel, Zimap\u00e1n, exigieron que Profepa y gobierno de Hidalgo detengan la construcci\u00f3n de presas de jales de minas de plomo y cobre que \u201cda\u00f1an el medio ambiente y la salud de los zimapenses\u201d. Mostraron su rechazo a\u2026","rel":"","context":"En &quot;CINTILLO&quot;","block_context":{"text":"CINTILLO","link":"https:\/\/www.grieta.org.mx\/index.php\/category\/cintillo\/"},"img":{"alt_text":"","src":"https:\/\/i0.wp.com\/www.grieta.org.mx\/wp-content\/uploads\/2018\/03\/14524434_1106112876131411_958039263622046936_o.jpg?resize=350%2C200&ssl=1","width":350,"height":200,"srcset":"https:\/\/i0.wp.com\/www.grieta.org.mx\/wp-content\/uploads\/2018\/03\/14524434_1106112876131411_958039263622046936_o.jpg?resize=350%2C200&ssl=1 1x, https:\/\/i0.wp.com\/www.grieta.org.mx\/wp-content\/uploads\/2018\/03\/14524434_1106112876131411_958039263622046936_o.jpg?resize=525%2C300&ssl=1 1.5x, https:\/\/i0.wp.com\/www.grieta.org.mx\/wp-content\/uploads\/2018\/03\/14524434_1106112876131411_958039263622046936_o.jpg?resize=700%2C400&ssl=1 2x"},"classes":[]},{"id":38988,"url":"https:\/\/www.grieta.org.mx\/index.php\/2019\/09\/06\/atribuyen-a-empresas-contaminacion-de-el-manantial-hidalgo\/","url_meta":{"origin":70807,"position":5},"title":"Atribuyen a empresas contaminaci\u00f3n de El Manantial (Hidalgo)","author":"Admin","date":"6 septiembre, 2019","format":false,"excerpt":"Alfonso Mar\u00edn \/ Criterio Hidalgo Integrantes del Consejo de Colaboraci\u00f3n de la comunidad de Tepojaco, en Tizayuca, acusaron que las empresas Planta Bio pappel y Coagulados Textiles, asentadas en la localidad, contaminan de manera indiscriminada el medio ambiente al desechar sus residuos en arterias que desembocan en la presa denominada\u2026","rel":"","context":"En &quot;CINTILLO&quot;","block_context":{"text":"CINTILLO","link":"https:\/\/www.grieta.org.mx\/index.php\/category\/cintillo\/"},"img":{"alt_text":"","src":"https:\/\/i0.wp.com\/www.grieta.org.mx\/wp-content\/uploads\/2019\/09\/https-_www.criteriohidalgo.com_wp-content_uploads_2019_09_contaminantes-660x330.jpg?resize=350%2C200&ssl=1","width":350,"height":200,"srcset":"https:\/\/i0.wp.com\/www.grieta.org.mx\/wp-content\/uploads\/2019\/09\/https-_www.criteriohidalgo.com_wp-content_uploads_2019_09_contaminantes-660x330.jpg?resize=350%2C200&ssl=1 1x, https:\/\/i0.wp.com\/www.grieta.org.mx\/wp-content\/uploads\/2019\/09\/https-_www.criteriohidalgo.com_wp-content_uploads_2019_09_contaminantes-660x330.jpg?resize=525%2C300&ssl=1 1.5x"},"classes":[]}],"_links":{"self":[{"href":"https:\/\/www.grieta.org.mx\/index.php\/wp-json\/wp\/v2\/posts\/70807","targetHints":{"allow":["GET"]}}],"collection":[{"href":"https:\/\/www.grieta.org.mx\/index.php\/wp-json\/wp\/v2\/posts"}],"about":[{"href":"https:\/\/www.grieta.org.mx\/index.php\/wp-json\/wp\/v2\/types\/post"}],"author":[{"embeddable":true,"href":"https:\/\/www.grieta.org.mx\/index.php\/wp-json\/wp\/v2\/users\/1"}],"replies":[{"embeddable":true,"href":"https:\/\/www.grieta.org.mx\/index.php\/wp-json\/wp\/v2\/comments?post=70807"}],"version-history":[{"count":1,"href":"https:\/\/www.grieta.org.mx\/index.php\/wp-json\/wp\/v2\/posts\/70807\/revisions"}],"predecessor-version":[{"id":70811,"href":"https:\/\/www.grieta.org.mx\/index.php\/wp-json\/wp\/v2\/posts\/70807\/revisions\/70811"}],"wp:featuredmedia":[{"embeddable":true,"href":"https:\/\/www.grieta.org.mx\/index.php\/wp-json\/wp\/v2\/media\/36604"}],"wp:attachment":[{"href":"https:\/\/www.grieta.org.mx\/index.php\/wp-json\/wp\/v2\/media?parent=70807"}],"wp:term":[{"taxonomy":"category","embeddable":true,"href":"https:\/\/www.grieta.org.mx\/index.php\/wp-json\/wp\/v2\/categories?post=70807"},{"taxonomy":"post_tag","embeddable":true,"href":"https:\/\/www.grieta.org.mx\/index.php\/wp-json\/wp\/v2\/tags?post=70807"}],"curies":[{"name":"wp","href":"https:\/\/api.w.org\/{rel}","templated":true}]}}