{"id":70734,"date":"2024-12-22T13:51:26","date_gmt":"2024-12-22T19:51:26","guid":{"rendered":"https:\/\/www.grieta.org.mx\/?p=70734"},"modified":"2024-12-23T14:03:23","modified_gmt":"2024-12-23T20:03:23","slug":"trabajadores-de-la-sonda-de-campeche-atraviesan-crisis-en-altamar","status":"publish","type":"post","link":"https:\/\/www.grieta.org.mx\/index.php\/2024\/12\/22\/trabajadores-de-la-sonda-de-campeche-atraviesan-crisis-en-altamar\/","title":{"rendered":"Trabajadores de la Sonda de Campeche atraviesan crisis en altamar"},"content":{"rendered":"<p>Perla Prado \/ Por Esto!<\/p>\n<blockquote><p>La empresa naviera Mar\u00edtima del Golfo se va a &#8220;pique&#8221;, desde hace dos meses no paga n\u00f3minas, aseguran que sus trabajadores no tiene dinero.<\/p><\/blockquote>\n<p>&#8220;No hay dinero, no sabemos cu\u00e1ndo habr\u00e1 dinero, el que guste puede irse\u201d, fue el escueto comunicado que la compa\u00f1\u00eda naviera Mar\u00edtimo del Golfo de M\u00e9xico y subsidiarias para el Petr\u00f3leo S.A. de C.V., antes llamada TMM Divisi\u00f3n Mar\u00edtima, envi\u00f3 a la tripulaci\u00f3n la cual qued\u00f3 sorprendida por la actitud de la empresa que, desde hace dos meses no paga n\u00f3minas y ahora advierte a los trabajadores que si desean conservar el empleo tendr\u00edan que aguantarse porque tampoco hay recursos.<\/p>\n<p>Los obreros, desesperados por la falta de recursos, sin suficiente comida y agua en altamar, compartieron en redes sociales una imagen en la que piden no caer en la estafa de esta empresa, que est\u00e1 buscando colaboradores -tras la baja de varios compa\u00f1eros-, pero sin hablarles de la realidad y de que no les pagar\u00e1 un salario.<\/p>\n<p>La inconformidad de los empleados de la compa\u00f1\u00eda naviera Mar\u00edtimo del Golfo de M\u00e9xico y subsidiarias para el Petr\u00f3leo S.A. de C.V., inici\u00f3 desde hace dos meses cuando dejaron de percibir su sueldo; el problema es que en ning\u00fan momento los patrones fueron honestos con ellos, ni se acercaron a darles una explicaci\u00f3n; por el contrario, hicieron lo posible por esquivarlos hasta que se les hizo f\u00e1cil mandarles un escueto comunicado informando que no tienen recursos y el que quisiera pod\u00eda irse, para de esta forma quitarse de encima el problema que atraviesan.<\/p>\n<p>\u201cLlevamos dos meses sin percibir el pago de salarios que por derecho nos hemos ganado. Adem\u00e1s, estamos a bordo sin sufi ciente agua y comida, y ahora nos dicen que no saben cu\u00e1ndo habr\u00e1 dinero y si no nos gusta que nos podemos ir; est\u00e1n demostrando total indiferencia, falta de \u00e9tica y profesionalismo hacia sus trabajadores sin importar en lo m\u00ednimo los compromisos que tenemos en nuestros hogares, cuando ante la ley los salarios deben ser prioridad absoluta\u201d, expresaron.<\/p>\n<p>Cuestionados sobre por qu\u00e9 esperaron tanto tiempo para denunciar estos atropellos a sus derechos laborales, indicaron que debido al incumplimiento hubo quienes prefirieron irse a buscar por otro lado ingresos para sus familias, independiente de las denuncias ante la instancia laboral; mientras, la compa\u00f1\u00eda busca personal nuevo para suplir a los que se fueron, lo cual consideran una trampa y fraude, ya que los har\u00e1n trabajar de a gratis.<\/p>\n<p>Para los obreros la situaci\u00f3n no solo afecta a habitantes de Ciudad del Carmen, sino de otras Entidades que vinieron en busca de trabajo y confiaron en la empresa que les est\u00e1 haciendo pasar un mal momento al no pagarles, tampoco tendr\u00e1n para pasar una Nochebuena con la familia, pues viven desesperados para salir de las deudas que contrajeron desde hace dos meses y ahora, podr\u00edan quedarse sin empleo.<\/p>\n<p>JY<\/p>\n<p><a href=\"https:\/\/www.poresto.net\/campeche\/ciudad-carmen\/2024\/12\/22\/trabajadores-de-la-sonda-de-campeche-atraviesan-crisis-en-altamar.html\" target=\"_blank\">https:\/\/www.poresto.net\/campeche\/ciudad-carmen\/2024\/12\/22\/trabajadores-de-la-sonda-de-campeche-atraviesan-crisis-en-altamar.html<\/a><\/p>\n","protected":false},"excerpt":{"rendered":"<p>Perla Prado \/ Por Esto! La empresa naviera Mar\u00edtima del Golfo se va a &#8220;pique&#8221;, desde hace dos meses no paga n\u00f3minas, aseguran que sus trabajadores no tiene dinero. &#8220;No &hellip; <a href=\"https:\/\/www.grieta.org.mx\/index.php\/2024\/12\/22\/trabajadores-de-la-sonda-de-campeche-atraviesan-crisis-en-altamar\/\" class=\"more-link\">Leer m\u00e1s<\/a><\/p>\n","protected":false},"author":2,"featured_media":70735,"comment_status":"closed","ping_status":"closed","sticky":false,"template":"","format":"standard","meta":{"ngg_post_thumbnail":0,"_jetpack_newsletter_access":"","_jetpack_dont_email_post_to_subs":false,"_jetpack_newsletter_tier_id":0,"_jetpack_memberships_contains_paywalled_content":false,"_jetpack_memberships_contains_paid_content":false,"footnotes":""},"categories":[11,80,1040,910,2,3212,83],"tags":[1690,105,380,1291,2841,125],"class_list":["post-70734","post","type-post","status-publish","format-standard","has-post-thumbnail","hentry","category-campeche","category-cintillo","category-conflictos-laborales-en-campeche","category-explotacion-y-precariedad-laboral","category-noticias-nacionales","category-precariedad-laboral-en-campeche","category-temas-nacionales","tag-adeudo-de-salarios","tag-derechos-laborales","tag-desprecio","tag-explotacion-laboral","tag-explotacion-y-precariedad-laboral","tag-pemex","entry"],"jetpack_featured_media_url":"https:\/\/www.grieta.org.mx\/wp-content\/uploads\/2024\/12\/Sonda-Campeche-e1734983781612.jpg","jetpack_sharing_enabled":true,"jetpack_shortlink":"https:\/\/wp.me\/p7ZJR4-ioS","jetpack_likes_enabled":false,"jetpack-related-posts":[{"id":69356,"url":"https:\/\/www.grieta.org.mx\/index.php\/2024\/07\/23\/trabajadores-de-limpieza-del-hospital-oncologico-en-campeche-exigen-pago-de-su-quincena\/","url_meta":{"origin":70734,"position":0},"title":"Trabajadores de limpieza del Hospital Oncol\u00f3gico en Campeche exigen pago de su quincena","author":"grieta","date":"23 julio, 2024","format":false,"excerpt":"Wilbert Casanova \/ Por Esto! Al menos 17 trabajadoras y trabajadores de la compa\u00f1\u00eda Ah Kim Pech no reciben el pago de su quincena tras laborar en el Hospital Oncol\u00f3gico, denunciaron las inconformes. Explicaron que la empresa termin\u00f3 su contrato con el hospital que atiende a las personas con c\u00e1ncer,\u2026","rel":"","context":"En &quot;Campeche&quot;","block_context":{"text":"Campeche","link":"https:\/\/www.grieta.org.mx\/index.php\/category\/noticias-nacionales\/campeche\/"},"img":{"alt_text":"","src":"https:\/\/i0.wp.com\/www.grieta.org.mx\/wp-content\/uploads\/2024\/07\/Hospital-e1722280675600.jpg?resize=350%2C200&ssl=1","width":350,"height":200,"srcset":"https:\/\/i0.wp.com\/www.grieta.org.mx\/wp-content\/uploads\/2024\/07\/Hospital-e1722280675600.jpg?resize=350%2C200&ssl=1 1x, https:\/\/i0.wp.com\/www.grieta.org.mx\/wp-content\/uploads\/2024\/07\/Hospital-e1722280675600.jpg?resize=525%2C300&ssl=1 1.5x, https:\/\/i0.wp.com\/www.grieta.org.mx\/wp-content\/uploads\/2024\/07\/Hospital-e1722280675600.jpg?resize=700%2C400&ssl=1 2x"},"classes":[]},{"id":68637,"url":"https:\/\/www.grieta.org.mx\/index.php\/2024\/03\/15\/obreros-toman-la-embarcacion-la-bamba-exigen-pago-de-salarios-campeche\/","url_meta":{"origin":70734,"position":1},"title":"Obreros toman la embarcaci\u00f3n La Bamba; exigen pago de salarios (Campeche)","author":"grieta","date":"15 marzo, 2024","format":false,"excerpt":"JOS\u00c9 HERRERA \/ GRUPO CANT\u00d3N \/ Campeche Hoy CIUDAD DEL CARNEN, CAMP.- Obreros de la empresa Demar y tripulaci\u00f3n de la embarcaci\u00f3n La Bamba, tomaron en protesta este buque, exigiendo el pago de sus salarios vencidos. Lo anterior fue dado a conocer a los medios de comunicaci\u00f3n los familiares de\u2026","rel":"","context":"En &quot;Campeche&quot;","block_context":{"text":"Campeche","link":"https:\/\/www.grieta.org.mx\/index.php\/category\/noticias-nacionales\/campeche\/"},"img":{"alt_text":"","src":"https:\/\/i0.wp.com\/www.grieta.org.mx\/wp-content\/uploads\/2024\/03\/Campeche-e1710780123560.jpg?resize=350%2C200&ssl=1","width":350,"height":200,"srcset":"https:\/\/i0.wp.com\/www.grieta.org.mx\/wp-content\/uploads\/2024\/03\/Campeche-e1710780123560.jpg?resize=350%2C200&ssl=1 1x, https:\/\/i0.wp.com\/www.grieta.org.mx\/wp-content\/uploads\/2024\/03\/Campeche-e1710780123560.jpg?resize=525%2C300&ssl=1 1.5x, https:\/\/i0.wp.com\/www.grieta.org.mx\/wp-content\/uploads\/2024\/03\/Campeche-e1710780123560.jpg?resize=700%2C400&ssl=1 2x"},"classes":[]},{"id":70013,"url":"https:\/\/www.grieta.org.mx\/index.php\/2024\/10\/05\/incertidumbre-entre-500-trabajadores-del-rancho-santa-genoveva-en-campeche\/","url_meta":{"origin":70734,"position":2},"title":"Incertidumbre Entre 500 Trabajadores del Rancho Santa Genoveva en Campeche","author":"grieta","date":"5 octubre, 2024","format":false,"excerpt":"Redacci\u00f3n\/CAMBIO 22 La empresa manda a descansar por dos meses a sus empleados sin darles mayores explicaciones \u25ba Temen cierre de la compa\u00f1\u00eda agropecuaria establecida hace 22 a\u00f1os en la entidad HOPELCH\u00c9N, CAM., 5 de octubre.- Establecida hace 22 a\u00f1os en Campeche, con el prop\u00f3sito de realizar actividades forestales y\u2026","rel":"","context":"En &quot;Campeche&quot;","block_context":{"text":"Campeche","link":"https:\/\/www.grieta.org.mx\/index.php\/category\/noticias-nacionales\/campeche\/"},"img":{"alt_text":"","src":"https:\/\/i0.wp.com\/www.grieta.org.mx\/wp-content\/uploads\/2024\/10\/Rancho-e1728222112241.jpg?resize=350%2C200&ssl=1","width":350,"height":200,"srcset":"https:\/\/i0.wp.com\/www.grieta.org.mx\/wp-content\/uploads\/2024\/10\/Rancho-e1728222112241.jpg?resize=350%2C200&ssl=1 1x, https:\/\/i0.wp.com\/www.grieta.org.mx\/wp-content\/uploads\/2024\/10\/Rancho-e1728222112241.jpg?resize=525%2C300&ssl=1 1.5x, https:\/\/i0.wp.com\/www.grieta.org.mx\/wp-content\/uploads\/2024\/10\/Rancho-e1728222112241.jpg?resize=700%2C400&ssl=1 2x"},"classes":[]},{"id":69346,"url":"https:\/\/www.grieta.org.mx\/index.php\/2024\/07\/26\/amagan-con-cerrar-puente-llevan-seis-meses-sin-cobrar-campeche\/","url_meta":{"origin":70734,"position":3},"title":"Amagan con cerrar puente; llevan seis meses sin cobrar (Campeche)","author":"grieta","date":"26 julio, 2024","format":false,"excerpt":"Campeche Hoy CARMEN, CAMP.- Angustiados por hasta seis meses sin cobrar sus remuneraciones, trabajadores de empresas proveedoras de Petr\u00f3leos Mexicanos (Pemex), bajo el argumento del impago de la petrolera nacional, amenazan con bloquear el Puente Zacatal. Los obreros, quienes pidieron el anonimato por temor a la represalias, expusieron que en\u2026","rel":"","context":"En &quot;Campeche&quot;","block_context":{"text":"Campeche","link":"https:\/\/www.grieta.org.mx\/index.php\/category\/noticias-nacionales\/campeche\/"},"img":{"alt_text":"","src":"https:\/\/i0.wp.com\/www.grieta.org.mx\/wp-content\/uploads\/2024\/07\/Puente-e1722100074644.jpg?resize=350%2C200&ssl=1","width":350,"height":200,"srcset":"https:\/\/i0.wp.com\/www.grieta.org.mx\/wp-content\/uploads\/2024\/07\/Puente-e1722100074644.jpg?resize=350%2C200&ssl=1 1x, https:\/\/i0.wp.com\/www.grieta.org.mx\/wp-content\/uploads\/2024\/07\/Puente-e1722100074644.jpg?resize=525%2C300&ssl=1 1.5x, https:\/\/i0.wp.com\/www.grieta.org.mx\/wp-content\/uploads\/2024\/07\/Puente-e1722100074644.jpg?resize=700%2C400&ssl=1 2x"},"classes":[]},{"id":69574,"url":"https:\/\/www.grieta.org.mx\/index.php\/2024\/08\/23\/ayuntamiento-de-campeche-inicia-despidos-en-el-smapac-por-privatizacion-de-servicios-publicos\/","url_meta":{"origin":70734,"position":4},"title":"Ayuntamiento de Campeche inicia despidos en el Smapac por privatizaci\u00f3n de servicios p\u00fablicos","author":"grieta","date":"23 agosto, 2024","format":false,"excerpt":"Roberto Espinoza \/ Por Esto! El cese de los trabajadores en el Ayuntamiento de Campeche no se hizo esperar. Desde este viernes por la tarde, un grupo de cinco trabajadores sindicalizados del Sistema Municipal de Agua Potable y Alcantarillado de Campeche (Smapac) indic\u00f3 que hab\u00edan sido dados de baja sin\u2026","rel":"","context":"En &quot;Campeche&quot;","block_context":{"text":"Campeche","link":"https:\/\/www.grieta.org.mx\/index.php\/category\/noticias-nacionales\/campeche\/"},"img":{"alt_text":"","src":"https:\/\/i0.wp.com\/www.grieta.org.mx\/wp-content\/uploads\/2024\/09\/Despido-e1725466200453.jpg?resize=350%2C200&ssl=1","width":350,"height":200,"srcset":"https:\/\/i0.wp.com\/www.grieta.org.mx\/wp-content\/uploads\/2024\/09\/Despido-e1725466200453.jpg?resize=350%2C200&ssl=1 1x, https:\/\/i0.wp.com\/www.grieta.org.mx\/wp-content\/uploads\/2024\/09\/Despido-e1725466200453.jpg?resize=525%2C300&ssl=1 1.5x, https:\/\/i0.wp.com\/www.grieta.org.mx\/wp-content\/uploads\/2024\/09\/Despido-e1725466200453.jpg?resize=700%2C400&ssl=1 2x"},"classes":[]},{"id":28575,"url":"https:\/\/www.grieta.org.mx\/index.php\/2019\/01\/04\/siguen-los-acosos-y-despidos-laborales-en-oceanografia-campeche\/","url_meta":{"origin":70734,"position":5},"title":"Siguen los acosos y despidos laborales en Oceanograf\u00eda (Campeche)","author":"grieta","date":"4 enero, 2019","format":false,"excerpt":"Redacci\u00f3n\/Campeche Hoy CD DEL CARMEN. Contin\u00faan las denuncias en contra de la empresa petrolera Oceanograf\u00eda por abusos laborales, ahora 21 trabajadores activos fueron dados de baja como derechohabientes del Instituto Mexicano del Seguro Social (IMSS) sin previo aviso y a\u00fan les debe ocho meses de salario, pero Jorge Betancourt M\u00e9ndez\u2026","rel":"","context":"En &quot;Campeche&quot;","block_context":{"text":"Campeche","link":"https:\/\/www.grieta.org.mx\/index.php\/category\/noticias-nacionales\/campeche\/"},"img":{"alt_text":"","src":"https:\/\/i0.wp.com\/www.grieta.org.mx\/wp-content\/uploads\/2019\/01\/FOTO-1-6-640x427.jpg?resize=350%2C200&ssl=1","width":350,"height":200,"srcset":"https:\/\/i0.wp.com\/www.grieta.org.mx\/wp-content\/uploads\/2019\/01\/FOTO-1-6-640x427.jpg?resize=350%2C200&ssl=1 1x, https:\/\/i0.wp.com\/www.grieta.org.mx\/wp-content\/uploads\/2019\/01\/FOTO-1-6-640x427.jpg?resize=525%2C300&ssl=1 1.5x"},"classes":[]}],"_links":{"self":[{"href":"https:\/\/www.grieta.org.mx\/index.php\/wp-json\/wp\/v2\/posts\/70734","targetHints":{"allow":["GET"]}}],"collection":[{"href":"https:\/\/www.grieta.org.mx\/index.php\/wp-json\/wp\/v2\/posts"}],"about":[{"href":"https:\/\/www.grieta.org.mx\/index.php\/wp-json\/wp\/v2\/types\/post"}],"author":[{"embeddable":true,"href":"https:\/\/www.grieta.org.mx\/index.php\/wp-json\/wp\/v2\/users\/2"}],"replies":[{"embeddable":true,"href":"https:\/\/www.grieta.org.mx\/index.php\/wp-json\/wp\/v2\/comments?post=70734"}],"version-history":[{"count":1,"href":"https:\/\/www.grieta.org.mx\/index.php\/wp-json\/wp\/v2\/posts\/70734\/revisions"}],"predecessor-version":[{"id":70736,"href":"https:\/\/www.grieta.org.mx\/index.php\/wp-json\/wp\/v2\/posts\/70734\/revisions\/70736"}],"wp:featuredmedia":[{"embeddable":true,"href":"https:\/\/www.grieta.org.mx\/index.php\/wp-json\/wp\/v2\/media\/70735"}],"wp:attachment":[{"href":"https:\/\/www.grieta.org.mx\/index.php\/wp-json\/wp\/v2\/media?parent=70734"}],"wp:term":[{"taxonomy":"category","embeddable":true,"href":"https:\/\/www.grieta.org.mx\/index.php\/wp-json\/wp\/v2\/categories?post=70734"},{"taxonomy":"post_tag","embeddable":true,"href":"https:\/\/www.grieta.org.mx\/index.php\/wp-json\/wp\/v2\/tags?post=70734"}],"curies":[{"name":"wp","href":"https:\/\/api.w.org\/{rel}","templated":true}]}}