{"id":70698,"date":"2024-12-13T14:35:40","date_gmt":"2024-12-13T20:35:40","guid":{"rendered":"https:\/\/www.grieta.org.mx\/?p=70698"},"modified":"2024-12-19T11:26:57","modified_gmt":"2024-12-19T17:26:57","slug":"criminalizacion-en-yucatan-por-defender-el-agua-y-la-tierra-acusan","status":"publish","type":"post","link":"https:\/\/www.grieta.org.mx\/index.php\/2024\/12\/13\/criminalizacion-en-yucatan-por-defender-el-agua-y-la-tierra-acusan\/","title":{"rendered":"Criminalizaci\u00f3n en Yucat\u00e1n por defender el agua y la tierra, acusan"},"content":{"rendered":"<p>Tom\u00e1s Mart\u00edn \/ 24Horas Yucat\u00e1n<\/p>\n<p>Casos de criminalizaci\u00f3n contra defensores del agua en Yucat\u00e1n<\/p>\n<p>En Yucat\u00e1n empiezan a aumentar los casos en donde ejidatarios y defensores ambientales son criminalizados e incluso se han convertido en objeto de persecuci\u00f3n pol\u00edtica por defenderse del despojo de sus tierras y luchar contra la explotaci\u00f3n y contaminaci\u00f3n del agua en el estado.<\/p>\n<p>Empresas y despojo de tierras ejidales<\/p>\n<p>El representante del Frente Campesino en Defensa de la Tierra y la Vida, Pedro Quijano, indic\u00f3 que ya suman 14 los ejidatarios y activistas ambientales que enfrentan juicios por denuncias hechas por los abogados de quienes despojan tierras ejidales en Yucat\u00e1n y de grandes empresas inmobiliarias y porc\u00edcolas que tambi\u00e9n se est\u00e1n apropiando de zonas ejidales y reservas estatales.<\/p>\n<p>Expuso que la situaci\u00f3n ya es tan preocupante, que ya hay representantes de la Comisi\u00f3n de Derechos Humanos de la Organizaci\u00f3n de las Naciones Unidas (ONU) entrevist\u00e1ndose con estas personas que hoy enfrentan a todo el aparato de justicia del estado.<\/p>\n<p>El caso de Motul: un ejemplo de injusticia<\/p>\n<p>Dijo que uno de los casos m\u00e1s sensibles se est\u00e1 dando en el municipio de Motul, en donde Luis Armando Chuc S\u00e1nchez, quien desde el a\u00f1o de 2021 fue encarcelado y luego puesto arresto domiciliario.<\/p>\n<p>Hoy tiene que andar con un grillete electr\u00f3nico en el pie luego de que un juez fall\u00f3 en su contra en un caso en el que se le involucr\u00f3 por defender las tierras de su ejido en que se le acus\u00f3 de varios delitos.<\/p>\n<p>Pese a no tener pruebas en su contra, durante su encierro, que dur\u00f3 unos seis meses, fue aprovechado para armar el despojo de la parcela colectiva a la que pertenece en su natal Motul.<br \/>\nImpunidad y ausencia de justicia en los casos de despojo<\/p>\n<p>As\u00ed se ha actuado desde hace muchos a\u00f1os, pero recientemente, la ONU y otros organismos internacionales empezaron a interesarse en el tema, pues lo que destaca en los 14 casos de las personas que hoy enfrentan la justicia, es que las \u00fanicas demandas que avanzan, son las que ponen las empresas y las autoridades locales contra los ejidatarios y defensores ambientalistas.<\/p>\n<p>    \u201cLas que ellos han presentado contra el despojo de tierras de uso com\u00fan, contra la contaminaci\u00f3n del agua, las pruebas que han presentado de asambleas ejidales ama\u00f1adas e ilegales, contra la invasi\u00f3n inmobiliaria en reservas naturales estatales y municipales, esas no avanzan nada, solo avanzan las que los acusan\u201d, a\u00f1adi\u00f3.<\/p>\n<p>Esa situaci\u00f3n, seg\u00fan Quijano Uc empez\u00f3 a llamar la atenci\u00f3n de varios organismos nacionales e internacionales y recientemente el pasado 7 de diciembre, de los representantes de la ONU enviaron una comisi\u00f3n a la entidad para conocer de manera directa de los casos y entrevistarse con algunos de los afectados.<\/p>\n<p>    \u201cLos empresarios de la mafia inmobiliaria y de paso los pol\u00edticos que los han apoyado, les queremos decir que el mundo ya se empez\u00f3 a dar cuenta que Yucat\u00e1n se est\u00e1 convirtiendo en un foco rojo por el esc\u00e1ndalo de los robos de tierra a los ejidatarios y el deterioro del medio ambiente\u201d, sostuvo.<\/p>\n<p>Hoy son 14 personas que pasan un momento complicado en su vida porque son objetos de demandas por el solo hecho de defender sus tierras o el agua y el medio ambiente, una situaci\u00f3n vergonzosa para Yucat\u00e1n, \u201clos honestos son penalizados y la mafia de empresarios y pol\u00edticos corruptos, siguen libres y sin que nadie los moleste\u201d, a\u00f1adi\u00f3.<\/p>\n<p>Empero, hoy esos ejidatarios y activistas ya no est\u00e1n solos, est\u00e1n empezando a recibir apoyo internacional y tambi\u00e9n poco a poco empieza a despertar la conciencia de muchos ciudadanos yucatecos que piden que los que deben estar en la c\u00e1rcel son los depredadores del agua ay de la tierra, no quienes las defienden, finaliz\u00f3.<\/p>\n<p><a href=\"https:\/\/24horasyucatan.mx\/2024\/12\/13\/criminalizacion-en-yucatan-por-defender-el-agua-y-la-tierra-acusan\/\" target=\"_blank\">https:\/\/24horasyucatan.mx\/2024\/12\/13\/criminalizacion-en-yucatan-por-defender-el-agua-y-la-tierra-acusan\/<\/a><\/p>\n","protected":false},"excerpt":{"rendered":"<p>Tom\u00e1s Mart\u00edn \/ 24Horas Yucat\u00e1n Casos de criminalizaci\u00f3n contra defensores del agua en Yucat\u00e1n En Yucat\u00e1n empiezan a aumentar los casos en donde ejidatarios y defensores ambientales son criminalizados e &hellip; <a href=\"https:\/\/www.grieta.org.mx\/index.php\/2024\/12\/13\/criminalizacion-en-yucatan-por-defender-el-agua-y-la-tierra-acusan\/\" class=\"more-link\">Leer m\u00e1s<\/a><\/p>\n","protected":false},"author":2,"featured_media":70700,"comment_status":"closed","ping_status":"closed","sticky":false,"template":"","format":"standard","meta":{"ngg_post_thumbnail":0,"_jetpack_newsletter_access":"","_jetpack_dont_email_post_to_subs":false,"_jetpack_newsletter_tier_id":0,"_jetpack_memberships_contains_paywalled_content":false,"_jetpack_memberships_contains_paid_content":false,"footnotes":""},"categories":[1069,80,2,1071,36],"tags":[2778,4172,463],"class_list":["post-70698","post","type-post","status-publish","format-standard","has-post-thumbnail","hentry","category-ataques-a-defensors-de-derechos-humanos-en-yucatan","category-cintillo","category-noticias-nacionales","category-resistencia-al-despojo-de-tierras-ejidales-en-yucatan","category-yucatan","tag-criminalizacion-de-la-protesta","tag-defensa-de-la-tierra-y-el-territorio","tag-defensa-del-agua","entry"],"jetpack_featured_media_url":"https:\/\/www.grieta.org.mx\/wp-content\/uploads\/2024\/12\/Criminalizacion-e1734629087813.jpg","jetpack_sharing_enabled":true,"jetpack_shortlink":"https:\/\/wp.me\/p7ZJR4-ioi","jetpack_likes_enabled":false,"jetpack-related-posts":[{"id":52562,"url":"https:\/\/www.grieta.org.mx\/index.php\/2020\/08\/09\/condenan-amenazas-contra-habitantes-que-defienden-ejido-de-xcalakdzonot-yucatan\/","url_meta":{"origin":70698,"position":0},"title":"Condenan amenazas contra habitantes que defienden ejido de Xcalakdzonot  (Yucat\u00e1n)","author":"grieta","date":"9 agosto, 2020","format":false,"excerpt":"Karen Clemente \/ Quadrat\u00edn Yucat\u00e1n CHANKOM, Yuc.\u2013 Integrantes de la asamblea de defensores del territorio maya M\u00fauch\u2019 X\u00edinbal denunci\u00f3 y conden\u00f3 las presuntas amenazas y actos de intimidaci\u00f3n del que fueron objeto un grupo de personas al defender el ejido de Xcalakdzonot. Mediante un comunicado se\u00f1alaron que al menos mil\u2026","rel":"","context":"En &quot;Agresiones y amenazas a defensor@s de derechos humanos y activistas en Yucat\u00e1n&quot;","block_context":{"text":"Agresiones y amenazas a defensor@s de derechos humanos y activistas en Yucat\u00e1n","link":"https:\/\/www.grieta.org.mx\/index.php\/category\/noticias-nacionales\/yucatan\/ataques-a-defensors-de-derechos-humanos-en-yucatan\/"},"img":{"alt_text":"","src":"https:\/\/i0.wp.com\/www.grieta.org.mx\/wp-content\/uploads\/2020\/08\/Xcalakdzonot.-1160x700.png?resize=350%2C200&ssl=1","width":350,"height":200,"srcset":"https:\/\/i0.wp.com\/www.grieta.org.mx\/wp-content\/uploads\/2020\/08\/Xcalakdzonot.-1160x700.png?resize=350%2C200&ssl=1 1x, https:\/\/i0.wp.com\/www.grieta.org.mx\/wp-content\/uploads\/2020\/08\/Xcalakdzonot.-1160x700.png?resize=525%2C300&ssl=1 1.5x, https:\/\/i0.wp.com\/www.grieta.org.mx\/wp-content\/uploads\/2020\/08\/Xcalakdzonot.-1160x700.png?resize=700%2C400&ssl=1 2x, https:\/\/i0.wp.com\/www.grieta.org.mx\/wp-content\/uploads\/2020\/08\/Xcalakdzonot.-1160x700.png?resize=1050%2C600&ssl=1 3x"},"classes":[]},{"id":54108,"url":"https:\/\/www.grieta.org.mx\/index.php\/2020\/10\/12\/denuncian-agresion-contra-ejidatarios-de-samahil-por-no-vender-tierras-yucatan\/","url_meta":{"origin":70698,"position":1},"title":"Denuncian agresi\u00f3n contra ejidatarios de Samahil por no vender tierras (Yucat\u00e1n)","author":"grieta","date":"12 octubre, 2020","format":false,"excerpt":"Karen Clemente \/ Quadrat\u00edn Yucat\u00e1n SAMAHIL, Yuc., .- Integrantes del Frente Campesino en Defensa de la Tierra y la Vida, denunciaron p\u00fablicamente la agresi\u00f3n que sufri\u00f3 el se\u00f1or Wilberth Chuil Quintal el pasado viernes a manos de tres sujetos, presuntamente por no querer vender sus terrenos a especuladores de tierras.\u2026","rel":"","context":"En &quot;CINTILLO&quot;","block_context":{"text":"CINTILLO","link":"https:\/\/www.grieta.org.mx\/index.php\/category\/cintillo\/"},"img":{"alt_text":"","src":"https:\/\/i0.wp.com\/www.grieta.org.mx\/wp-content\/uploads\/2020\/10\/edjitadarios-samahil-1160x700-1-e1602553464393.jpg?resize=350%2C200&ssl=1","width":350,"height":200,"srcset":"https:\/\/i0.wp.com\/www.grieta.org.mx\/wp-content\/uploads\/2020\/10\/edjitadarios-samahil-1160x700-1-e1602553464393.jpg?resize=350%2C200&ssl=1 1x, https:\/\/i0.wp.com\/www.grieta.org.mx\/wp-content\/uploads\/2020\/10\/edjitadarios-samahil-1160x700-1-e1602553464393.jpg?resize=525%2C300&ssl=1 1.5x, https:\/\/i0.wp.com\/www.grieta.org.mx\/wp-content\/uploads\/2020\/10\/edjitadarios-samahil-1160x700-1-e1602553464393.jpg?resize=700%2C400&ssl=1 2x"},"classes":[]},{"id":35945,"url":"https:\/\/www.grieta.org.mx\/index.php\/2019\/07\/05\/expansion-de-megaproyectos-en-la-peninsula-de-yucatan-video\/","url_meta":{"origin":70698,"position":2},"title":"Expansi\u00f3n de Megaproyectos en la Pen\u00ednsula de Yucat\u00e1n (Video)","author":"grieta","date":"5 julio, 2019","format":false,"excerpt":"https:\/\/youtu.be\/qLBARIAaBsI","rel":"","context":"En &quot;Campeche&quot;","block_context":{"text":"Campeche","link":"https:\/\/www.grieta.org.mx\/index.php\/category\/noticias-nacionales\/campeche\/"},"img":{"alt_text":"","src":"https:\/\/i0.wp.com\/img.youtube.com\/vi\/qLBARIAaBsI\/0.jpg?resize=350%2C200","width":350,"height":200},"classes":[]},{"id":56989,"url":"https:\/\/www.grieta.org.mx\/index.php\/2021\/02\/11\/ejidatarios-protestan-por-venta-ilegal-de-tierras-en-muxupip-yucatan\/","url_meta":{"origin":70698,"position":3},"title":"Ejidatarios protestan por venta ilegal de tierras en Muxupip (Yucat\u00e1n)","author":"grieta","date":"11 febrero, 2021","format":false,"excerpt":"Reporteros Hoy M\u00e9rida, Yucat\u00e1n; 11 de febrero de 2021 (ACOM).- Unos 80 ejidatarios del municipio de Muxupip se manifestaron en el Tribunal Agrario Unitario de M\u00e9rida para exigir la devoluci\u00f3n de mil 600 hect\u00e1reas de terreno que habr\u00edan sido vendidas de manera ilegal a 3 empresarios. Los quejosos, quienes gritaban\u2026","rel":"","context":"En &quot;CINTILLO&quot;","block_context":{"text":"CINTILLO","link":"https:\/\/www.grieta.org.mx\/index.php\/category\/cintillo\/"},"img":{"alt_text":"","src":"https:\/\/i0.wp.com\/www.grieta.org.mx\/wp-content\/uploads\/2021\/02\/Ejidatarios-de-Muxupip-scaled-1.jpg?resize=350%2C200&ssl=1","width":350,"height":200,"srcset":"https:\/\/i0.wp.com\/www.grieta.org.mx\/wp-content\/uploads\/2021\/02\/Ejidatarios-de-Muxupip-scaled-1.jpg?resize=350%2C200&ssl=1 1x, https:\/\/i0.wp.com\/www.grieta.org.mx\/wp-content\/uploads\/2021\/02\/Ejidatarios-de-Muxupip-scaled-1.jpg?resize=525%2C300&ssl=1 1.5x, https:\/\/i0.wp.com\/www.grieta.org.mx\/wp-content\/uploads\/2021\/02\/Ejidatarios-de-Muxupip-scaled-1.jpg?resize=700%2C400&ssl=1 2x"},"classes":[]},{"id":56992,"url":"https:\/\/www.grieta.org.mx\/index.php\/2021\/02\/14\/turba-de-ejidatarios-suspende-asamblea-informativa-en-acanceh-yucatan\/","url_meta":{"origin":70698,"position":4},"title":"Turba de ejidatarios suspende asamblea informativa en Acanceh (Yucat\u00e1n)","author":"grieta","date":"14 febrero, 2021","format":false,"excerpt":"Por Esto! El grupo de campesinos ingres\u00f3 a la fuerza para evitar que se realizara la asamblea Una turba de ejidatarios ingres\u00f3 a la fuerza a la casa ejidal de Acanceh para suspender la asamblea informativa en donde se aprobar\u00eda la venta de terrenos ejidales y se acordar\u00eda el pago\u2026","rel":"","context":"En &quot;CINTILLO&quot;","block_context":{"text":"CINTILLO","link":"https:\/\/www.grieta.org.mx\/index.php\/category\/cintillo\/"},"img":{"alt_text":"","src":"https:\/\/i0.wp.com\/www.grieta.org.mx\/wp-content\/uploads\/2021\/02\/Acanche.png?resize=350%2C200&ssl=1","width":350,"height":200,"srcset":"https:\/\/i0.wp.com\/www.grieta.org.mx\/wp-content\/uploads\/2021\/02\/Acanche.png?resize=350%2C200&ssl=1 1x, https:\/\/i0.wp.com\/www.grieta.org.mx\/wp-content\/uploads\/2021\/02\/Acanche.png?resize=525%2C300&ssl=1 1.5x"},"classes":[]},{"id":6267,"url":"https:\/\/www.grieta.org.mx\/index.php\/2016\/09\/05\/denuncian-compra-ilegal-de-tierras-en-chablekal-yucatan-2\/","url_meta":{"origin":70698,"position":5},"title":"Represi\u00f3n y compra ilegal de tierras en Chablekal, Yucat\u00e1n","author":"grieta","date":"5 septiembre, 2016","format":false,"excerpt":"05\/09\/16. Impune violencia contra ciudadanos en Chablekal (Yucat\u00e1n) Tribuna 31\/08\/16. Pueblo maya de Chablekal denuncia despojo de tierras en beneficio de empresarios Kaosenlared 18\/05\/16. Chablekal exige en audiencia que se reconozca su derecho a la tierra y al territorio Kaosenlared 05\/05\/16. En libertad, los detenidos de Chablekal P\u00e1gin@bierta 05\/05\/16. Fallido\u2026","rel":"","context":"En &quot;16. Pueblo Maya&quot;","block_context":{"text":"16. Pueblo Maya","link":"https:\/\/www.grieta.org.mx\/index.php\/category\/espejos-de-la-resistencia\/16-pueblo-maya\/"},"img":{"alt_text":"","src":"https:\/\/i0.wp.com\/www.grieta.org.mx\/wp-content\/uploads\/2018\/03\/14524434_1106112876131411_958039263622046936_o.jpg?resize=350%2C200&ssl=1","width":350,"height":200,"srcset":"https:\/\/i0.wp.com\/www.grieta.org.mx\/wp-content\/uploads\/2018\/03\/14524434_1106112876131411_958039263622046936_o.jpg?resize=350%2C200&ssl=1 1x, https:\/\/i0.wp.com\/www.grieta.org.mx\/wp-content\/uploads\/2018\/03\/14524434_1106112876131411_958039263622046936_o.jpg?resize=525%2C300&ssl=1 1.5x, https:\/\/i0.wp.com\/www.grieta.org.mx\/wp-content\/uploads\/2018\/03\/14524434_1106112876131411_958039263622046936_o.jpg?resize=700%2C400&ssl=1 2x"},"classes":[]}],"_links":{"self":[{"href":"https:\/\/www.grieta.org.mx\/index.php\/wp-json\/wp\/v2\/posts\/70698","targetHints":{"allow":["GET"]}}],"collection":[{"href":"https:\/\/www.grieta.org.mx\/index.php\/wp-json\/wp\/v2\/posts"}],"about":[{"href":"https:\/\/www.grieta.org.mx\/index.php\/wp-json\/wp\/v2\/types\/post"}],"author":[{"embeddable":true,"href":"https:\/\/www.grieta.org.mx\/index.php\/wp-json\/wp\/v2\/users\/2"}],"replies":[{"embeddable":true,"href":"https:\/\/www.grieta.org.mx\/index.php\/wp-json\/wp\/v2\/comments?post=70698"}],"version-history":[{"count":1,"href":"https:\/\/www.grieta.org.mx\/index.php\/wp-json\/wp\/v2\/posts\/70698\/revisions"}],"predecessor-version":[{"id":70699,"href":"https:\/\/www.grieta.org.mx\/index.php\/wp-json\/wp\/v2\/posts\/70698\/revisions\/70699"}],"wp:featuredmedia":[{"embeddable":true,"href":"https:\/\/www.grieta.org.mx\/index.php\/wp-json\/wp\/v2\/media\/70700"}],"wp:attachment":[{"href":"https:\/\/www.grieta.org.mx\/index.php\/wp-json\/wp\/v2\/media?parent=70698"}],"wp:term":[{"taxonomy":"category","embeddable":true,"href":"https:\/\/www.grieta.org.mx\/index.php\/wp-json\/wp\/v2\/categories?post=70698"},{"taxonomy":"post_tag","embeddable":true,"href":"https:\/\/www.grieta.org.mx\/index.php\/wp-json\/wp\/v2\/tags?post=70698"}],"curies":[{"name":"wp","href":"https:\/\/api.w.org\/{rel}","templated":true}]}}