{"id":70695,"date":"2024-12-15T14:26:51","date_gmt":"2024-12-15T20:26:51","guid":{"rendered":"https:\/\/www.grieta.org.mx\/?p=70695"},"modified":"2024-12-18T14:35:20","modified_gmt":"2024-12-18T20:35:20","slug":"primer-triunfo-de-telchaquillo-admiten-demanda-contra-el-inah-yucatan","status":"publish","type":"post","link":"https:\/\/www.grieta.org.mx\/index.php\/2024\/12\/15\/primer-triunfo-de-telchaquillo-admiten-demanda-contra-el-inah-yucatan\/","title":{"rendered":"Primer triunfo de Telchaquillo: Admiten demanda contra el INAH (Yucat\u00e1n)"},"content":{"rendered":"<p>Sandra Gayou \/ Haz Ruido<\/p>\n<blockquote><p>Exigen una indemnizaci\u00f3n por los casi 40 a\u00f1os de ocupaci\u00f3n del sitio arqueol\u00f3gico de Mayap\u00e1n en sus tierras ejidales, el cual es administrado por el INAH sin el consentimiento libre, previo e informado de la comunidad\n<\/p><\/blockquote>\n<p>M\u00e9rida, Yucat\u00e1n, 15 de diciembre de 2024.- Habitantes de la comunidad de Telchaquillo, en el municipio de Tecoh, dieron a conocer que el Tribunal Unitario Agrario N\u00famero 34 ha admitido la demanda interpuesta por la comunidad en contra del Instituto Nacional de Antropolog\u00eda e Historia (INAH), con n\u00famero de expediente 1747\/2024, con el objetivo de obtener una indemnizaci\u00f3n por los casi 40 a\u00f1os de ocupaci\u00f3n del sitio arqueol\u00f3gico de Mayap\u00e1n.<\/p>\n<p>La acci\u00f3n legal, promovida por 34 ejidatarios en representaci\u00f3n de la comunidad, se dirige contra el INAH y sus representantes: Diego Prieto Hern\u00e1ndez, director general, y Ana Goycoolea Artis, titular de la delegaci\u00f3n Yucat\u00e1n.<\/p>\n<p>La demanda tiene como finalidad obtener la indemnizaci\u00f3n, ya que el mencionado sitio prehisp\u00e1nico se ubica en tierras ejidales, el cual es administrado por el INAH sin el consentimiento libre, previo e informado de la comunidad. Adem\u00e1s, se busca la nulidad de actas de asamblea consideradas ilegales y la remoci\u00f3n del comisariado ejidal por su papel en la facilitaci\u00f3n de procedimientos contrarios a los intereses de la comunidad.<\/p>\n<p>En el documento se\u00f1alan que durante d\u00e9cadas, el INAH ha administrado el sitio arqueol\u00f3gico de Mayap\u00e1n sin formalizar acuerdos de ocupaci\u00f3n con la comunidad ni presentar reportes de ingresos generados por la explotaci\u00f3n del sitio. En respuesta a estas irregularidades, el pasado 6 de agosto, la comunidad entreg\u00f3 al INAH un acuerdo comunitario exigiendo transparencia y rendici\u00f3n de cuentas, incluyendo el reporte de ingresos acumulados en este periodo.<\/p>\n<p>Sin embargo, a pesar de las m\u00faltiples reuniones y asambleas realizadas, el INAH no ha presentado documentaci\u00f3n oficial ni montos concretos que respalden sus intenciones de expropiaci\u00f3n, por el contrario, se han denunciado presiones, manipulaciones de procedimientos y amenazas dirigidas a imponer un acuerdo de ocupaci\u00f3n previa en contra de la voluntad mayoritaria de la comunidad.<\/p>\n<p>Entre las demandas concretas presentadas por la comunidad de Telchaquillo se incluyen: el pago de una indemnizaci\u00f3n justa por la ocupaci\u00f3n y explotaci\u00f3n del sitio arqueol\u00f3gico de Mayap\u00e1n durante los \u00faltimos 40 a\u00f1os, llevada a cabo sin autorizaci\u00f3n comunitaria.<\/p>\n<p>Adem\u00e1s, la nulidad de actas de asamblea previamente realizadas de manera ilegal, y la convocatoria a una asamblea legalmente constituida para la remoci\u00f3n del actual comisariado ejidal.<\/p>\n<p>La comunidad reitera su rechazo categ\u00f3rico a la expropiaci\u00f3n y reafirma su compromiso por defender sus derechos sobre las tierras ejidales y el patrimonio cultural que resguardan.<\/p>\n<p><a href=\"https:\/\/www.hazruido.mx\/reportes\/primer-triunfo-de-telchaquillo-admiten-demanda-contra-el-inah\/\" target=\"_blank\">https:\/\/www.hazruido.mx\/reportes\/primer-triunfo-de-telchaquillo-admiten-demanda-contra-el-inah\/<\/a><\/p>\n","protected":false},"excerpt":{"rendered":"<p>Sandra Gayou \/ Haz Ruido Exigen una indemnizaci\u00f3n por los casi 40 a\u00f1os de ocupaci\u00f3n del sitio arqueol\u00f3gico de Mayap\u00e1n en sus tierras ejidales, el cual es administrado por el &hellip; <a href=\"https:\/\/www.grieta.org.mx\/index.php\/2024\/12\/15\/primer-triunfo-de-telchaquillo-admiten-demanda-contra-el-inah-yucatan\/\" class=\"more-link\">Leer m\u00e1s<\/a><\/p>\n","protected":false},"author":2,"featured_media":70696,"comment_status":"closed","ping_status":"closed","sticky":false,"template":"","format":"standard","meta":{"ngg_post_thumbnail":0,"_jetpack_newsletter_access":"","_jetpack_dont_email_post_to_subs":false,"_jetpack_newsletter_tier_id":0,"_jetpack_memberships_contains_paywalled_content":false,"_jetpack_memberships_contains_paid_content":false,"footnotes":""},"categories":[80,2,3952,1071,36],"tags":[175,208,4208,4228,1817,3664],"class_list":["post-70695","post","type-post","status-publish","format-standard","has-post-thumbnail","hentry","category-cintillo","category-noticias-nacionales","category-problemas-por-zonas-arqueologicas-en-tierras-ejidales-en-yucatan","category-resistencia-al-despojo-de-tierras-ejidales-en-yucatan","category-yucatan","tag-ejidatarios","tag-inah","tag-mayapan","tag-telchaquillo","tag-tierras-ejidales","tag-zonas-arqueologicas","entry"],"jetpack_featured_media_url":"https:\/\/www.grieta.org.mx\/wp-content\/uploads\/2024\/12\/Telchaquillo-e1734553987495.jpg","jetpack_sharing_enabled":true,"jetpack_shortlink":"https:\/\/wp.me\/p7ZJR4-iof","jetpack_likes_enabled":false,"jetpack-related-posts":[{"id":71276,"url":"https:\/\/www.grieta.org.mx\/index.php\/2025\/03\/13\/yucatan-ejidatarios-de-telchaquillo-rechazan-nuevamente-propuesta-del-inah-sobre-mayapan-se-prolonga-cierre-del-sitio-arqueologico\/","url_meta":{"origin":70695,"position":0},"title":"Yucat\u00e1n| Ejidatarios de Telchaquillo rechazan nuevamente propuesta del INAH sobre Mayap\u00e1n; se prolonga cierre del sitio arqueol\u00f3gico","author":"grieta","date":"13 marzo, 2025","format":false,"excerpt":"Itzel Chan \/ Noticaribe M\u00c9RIDA, MX.- Las negociaciones para reabrir la zona arqueol\u00f3gica de Mayap\u00e1n siguen estancadas luego de que ejidatarios de Telchaquillo rechazaran una nueva propuesta presentada por el director general del Instituto Nacional de Antropolog\u00eda e Historia (INAH), Diego Prieto Hern\u00e1ndez. A pesar de la intenci\u00f3n de lograr\u2026","rel":"","context":"En &quot;CINTILLO&quot;","block_context":{"text":"CINTILLO","link":"https:\/\/www.grieta.org.mx\/index.php\/category\/cintillo\/"},"img":{"alt_text":"","src":"https:\/\/i0.wp.com\/www.grieta.org.mx\/wp-content\/uploads\/2025\/03\/Mayapan-e1741914003243.jpg?resize=350%2C200&ssl=1","width":350,"height":200,"srcset":"https:\/\/i0.wp.com\/www.grieta.org.mx\/wp-content\/uploads\/2025\/03\/Mayapan-e1741914003243.jpg?resize=350%2C200&ssl=1 1x, https:\/\/i0.wp.com\/www.grieta.org.mx\/wp-content\/uploads\/2025\/03\/Mayapan-e1741914003243.jpg?resize=525%2C300&ssl=1 1.5x, https:\/\/i0.wp.com\/www.grieta.org.mx\/wp-content\/uploads\/2025\/03\/Mayapan-e1741914003243.jpg?resize=700%2C400&ssl=1 2x"},"classes":[]},{"id":71679,"url":"https:\/\/www.grieta.org.mx\/index.php\/2025\/05\/17\/telchaquillo-contra-el-inah-lucha-por-la-zona-arqueologica-de-mayapan-yucatan\/","url_meta":{"origin":70695,"position":1},"title":"Telchaquillo contra el INAH: Lucha por la zona arqueol\u00f3gica de Mayap\u00e1n (Yucat\u00e1n)","author":"grieta","date":"17 mayo, 2025","format":false,"excerpt":"Joaqu\u00edn Chan Caamal \/ Diario de Yucat\u00e1n La comunidad y ejidatarios de Telchaquillo tramitaron un amparo contra el Tribunal Unitario Agrario n\u00famero 34 de M\u00e9rida por su negativa que dictar medidas cautelares contra el Instituto Nacional de Antropolog\u00eda e Historia (INAH) y otras instituciones involucradas en el proceso de expropiaci\u00f3n\u2026","rel":"","context":"En &quot;CINTILLO&quot;","block_context":{"text":"CINTILLO","link":"https:\/\/www.grieta.org.mx\/index.php\/category\/cintillo\/"},"img":{"alt_text":"","src":"https:\/\/i0.wp.com\/www.grieta.org.mx\/wp-content\/uploads\/2025\/05\/Telchaquillo.jpg?resize=350%2C200&ssl=1","width":350,"height":200,"srcset":"https:\/\/i0.wp.com\/www.grieta.org.mx\/wp-content\/uploads\/2025\/05\/Telchaquillo.jpg?resize=350%2C200&ssl=1 1x, https:\/\/i0.wp.com\/www.grieta.org.mx\/wp-content\/uploads\/2025\/05\/Telchaquillo.jpg?resize=525%2C300&ssl=1 1.5x, https:\/\/i0.wp.com\/www.grieta.org.mx\/wp-content\/uploads\/2025\/05\/Telchaquillo.jpg?resize=700%2C400&ssl=1 2x"},"classes":[]},{"id":71224,"url":"https:\/\/www.grieta.org.mx\/index.php\/2025\/03\/04\/inah-y-guardia-nacional-hostigan-a-ejidatarios-de-telchaquillo-yucatan\/","url_meta":{"origin":70695,"position":2},"title":"INAH y Guardia Nacional hostigan a ejidatarios de Telchaquillo (Yucat\u00e1n)","author":"grieta","date":"4 marzo, 2025","format":false,"excerpt":"Haz Ruido A pesar de que el conflicto por la situaci\u00f3n de los terrenos de la zona arqueol\u00f3gica de Mayap\u00e1n se desarrolla en el Tribunal Agrario, los funcionarios llegaron con agentes armados para presionar a los campesinos M\u00e9rida, Yucat\u00e1n, 4 de marzo de 2025.\u2013 Pobladoras y pobladores de la comunidad\u2026","rel":"","context":"En &quot;CINTILLO&quot;","block_context":{"text":"CINTILLO","link":"https:\/\/www.grieta.org.mx\/index.php\/category\/cintillo\/"},"img":{"alt_text":"","src":"https:\/\/i0.wp.com\/www.grieta.org.mx\/wp-content\/uploads\/2025\/03\/Telchaquillo-e1741540138696.jpg?resize=350%2C200&ssl=1","width":350,"height":200,"srcset":"https:\/\/i0.wp.com\/www.grieta.org.mx\/wp-content\/uploads\/2025\/03\/Telchaquillo-e1741540138696.jpg?resize=350%2C200&ssl=1 1x, https:\/\/i0.wp.com\/www.grieta.org.mx\/wp-content\/uploads\/2025\/03\/Telchaquillo-e1741540138696.jpg?resize=525%2C300&ssl=1 1.5x, https:\/\/i0.wp.com\/www.grieta.org.mx\/wp-content\/uploads\/2025\/03\/Telchaquillo-e1741540138696.jpg?resize=700%2C400&ssl=1 2x"},"classes":[]},{"id":70690,"url":"https:\/\/www.grieta.org.mx\/index.php\/2024\/12\/11\/exigen-coadministracion-de-mayapan-yucatan\/","url_meta":{"origin":70695,"position":3},"title":"Exigen coadministraci\u00f3n de Mayap\u00e1n (Yucat\u00e1n)","author":"grieta","date":"11 diciembre, 2024","format":false,"excerpt":"24 Horas Yucat\u00e1n Foto: Tom\u00e1s Mart\u00edn Un grupo de 287 ejidatarios del municipio de Telchaquillo lanz\u00f3 un llamado al Instituto Nacional de Antropolog\u00eda e Historia (INAH) para exigir la coadministraci\u00f3n de la zona arqueol\u00f3gica de Mayap\u00e1n, as\u00ed como el pago de una indemnizaci\u00f3n por los \u00faltimos 40 a\u00f1os de ocupaci\u00f3n\u2026","rel":"","context":"En &quot;CINTILLO&quot;","block_context":{"text":"CINTILLO","link":"https:\/\/www.grieta.org.mx\/index.php\/category\/cintillo\/"},"img":{"alt_text":"","src":"https:\/\/i0.wp.com\/www.grieta.org.mx\/wp-content\/uploads\/2024\/12\/Mayapan-e1734216177254.jpg?resize=350%2C200&ssl=1","width":350,"height":200,"srcset":"https:\/\/i0.wp.com\/www.grieta.org.mx\/wp-content\/uploads\/2024\/12\/Mayapan-e1734216177254.jpg?resize=350%2C200&ssl=1 1x, https:\/\/i0.wp.com\/www.grieta.org.mx\/wp-content\/uploads\/2024\/12\/Mayapan-e1734216177254.jpg?resize=525%2C300&ssl=1 1.5x, https:\/\/i0.wp.com\/www.grieta.org.mx\/wp-content\/uploads\/2024\/12\/Mayapan-e1734216177254.jpg?resize=700%2C400&ssl=1 2x"},"classes":[]},{"id":71159,"url":"https:\/\/www.grieta.org.mx\/index.php\/2025\/02\/27\/paran-obras-en-mayapan-yucatan\/","url_meta":{"origin":70695,"position":4},"title":"Paran obras en Mayap\u00e1n (Yucat\u00e1n)","author":"grieta","date":"27 febrero, 2025","format":false,"excerpt":"Sol Yucat\u00e1n Ejidatarios de telcahquillo comisaria de Tecoh, frenaron las obras que el Instituto Nacional de Antropolog\u00eda e Historia (INAH) realiza en la zona arqueol\u00f3gica de Mayap\u00e1n, que se encuentra cerrada desde hace un a\u00f1o. Los pobladores optaron por tomar las instalaciones en forma de protesta, por la falta de\u2026","rel":"","context":"En &quot;CINTILLO&quot;","block_context":{"text":"CINTILLO","link":"https:\/\/www.grieta.org.mx\/index.php\/category\/cintillo\/"},"img":{"alt_text":"","src":"https:\/\/i0.wp.com\/www.grieta.org.mx\/wp-content\/uploads\/2025\/02\/Telchaquillo-e1740754566364.jpg?resize=350%2C200&ssl=1","width":350,"height":200,"srcset":"https:\/\/i0.wp.com\/www.grieta.org.mx\/wp-content\/uploads\/2025\/02\/Telchaquillo-e1740754566364.jpg?resize=350%2C200&ssl=1 1x, https:\/\/i0.wp.com\/www.grieta.org.mx\/wp-content\/uploads\/2025\/02\/Telchaquillo-e1740754566364.jpg?resize=525%2C300&ssl=1 1.5x, https:\/\/i0.wp.com\/www.grieta.org.mx\/wp-content\/uploads\/2025\/02\/Telchaquillo-e1740754566364.jpg?resize=700%2C400&ssl=1 2x"},"classes":[]},{"id":70954,"url":"https:\/\/www.grieta.org.mx\/index.php\/2025\/02\/12\/inah-intenta-expropiar-mayapan-con-fondos-del-programa-promeza-yucatan\/","url_meta":{"origin":70695,"position":5},"title":"INAH intenta expropiar Mayap\u00e1n con fondos del programa Promeza (Yucat\u00e1n)","author":"grieta","date":"12 febrero, 2025","format":false,"excerpt":"Sandra Gayou Soto \/ Haz Ruido Las y los ejidatarios de Telchaquillo denuncian la insistencia del INAH para que acepten los fondos destinados al mejoramiento de zonas arqueol\u00f3gicas como indemnizaci\u00f3n por el despojo de su territorio. Telchaquillo, Yucat\u00e1n, 12 de febrero de 2025.-Ejidatarios y ejidatarias de Telchaquillo denuncian irregularidades en\u2026","rel":"","context":"En &quot;CINTILLO&quot;","block_context":{"text":"CINTILLO","link":"https:\/\/www.grieta.org.mx\/index.php\/category\/cintillo\/"},"img":{"alt_text":"","src":"https:\/\/i0.wp.com\/www.grieta.org.mx\/wp-content\/uploads\/2025\/02\/Mayapan-e1739405774239.jpg?resize=350%2C200&ssl=1","width":350,"height":200,"srcset":"https:\/\/i0.wp.com\/www.grieta.org.mx\/wp-content\/uploads\/2025\/02\/Mayapan-e1739405774239.jpg?resize=350%2C200&ssl=1 1x, https:\/\/i0.wp.com\/www.grieta.org.mx\/wp-content\/uploads\/2025\/02\/Mayapan-e1739405774239.jpg?resize=525%2C300&ssl=1 1.5x, https:\/\/i0.wp.com\/www.grieta.org.mx\/wp-content\/uploads\/2025\/02\/Mayapan-e1739405774239.jpg?resize=700%2C400&ssl=1 2x"},"classes":[]}],"_links":{"self":[{"href":"https:\/\/www.grieta.org.mx\/index.php\/wp-json\/wp\/v2\/posts\/70695","targetHints":{"allow":["GET"]}}],"collection":[{"href":"https:\/\/www.grieta.org.mx\/index.php\/wp-json\/wp\/v2\/posts"}],"about":[{"href":"https:\/\/www.grieta.org.mx\/index.php\/wp-json\/wp\/v2\/types\/post"}],"author":[{"embeddable":true,"href":"https:\/\/www.grieta.org.mx\/index.php\/wp-json\/wp\/v2\/users\/2"}],"replies":[{"embeddable":true,"href":"https:\/\/www.grieta.org.mx\/index.php\/wp-json\/wp\/v2\/comments?post=70695"}],"version-history":[{"count":1,"href":"https:\/\/www.grieta.org.mx\/index.php\/wp-json\/wp\/v2\/posts\/70695\/revisions"}],"predecessor-version":[{"id":70697,"href":"https:\/\/www.grieta.org.mx\/index.php\/wp-json\/wp\/v2\/posts\/70695\/revisions\/70697"}],"wp:featuredmedia":[{"embeddable":true,"href":"https:\/\/www.grieta.org.mx\/index.php\/wp-json\/wp\/v2\/media\/70696"}],"wp:attachment":[{"href":"https:\/\/www.grieta.org.mx\/index.php\/wp-json\/wp\/v2\/media?parent=70695"}],"wp:term":[{"taxonomy":"category","embeddable":true,"href":"https:\/\/www.grieta.org.mx\/index.php\/wp-json\/wp\/v2\/categories?post=70695"},{"taxonomy":"post_tag","embeddable":true,"href":"https:\/\/www.grieta.org.mx\/index.php\/wp-json\/wp\/v2\/tags?post=70695"}],"curies":[{"name":"wp","href":"https:\/\/api.w.org\/{rel}","templated":true}]}}