{"id":70684,"date":"2024-12-07T13:06:08","date_gmt":"2024-12-07T19:06:08","guid":{"rendered":"https:\/\/www.grieta.org.mx\/?p=70684"},"modified":"2024-12-13T13:13:01","modified_gmt":"2024-12-13T19:13:01","slug":"amilcingo-enciende-su-arbol-de-la-resistencia-en-honor-a-samir-flores","status":"publish","type":"post","link":"https:\/\/www.grieta.org.mx\/index.php\/2024\/12\/07\/amilcingo-enciende-su-arbol-de-la-resistencia-en-honor-a-samir-flores\/","title":{"rendered":"Amilcingo enciende su \u00c1rbol de la Resistencia en honor a Samir Flores"},"content":{"rendered":"<p><strong>En Amilcingo, el Frente de Pueblos en Defensa de la Tierra y Agua de Morelos recuerdan al activista Samir Flores con su \u00c1rbol de la Resistencia<\/strong><\/p>\n<p>Emmanuel Ruiz \/ El sol de Cuautla<\/p>\n<p>La comunidad de Amilcingo encendi\u00f3 el \u00c1rbol de la Resistencia con un mensaje social en la primaria Samir Flores Soberanes, una tradici\u00f3n que mantienen desde antes del asesinato del activista, ocurrido en febrero de 2019, y que ahora forma parte de una serie de actividades culturales que realizan por las tardes.<\/p>\n<p>\u201cDesde entonces, tenemos este \u00e1rbol. Que quiz\u00e1 para mucha gente de fuera no es significativo y no entiende por qu\u00e9 lo encendemos. Lo tratamos de encender como una esencia de cuando estaba con vida Samir, un tema simb\u00f3lico, porque ya est\u00e1 \u00e9l con nosotros\u201d, explic\u00f3 Jorge Vel\u00e1zquez Escalvazeta, habitante de la comunidad e integrante del Frente de Pueblos en Defensa de la Tierra y el Agua de Morelos, Puebla y Tlaxcala (FPDTA-MPT).<\/p>\n<p>La ceremonia coincidi\u00f3 con la Caravana Muralista Solidaria en Contra del Olvido que desde el 29 de noviembre reuni\u00f3 a artistas de tres pa\u00edses:\u201cNo es en contra del sistema, sino que la gente se adapte a una nueva cultura, que podamos ser aut\u00f3nomos tambi\u00e9n, tomar nuestras propias decisiones\u201d, dijo Vel\u00e1zquez.<\/p>\n<p>Los murales, que inicialmente ser\u00edan 19 alcanzar\u00e1n un total de 21 obras que buscan visibilizar la lucha por la protecci\u00f3n de los recursos naturales y los usos y costumbres de la comunidad. De acuerdo con Vel\u00e1zquez, las obras ser\u00e1n concluidas en el transcurso de la pr\u00f3xima semana.<\/p>\n<p>El activista record\u00f3 que, a casi cinco a\u00f1os del asesinato de Samir Flores, quien fuera uno de los principales opositores al Proyecto Integral Morelos y su termoel\u00e9ctrica en Huexca, el caso lleva un a\u00f1o archivado en la Fiscal\u00eda General de la Rep\u00fablica, sin que se haya informado a la familia o los abogados sobre el curso de la investigaci\u00f3n del homicidio.<\/p>\n<p><a href=\"https:\/\/oem.com.mx\/elsoldecuautla\/local\/amilcingo-enciende-su-arbol-de-la-resistencia-en-honor-a-samir-flores-16924055\" target=\"_blank\">https:\/\/oem.com.mx\/elsoldecuautla\/local\/amilcingo-enciende-su-arbol-de-la-resistencia-en-honor-a-samir-flores-16924055<\/a><\/p>\n","protected":false},"excerpt":{"rendered":"<p>En Amilcingo, el Frente de Pueblos en Defensa de la Tierra y Agua de Morelos recuerdan al activista Samir Flores con su \u00c1rbol de la Resistencia Emmanuel Ruiz \/ El &hellip; <a href=\"https:\/\/www.grieta.org.mx\/index.php\/2024\/12\/07\/amilcingo-enciende-su-arbol-de-la-resistencia-en-honor-a-samir-flores\/\" class=\"more-link\">Leer m\u00e1s<\/a><\/p>\n","protected":false},"author":1,"featured_media":70685,"comment_status":"closed","ping_status":"closed","sticky":false,"template":"","format":"standard","meta":{"ngg_post_thumbnail":0,"_jetpack_newsletter_access":"","_jetpack_dont_email_post_to_subs":false,"_jetpack_newsletter_tier_id":0,"_jetpack_memberships_contains_paywalled_content":false,"_jetpack_memberships_contains_paid_content":false,"footnotes":""},"categories":[3333,80,3105,22,2,1762,1171,2661,3755],"tags":[3104,2471,3187],"class_list":["post-70684","post","type-post","status-publish","format-standard","has-post-thumbnail","hentry","category-asesinato-de-activistas-en-morelos","category-cintillo","category-jornadas-samir-somos-todas-y-todos","category-morelos","category-noticias-nacionales","category-rechazo-a-los-megaproyectos-en-morelos","category-rechazo-al-proyecto-integral-morelos-pim-en-morelos","category-redes-de-resistencia-y-rebeldia","category-resistencias-en-morelos","tag-jornadas-samir","tag-samir","tag-samir-flores","entry"],"jetpack_featured_media_url":"https:\/\/www.grieta.org.mx\/wp-content\/uploads\/2024\/12\/arbol-de-la-resistencia.webp","jetpack_sharing_enabled":true,"jetpack_shortlink":"https:\/\/wp.me\/p7ZJR4-io4","jetpack_likes_enabled":false,"jetpack-related-posts":[{"id":34298,"url":"https:\/\/www.grieta.org.mx\/index.php\/2019\/05\/20\/a-3-meses-del-asesinato-de-samir-flores-activistas-piden-justicia-frente-a-la-fiscalia-de-morelos\/","url_meta":{"origin":70684,"position":0},"title":"A 3 meses del asesinato de Samir Flores, activistas piden justicia frente a la Fiscal\u00eda de Morelos","author":"grieta","date":"20 mayo, 2019","format":false,"excerpt":"Redacci\u00f3n \/ Sin embargo Samir Flores era el principal opositor de la termoel\u00e9ctrica de Huexca, en el estado de Morelos y fue asesinado de varios balazos el pasado 20 de febrero afuera de su casa, en el municipio de Temoac. Ciudad de M\u00e9xico, 20 de mayo (SinEmbargo).- Compa\u00f1eros de lucha\u2026","rel":"","context":"En &quot;11. Amilcingo&quot;","block_context":{"text":"11. Amilcingo","link":"https:\/\/www.grieta.org.mx\/index.php\/category\/espejos-de-la-resistencia\/11-amilcingo\/"},"img":{"alt_text":"","src":"https:\/\/i0.wp.com\/www.grieta.org.mx\/wp-content\/uploads\/2019\/06\/samir.jpg?resize=350%2C200&ssl=1","width":350,"height":200,"srcset":"https:\/\/i0.wp.com\/www.grieta.org.mx\/wp-content\/uploads\/2019\/06\/samir.jpg?resize=350%2C200&ssl=1 1x, https:\/\/i0.wp.com\/www.grieta.org.mx\/wp-content\/uploads\/2019\/06\/samir.jpg?resize=525%2C300&ssl=1 1.5x, https:\/\/i0.wp.com\/www.grieta.org.mx\/wp-content\/uploads\/2019\/06\/samir.jpg?resize=700%2C400&ssl=1 2x, https:\/\/i0.wp.com\/www.grieta.org.mx\/wp-content\/uploads\/2019\/06\/samir.jpg?resize=1050%2C600&ssl=1 3x"},"classes":[]},{"id":56654,"url":"https:\/\/www.grieta.org.mx\/index.php\/2021\/01\/20\/samir-flores-no-conoce-la-justicia\/","url_meta":{"origin":70684,"position":1},"title":"Samir Flores no conoce la justicia","author":"grieta","date":"20 enero, 2021","format":false,"excerpt":"Emmanuel Ruiz \/ El Sol de Cuautla Lo de Samir lleva un a\u00f1o, y ya sabe (el fiscal) qui\u00e9n fue, pero no quiere decirlo por miedo\u201d, fue la declaraci\u00f3n que en septiembre pasado el gobernador de Morelos, Cuauht\u00e9moc Blanco Bravo, ofreci\u00f3 respecto al trabajo que ha realizado la Fiscal\u00eda General\u2026","rel":"","context":"En &quot;11. Amilcingo&quot;","block_context":{"text":"11. Amilcingo","link":"https:\/\/www.grieta.org.mx\/index.php\/category\/espejos-de-la-resistencia\/11-amilcingo\/"},"img":{"alt_text":"","src":"https:\/\/i0.wp.com\/www.grieta.org.mx\/wp-content\/uploads\/2021\/02\/WhatsApp-Image-2021-01-20-at-5.54.56-PM.jpg?resize=350%2C200&ssl=1","width":350,"height":200,"srcset":"https:\/\/i0.wp.com\/www.grieta.org.mx\/wp-content\/uploads\/2021\/02\/WhatsApp-Image-2021-01-20-at-5.54.56-PM.jpg?resize=350%2C200&ssl=1 1x, https:\/\/i0.wp.com\/www.grieta.org.mx\/wp-content\/uploads\/2021\/02\/WhatsApp-Image-2021-01-20-at-5.54.56-PM.jpg?resize=525%2C300&ssl=1 1.5x, https:\/\/i0.wp.com\/www.grieta.org.mx\/wp-content\/uploads\/2021\/02\/WhatsApp-Image-2021-01-20-at-5.54.56-PM.jpg?resize=700%2C400&ssl=1 2x"},"classes":[]},{"id":31074,"url":"https:\/\/www.grieta.org.mx\/index.php\/2019\/03\/20\/sin-avances-la-investigacion-por-el-asesinato-de-samir-flores-en-morelos\/","url_meta":{"origin":70684,"position":2},"title":"Sin avances, la investigaci\u00f3n por el asesinato de Samir Flores en Morelos","author":"grieta","date":"20 marzo, 2019","format":false,"excerpt":"Jaime Luis Brito \/ Proceso AMILCINGO, Mor. (apro).\u2013 A un mes del asesinato de Samir Flores Soberanes, uno de los m\u00e1s importantes opositores al gasoducto y la termoel\u00e9ctrica del Proyecto Integral Morelos, las autoridades estatales no han anunciado avances en la investigaci\u00f3n y la Fiscal\u00eda General de la Rep\u00fablica (FGR)\u2026","rel":"","context":"En &quot;10. Huexca&quot;","block_context":{"text":"10. Huexca","link":"https:\/\/www.grieta.org.mx\/index.php\/category\/espejos-de-la-resistencia\/10-huexca\/"},"img":{"alt_text":"","src":"https:\/\/i0.wp.com\/www.grieta.org.mx\/wp-content\/uploads\/2019\/03\/7b1db3497876caac98-220219-samir-as6-1-1078x800.jpg?resize=350%2C200&ssl=1","width":350,"height":200,"srcset":"https:\/\/i0.wp.com\/www.grieta.org.mx\/wp-content\/uploads\/2019\/03\/7b1db3497876caac98-220219-samir-as6-1-1078x800.jpg?resize=350%2C200&ssl=1 1x, https:\/\/i0.wp.com\/www.grieta.org.mx\/wp-content\/uploads\/2019\/03\/7b1db3497876caac98-220219-samir-as6-1-1078x800.jpg?resize=525%2C300&ssl=1 1.5x, https:\/\/i0.wp.com\/www.grieta.org.mx\/wp-content\/uploads\/2019\/03\/7b1db3497876caac98-220219-samir-as6-1-1078x800.jpg?resize=700%2C400&ssl=1 2x, https:\/\/i0.wp.com\/www.grieta.org.mx\/wp-content\/uploads\/2019\/03\/7b1db3497876caac98-220219-samir-as6-1-1078x800.jpg?resize=1050%2C600&ssl=1 3x"},"classes":[]},{"id":44227,"url":"https:\/\/www.grieta.org.mx\/index.php\/2020\/02\/07\/exigen-cancelar-termoelectrica-huexca-y-esclarecer-asesinato-de-samir-flores-morelos\/","url_meta":{"origin":70684,"position":3},"title":"Exigen Cancelar termoel\u00e9ctrica Huexca y esclarecer asesinato de Samir Flores (Morelos)","author":"grieta","date":"7 febrero, 2020","format":false,"excerpt":"Redacci\u00f3n \/ La Verdad La Asamblea de los Pueblos de Morelos asegur\u00f3 que a casi un a\u00f1o del asesinato de Samir Flores, la fiscal\u00eda de Morelos poco a investigado al respecto Integrantes de la Asamblea de los Pueblos de Morelos en Defensa del Territorio exigieron al presidente Andr\u00e9s Manuel L\u00f3pez\u2026","rel":"","context":"En &quot;10. Huexca&quot;","block_context":{"text":"10. Huexca","link":"https:\/\/www.grieta.org.mx\/index.php\/category\/espejos-de-la-resistencia\/10-huexca\/"},"img":{"alt_text":"","src":"https:\/\/i0.wp.com\/www.grieta.org.mx\/wp-content\/uploads\/2020\/02\/Screenshot_2020-02-12-Exigen-Cancelar-termoel%C3%A9ctrica-Huexca-y-esclarecer-asesinato-de-Samir-Flores.png?resize=350%2C200&ssl=1","width":350,"height":200,"srcset":"https:\/\/i0.wp.com\/www.grieta.org.mx\/wp-content\/uploads\/2020\/02\/Screenshot_2020-02-12-Exigen-Cancelar-termoel%C3%A9ctrica-Huexca-y-esclarecer-asesinato-de-Samir-Flores.png?resize=350%2C200&ssl=1 1x, https:\/\/i0.wp.com\/www.grieta.org.mx\/wp-content\/uploads\/2020\/02\/Screenshot_2020-02-12-Exigen-Cancelar-termoel%C3%A9ctrica-Huexca-y-esclarecer-asesinato-de-Samir-Flores.png?resize=525%2C300&ssl=1 1.5x, https:\/\/i0.wp.com\/www.grieta.org.mx\/wp-content\/uploads\/2020\/02\/Screenshot_2020-02-12-Exigen-Cancelar-termoel%C3%A9ctrica-Huexca-y-esclarecer-asesinato-de-Samir-Flores.png?resize=700%2C400&ssl=1 2x"},"classes":[]},{"id":34220,"url":"https:\/\/www.grieta.org.mx\/index.php\/2019\/05\/20\/exigen-justicia-para-el-activista-samir-flores-a-tres-meses-de-su-asesinato-morelos\/","url_meta":{"origin":70684,"position":4},"title":"Exigen justicia para el activista Samir Flores a tres meses de su asesinato (Morelos)","author":"grieta","date":"20 mayo, 2019","format":false,"excerpt":"Jaime Luis Brito \/ Proceso CUERNAVACA, Mor. (apro).\u2013 Opositores al Proyecto Integral Morelos (PIM) recordaron al activista Samir Flores Soberanes, al cumplirse 90 d\u00edas de su asesinato, con una marcha a la Fiscal\u00eda General del Estado (FGE). En un comunicado le\u00eddo por uno de sus compa\u00f1eros m\u00e1s cercanos, el maestro\u2026","rel":"","context":"En &quot;10. Huexca&quot;","block_context":{"text":"10. Huexca","link":"https:\/\/www.grieta.org.mx\/index.php\/category\/espejos-de-la-resistencia\/10-huexca\/"},"img":{"alt_text":"","src":"https:\/\/i0.wp.com\/www.grieta.org.mx\/wp-content\/uploads\/2019\/06\/7b1db3497876caac98-220219-samir-as6-1-1078x800.jpg?resize=350%2C200&ssl=1","width":350,"height":200,"srcset":"https:\/\/i0.wp.com\/www.grieta.org.mx\/wp-content\/uploads\/2019\/06\/7b1db3497876caac98-220219-samir-as6-1-1078x800.jpg?resize=350%2C200&ssl=1 1x, https:\/\/i0.wp.com\/www.grieta.org.mx\/wp-content\/uploads\/2019\/06\/7b1db3497876caac98-220219-samir-as6-1-1078x800.jpg?resize=525%2C300&ssl=1 1.5x, https:\/\/i0.wp.com\/www.grieta.org.mx\/wp-content\/uploads\/2019\/06\/7b1db3497876caac98-220219-samir-as6-1-1078x800.jpg?resize=700%2C400&ssl=1 2x, https:\/\/i0.wp.com\/www.grieta.org.mx\/wp-content\/uploads\/2019\/06\/7b1db3497876caac98-220219-samir-as6-1-1078x800.jpg?resize=1050%2C600&ssl=1 3x"},"classes":[]},{"id":39461,"url":"https:\/\/www.grieta.org.mx\/index.php\/2019\/08\/20\/exigen-que-asesinato-del-activista-samir-flores-lo-investigue-fgr-morelos\/","url_meta":{"origin":70684,"position":5},"title":"Exigen que asesinato del activista Samir Flores lo investigue FGR (Morelos)","author":"grieta","date":"20 agosto, 2019","format":false,"excerpt":"Redacci\u00f3n \/ \u00c1ngulo 7 A seis meses del asesinato del opositor del Proyecto Integral Morelos (PIM), Samir Flores Soberanes, el Frente de Pueblos en Defensa de la Tierra y el Agua (Fpdta) exigi\u00f3 que el asesinato de sea investigado por la FGR, ya que acusan de ineficiente a la de\u2026","rel":"","context":"En &quot;10. Huexca&quot;","block_context":{"text":"10. Huexca","link":"https:\/\/www.grieta.org.mx\/index.php\/category\/espejos-de-la-resistencia\/10-huexca\/"},"img":{"alt_text":"","src":"https:\/\/i0.wp.com\/www.grieta.org.mx\/wp-content\/uploads\/2019\/09\/https-_www.angulo7.com_.mx_wp-content_uploads_2019_02_activista-Samir-Flores-Soberanes-PIM-1.jpg?resize=350%2C200&ssl=1","width":350,"height":200,"srcset":"https:\/\/i0.wp.com\/www.grieta.org.mx\/wp-content\/uploads\/2019\/09\/https-_www.angulo7.com_.mx_wp-content_uploads_2019_02_activista-Samir-Flores-Soberanes-PIM-1.jpg?resize=350%2C200&ssl=1 1x, https:\/\/i0.wp.com\/www.grieta.org.mx\/wp-content\/uploads\/2019\/09\/https-_www.angulo7.com_.mx_wp-content_uploads_2019_02_activista-Samir-Flores-Soberanes-PIM-1.jpg?resize=525%2C300&ssl=1 1.5x"},"classes":[]}],"_links":{"self":[{"href":"https:\/\/www.grieta.org.mx\/index.php\/wp-json\/wp\/v2\/posts\/70684","targetHints":{"allow":["GET"]}}],"collection":[{"href":"https:\/\/www.grieta.org.mx\/index.php\/wp-json\/wp\/v2\/posts"}],"about":[{"href":"https:\/\/www.grieta.org.mx\/index.php\/wp-json\/wp\/v2\/types\/post"}],"author":[{"embeddable":true,"href":"https:\/\/www.grieta.org.mx\/index.php\/wp-json\/wp\/v2\/users\/1"}],"replies":[{"embeddable":true,"href":"https:\/\/www.grieta.org.mx\/index.php\/wp-json\/wp\/v2\/comments?post=70684"}],"version-history":[{"count":1,"href":"https:\/\/www.grieta.org.mx\/index.php\/wp-json\/wp\/v2\/posts\/70684\/revisions"}],"predecessor-version":[{"id":70686,"href":"https:\/\/www.grieta.org.mx\/index.php\/wp-json\/wp\/v2\/posts\/70684\/revisions\/70686"}],"wp:featuredmedia":[{"embeddable":true,"href":"https:\/\/www.grieta.org.mx\/index.php\/wp-json\/wp\/v2\/media\/70685"}],"wp:attachment":[{"href":"https:\/\/www.grieta.org.mx\/index.php\/wp-json\/wp\/v2\/media?parent=70684"}],"wp:term":[{"taxonomy":"category","embeddable":true,"href":"https:\/\/www.grieta.org.mx\/index.php\/wp-json\/wp\/v2\/categories?post=70684"},{"taxonomy":"post_tag","embeddable":true,"href":"https:\/\/www.grieta.org.mx\/index.php\/wp-json\/wp\/v2\/tags?post=70684"}],"curies":[{"name":"wp","href":"https:\/\/api.w.org\/{rel}","templated":true}]}}