{"id":70676,"date":"2024-04-18T12:57:32","date_gmt":"2024-04-18T18:57:32","guid":{"rendered":"https:\/\/www.grieta.org.mx\/?p=70676"},"modified":"2024-12-13T13:03:01","modified_gmt":"2024-12-13T19:03:01","slug":"con-amparo-van-contra-el-fracking-14-comunidades-totonacas","status":"publish","type":"post","link":"https:\/\/www.grieta.org.mx\/index.php\/2024\/04\/18\/con-amparo-van-contra-el-fracking-14-comunidades-totonacas\/","title":{"rendered":"Con amparo, van contra el fracking 14 comunidades totonacas"},"content":{"rendered":"<p><strong>Habitantes de la regi\u00f3n del Totonacapan acusan que que el fracking afecta su patrimonio biocultural y viola sus derechos humanos<\/strong><\/p>\n<p>Francisco de Luna \/ E-consulta Veracruz<\/p>\n<p>Xalapa, Ver.\u2014 La Asociaci\u00f3n Interamericana para la Defensa del Ambiente (AIDA) promovi\u00f3 amparos contra el uso del fracking en 14 comunidades. Buscan defender el territorio de las comunidades totonacas.<\/p>\n<p>El fracking o fracturaci\u00f3n hidr\u00e1ulica es una t\u00e9cnica de extracci\u00f3n de hidrocarburos altamente nociva para el medio ambiente y la salud humana. Usar esta t\u00e9cnica requiere de hasta 29 millones de litros de agua, expusieron en el informe que dieron a conocer a principios de abril.<\/p>\n<p><a href=\"http:\/\/www.grieta.org.mx\/wp-content\/uploads\/2024\/12\/imagen_2024-04-18_155630809.webp\"><img loading=\"lazy\" decoding=\"async\" data-attachment-id=\"70677\" data-permalink=\"https:\/\/www.grieta.org.mx\/index.php\/2024\/04\/18\/con-amparo-van-contra-el-fracking-14-comunidades-totonacas\/imagen_2024-04-18_155630809\/\" data-orig-file=\"https:\/\/www.grieta.org.mx\/wp-content\/uploads\/2024\/12\/imagen_2024-04-18_155630809.webp\" data-orig-size=\"640,480\" data-comments-opened=\"0\" data-image-meta=\"{&quot;aperture&quot;:&quot;0&quot;,&quot;credit&quot;:&quot;&quot;,&quot;camera&quot;:&quot;&quot;,&quot;caption&quot;:&quot;&quot;,&quot;created_timestamp&quot;:&quot;0&quot;,&quot;copyright&quot;:&quot;&quot;,&quot;focal_length&quot;:&quot;0&quot;,&quot;iso&quot;:&quot;0&quot;,&quot;shutter_speed&quot;:&quot;0&quot;,&quot;title&quot;:&quot;&quot;,&quot;orientation&quot;:&quot;0&quot;}\" data-image-title=\"imagen_2024-04-18_155630809\" data-image-description=\"\" data-image-caption=\"\" data-medium-file=\"https:\/\/www.grieta.org.mx\/wp-content\/uploads\/2024\/12\/imagen_2024-04-18_155630809-300x225.webp\" data-large-file=\"https:\/\/www.grieta.org.mx\/wp-content\/uploads\/2024\/12\/imagen_2024-04-18_155630809.webp\" src=\"http:\/\/www.grieta.org.mx\/wp-content\/uploads\/2024\/12\/imagen_2024-04-18_155630809.webp\" alt=\"\" width=\"640\" height=\"480\" class=\"aligncenter size-full wp-image-70677\" srcset=\"https:\/\/www.grieta.org.mx\/wp-content\/uploads\/2024\/12\/imagen_2024-04-18_155630809.webp 640w, https:\/\/www.grieta.org.mx\/wp-content\/uploads\/2024\/12\/imagen_2024-04-18_155630809-300x225.webp 300w\" sizes=\"auto, (max-width: 640px) 100vw, 640px\" \/><\/a><\/p>\n<p>En el documento de AIDA detallan que en mil 231 pozos petroleros y el 56.8 por ciento del total de pozos del municipio de Papantla, Veracruz, se us\u00f3 la fracturaci\u00f3n hidr\u00e1ulica.<\/p>\n<p>Papantla es uno de los municipios de la zona norte del estado de Veracruz donde las organizaciones en defensa del suelo hicieron un llamado para evitar el uso del fracking en la regi\u00f3n del Totonacapan.<\/p>\n<p>Organizaciones civiles exhortaron al juez d\u00e9cimo tercero de distrito en el Estado de Veracruz a ordenar las pruebas necesarias para resolver el caso con los m\u00e1s altos est\u00e1ndares aplicables en materia de medio ambiente, acceso a la informaci\u00f3n ambiental y derechos de los pueblos ind\u00edgenas.<\/p>\n<p><a href=\"http:\/\/www.grieta.org.mx\/wp-content\/uploads\/2024\/12\/imagen_2024-04-18_155700889.webp\"><img loading=\"lazy\" decoding=\"async\" data-attachment-id=\"70678\" data-permalink=\"https:\/\/www.grieta.org.mx\/index.php\/2024\/04\/18\/con-amparo-van-contra-el-fracking-14-comunidades-totonacas\/imagen_2024-04-18_155700889\/\" data-orig-file=\"https:\/\/www.grieta.org.mx\/wp-content\/uploads\/2024\/12\/imagen_2024-04-18_155700889.webp\" data-orig-size=\"640,427\" data-comments-opened=\"0\" data-image-meta=\"{&quot;aperture&quot;:&quot;0&quot;,&quot;credit&quot;:&quot;&quot;,&quot;camera&quot;:&quot;&quot;,&quot;caption&quot;:&quot;&quot;,&quot;created_timestamp&quot;:&quot;0&quot;,&quot;copyright&quot;:&quot;&quot;,&quot;focal_length&quot;:&quot;0&quot;,&quot;iso&quot;:&quot;0&quot;,&quot;shutter_speed&quot;:&quot;0&quot;,&quot;title&quot;:&quot;&quot;,&quot;orientation&quot;:&quot;0&quot;}\" data-image-title=\"imagen_2024-04-18_155700889\" data-image-description=\"\" data-image-caption=\"\" data-medium-file=\"https:\/\/www.grieta.org.mx\/wp-content\/uploads\/2024\/12\/imagen_2024-04-18_155700889-300x200.webp\" data-large-file=\"https:\/\/www.grieta.org.mx\/wp-content\/uploads\/2024\/12\/imagen_2024-04-18_155700889.webp\" src=\"http:\/\/www.grieta.org.mx\/wp-content\/uploads\/2024\/12\/imagen_2024-04-18_155700889.webp\" alt=\"\" width=\"640\" height=\"427\" class=\"aligncenter size-full wp-image-70678\" srcset=\"https:\/\/www.grieta.org.mx\/wp-content\/uploads\/2024\/12\/imagen_2024-04-18_155700889.webp 640w, https:\/\/www.grieta.org.mx\/wp-content\/uploads\/2024\/12\/imagen_2024-04-18_155700889-300x200.webp 300w\" sizes=\"auto, (max-width: 640px) 100vw, 640px\" \/><\/a><\/p>\n<p>Tambi\u00e9n buscan frenar el avance de esta actividad en el municipio de Papantla por las violaciones a los derechos de las comunidades totonacas. A casi un a\u00f1o de que habitantes de 14 comunidades totonacas del municipio.<\/p>\n<p>En la demanda de amparo, presentada el pasado viernes 22 de marzo, los habitantes reclamaron que el fracking afecta gravemente su patrimonio biocultural y viola sus derechos humanos, particularmente los derechos de acceso a la informaci\u00f3n ambiental, a la participaci\u00f3n, al agua y a un ambiente sano.<\/p>\n<p><a href=\"http:\/\/www.grieta.org.mx\/wp-content\/uploads\/2024\/12\/imagen_2024-04-18_155725672.webp\"><img loading=\"lazy\" decoding=\"async\" data-attachment-id=\"70679\" data-permalink=\"https:\/\/www.grieta.org.mx\/index.php\/2024\/04\/18\/con-amparo-van-contra-el-fracking-14-comunidades-totonacas\/imagen_2024-04-18_155725672\/\" data-orig-file=\"https:\/\/www.grieta.org.mx\/wp-content\/uploads\/2024\/12\/imagen_2024-04-18_155725672.webp\" data-orig-size=\"640,427\" data-comments-opened=\"0\" data-image-meta=\"{&quot;aperture&quot;:&quot;0&quot;,&quot;credit&quot;:&quot;&quot;,&quot;camera&quot;:&quot;&quot;,&quot;caption&quot;:&quot;&quot;,&quot;created_timestamp&quot;:&quot;0&quot;,&quot;copyright&quot;:&quot;&quot;,&quot;focal_length&quot;:&quot;0&quot;,&quot;iso&quot;:&quot;0&quot;,&quot;shutter_speed&quot;:&quot;0&quot;,&quot;title&quot;:&quot;&quot;,&quot;orientation&quot;:&quot;0&quot;}\" data-image-title=\"imagen_2024-04-18_155725672\" data-image-description=\"\" data-image-caption=\"\" data-medium-file=\"https:\/\/www.grieta.org.mx\/wp-content\/uploads\/2024\/12\/imagen_2024-04-18_155725672-300x200.webp\" data-large-file=\"https:\/\/www.grieta.org.mx\/wp-content\/uploads\/2024\/12\/imagen_2024-04-18_155725672.webp\" src=\"http:\/\/www.grieta.org.mx\/wp-content\/uploads\/2024\/12\/imagen_2024-04-18_155725672.webp\" alt=\"\" width=\"640\" height=\"427\" class=\"aligncenter size-full wp-image-70679\" srcset=\"https:\/\/www.grieta.org.mx\/wp-content\/uploads\/2024\/12\/imagen_2024-04-18_155725672.webp 640w, https:\/\/www.grieta.org.mx\/wp-content\/uploads\/2024\/12\/imagen_2024-04-18_155725672-300x200.webp 300w\" sizes=\"auto, (max-width: 640px) 100vw, 640px\" \/><\/a><\/p>\n<p>La Asociaci\u00f3n Interamericana para la Defensa del Ambiente present\u00f3 el pasado 29 de enero un escrito legal que proporciona al juez informaci\u00f3n t\u00e9cnica y cient\u00edfica relacionada con los efectos que el fracking tiene en las personas, las comunidades, el clima y los ecosistemas.<\/p>\n<p>En el escrito se resaltan diversos est\u00e1ndares internacionales vigentes en la materia y ejemplos de c\u00f3mo se resolvieron casos similares en otras partes del mundo.<\/p>\n<p><a href=\"http:\/\/www.grieta.org.mx\/wp-content\/uploads\/2024\/12\/imagen_2024-04-18_155750171.webp\"><img loading=\"lazy\" decoding=\"async\" data-attachment-id=\"70680\" data-permalink=\"https:\/\/www.grieta.org.mx\/index.php\/2024\/04\/18\/con-amparo-van-contra-el-fracking-14-comunidades-totonacas\/imagen_2024-04-18_155750171\/\" data-orig-file=\"https:\/\/www.grieta.org.mx\/wp-content\/uploads\/2024\/12\/imagen_2024-04-18_155750171.webp\" data-orig-size=\"640,427\" data-comments-opened=\"0\" data-image-meta=\"{&quot;aperture&quot;:&quot;0&quot;,&quot;credit&quot;:&quot;&quot;,&quot;camera&quot;:&quot;&quot;,&quot;caption&quot;:&quot;&quot;,&quot;created_timestamp&quot;:&quot;0&quot;,&quot;copyright&quot;:&quot;&quot;,&quot;focal_length&quot;:&quot;0&quot;,&quot;iso&quot;:&quot;0&quot;,&quot;shutter_speed&quot;:&quot;0&quot;,&quot;title&quot;:&quot;&quot;,&quot;orientation&quot;:&quot;0&quot;}\" data-image-title=\"imagen_2024-04-18_155750171\" data-image-description=\"\" data-image-caption=\"\" data-medium-file=\"https:\/\/www.grieta.org.mx\/wp-content\/uploads\/2024\/12\/imagen_2024-04-18_155750171-300x200.webp\" data-large-file=\"https:\/\/www.grieta.org.mx\/wp-content\/uploads\/2024\/12\/imagen_2024-04-18_155750171.webp\" src=\"http:\/\/www.grieta.org.mx\/wp-content\/uploads\/2024\/12\/imagen_2024-04-18_155750171.webp\" alt=\"\" width=\"640\" height=\"427\" class=\"aligncenter size-full wp-image-70680\" srcset=\"https:\/\/www.grieta.org.mx\/wp-content\/uploads\/2024\/12\/imagen_2024-04-18_155750171.webp 640w, https:\/\/www.grieta.org.mx\/wp-content\/uploads\/2024\/12\/imagen_2024-04-18_155750171-300x200.webp 300w\" sizes=\"auto, (max-width: 640px) 100vw, 640px\" \/><\/a><\/p>\n<p>El fracking es un m\u00e9todo de extracci\u00f3n no convencional de gas f\u00f3sil y petr\u00f3leo, en el cual se perfora el subsuelo a grandes profundidades y se inyectan a alta presi\u00f3n grandes vol\u00famenes de agua combinada con productos qu\u00edmicos.<\/p>\n<p>Seg\u00fan datos cient\u00edficos, la cantidad aproximada de agua utilizada por pozo var\u00eda entre 9 y 29 millones de litros. Tambi\u00e9n genera altas emisiones de gases que afectan la calidad del aire y agravan la crisis clim\u00e1tica, particularmente el gas metano, una de las causas principales del calentamiento global.<\/p>\n<p><a href=\"http:\/\/www.grieta.org.mx\/wp-content\/uploads\/2024\/12\/imagen_2024-04-18_155828970.webp\"><img loading=\"lazy\" decoding=\"async\" data-attachment-id=\"70681\" data-permalink=\"https:\/\/www.grieta.org.mx\/index.php\/2024\/04\/18\/con-amparo-van-contra-el-fracking-14-comunidades-totonacas\/imagen_2024-04-18_155828970\/\" data-orig-file=\"https:\/\/www.grieta.org.mx\/wp-content\/uploads\/2024\/12\/imagen_2024-04-18_155828970.webp\" data-orig-size=\"640,427\" data-comments-opened=\"0\" data-image-meta=\"{&quot;aperture&quot;:&quot;0&quot;,&quot;credit&quot;:&quot;&quot;,&quot;camera&quot;:&quot;&quot;,&quot;caption&quot;:&quot;&quot;,&quot;created_timestamp&quot;:&quot;0&quot;,&quot;copyright&quot;:&quot;&quot;,&quot;focal_length&quot;:&quot;0&quot;,&quot;iso&quot;:&quot;0&quot;,&quot;shutter_speed&quot;:&quot;0&quot;,&quot;title&quot;:&quot;&quot;,&quot;orientation&quot;:&quot;0&quot;}\" data-image-title=\"imagen_2024-04-18_155828970\" data-image-description=\"\" data-image-caption=\"\" data-medium-file=\"https:\/\/www.grieta.org.mx\/wp-content\/uploads\/2024\/12\/imagen_2024-04-18_155828970-300x200.webp\" data-large-file=\"https:\/\/www.grieta.org.mx\/wp-content\/uploads\/2024\/12\/imagen_2024-04-18_155828970.webp\" src=\"http:\/\/www.grieta.org.mx\/wp-content\/uploads\/2024\/12\/imagen_2024-04-18_155828970.webp\" alt=\"\" width=\"640\" height=\"427\" class=\"aligncenter size-full wp-image-70681\" srcset=\"https:\/\/www.grieta.org.mx\/wp-content\/uploads\/2024\/12\/imagen_2024-04-18_155828970.webp 640w, https:\/\/www.grieta.org.mx\/wp-content\/uploads\/2024\/12\/imagen_2024-04-18_155828970-300x200.webp 300w\" sizes=\"auto, (max-width: 640px) 100vw, 640px\" \/><\/a><\/p>\n<p>En estas acciones participaron las asociaciones Territorios Diversos para la Vida, A.C., Asociaci\u00f3n Interamericana para la Defensa del Ambiente (AIDA) y la Coordinadora Regional de Acci\u00f3n Solidaria en Defensa del Territorio Huasteca-Totonacapan.<\/p>\n<p>Tambi\u00e9n se hicieron presentes las asociaciones Centro Mexicano de Derecho Ambiental A.C. (CEMDA), la Uni\u00f3n de Cooperativas Tosepan, TOSEPANTOMIN S.C DE A.P. DE R.L. DE C.V. y la Alianza Mexicana contra el Fracking.<\/p>\n<p><a href=\"https:\/\/e-veracruz.mx\/nota\/2024-04-18\/municipios\/con-amparo-van-contra-el-fracking-14-comunidades-totonacas\" target=\"_blank\">https:\/\/e-veracruz.mx\/nota\/2024-04-18\/municipios\/con-amparo-van-contra-el-fracking-14-comunidades-totonacas<\/a><\/p>\n","protected":false},"excerpt":{"rendered":"<p>Habitantes de la regi\u00f3n del Totonacapan acusan que que el fracking afecta su patrimonio biocultural y viola sus derechos humanos Francisco de Luna \/ E-consulta Veracruz Xalapa, Ver.\u2014 La Asociaci\u00f3n &hellip; <a href=\"https:\/\/www.grieta.org.mx\/index.php\/2024\/04\/18\/con-amparo-van-contra-el-fracking-14-comunidades-totonacas\/\" class=\"more-link\">Leer m\u00e1s<\/a><\/p>\n","protected":false},"author":1,"featured_media":70682,"comment_status":"closed","ping_status":"closed","sticky":false,"template":"","format":"standard","meta":{"ngg_post_thumbnail":0,"_jetpack_newsletter_access":"","_jetpack_dont_email_post_to_subs":false,"_jetpack_newsletter_tier_id":0,"_jetpack_memberships_contains_paywalled_content":false,"_jetpack_memberships_contains_paid_content":false,"footnotes":""},"categories":[80,1923,2,35],"tags":[273,2347],"class_list":["post-70676","post","type-post","status-publish","format-standard","has-post-thumbnail","hentry","category-cintillo","category-fracking-en-veracruz","category-noticias-nacionales","category-veracruz","tag-fracking","tag-fracturacion-hidraulica","entry"],"jetpack_featured_media_url":"https:\/\/www.grieta.org.mx\/wp-content\/uploads\/2024\/12\/imagen_2024-04-18_155410810.webp","jetpack_sharing_enabled":true,"jetpack_shortlink":"https:\/\/wp.me\/p7ZJR4-inW","jetpack_likes_enabled":false,"jetpack-related-posts":[{"id":31093,"url":"https:\/\/www.grieta.org.mx\/index.php\/2019\/03\/15\/pemex-y-fracking-envenenan-a-veracruz-afirman-activistas\/","url_meta":{"origin":70676,"position":0},"title":"Pemex y fracking envenenan a Veracruz, afirman activistas","author":"grieta","date":"15 marzo, 2019","format":false,"excerpt":"Jos\u00e9 Mart\u00edn \/ Imagen del Golfo La principal amenaza de la tierra, el agua y el aire en el norte de Veracruz es la fracturaci\u00f3n hidr\u00e1ulica o tambi\u00e9n conocida como el fracking, que es un m\u00e9todo que Petr\u00f3leos Mexicanos (Pemex) utiliza para la extracci\u00f3n de hidrocarburos y el gas del\u2026","rel":"","context":"En &quot;CINTILLO&quot;","block_context":{"text":"CINTILLO","link":"https:\/\/www.grieta.org.mx\/index.php\/category\/cintillo\/"},"img":{"alt_text":"","src":"https:\/\/i0.wp.com\/www.grieta.org.mx\/wp-content\/uploads\/2019\/03\/560366_d.jpg?resize=350%2C200&ssl=1","width":350,"height":200,"srcset":"https:\/\/i0.wp.com\/www.grieta.org.mx\/wp-content\/uploads\/2019\/03\/560366_d.jpg?resize=350%2C200&ssl=1 1x, https:\/\/i0.wp.com\/www.grieta.org.mx\/wp-content\/uploads\/2019\/03\/560366_d.jpg?resize=525%2C300&ssl=1 1.5x"},"classes":[]},{"id":31055,"url":"https:\/\/www.grieta.org.mx\/index.php\/2019\/03\/22\/pemex-utilizo-fracking-en-2-mil-700-pozos-entre-1960-y-2018-reporte\/","url_meta":{"origin":70676,"position":1},"title":"Pemex utiliz\u00f3 fracking en 2 mil 700 pozos entre 1960 y 2018: reporte","author":"grieta","date":"22 marzo, 2019","format":false,"excerpt":"Daniela Loredo \/ El Financiero Pese al rechazo del presidente Andr\u00e9s Manuel L\u00f3pez Obrador al uso del fracking, o fracturaci\u00f3n hidr\u00e1ulica, en pozos petroleros, la t\u00e9cnica ha sido utilizada hist\u00f3ricamente por Pemex. De acuerdo con un reporte obtenido v\u00eda Transparencia, entre 1960 y 2018, la petrolera utiliz\u00f3 la t\u00e9cnica de\u2026","rel":"","context":"En &quot;CINTILLO&quot;","block_context":{"text":"CINTILLO","link":"https:\/\/www.grieta.org.mx\/index.php\/category\/cintillo\/"},"img":{"alt_text":"","src":"https:\/\/i0.wp.com\/www.grieta.org.mx\/wp-content\/uploads\/2019\/03\/a75a52f7201553235588_standard_desktop_medium_retina.jpeg?resize=350%2C200&ssl=1","width":350,"height":200,"srcset":"https:\/\/i0.wp.com\/www.grieta.org.mx\/wp-content\/uploads\/2019\/03\/a75a52f7201553235588_standard_desktop_medium_retina.jpeg?resize=350%2C200&ssl=1 1x, https:\/\/i0.wp.com\/www.grieta.org.mx\/wp-content\/uploads\/2019\/03\/a75a52f7201553235588_standard_desktop_medium_retina.jpeg?resize=525%2C300&ssl=1 1.5x, https:\/\/i0.wp.com\/www.grieta.org.mx\/wp-content\/uploads\/2019\/03\/a75a52f7201553235588_standard_desktop_medium_retina.jpeg?resize=700%2C400&ssl=1 2x, https:\/\/i0.wp.com\/www.grieta.org.mx\/wp-content\/uploads\/2019\/03\/a75a52f7201553235588_standard_desktop_medium_retina.jpeg?resize=1050%2C600&ssl=1 3x"},"classes":[]},{"id":45550,"url":"https:\/\/www.grieta.org.mx\/index.php\/2020\/03\/03\/por-fracking-12-municipios-en-sierra-norte-de-puebla-seran-afectados-fundar\/","url_meta":{"origin":70676,"position":2},"title":"Por fracking, 12 municipios en Sierra Norte de Puebla ser\u00e1n afectados: Fundar","author":"Admin","date":"3 marzo, 2020","format":false,"excerpt":"La fracturaci\u00f3n hidr\u00e1ulica en la Sierra Norte de Puebla es una amenaza real para las comunidades, ser\u00edan 12 los municipios en esa regi\u00f3n que se ver\u00e1n afectados por la hidrofracturaci\u00f3n, as\u00ed lo se\u00f1al\u00f3 el Centro de An\u00e1lisis e Investigaci\u00f3n (Fundar). De acuerdo con el an\u00e1lisis realizado se identific\u00f3 a 118\u2026","rel":"","context":"En &quot;26. Sierra Puebla&quot;","block_context":{"text":"26. Sierra Puebla","link":"https:\/\/www.grieta.org.mx\/index.php\/category\/espejos-de-la-resistencia\/26-sierra-puebla\/"},"img":{"alt_text":"","src":"https:\/\/i0.wp.com\/www.grieta.org.mx\/wp-content\/uploads\/2020\/03\/Fracking-en-la-Sierra-Norte-de-Puebla.jpg?resize=350%2C200&ssl=1","width":350,"height":200,"srcset":"https:\/\/i0.wp.com\/www.grieta.org.mx\/wp-content\/uploads\/2020\/03\/Fracking-en-la-Sierra-Norte-de-Puebla.jpg?resize=350%2C200&ssl=1 1x, https:\/\/i0.wp.com\/www.grieta.org.mx\/wp-content\/uploads\/2020\/03\/Fracking-en-la-Sierra-Norte-de-Puebla.jpg?resize=525%2C300&ssl=1 1.5x"},"classes":[]},{"id":43732,"url":"https:\/\/www.grieta.org.mx\/index.php\/2019\/12\/26\/diez-estados-concentran-el-fracking\/","url_meta":{"origin":70676,"position":3},"title":"Diez estados concentran el fracking","author":"grieta","date":"26 diciembre, 2019","format":false,"excerpt":"Gabriel Xantomila \/ El Sol de M\u00e9xico Son siete estados de la Rep\u00fablica que usan el fracking para extraer del subsuelo gas natural y petr\u00f3leo de yacimientos no convencionales, sin que se conozca los impactos ambientales, principalmente de mercurio y plomo. Diez estados concentran m\u00e1s de diez fracturas. Por ello\u2026","rel":"","context":"En &quot;CINTILLO&quot;","block_context":{"text":"CINTILLO","link":"https:\/\/www.grieta.org.mx\/index.php\/category\/cintillo\/"},"img":{"alt_text":"","src":"https:\/\/i0.wp.com\/www.grieta.org.mx\/wp-content\/uploads\/2020\/01\/Prohibicio769n_Frecking_Senado-2.jpg?resize=350%2C200&ssl=1","width":350,"height":200,"srcset":"https:\/\/i0.wp.com\/www.grieta.org.mx\/wp-content\/uploads\/2020\/01\/Prohibicio769n_Frecking_Senado-2.jpg?resize=350%2C200&ssl=1 1x, https:\/\/i0.wp.com\/www.grieta.org.mx\/wp-content\/uploads\/2020\/01\/Prohibicio769n_Frecking_Senado-2.jpg?resize=525%2C300&ssl=1 1.5x, https:\/\/i0.wp.com\/www.grieta.org.mx\/wp-content\/uploads\/2020\/01\/Prohibicio769n_Frecking_Senado-2.jpg?resize=700%2C400&ssl=1 2x"},"classes":[]},{"id":29751,"url":"https:\/\/www.grieta.org.mx\/index.php\/2019\/02\/25\/pese-a-prohibicion-de-amlo-fracking-amenaza-a-la-huasteca-veracruz\/","url_meta":{"origin":70676,"position":4},"title":"Pese a prohibici\u00f3n de AMLO, fracking amenaza a la Huasteca (Veracruz)","author":"grieta","date":"25 febrero, 2019","format":false,"excerpt":"Jos\u00e9 Luis Mart\u00ednez Castro \/ El Sol de San Luis Una vez m\u00e1s, surgir\u00e1 la lucha para evitar se da\u00f1e m\u00e1s al medio ambiente y a los recursos naturales Otra vez, la Huasteca potosina se ve amenazada por la exploraci\u00f3n petrolera que se realizara en Veracruz, utilizando la fracturaci\u00f3n hidr\u00e1ulica\u2026","rel":"","context":"En &quot;CINTILLO&quot;","block_context":{"text":"CINTILLO","link":"https:\/\/www.grieta.org.mx\/index.php\/category\/cintillo\/"},"img":{"alt_text":"","src":"https:\/\/i0.wp.com\/www.grieta.org.mx\/wp-content\/uploads\/2019\/02\/fracking-no.jpg?resize=350%2C200&ssl=1","width":350,"height":200,"srcset":"https:\/\/i0.wp.com\/www.grieta.org.mx\/wp-content\/uploads\/2019\/02\/fracking-no.jpg?resize=350%2C200&ssl=1 1x, https:\/\/i0.wp.com\/www.grieta.org.mx\/wp-content\/uploads\/2019\/02\/fracking-no.jpg?resize=525%2C300&ssl=1 1.5x, https:\/\/i0.wp.com\/www.grieta.org.mx\/wp-content\/uploads\/2019\/02\/fracking-no.jpg?resize=700%2C400&ssl=1 2x"},"classes":[]},{"id":50555,"url":"https:\/\/www.grieta.org.mx\/index.php\/2020\/05\/19\/fracking-en-veracruz-pone-en-alerta-a-grupos-ambientalista\/","url_meta":{"origin":70676,"position":5},"title":"Fracking en Veracruz pone en alerta a grupos ambientalista","author":"Admin","date":"19 mayo, 2020","format":false,"excerpt":"Miguel A. Cort\u00e9s \/ El Dictamen Fracking en Veracruz pone en alerta a grupos ambientalista. Hay proyectos en la cuenca Tampico-Misantla, al norte de la entidad. Asociaciones ambientalistas activaron sus alertas luego de que se dio a conocer la aprobaci\u00f3n de proyectos de fracking en la zona norte del estado\u2026","rel":"","context":"En &quot;CINTILLO&quot;","block_context":{"text":"CINTILLO","link":"https:\/\/www.grieta.org.mx\/index.php\/category\/cintillo\/"},"img":{"alt_text":"","src":"https:\/\/i0.wp.com\/www.grieta.org.mx\/wp-content\/uploads\/2020\/06\/Screenshot_2020-06-08-Fracking-en-Veracruz-pone-en-alerta-a-grupos-ambientalista1.png?resize=350%2C200&ssl=1","width":350,"height":200,"srcset":"https:\/\/i0.wp.com\/www.grieta.org.mx\/wp-content\/uploads\/2020\/06\/Screenshot_2020-06-08-Fracking-en-Veracruz-pone-en-alerta-a-grupos-ambientalista1.png?resize=350%2C200&ssl=1 1x, https:\/\/i0.wp.com\/www.grieta.org.mx\/wp-content\/uploads\/2020\/06\/Screenshot_2020-06-08-Fracking-en-Veracruz-pone-en-alerta-a-grupos-ambientalista1.png?resize=525%2C300&ssl=1 1.5x, https:\/\/i0.wp.com\/www.grieta.org.mx\/wp-content\/uploads\/2020\/06\/Screenshot_2020-06-08-Fracking-en-Veracruz-pone-en-alerta-a-grupos-ambientalista1.png?resize=700%2C400&ssl=1 2x"},"classes":[]}],"_links":{"self":[{"href":"https:\/\/www.grieta.org.mx\/index.php\/wp-json\/wp\/v2\/posts\/70676","targetHints":{"allow":["GET"]}}],"collection":[{"href":"https:\/\/www.grieta.org.mx\/index.php\/wp-json\/wp\/v2\/posts"}],"about":[{"href":"https:\/\/www.grieta.org.mx\/index.php\/wp-json\/wp\/v2\/types\/post"}],"author":[{"embeddable":true,"href":"https:\/\/www.grieta.org.mx\/index.php\/wp-json\/wp\/v2\/users\/1"}],"replies":[{"embeddable":true,"href":"https:\/\/www.grieta.org.mx\/index.php\/wp-json\/wp\/v2\/comments?post=70676"}],"version-history":[{"count":1,"href":"https:\/\/www.grieta.org.mx\/index.php\/wp-json\/wp\/v2\/posts\/70676\/revisions"}],"predecessor-version":[{"id":70683,"href":"https:\/\/www.grieta.org.mx\/index.php\/wp-json\/wp\/v2\/posts\/70676\/revisions\/70683"}],"wp:featuredmedia":[{"embeddable":true,"href":"https:\/\/www.grieta.org.mx\/index.php\/wp-json\/wp\/v2\/media\/70682"}],"wp:attachment":[{"href":"https:\/\/www.grieta.org.mx\/index.php\/wp-json\/wp\/v2\/media?parent=70676"}],"wp:term":[{"taxonomy":"category","embeddable":true,"href":"https:\/\/www.grieta.org.mx\/index.php\/wp-json\/wp\/v2\/categories?post=70676"},{"taxonomy":"post_tag","embeddable":true,"href":"https:\/\/www.grieta.org.mx\/index.php\/wp-json\/wp\/v2\/tags?post=70676"}],"curies":[{"name":"wp","href":"https:\/\/api.w.org\/{rel}","templated":true}]}}