{"id":70670,"date":"2024-12-13T12:48:28","date_gmt":"2024-12-13T18:48:28","guid":{"rendered":"https:\/\/www.grieta.org.mx\/?p=70670"},"modified":"2024-12-13T12:48:28","modified_gmt":"2024-12-13T18:48:28","slug":"colectivos-de-busqueda-exigen-titular-de-la-ceb-con-experiencia-y-no-una-encargada-de-escritorio","status":"publish","type":"post","link":"https:\/\/www.grieta.org.mx\/index.php\/2024\/12\/13\/colectivos-de-busqueda-exigen-titular-de-la-ceb-con-experiencia-y-no-una-encargada-de-escritorio\/","title":{"rendered":"Colectivos de B\u00fasqueda exigen titular de la CEB con experiencia y no una encargada \u201cde escritorio\u201d"},"content":{"rendered":"<p>En Veracruz hab\u00eda un registro de 6 mil 864 personas desaparecidas, donde 5 mil 453 desapariciones son de hombres y mil 389 de mujeres<\/p>\n<p>Itzel Molina \/ Diario de Xalapa<\/p>\n<p>Colectivos de B\u00fasqueda y especialistas en el tema de desapariciones pidieron a las autoridades que se realice una convocatoria para nombrar a una persona titular de la Comisi\u00f3n Estatal de B\u00fasqueda, quien tenga experiencia en el \u00e1rea y realice trabajo de territorio.<\/p>\n<p>El pasado jueves se dio a conocer que Lutgarda Madrigal Valdez, exprocuradora estatal de Protecci\u00f3n de Ni\u00f1as, Ni\u00f1os y Adolescentes, fue designada por la actual administraci\u00f3n como encargada de despacho en la Comisi\u00f3n Estatal de B\u00fasqueda de Veracruz, cargo que deber\u00e1 ser ratificado por el Congreso del Estado.<\/p>\n<p>Ante ello, los Colectivos solicitaron que se lleve a cabo el proceso correspondiente para lograr la asignaci\u00f3n de una persona que sea titular y no pasen a\u00f1os con una encargada de despacho.<\/p>\n<p>Aclararon que no existe un tema o acci\u00f3n contra la reci\u00e9n nombrada encargada de despacho, pero s\u00ed se requiere que el proceso de elecci\u00f3n sea transparente, p\u00fablico y que se tome en cuenta a los familiares de personas desaparecidas.<\/p>\n<p>Lutgarda Madrigal Valdez fue titular de la Procuradur\u00eda Estatal de Protecci\u00f3n de Ni\u00f1as, Ni\u00f1os y Adolescentes, adscrita al Sistema Estatal para el Desarrollo Integral de la Familia (DIF) durante el gobierno de Cuitl\u00e1huac Garc\u00eda Jim\u00e9nez. Adem\u00e1s, particip\u00f3 como aspirante a magistrada de la Suprema Corte de Justicia de la Naci\u00f3n (SCJN).<\/p>\n<p>Se debe evitar \u201cmala pr\u00e1ctica\u201d de dejar una encargada en la CEB Veracruz<br \/>\nLa integrante del Instituto Mexicano de Derechos Humanos y Democracia, Ana\u00eds Palacios P\u00e9rez, refiri\u00f3 que se debe considera la \u201cmala pr\u00e1ctica\u201d de la pasada administraci\u00f3n, ya que pasaron m\u00e1s de cinco a\u00f1os sin cumplir la ley y sin emitir la convocatoria que est\u00e1 establecida en el Art\u00edculo 32 de la Ley en materia de desaparici\u00f3n para Veracruz.<\/p>\n<p>La defensora de derechos humanos destac\u00f3 que Veracruz s\u00f3lo ha tenido a una persona titular de esta Comisi\u00f3n desde 2019 a la fecha. \u201cCon la nueva designaci\u00f3n persiste la duda si se continuar\u00e1 con esta forma de no definir a personas id\u00f3neas bajo los criterios ya establecidos en la ley o si ser\u00e1 una designaci\u00f3n temporal en lo que la cumplen\u201d, dijo.<\/p>\n<p>Manifest\u00f3 que recientemente los representantes de algunos Colectivos de B\u00fasqueda han manifestado posiciones en contra de su designaci\u00f3n.<\/p>\n<figure id=\"attachment_70671\" aria-describedby=\"caption-attachment-70671\" style=\"width: 1900px\" class=\"wp-caption aligncenter\"><a href=\"http:\/\/www.grieta.org.mx\/wp-content\/uploads\/2024\/12\/Lutgarda-Madrigal-ricardo02.webp\"><img loading=\"lazy\" decoding=\"async\" data-attachment-id=\"70671\" data-permalink=\"https:\/\/www.grieta.org.mx\/index.php\/2024\/12\/13\/colectivos-de-busqueda-exigen-titular-de-la-ceb-con-experiencia-y-no-una-encargada-de-escritorio\/lutgarda-madrigal-ricardo02\/\" data-orig-file=\"https:\/\/www.grieta.org.mx\/wp-content\/uploads\/2024\/12\/Lutgarda-Madrigal-ricardo02.webp\" data-orig-size=\"1900,1068\" data-comments-opened=\"0\" data-image-meta=\"{&quot;aperture&quot;:&quot;0&quot;,&quot;credit&quot;:&quot;&quot;,&quot;camera&quot;:&quot;&quot;,&quot;caption&quot;:&quot;&quot;,&quot;created_timestamp&quot;:&quot;0&quot;,&quot;copyright&quot;:&quot;&quot;,&quot;focal_length&quot;:&quot;0&quot;,&quot;iso&quot;:&quot;0&quot;,&quot;shutter_speed&quot;:&quot;0&quot;,&quot;title&quot;:&quot;&quot;,&quot;orientation&quot;:&quot;0&quot;}\" data-image-title=\"Lutgarda Madrigal-ricardo02\" data-image-description=\"\" data-image-caption=\"&lt;p&gt;Lutgarda Madrigal Valdez es la nueva encargada de despacho en la Comisi\u00f3n Estatal de B\u00fasqueda de Veracruz \/ Ricardo Mart\u00ednez \/ Diario de Xalapa&lt;\/p&gt;\n\" data-medium-file=\"https:\/\/www.grieta.org.mx\/wp-content\/uploads\/2024\/12\/Lutgarda-Madrigal-ricardo02-300x169.webp\" data-large-file=\"https:\/\/www.grieta.org.mx\/wp-content\/uploads\/2024\/12\/Lutgarda-Madrigal-ricardo02-1024x576.webp\" src=\"http:\/\/www.grieta.org.mx\/wp-content\/uploads\/2024\/12\/Lutgarda-Madrigal-ricardo02.webp\" alt=\"\" width=\"1900\" height=\"1068\" class=\"size-full wp-image-70671\" srcset=\"https:\/\/www.grieta.org.mx\/wp-content\/uploads\/2024\/12\/Lutgarda-Madrigal-ricardo02.webp 1900w, https:\/\/www.grieta.org.mx\/wp-content\/uploads\/2024\/12\/Lutgarda-Madrigal-ricardo02-300x169.webp 300w, https:\/\/www.grieta.org.mx\/wp-content\/uploads\/2024\/12\/Lutgarda-Madrigal-ricardo02-1024x576.webp 1024w, https:\/\/www.grieta.org.mx\/wp-content\/uploads\/2024\/12\/Lutgarda-Madrigal-ricardo02-768x432.webp 768w, https:\/\/www.grieta.org.mx\/wp-content\/uploads\/2024\/12\/Lutgarda-Madrigal-ricardo02-1536x863.webp 1536w\" sizes=\"auto, (max-width: 1900px) 100vw, 1900px\" \/><\/a><figcaption id=\"caption-attachment-70671\" class=\"wp-caption-text\">Lutgarda Madrigal Valdez es la nueva encargada de despacho en la Comisi\u00f3n Estatal de B\u00fasqueda de Veracruz \/ Ricardo Mart\u00ednez \/ Diario de Xalapa<\/figcaption><\/figure>\n<blockquote><p>\u201cPor una parte manifiestan que no quieren perder la continuidad en las b\u00fasquedas y, por otra, han manifestado que se debe cumplir la ley y emitir una convocatoria. Ambas cosas son importantes de garantizar. La reci\u00e9n nombrada encargada de despacho fue procuradora del DIF y, en alg\u00fan momento, ocup\u00f3 algunos cargos en Fiscal\u00eda, por lo que se infiere que tiene experiencia en el servicio p\u00fablico, pero no espec\u00edficamente sobre b\u00fasqueda de personas desaparecidas\u201d, expuso.<\/p><\/blockquote>\n<p>Palacios P\u00e9rez puntualiz\u00f3 que la pertinencia de su designaci\u00f3n estar\u00e1 en funci\u00f3n de qu\u00e9 encomienda se le ha asignado, bajo qu\u00e9 condiciones y si esta designaci\u00f3n ser\u00e1 temporal.<\/p>\n<p>Mencion\u00f3 que en pr\u00f3ximas fechas la gobernadora Roc\u00edo Nahle Garc\u00eda tendr\u00e1 una reuni\u00f3n con representantes de los Colectivos de B\u00fasqueda del estado, por lo que ser\u00e1 momento para que informe sobre las decisiones y la pertinencia en estos tiempos donde se necesitan garant\u00edas de que se cumpla la ley y que se evite tomar acciones que vayan en perjuicio de las v\u00edctimas, as\u00ed como de las familias de personas desaparecidas.<\/p>\n<p>\u201cPor supuesto que la personas titular debe garantizar que las malas pr\u00e1cticas de las que se han quejado las familias sean subsanadas: maltrato por parte de personal de la Comisi\u00f3n, simulaci\u00f3n de acciones de b\u00fasqueda, trato diferenciado a las representantes de Colectivos o designar m\u00e1s b\u00fasquedas a unos Colectivos y a otros mantenerlos en el rezago, una comunicaci\u00f3n m\u00e1s efectiva con la Fiscal\u00eda General del Estado, entre otras\u201d, expres\u00f3.<\/p>\n<p>Convocatoria para pr\u00f3ximo titular de la CEB en Veracruz<br \/>\nMaricel Torres del Colectivo de B\u00fasqueda \u201cMar\u00eda Herrera\u201d de Poza Rica, se\u00f1al\u00f3 que al frente de la Comisi\u00f3n se requiere una persona que tenga experiencia en esta materia.<\/p>\n<p>Coment\u00f3 que se espera que la persona que est\u00e9 al frente de este cargo sea emp\u00e1tica con las v\u00edctimas, \u201cvamos a verla trabajar y ya despu\u00e9s vamos a poder opinar\u201d.<\/p>\n<p>Puntualiz\u00f3 que los Colectivos esperan que salga la convocatoria y que se les permita a las familias proponer.<\/p>\n<figure id=\"attachment_70672\" aria-describedby=\"caption-attachment-70672\" style=\"width: 1900px\" class=\"wp-caption aligncenter\"><a href=\"http:\/\/www.grieta.org.mx\/wp-content\/uploads\/2024\/12\/Desapariciones-colectivo-ricardo01.webp\"><img loading=\"lazy\" decoding=\"async\" data-attachment-id=\"70672\" data-permalink=\"https:\/\/www.grieta.org.mx\/index.php\/2024\/12\/13\/colectivos-de-busqueda-exigen-titular-de-la-ceb-con-experiencia-y-no-una-encargada-de-escritorio\/desapariciones-colectivo-ricardo01\/\" data-orig-file=\"https:\/\/www.grieta.org.mx\/wp-content\/uploads\/2024\/12\/Desapariciones-colectivo-ricardo01.webp\" data-orig-size=\"1900,1068\" data-comments-opened=\"0\" data-image-meta=\"{&quot;aperture&quot;:&quot;0&quot;,&quot;credit&quot;:&quot;&quot;,&quot;camera&quot;:&quot;&quot;,&quot;caption&quot;:&quot;&quot;,&quot;created_timestamp&quot;:&quot;0&quot;,&quot;copyright&quot;:&quot;&quot;,&quot;focal_length&quot;:&quot;0&quot;,&quot;iso&quot;:&quot;0&quot;,&quot;shutter_speed&quot;:&quot;0&quot;,&quot;title&quot;:&quot;&quot;,&quot;orientation&quot;:&quot;0&quot;}\" data-image-title=\"Desapariciones-colectivo-ricardo01\" data-image-description=\"\" data-image-caption=\"&lt;p&gt;Piden colectivos no revictimizar a las personas desaparecidas \/ Ricardo Mart\u00ednez \/ Diario de Xalapa&lt;\/p&gt;\n\" data-medium-file=\"https:\/\/www.grieta.org.mx\/wp-content\/uploads\/2024\/12\/Desapariciones-colectivo-ricardo01-300x169.webp\" data-large-file=\"https:\/\/www.grieta.org.mx\/wp-content\/uploads\/2024\/12\/Desapariciones-colectivo-ricardo01-1024x576.webp\" src=\"http:\/\/www.grieta.org.mx\/wp-content\/uploads\/2024\/12\/Desapariciones-colectivo-ricardo01.webp\" alt=\"\" width=\"1900\" height=\"1068\" class=\"size-full wp-image-70672\" srcset=\"https:\/\/www.grieta.org.mx\/wp-content\/uploads\/2024\/12\/Desapariciones-colectivo-ricardo01.webp 1900w, https:\/\/www.grieta.org.mx\/wp-content\/uploads\/2024\/12\/Desapariciones-colectivo-ricardo01-300x169.webp 300w, https:\/\/www.grieta.org.mx\/wp-content\/uploads\/2024\/12\/Desapariciones-colectivo-ricardo01-1024x576.webp 1024w, https:\/\/www.grieta.org.mx\/wp-content\/uploads\/2024\/12\/Desapariciones-colectivo-ricardo01-768x432.webp 768w, https:\/\/www.grieta.org.mx\/wp-content\/uploads\/2024\/12\/Desapariciones-colectivo-ricardo01-1536x863.webp 1536w\" sizes=\"auto, (max-width: 1900px) 100vw, 1900px\" \/><\/a><figcaption id=\"caption-attachment-70672\" class=\"wp-caption-text\">Piden colectivos no revictimizar a las personas desaparecidas \/ Ricardo Mart\u00ednez \/ Diario de Xalapa<\/figcaption><\/figure>\n<p>Consider\u00f3 que en este espacio debe haber un titular, no una persona encargada, tal y como ha estado en los \u00faltimos a\u00f1os. \u201cQueremos que salga convocatoria y que nos permitan a las familias proponer, no queremos imposiciones, queremos una persona con experiencia en b\u00fasqueda, no detr\u00e1s de un escritorio\u201d, expres\u00f3.<\/p>\n<p>\u00bfQu\u00e9 piden los colectivos de b\u00fasqueda del nuevo titular de la CEB en Veracruz?<br \/>\nDe acuerdo con Olga Lidia Salazar Hern\u00e1ndez, integrante del colectivo \u201cUnidos por Amor a Nuestros Desaparecidos y Buscando los Encontramos\u201d, es fundamental que quien asuma el cargo cuente con experiencia en temas de b\u00fasqueda.<\/p>\n<p>Coment\u00f3 que las familias no pueden estar a la deriva, sin contar con la colaboraci\u00f3n de una persona que sea experta en el tema y les permita realizar las actividades de b\u00fasqueda con todas las herramientas que se requieren.<\/p>\n<p>Destac\u00f3 que las familias no han sido notificadas de los cambios que se han generado en la Comisi\u00f3n, as\u00ed como tampoco se les mencion\u00f3 el nombre de las personas que estar\u00e1n en estos espacios de atenci\u00f3n.<\/p>\n<p>\u201cNosotras lo que no queremos es que haya una persona responsable por mucho tiempo, necesitamos un titular, necesitamos certeza y lograr que esta Comisi\u00f3n genere los resultados que deseamos\u201d, dijo.<\/p>\n<p>Sin embargo, dej\u00f3 en claro que hay muchos trabajadores de la Comisi\u00f3n que han generado avances y s\u00ed atienden de manera correcta a los Colectivos, por lo que se deber\u00eda analizar qu\u00e9 tipo de cambios se realizan y en d\u00f3nde son necesarios.<\/p>\n<p>Datos de personas desaparecidas en Veracruz<br \/>\nDe acuerdo con el Instituto Mexicano de Derechos Humanos y Democracia, al corte del mes de mayo pasado, en Veracruz hab\u00eda un registro de 6 mil 864 personas desaparecidas. Las cifras indican que 5 mil 453 desapariciones son de hombres y mil 389 de mujeres.<\/p>\n<p>Seg\u00fan el reporte, hasta el pasado 16 de mayo, 685 personas ten\u00edan menos de 18 a\u00f1os cuando fueron desaparecidas.<\/p>\n<p>Los casos de desaparici\u00f3n comenzaron a aumentar en el 2010, siendo el 2014 el a\u00f1o con la mayor concentraci\u00f3n de casos, con 568 personas que contin\u00faan desaparecidas.<\/p>\n<p>Entre el 01 de enero y el 16 de mayo del a\u00f1o en curso se registraron 105 nuevos casos de desaparici\u00f3n en la entidad.<\/p>\n<figure id=\"attachment_70673\" aria-describedby=\"caption-attachment-70673\" style=\"width: 1900px\" class=\"wp-caption aligncenter\"><a href=\"http:\/\/www.grieta.org.mx\/wp-content\/uploads\/2024\/12\/Desapariciones-colectivo-ricardo03.webp\"><img loading=\"lazy\" decoding=\"async\" data-attachment-id=\"70673\" data-permalink=\"https:\/\/www.grieta.org.mx\/index.php\/2024\/12\/13\/colectivos-de-busqueda-exigen-titular-de-la-ceb-con-experiencia-y-no-una-encargada-de-escritorio\/desapariciones-colectivo-ricardo03\/\" data-orig-file=\"https:\/\/www.grieta.org.mx\/wp-content\/uploads\/2024\/12\/Desapariciones-colectivo-ricardo03.webp\" data-orig-size=\"1900,1068\" data-comments-opened=\"0\" data-image-meta=\"{&quot;aperture&quot;:&quot;0&quot;,&quot;credit&quot;:&quot;&quot;,&quot;camera&quot;:&quot;&quot;,&quot;caption&quot;:&quot;&quot;,&quot;created_timestamp&quot;:&quot;0&quot;,&quot;copyright&quot;:&quot;&quot;,&quot;focal_length&quot;:&quot;0&quot;,&quot;iso&quot;:&quot;0&quot;,&quot;shutter_speed&quot;:&quot;0&quot;,&quot;title&quot;:&quot;&quot;,&quot;orientation&quot;:&quot;0&quot;}\" data-image-title=\"Desapariciones-colectivo-ricardo03\" data-image-description=\"\" data-image-caption=\"&lt;p&gt;Veracruz, Xalapa, C\u00f3rdoba, Coatzacoalcos y Poza Rica, municipios con m\u00e1s desapariciones \/ Ricardo Mart\u00ednez \/ Diario de Xalapa&lt;\/p&gt;\n\" data-medium-file=\"https:\/\/www.grieta.org.mx\/wp-content\/uploads\/2024\/12\/Desapariciones-colectivo-ricardo03-300x169.webp\" data-large-file=\"https:\/\/www.grieta.org.mx\/wp-content\/uploads\/2024\/12\/Desapariciones-colectivo-ricardo03-1024x576.webp\" src=\"http:\/\/www.grieta.org.mx\/wp-content\/uploads\/2024\/12\/Desapariciones-colectivo-ricardo03.webp\" alt=\"\" width=\"1900\" height=\"1068\" class=\"size-full wp-image-70673\" srcset=\"https:\/\/www.grieta.org.mx\/wp-content\/uploads\/2024\/12\/Desapariciones-colectivo-ricardo03.webp 1900w, https:\/\/www.grieta.org.mx\/wp-content\/uploads\/2024\/12\/Desapariciones-colectivo-ricardo03-300x169.webp 300w, https:\/\/www.grieta.org.mx\/wp-content\/uploads\/2024\/12\/Desapariciones-colectivo-ricardo03-1024x576.webp 1024w, https:\/\/www.grieta.org.mx\/wp-content\/uploads\/2024\/12\/Desapariciones-colectivo-ricardo03-768x432.webp 768w, https:\/\/www.grieta.org.mx\/wp-content\/uploads\/2024\/12\/Desapariciones-colectivo-ricardo03-1536x863.webp 1536w\" sizes=\"auto, (max-width: 1900px) 100vw, 1900px\" \/><\/a><figcaption id=\"caption-attachment-70673\" class=\"wp-caption-text\">Veracruz, Xalapa, C\u00f3rdoba, Coatzacoalcos y Poza Rica, municipios con m\u00e1s desapariciones \/ Ricardo Mart\u00ednez \/ Diario de Xalapa<\/figcaption><\/figure>\n<p>Los datos mencionan que el 14.32 por ciento de los casos de personas desaparecidas y no localizadas est\u00e1 en el rango de edad de los 25 a los 29 a\u00f1os.<\/p>\n<p>El 20.16 por ciento de los casos de mujeres desaparecidas y no localizadas est\u00e1 en el rango de edad entre los 15 y 19 a\u00f1os.<\/p>\n<p>Los cinco municipios de la entidad con el mayor n\u00famero de desapariciones son:<\/p>\n<p>Veracruz con 834 casos<\/p>\n<p>Xalapa con 561<\/p>\n<p>C\u00f3rdoba con 335<\/p>\n<p>Coatzacoalcos con 239<\/p>\n<p>Poza Rica con 224<\/p>\n<p><a href=\"https:\/\/oem.com.mx\/diariodexalapa\/local\/colectivos-de-busqueda-de-veracruz-piden-titular-en-la-ceb-con-experiencia-que-dijeron-sobre-la-convocatoria-18937857\" target=\"_blank\">https:\/\/oem.com.mx\/diariodexalapa\/local\/colectivos-de-busqueda-de-veracruz-piden-titular-en-la-ceb-con-experiencia-que-dijeron-sobre-la-convocatoria-18937857<\/a><\/p>\n","protected":false},"excerpt":{"rendered":"<p>En Veracruz hab\u00eda un registro de 6 mil 864 personas desaparecidas, donde 5 mil 453 desapariciones son de hombres y mil 389 de mujeres Itzel Molina \/ Diario de Xalapa &hellip; <a href=\"https:\/\/www.grieta.org.mx\/index.php\/2024\/12\/13\/colectivos-de-busqueda-exigen-titular-de-la-ceb-con-experiencia-y-no-una-encargada-de-escritorio\/\" class=\"more-link\">Leer m\u00e1s<\/a><\/p>\n","protected":false},"author":1,"featured_media":70674,"comment_status":"closed","ping_status":"closed","sticky":false,"template":"","format":"standard","meta":{"ngg_post_thumbnail":0,"_jetpack_newsletter_access":"","_jetpack_dont_email_post_to_subs":false,"_jetpack_newsletter_tier_id":0,"_jetpack_memberships_contains_paywalled_content":false,"_jetpack_memberships_contains_paid_content":false,"footnotes":""},"categories":[80,87,1012,2,83,35],"tags":[2484,3018],"class_list":["post-70670","post","type-post","status-publish","format-standard","has-post-thumbnail","hentry","category-cintillo","category-desaparecidos","category-desaparecidos-en-veracruz","category-noticias-nacionales","category-temas-nacionales","category-veracruz","tag-buscadoras","tag-colectivos-de-busqueda-de-desaparecidos","entry"],"jetpack_featured_media_url":"https:\/\/www.grieta.org.mx\/wp-content\/uploads\/2024\/12\/Desapariciones-colectivo-ricardo02.webp","jetpack_sharing_enabled":true,"jetpack_shortlink":"https:\/\/wp.me\/p7ZJR4-inQ","jetpack_likes_enabled":false,"jetpack-related-posts":[{"id":53360,"url":"https:\/\/www.grieta.org.mx\/index.php\/2020\/08\/30\/contabilizan-mas-de-5-mil-desapariciones-en-veracruz\/","url_meta":{"origin":70670,"position":0},"title":"Contabilizan m\u00e1s de 5 mil desapariciones en Veracruz","author":"grieta","date":"30 agosto, 2020","format":false,"excerpt":"Juan David Castilla Arcos\/ El Dem\u00f3crata Xalapa. M\u00e1s de 5 mil desapariciones han ocurrido en el estado de Veracruz, durante el periodo de 2006 a la fecha. As\u00ed lo dio a conocer Ana\u00eds Palacios P\u00e9rez, consultora del Instituto Mexicano de Derechos Humanos y Democracia, quien a\u00f1adi\u00f3 que hasta el momento\u2026","rel":"","context":"En &quot;CINTILLO&quot;","block_context":{"text":"CINTILLO","link":"https:\/\/www.grieta.org.mx\/index.php\/category\/cintillo\/"},"img":{"alt_text":"","src":"https:\/\/i0.wp.com\/www.grieta.org.mx\/wp-content\/uploads\/2020\/09\/anais-30082020.png?resize=350%2C200&ssl=1","width":350,"height":200,"srcset":"https:\/\/i0.wp.com\/www.grieta.org.mx\/wp-content\/uploads\/2020\/09\/anais-30082020.png?resize=350%2C200&ssl=1 1x, https:\/\/i0.wp.com\/www.grieta.org.mx\/wp-content\/uploads\/2020\/09\/anais-30082020.png?resize=525%2C300&ssl=1 1.5x"},"classes":[]},{"id":70659,"url":"https:\/\/www.grieta.org.mx\/index.php\/2024\/11\/29\/en-24-anos-van-casi-7-mil-desaparecidos-en-veracruz-colectivos\/","url_meta":{"origin":70670,"position":1},"title":"En 24 a\u00f1os, van casi 7 mil desaparecidos en Veracruz: colectivos","author":"Admin","date":"29 noviembre, 2024","format":false,"excerpt":"Colectivos denunciaron que en el per\u00edodo de los \u00faltimos 24 a\u00f1os, se han registrado casi 7 mil desaparecidos en Veracruz. Francisco de Luna \/ E-consulta Veracruz Xalapa, Ver.- En los \u00faltimos 24 a\u00f1os suman un promedio de 6 mil 864 personas desparecidas en el estado de Veracruz, de acuerdo con\u2026","rel":"","context":"En &quot;CINTILLO&quot;","block_context":{"text":"CINTILLO","link":"https:\/\/www.grieta.org.mx\/index.php\/category\/cintillo\/"},"img":{"alt_text":"","src":"https:\/\/i0.wp.com\/www.grieta.org.mx\/wp-content\/uploads\/2024\/12\/desaparecidos1_3.webp?resize=350%2C200&ssl=1","width":350,"height":200,"srcset":"https:\/\/i0.wp.com\/www.grieta.org.mx\/wp-content\/uploads\/2024\/12\/desaparecidos1_3.webp?resize=350%2C200&ssl=1 1x, https:\/\/i0.wp.com\/www.grieta.org.mx\/wp-content\/uploads\/2024\/12\/desaparecidos1_3.webp?resize=525%2C300&ssl=1 1.5x, https:\/\/i0.wp.com\/www.grieta.org.mx\/wp-content\/uploads\/2024\/12\/desaparecidos1_3.webp?resize=700%2C400&ssl=1 2x, https:\/\/i0.wp.com\/www.grieta.org.mx\/wp-content\/uploads\/2024\/12\/desaparecidos1_3.webp?resize=1050%2C600&ssl=1 3x"},"classes":[]},{"id":69033,"url":"https:\/\/www.grieta.org.mx\/index.php\/2024\/05\/21\/candidatos-en-veracruz-ignoran-crisis-de-desapariciones-y-eluden-reunion-pese-a-peticion-de-madres-buscadoras\/","url_meta":{"origin":70670,"position":2},"title":"Candidatos en Veracruz ignoran crisis de desapariciones y eluden reuni\u00f3n pese a petici\u00f3n de madres buscadoras","author":"grieta","date":"21 mayo, 2024","format":false,"excerpt":"Ana Alicia Osorio \/ Animal Pol\u00edtico Aunque Veracruz ha sido hist\u00f3ricamente uno de lo sestados afectados debido a la crisis por desapariciones, quienes aspiran a gobernar la entidad tampoco han extendido en sus plataformas electorales propuestas para atender este problema. A dos semanas de las elecciones, la y los candidatos\u2026","rel":"","context":"En &quot;CINTILLO&quot;","block_context":{"text":"CINTILLO","link":"https:\/\/www.grieta.org.mx\/index.php\/category\/cintillo\/"},"img":{"alt_text":"","src":"https:\/\/i0.wp.com\/www.grieta.org.mx\/wp-content\/uploads\/2024\/05\/solecito.jpg?resize=350%2C200&ssl=1","width":350,"height":200,"srcset":"https:\/\/i0.wp.com\/www.grieta.org.mx\/wp-content\/uploads\/2024\/05\/solecito.jpg?resize=350%2C200&ssl=1 1x, https:\/\/i0.wp.com\/www.grieta.org.mx\/wp-content\/uploads\/2024\/05\/solecito.jpg?resize=525%2C300&ssl=1 1.5x, https:\/\/i0.wp.com\/www.grieta.org.mx\/wp-content\/uploads\/2024\/05\/solecito.jpg?resize=700%2C400&ssl=1 2x, https:\/\/i0.wp.com\/www.grieta.org.mx\/wp-content\/uploads\/2024\/05\/solecito.jpg?resize=1050%2C600&ssl=1 3x"},"classes":[]},{"id":55620,"url":"https:\/\/www.grieta.org.mx\/index.php\/2020\/11\/30\/piden-destituir-a-la-titular-de-la-comision-de-busqueda-de-personas-del-estado-colima\/","url_meta":{"origin":70670,"position":3},"title":"Piden destituir a la titular de la Comisi\u00f3n de B\u00fasqueda de Personas del Estado (Colima)","author":"grieta","date":"30 noviembre, 2020","format":false,"excerpt":"Foto: Colima Noticias Alfredo Qu\u00edles \/ Colima Noticia Colima.- Debido a la falta de \u201capoyos\u201d a las familias de las personas desaparecidas, integrantes de la Red Estatal Desaparecidos en Colima pidieron la destituci\u00f3n la Titular de la Comisi\u00f3n de B\u00fasqueda de Personas de Colima, Rosa Evelia P\u00e9rez Valdivia, quien fuera\u2026","rel":"","context":"En &quot;CINTILLO&quot;","block_context":{"text":"CINTILLO","link":"https:\/\/www.grieta.org.mx\/index.php\/category\/cintillo\/"},"img":{"alt_text":"","src":"https:\/\/i0.wp.com\/www.grieta.org.mx\/wp-content\/uploads\/2020\/12\/personas-desaparecidas-696x284-1.png?resize=350%2C200&ssl=1","width":350,"height":200,"srcset":"https:\/\/i0.wp.com\/www.grieta.org.mx\/wp-content\/uploads\/2020\/12\/personas-desaparecidas-696x284-1.png?resize=350%2C200&ssl=1 1x, https:\/\/i0.wp.com\/www.grieta.org.mx\/wp-content\/uploads\/2020\/12\/personas-desaparecidas-696x284-1.png?resize=525%2C300&ssl=1 1.5x"},"classes":[]},{"id":45709,"url":"https:\/\/www.grieta.org.mx\/index.php\/2020\/02\/25\/la-ceav-quiere-bajar-la-cortina-presupuestal-en-el-tema-de-desaparecidos-colectivos-veracruz\/","url_meta":{"origin":70670,"position":4},"title":"La CEAV \u201cquiere bajar la cortina presupuestal\u201d en el tema de desaparecidos: colectivos (Veracruz)","author":"Admin","date":"25 febrero, 2020","format":false,"excerpt":"No\u00e9 Zavaleta \/ Proceso XALAPA, Ver. (apro).- Colectivos de desaparecidos de Veracruz, junto con activistas que acudieron a la Quinta Brigada Nacional de B\u00fasqueda, denunciaron que la Comisi\u00f3n Ejecutiva de Atenci\u00f3n a V\u00edctimas (CEAV) y su nueva administraci\u00f3n pretendan retirarles el apoyo alegando falta de presupuesto. En un comunicado emitido\u2026","rel":"","context":"En &quot;CINTILLO&quot;","block_context":{"text":"CINTILLO","link":"https:\/\/www.grieta.org.mx\/index.php\/category\/cintillo\/"},"img":{"alt_text":"","src":"https:\/\/i0.wp.com\/www.grieta.org.mx\/wp-content\/uploads\/2020\/03\/colectivo-desaparecidos-1-870x522.jpg?resize=350%2C200&ssl=1","width":350,"height":200,"srcset":"https:\/\/i0.wp.com\/www.grieta.org.mx\/wp-content\/uploads\/2020\/03\/colectivo-desaparecidos-1-870x522.jpg?resize=350%2C200&ssl=1 1x, https:\/\/i0.wp.com\/www.grieta.org.mx\/wp-content\/uploads\/2020\/03\/colectivo-desaparecidos-1-870x522.jpg?resize=525%2C300&ssl=1 1.5x, https:\/\/i0.wp.com\/www.grieta.org.mx\/wp-content\/uploads\/2020\/03\/colectivo-desaparecidos-1-870x522.jpg?resize=700%2C400&ssl=1 2x"},"classes":[]},{"id":43008,"url":"https:\/\/www.grieta.org.mx\/index.php\/2020\/01\/08\/hay-en-tamaulipas-7-mil-desaparecidos-irving-barrios\/","url_meta":{"origin":70670,"position":5},"title":"Hay en Tamaulipas 7 mil desaparecidos: Irving Barrios","author":"grieta","date":"8 enero, 2020","format":false,"excerpt":"Se trabaja en coordinaci\u00f3n con la Comisi\u00f3n Estatal de B\u00fasqueda y de los colectivos Ram\u00f3n Mendoza S.\/La Capital 8 enero 2019 CIUDAD VICTORIA, TAMAULIPAS.- La Fiscal\u00eda General del Estado de Tamaulipas report\u00f3 de manera oficial tener un registro de 7 mil personas desaparecidas, as\u00ed lo indic\u00f3 su titular, Irving Barrios\u2026","rel":"","context":"En &quot;CINTILLO&quot;","block_context":{"text":"CINTILLO","link":"https:\/\/www.grieta.org.mx\/index.php\/category\/cintillo\/"},"img":{"alt_text":"","src":"https:\/\/i0.wp.com\/www.grieta.org.mx\/wp-content\/uploads\/2020\/01\/f9b8c5cd-feb9-4ec9-8799-ca5f360f2647.jpg?resize=350%2C200&ssl=1","width":350,"height":200,"srcset":"https:\/\/i0.wp.com\/www.grieta.org.mx\/wp-content\/uploads\/2020\/01\/f9b8c5cd-feb9-4ec9-8799-ca5f360f2647.jpg?resize=350%2C200&ssl=1 1x, https:\/\/i0.wp.com\/www.grieta.org.mx\/wp-content\/uploads\/2020\/01\/f9b8c5cd-feb9-4ec9-8799-ca5f360f2647.jpg?resize=525%2C300&ssl=1 1.5x, https:\/\/i0.wp.com\/www.grieta.org.mx\/wp-content\/uploads\/2020\/01\/f9b8c5cd-feb9-4ec9-8799-ca5f360f2647.jpg?resize=700%2C400&ssl=1 2x"},"classes":[]}],"_links":{"self":[{"href":"https:\/\/www.grieta.org.mx\/index.php\/wp-json\/wp\/v2\/posts\/70670","targetHints":{"allow":["GET"]}}],"collection":[{"href":"https:\/\/www.grieta.org.mx\/index.php\/wp-json\/wp\/v2\/posts"}],"about":[{"href":"https:\/\/www.grieta.org.mx\/index.php\/wp-json\/wp\/v2\/types\/post"}],"author":[{"embeddable":true,"href":"https:\/\/www.grieta.org.mx\/index.php\/wp-json\/wp\/v2\/users\/1"}],"replies":[{"embeddable":true,"href":"https:\/\/www.grieta.org.mx\/index.php\/wp-json\/wp\/v2\/comments?post=70670"}],"version-history":[{"count":1,"href":"https:\/\/www.grieta.org.mx\/index.php\/wp-json\/wp\/v2\/posts\/70670\/revisions"}],"predecessor-version":[{"id":70675,"href":"https:\/\/www.grieta.org.mx\/index.php\/wp-json\/wp\/v2\/posts\/70670\/revisions\/70675"}],"wp:featuredmedia":[{"embeddable":true,"href":"https:\/\/www.grieta.org.mx\/index.php\/wp-json\/wp\/v2\/media\/70674"}],"wp:attachment":[{"href":"https:\/\/www.grieta.org.mx\/index.php\/wp-json\/wp\/v2\/media?parent=70670"}],"wp:term":[{"taxonomy":"category","embeddable":true,"href":"https:\/\/www.grieta.org.mx\/index.php\/wp-json\/wp\/v2\/categories?post=70670"},{"taxonomy":"post_tag","embeddable":true,"href":"https:\/\/www.grieta.org.mx\/index.php\/wp-json\/wp\/v2\/tags?post=70670"}],"curies":[{"name":"wp","href":"https:\/\/api.w.org\/{rel}","templated":true}]}}