{"id":70639,"date":"2024-12-07T19:38:38","date_gmt":"2024-12-08T01:38:38","guid":{"rendered":"https:\/\/www.grieta.org.mx\/?p=70639"},"modified":"2024-12-08T20:11:52","modified_gmt":"2024-12-09T02:11:52","slug":"contrato-del-tren-maya-contra-jaguares-venados-y-tapires-desata-indignacion-entre-ambientalistas","status":"publish","type":"post","link":"https:\/\/www.grieta.org.mx\/index.php\/2024\/12\/07\/contrato-del-tren-maya-contra-jaguares-venados-y-tapires-desata-indignacion-entre-ambientalistas\/","title":{"rendered":"Contrato del Tren Maya contra jaguares, venados y tapires desata indignaci\u00f3n entre ambientalistas"},"content":{"rendered":"<p>Octavio Mart\u00ednez \/ Revista Proceso<\/p>\n<blockquote><p>Tras revelarse la asignaci\u00f3n de un contrato de la empresa Tren Maya, que califica a jaguares y venados, entre otros animales, como fauna nociva para el proyecto, organizaciones ambientalistas se manifestaron en Quintana Roo y Ciudad de M\u00e9xico contra la designaci\u00f3n.<\/p><\/blockquote>\n<p>PLAYA DEL CARMEN, Q. Roo. (Proceso).\u2013 Un contrato asignado por la empresa Tren Maya a una sociedad mercantil para \u201cahuyentar fauna nociva\u201d de las v\u00edas de dicho tren deton\u00f3 la indignaci\u00f3n de ambientalistas y defensores de animales que realizaron protestas en la Quinta Avenida de esta ciudad y en la capital del pa\u00eds, al conocer que el acuerdo califica a jaguares, venados y otras especies de la pen\u00ednsula dentro de esa categor\u00eda.<\/p>\n<p>Durante la tarde del viernes \u00faltimo se realiz\u00f3 una movilizaci\u00f3n de ambientalistas en la Quinta Avenida de Playa del Carmen. Con cacerolas en mano, pancartas y gritando consignas sobre la militarizaci\u00f3n mediante el Tren Maya caminaron hasta llegar a la Plaza 28 de Julio en el centro de esta ciudad.<\/p>\n<p>A esta movilizaci\u00f3n le antecedi\u00f3 una protesta similar efectuada por la ma\u00f1ana en la Ciudad de M\u00e9xico, donde integrantes de los mismos colectivos evidenciaron la situaci\u00f3n en la plancha del Z\u00f3calo capitalino.<\/p>\n<p><a href=\"http:\/\/www.grieta.org.mx\/wp-content\/uploads\/2024\/12\/Fauna4-e1733710069494.jpg\"><img loading=\"lazy\" decoding=\"async\" data-attachment-id=\"70645\" data-permalink=\"https:\/\/www.grieta.org.mx\/index.php\/2024\/12\/07\/contrato-del-tren-maya-contra-jaguares-venados-y-tapires-desata-indignacion-entre-ambientalistas\/screenshot-227\/\" data-orig-file=\"https:\/\/www.grieta.org.mx\/wp-content\/uploads\/2024\/12\/Fauna4-e1733710069494.jpg\" data-orig-size=\"800,819\" data-comments-opened=\"0\" data-image-meta=\"{&quot;aperture&quot;:&quot;0&quot;,&quot;credit&quot;:&quot;&quot;,&quot;camera&quot;:&quot;&quot;,&quot;caption&quot;:&quot;Screenshot&quot;,&quot;created_timestamp&quot;:&quot;0&quot;,&quot;copyright&quot;:&quot;&quot;,&quot;focal_length&quot;:&quot;0&quot;,&quot;iso&quot;:&quot;0&quot;,&quot;shutter_speed&quot;:&quot;0&quot;,&quot;title&quot;:&quot;Screenshot&quot;,&quot;orientation&quot;:&quot;1&quot;}\" data-image-title=\"Screenshot\" data-image-description=\"\" data-image-caption=\"\" data-medium-file=\"https:\/\/www.grieta.org.mx\/wp-content\/uploads\/2024\/12\/Fauna4-293x300.jpg\" data-large-file=\"https:\/\/www.grieta.org.mx\/wp-content\/uploads\/2024\/12\/Fauna4-e1733710069494.jpg\" class=\"alignright size-full wp-image-70645\" src=\"http:\/\/www.grieta.org.mx\/wp-content\/uploads\/2024\/12\/Fauna4-e1733710069494.jpg\" alt=\"\" width=\"800\" height=\"819\" \/><\/a><\/p>\n<p>Los ambientalistas, miembros del movimiento S\u00e9lvame del Tren, demandaron la nulidad del contrato identificado con el folio TM-CGRMSG-ADQ-0200\/2024, celebrado entre la sociedad mercantil Susoma Soluciones Ambientales y Tren Maya, SA de CV, \u00e9sta \u00faltima es la sociedad mercantil constituida por la Secretar\u00eda de la Defensa Nacional (Sedena) y Banj\u00e9rcito, que maneja todo el proyecto federal.<\/p>\n<p>El fin de semana \u00faltimo el diario El Universal dio a conocer este contrato, el cual puede ser consultado mediante la Plataforma Nacional de Transparencia. El objeto es el servicio para el manejo de \u201cfauna nociva\u201d para las operaciones ferroviarias del Tren Maya.<\/p>\n<figure id=\"attachment_70640\" aria-describedby=\"caption-attachment-70640\" style=\"width: 714px\" class=\"wp-caption alignright\"><a href=\"http:\/\/www.grieta.org.mx\/wp-content\/uploads\/2024\/12\/Fauna2.jpg\"><img loading=\"lazy\" decoding=\"async\" data-attachment-id=\"70640\" data-permalink=\"https:\/\/www.grieta.org.mx\/index.php\/2024\/12\/07\/contrato-del-tren-maya-contra-jaguares-venados-y-tapires-desata-indignacion-entre-ambientalistas\/screenshot-224\/\" data-orig-file=\"https:\/\/www.grieta.org.mx\/wp-content\/uploads\/2024\/12\/Fauna2.jpg\" data-orig-size=\"714,400\" data-comments-opened=\"0\" data-image-meta=\"{&quot;aperture&quot;:&quot;0&quot;,&quot;credit&quot;:&quot;&quot;,&quot;camera&quot;:&quot;&quot;,&quot;caption&quot;:&quot;Screenshot&quot;,&quot;created_timestamp&quot;:&quot;0&quot;,&quot;copyright&quot;:&quot;&quot;,&quot;focal_length&quot;:&quot;0&quot;,&quot;iso&quot;:&quot;0&quot;,&quot;shutter_speed&quot;:&quot;0&quot;,&quot;title&quot;:&quot;Screenshot&quot;,&quot;orientation&quot;:&quot;1&quot;}\" data-image-title=\"Screenshot\" data-image-description=\"\" data-image-caption=\"&lt;p&gt;Manifestaci\u00f3n en Playa del Carmen. Foto: Especial&lt;\/p&gt;\n\" data-medium-file=\"https:\/\/www.grieta.org.mx\/wp-content\/uploads\/2024\/12\/Fauna2-300x168.jpg\" data-large-file=\"https:\/\/www.grieta.org.mx\/wp-content\/uploads\/2024\/12\/Fauna2.jpg\" class=\"size-full wp-image-70640\" src=\"http:\/\/www.grieta.org.mx\/wp-content\/uploads\/2024\/12\/Fauna2.jpg\" alt=\"\" width=\"714\" height=\"400\" srcset=\"https:\/\/www.grieta.org.mx\/wp-content\/uploads\/2024\/12\/Fauna2.jpg 714w, https:\/\/www.grieta.org.mx\/wp-content\/uploads\/2024\/12\/Fauna2-300x168.jpg 300w\" sizes=\"auto, (max-width: 714px) 100vw, 714px\" \/><\/a><figcaption id=\"caption-attachment-70640\" class=\"wp-caption-text\">Manifestaci\u00f3n en Playa del Carmen. Foto: Especial<\/figcaption><\/figure>\n<p>En el anexo t\u00e9cnico del documento se especifica que el particular puede utilizar feromonas con animales entrenados (como perros y aves) y pirotecnia para ahuyentar fauna local: venados, jaguares y tapires.<br \/>\nDe nuevo, opacidad<\/p>\n<p>Una vez que se conoci\u00f3 p\u00fablicamente de tales actividades el malestar se desat\u00f3 entre la comunidad de ambientalistas locales, los mismos que hace meses interpusieron amparos contra la obra federal.<\/p>\n<p>De acuerdo con M\u00f3nica Ruiz, integrante de la organizaci\u00f3n Cenotes Urbanos, la incertidumbre ha crecido porque no pueden verificar lo que ocurre en las v\u00edas del Tren Maya, luego de que trabajadores colocaron una cerca que no permite acceder al trazado, como lo hac\u00edan anteriormente.<\/p>\n<p>Hasta ahora no se ha informado sobre acciones legales a iniciar contra esta nueva situaci\u00f3n de menoscabo al ecosistema local, relacionado con el Tren Maya.<\/p>\n<figure id=\"attachment_70642\" aria-describedby=\"caption-attachment-70642\" style=\"width: 800px\" class=\"wp-caption alignright\"><a href=\"http:\/\/www.grieta.org.mx\/wp-content\/uploads\/2024\/12\/Fauna3-e1733710236280.jpg\"><img loading=\"lazy\" decoding=\"async\" data-attachment-id=\"70642\" data-permalink=\"https:\/\/www.grieta.org.mx\/index.php\/2024\/12\/07\/contrato-del-tren-maya-contra-jaguares-venados-y-tapires-desata-indignacion-entre-ambientalistas\/screenshot-226\/\" data-orig-file=\"https:\/\/www.grieta.org.mx\/wp-content\/uploads\/2024\/12\/Fauna3-e1733710236280.jpg\" data-orig-size=\"800,628\" data-comments-opened=\"0\" data-image-meta=\"{&quot;aperture&quot;:&quot;0&quot;,&quot;credit&quot;:&quot;&quot;,&quot;camera&quot;:&quot;&quot;,&quot;caption&quot;:&quot;Screenshot&quot;,&quot;created_timestamp&quot;:&quot;0&quot;,&quot;copyright&quot;:&quot;&quot;,&quot;focal_length&quot;:&quot;0&quot;,&quot;iso&quot;:&quot;0&quot;,&quot;shutter_speed&quot;:&quot;0&quot;,&quot;title&quot;:&quot;Screenshot&quot;,&quot;orientation&quot;:&quot;1&quot;}\" data-image-title=\"Screenshot\" data-image-description=\"\" data-image-caption=\"&lt;p&gt;El contrato contra la fauna nativa. Foto: Especial&lt;\/p&gt;\n\" data-medium-file=\"https:\/\/www.grieta.org.mx\/wp-content\/uploads\/2024\/12\/Fauna3-300x236.jpg\" data-large-file=\"https:\/\/www.grieta.org.mx\/wp-content\/uploads\/2024\/12\/Fauna3-1024x804.jpg\" src=\"http:\/\/www.grieta.org.mx\/wp-content\/uploads\/2024\/12\/Fauna3-e1733710236280.jpg\" alt=\"\" width=\"800\" height=\"628\" class=\"size-full wp-image-70642\" \/><\/a><figcaption id=\"caption-attachment-70642\" class=\"wp-caption-text\">El contrato contra la fauna nativa. Foto: Especial<\/figcaption><\/figure>\n<p>Susoma Soluciones Ambientales, sociedad mercantil constituida en Toluca, gan\u00f3 dos contratos con el Tren Maya.<\/p>\n<p>La segunda relaci\u00f3n contractual es para la supervisi\u00f3n ambiental de los siete tramos y el cumplimiento de condicionantes ambientales que impuso la Secretar\u00eda de Medio Ambiente y Recursos Naturales (Semarnat) para que el proyecto pudiera realizarse, condicionantes que hasta la fecha no se han acatado.<\/p>\n<p>En total ha sido beneficiado con un monto de 17 millones 829 mil 336 pesos por ambos contratos durante este 2024, para ejecutar tales labores en las diversas entidades donde corre el proyecto federal.<\/p>\n<p><a href=\"https:\/\/www.proceso.com.mx\/nacional\/2024\/12\/7\/contrato-del-tren-maya-contra-jaguares-venados-tapires-desata-indignacion-entre-ambientalistas-341659.html\" target=\"_blank\" rel=\"noopener\">https:\/\/www.proceso.com.mx\/nacional\/2024\/12\/7\/contrato-del-tren-maya-contra-jaguares-venados-tapires-desata-indignacion-entre-ambientalistas-341659.html<\/a><\/p>\n","protected":false},"excerpt":{"rendered":"<p>Octavio Mart\u00ednez \/ Revista Proceso Tras revelarse la asignaci\u00f3n de un contrato de la empresa Tren Maya, que califica a jaguares y venados, entre otros animales, como fauna nociva para &hellip; <a href=\"https:\/\/www.grieta.org.mx\/index.php\/2024\/12\/07\/contrato-del-tren-maya-contra-jaguares-venados-y-tapires-desata-indignacion-entre-ambientalistas\/\" class=\"more-link\">Leer m\u00e1s<\/a><\/p>\n","protected":false},"author":2,"featured_media":70641,"comment_status":"closed","ping_status":"closed","sticky":false,"template":"","format":"standard","meta":{"ngg_post_thumbnail":0,"_jetpack_newsletter_access":"","_jetpack_dont_email_post_to_subs":false,"_jetpack_newsletter_tier_id":0,"_jetpack_memberships_contains_paywalled_content":false,"_jetpack_memberships_contains_paid_content":false,"footnotes":""},"categories":[11,80,3,922,926,944,952,2,28,1875,1876,1877,2026,36],"tags":[223,2987,3514,1803,1878],"class_list":["post-70639","post","type-post","status-publish","format-standard","has-post-thumbnail","hentry","category-campeche","category-cintillo","category-megaproyectos","category-megaproyectos-estados","category-mp-campeche","category-mp-quintana-roo","category-mp-yucatan","category-noticias-nacionales","category-quintana-roo","category-resistencia-al-tren-maya-en-la-peninsula-de-yucatan","category-resistencia-al-tren-maya-en-la-peninsula-de-yucatan-quintana-roo","category-resistencia-al-tren-maya-en-la-peninsula-de-yucatan-campeche","category-tren-maya","category-yucatan","tag-ecocidio","tag-impacto-ecologico-por-tren-maya","tag-protestas-contra-tren-maya","tag-sedena","tag-tren-maya","entry"],"jetpack_featured_media_url":"https:\/\/www.grieta.org.mx\/wp-content\/uploads\/2024\/12\/Fauna-e1733709245363.jpg","jetpack_sharing_enabled":true,"jetpack_shortlink":"https:\/\/wp.me\/p7ZJR4-inl","jetpack_likes_enabled":false,"jetpack-related-posts":[{"id":47874,"url":"https:\/\/www.grieta.org.mx\/index.php\/2020\/04\/13\/las-vias-torcidas-del-tren-maya-video\/","url_meta":{"origin":70639,"position":0},"title":"Las v\u00edas torcidas del tren maya (Video)","author":"grieta","date":"13 abril, 2020","format":false,"excerpt":"https:\/\/www.youtube.com\/watch?v=k8FRX9eT0YY","rel":"","context":"En &quot;16. Pueblo Maya&quot;","block_context":{"text":"16. Pueblo Maya","link":"https:\/\/www.grieta.org.mx\/index.php\/category\/espejos-de-la-resistencia\/16-pueblo-maya\/"},"img":{"alt_text":"","src":"https:\/\/i0.wp.com\/www.grieta.org.mx\/wp-content\/uploads\/2020\/04\/ViasTorcidasTrenMaya.png?resize=350%2C200&ssl=1","width":350,"height":200,"srcset":"https:\/\/i0.wp.com\/www.grieta.org.mx\/wp-content\/uploads\/2020\/04\/ViasTorcidasTrenMaya.png?resize=350%2C200&ssl=1 1x, https:\/\/i0.wp.com\/www.grieta.org.mx\/wp-content\/uploads\/2020\/04\/ViasTorcidasTrenMaya.png?resize=525%2C300&ssl=1 1.5x, https:\/\/i0.wp.com\/www.grieta.org.mx\/wp-content\/uploads\/2020\/04\/ViasTorcidasTrenMaya.png?resize=700%2C400&ssl=1 2x"},"classes":[]},{"id":35945,"url":"https:\/\/www.grieta.org.mx\/index.php\/2019\/07\/05\/expansion-de-megaproyectos-en-la-peninsula-de-yucatan-video\/","url_meta":{"origin":70639,"position":1},"title":"Expansi\u00f3n de Megaproyectos en la Pen\u00ednsula de Yucat\u00e1n (Video)","author":"grieta","date":"5 julio, 2019","format":false,"excerpt":"https:\/\/youtu.be\/qLBARIAaBsI","rel":"","context":"En &quot;Campeche&quot;","block_context":{"text":"Campeche","link":"https:\/\/www.grieta.org.mx\/index.php\/category\/noticias-nacionales\/campeche\/"},"img":{"alt_text":"","src":"https:\/\/i0.wp.com\/img.youtube.com\/vi\/qLBARIAaBsI\/0.jpg?resize=350%2C200","width":350,"height":200},"classes":[]},{"id":68844,"url":"https:\/\/www.grieta.org.mx\/index.php\/2024\/04\/29\/ambientalistas-clausuran-las-oficinas-de-semarnat-tras-calificarla-de-ecocida-quintana-roo\/","url_meta":{"origin":70639,"position":2},"title":"Ambientalistas &#8220;clausuran&#8221; las oficinas de Semarnat tras calificarla de ecocida (Quintana Roo)","author":"grieta","date":"29 abril, 2024","format":false,"excerpt":"Leslie Gordillo \/ NOTICARIBE PENINSULAR CANC\u00daN.- Un grupo de ambientalistas, representante de diferentes organismos y asociaciones civiles, se manifestaron en la zona hotelera de Canc\u00fan y clausuraron de manera simb\u00f3lica las oficinas de la Secretar\u00eda de Medio Ambiente y Recursos Naturales (Semarnat). La denuncia es que la Semarnat ha sido\u2026","rel":"","context":"En &quot;Campeche&quot;","block_context":{"text":"Campeche","link":"https:\/\/www.grieta.org.mx\/index.php\/category\/noticias-nacionales\/campeche\/"},"img":{"alt_text":"","src":"https:\/\/i0.wp.com\/www.grieta.org.mx\/wp-content\/uploads\/2024\/04\/ambientalitas-e1715552774254.jpg?resize=350%2C200&ssl=1","width":350,"height":200,"srcset":"https:\/\/i0.wp.com\/www.grieta.org.mx\/wp-content\/uploads\/2024\/04\/ambientalitas-e1715552774254.jpg?resize=350%2C200&ssl=1 1x, https:\/\/i0.wp.com\/www.grieta.org.mx\/wp-content\/uploads\/2024\/04\/ambientalitas-e1715552774254.jpg?resize=525%2C300&ssl=1 1.5x, https:\/\/i0.wp.com\/www.grieta.org.mx\/wp-content\/uploads\/2024\/04\/ambientalitas-e1715552774254.jpg?resize=700%2C400&ssl=1 2x"},"classes":[]},{"id":45360,"url":"https:\/\/www.grieta.org.mx\/index.php\/2020\/02\/27\/no-estamos-peleando-la-suspension-provisional-del-tren-maya-sino-la-definitiva-cruz-rueda\/","url_meta":{"origin":70639,"position":3},"title":"&#8220;No estamos peleando la suspensi\u00f3n provisional del Tren Maya, sino la definitiva&#8221;: Cruz Rueda","author":"grieta","date":"27 febrero, 2020","format":false,"excerpt":"Impugnaci\u00f3n de Presidencia \"no nos quita el sue\u00f1o\" Abraham Bote \/Foto: Tomada de Twitter \/La Jornada Maya M\u00e9rida, Yucat\u00e1n Respecto a la impugnaci\u00f3n que realiz\u00f3 la Presidencia de la Rep\u00fablica y el apoderado de la Naci\u00f3n Financiera (Nafin), contra la suspensi\u00f3n provisional del proyecto de Tren Maya, la asesora jur\u00eddica\u2026","rel":"","context":"En &quot;16. Pueblo Maya&quot;","block_context":{"text":"16. Pueblo Maya","link":"https:\/\/www.grieta.org.mx\/index.php\/category\/espejos-de-la-resistencia\/16-pueblo-maya\/"},"img":{"alt_text":"","src":"https:\/\/i0.wp.com\/www.grieta.org.mx\/wp-content\/uploads\/2020\/02\/TrenMallaCampeche.png?resize=350%2C200&ssl=1","width":350,"height":200,"srcset":"https:\/\/i0.wp.com\/www.grieta.org.mx\/wp-content\/uploads\/2020\/02\/TrenMallaCampeche.png?resize=350%2C200&ssl=1 1x, https:\/\/i0.wp.com\/www.grieta.org.mx\/wp-content\/uploads\/2020\/02\/TrenMallaCampeche.png?resize=525%2C300&ssl=1 1.5x, https:\/\/i0.wp.com\/www.grieta.org.mx\/wp-content\/uploads\/2020\/02\/TrenMallaCampeche.png?resize=700%2C400&ssl=1 2x"},"classes":[]},{"id":59262,"url":"https:\/\/www.grieta.org.mx\/index.php\/2021\/05\/07\/tren-maya-amenaza-a-los-jaguares-de-la-peninsula\/","url_meta":{"origin":70639,"position":4},"title":"Tren Maya amenaza a los jaguares de la Pen\u00ednsula","author":"grieta","date":"7 mayo, 2021","format":false,"excerpt":"Herbeth Escalante \/ Haz Ruido Este megaproyecto de la 4T disminuir\u00e1 gravemente las capacidades de sobrevivencia de dichos felinos a largo plazo. La regi\u00f3n sufrir\u00e1 una fragmentaci\u00f3n brutal, no s\u00f3lo por las l\u00edneas del tren de alta velocidad, sino por el reordenamiento territorial que se realizar\u00e1 con los polos de\u2026","rel":"","context":"En &quot;Campeche&quot;","block_context":{"text":"Campeche","link":"https:\/\/www.grieta.org.mx\/index.php\/category\/noticias-nacionales\/campeche\/"},"img":{"alt_text":"","src":"https:\/\/i0.wp.com\/www.grieta.org.mx\/wp-content\/uploads\/2021\/05\/JaguaresTren.png?resize=350%2C200&ssl=1","width":350,"height":200,"srcset":"https:\/\/i0.wp.com\/www.grieta.org.mx\/wp-content\/uploads\/2021\/05\/JaguaresTren.png?resize=350%2C200&ssl=1 1x, https:\/\/i0.wp.com\/www.grieta.org.mx\/wp-content\/uploads\/2021\/05\/JaguaresTren.png?resize=525%2C300&ssl=1 1.5x, https:\/\/i0.wp.com\/www.grieta.org.mx\/wp-content\/uploads\/2021\/05\/JaguaresTren.png?resize=700%2C400&ssl=1 2x"},"classes":[]},{"id":64684,"url":"https:\/\/www.grieta.org.mx\/index.php\/2022\/08\/05\/ambientalistas-detienen-maquinaria-en-obras-del-tren-maya-quintana-roo\/","url_meta":{"origin":70639,"position":5},"title":"Ambientalistas detienen maquinaria en obras del Tren Maya (Quintana Roo)","author":"grieta","date":"5 agosto, 2022","format":false,"excerpt":"Octavio Mart\u00ednez \/ Novedades Quintana Roo Las obras del Tren Maya Tramo 5 Sur fueron detenidas temporalmente la ma\u00f1ana de ayer por ambientalistas en Akumal, tras la revocaci\u00f3n de las suspensiones definitivas otorgadas dentro de juicios de amparo. Los inconformes llegaron al desmonte de dicho poblado donde realizaron una protesta\u2026","rel":"","context":"En &quot;CINTILLO&quot;","block_context":{"text":"CINTILLO","link":"https:\/\/www.grieta.org.mx\/index.php\/category\/cintillo\/"},"img":{"alt_text":"","src":"https:\/\/i0.wp.com\/www.grieta.org.mx\/wp-content\/uploads\/2022\/08\/TrenAmbientalistas-e1659805095576.png?resize=350%2C200&ssl=1","width":350,"height":200,"srcset":"https:\/\/i0.wp.com\/www.grieta.org.mx\/wp-content\/uploads\/2022\/08\/TrenAmbientalistas-e1659805095576.png?resize=350%2C200&ssl=1 1x, https:\/\/i0.wp.com\/www.grieta.org.mx\/wp-content\/uploads\/2022\/08\/TrenAmbientalistas-e1659805095576.png?resize=525%2C300&ssl=1 1.5x, https:\/\/i0.wp.com\/www.grieta.org.mx\/wp-content\/uploads\/2022\/08\/TrenAmbientalistas-e1659805095576.png?resize=700%2C400&ssl=1 2x"},"classes":[]}],"_links":{"self":[{"href":"https:\/\/www.grieta.org.mx\/index.php\/wp-json\/wp\/v2\/posts\/70639","targetHints":{"allow":["GET"]}}],"collection":[{"href":"https:\/\/www.grieta.org.mx\/index.php\/wp-json\/wp\/v2\/posts"}],"about":[{"href":"https:\/\/www.grieta.org.mx\/index.php\/wp-json\/wp\/v2\/types\/post"}],"author":[{"embeddable":true,"href":"https:\/\/www.grieta.org.mx\/index.php\/wp-json\/wp\/v2\/users\/2"}],"replies":[{"embeddable":true,"href":"https:\/\/www.grieta.org.mx\/index.php\/wp-json\/wp\/v2\/comments?post=70639"}],"version-history":[{"count":1,"href":"https:\/\/www.grieta.org.mx\/index.php\/wp-json\/wp\/v2\/posts\/70639\/revisions"}],"predecessor-version":[{"id":70648,"href":"https:\/\/www.grieta.org.mx\/index.php\/wp-json\/wp\/v2\/posts\/70639\/revisions\/70648"}],"wp:featuredmedia":[{"embeddable":true,"href":"https:\/\/www.grieta.org.mx\/index.php\/wp-json\/wp\/v2\/media\/70641"}],"wp:attachment":[{"href":"https:\/\/www.grieta.org.mx\/index.php\/wp-json\/wp\/v2\/media?parent=70639"}],"wp:term":[{"taxonomy":"category","embeddable":true,"href":"https:\/\/www.grieta.org.mx\/index.php\/wp-json\/wp\/v2\/categories?post=70639"},{"taxonomy":"post_tag","embeddable":true,"href":"https:\/\/www.grieta.org.mx\/index.php\/wp-json\/wp\/v2\/tags?post=70639"}],"curies":[{"name":"wp","href":"https:\/\/api.w.org\/{rel}","templated":true}]}}