{"id":70587,"date":"2024-11-25T09:18:33","date_gmt":"2024-11-25T15:18:33","guid":{"rendered":"https:\/\/www.grieta.org.mx\/?p=70587"},"modified":"2024-12-01T09:30:23","modified_gmt":"2024-12-01T15:30:23","slug":"nos-unimos-en-dolor-y-en-resistencia-madres-con-hijas-desaparecidas-y-victimas-de-feminicidio-reclaman-justicia-y-alto-a-la-violencia-de-genero-en-jalisco","status":"publish","type":"post","link":"https:\/\/www.grieta.org.mx\/index.php\/2024\/11\/25\/nos-unimos-en-dolor-y-en-resistencia-madres-con-hijas-desaparecidas-y-victimas-de-feminicidio-reclaman-justicia-y-alto-a-la-violencia-de-genero-en-jalisco\/","title":{"rendered":"\u201cNos unimos en dolor y en resistencia\u201d: madres con hijas desaparecidas y v\u00edctimas de feminicidio reclaman justicia y alto a la violencia de g\u00e9nero en Jalisco"},"content":{"rendered":"<p>Imagen: Dalia Souza<\/p>\n<p><b>Madres que buscan a sus hijas desaparecidas o que han sido v\u00edctimas de un feminicidio en Jalisco<\/b><b>\u00a0se reunieron en torno a la Antimonumenta de Guadalajara para demandar justicia, castigo a sus victimarios y el respeto a sus derechos a la verdad, el no olvido, la reparaci\u00f3n y la no repetici\u00f3n.<\/b><\/p>\n<p><b>En este acto p\u00fablico de memoria y resistencia por el\u00a0<\/b><strong><i>D\u00eda Internacional para la Eliminaci\u00f3n de la Violencia contra las Mujeres,<\/i>\u00a0<\/strong><b>denunciaron la inacci\u00f3n de las autoridades jaliscienses, a quienes se\u00f1alan de \u201chaberles fallado\u201d al no garantizarles investigaciones diligentes, efectivas y con perspectiva de g\u00e9nero para ellas y sus hijas.<\/b><\/p>\n<p><b>Acompa\u00f1adas del<\/b><b><i>\u00a0Comit\u00e9 de Am\u00e9rica Latina y el Caribe para la Defensa de los Derechos Humanos de las Mujeres en Jalisco (CLADEM, Jalisco)<\/i><\/b><b>, demandaron al gobierno estatal y municipales entrantes que asuman sus responsabilidad hist\u00f3rica y se comprometan \u201cde manera firme y efectiva con la prevenci\u00f3n, atenci\u00f3n, sanci\u00f3n y erradicaci\u00f3n de la violencia contra las mujeres y las ni\u00f1as\u201d del estado.\u00a0<\/b><\/p>\n<p>Dalia Souza \/ Zona Docs<\/p>\n<p>Reunidas en torno a la\u00a0<b>Antimonumenta de Guadalajara<\/b>\u00a0las madres de\u00a0<b>Daniela Zabalza<\/b>, v\u00edctima de feminicidio el 19 de junio de 2023;\u00a0<b>Carolina Bastidas<\/b>, v\u00edctima de feminicidio el 10 de diciembre de 2016;<b>\u00a0Brenda Johana P\u00e1nuco Cruz<\/b>, v\u00edctima de feminicidio el 21 de mayo de 2018;\u00a0<b>Sandra Nayeli Fernandez\u00a0<\/b>desaparecida desde el 1 de mayo de 2019; y<b>\u00a0Mar\u00eda Elizabeth P\u00e9rez<\/b>, v\u00edctima de feminicidio el 11 de octubre de 2019,\u00a0<b>unieron sus voces para exigir a las autoridades de Jalisco\u00a0<\/b>que cumplan con su obligaci\u00f3n de garantizarles a ellas y a sus hijas procesos judiciales y de investigaci\u00f3n que les garanticen\u00a0<b>sus derechos a la justicia, la verdad, la reparaci\u00f3n y la no repetici\u00f3n.\u00a0<\/b><\/p>\n<p>\u201cNos unimos en dolor y en resistencia para denunciar la inacci\u00f3n de las autoridades, quienes han fallado en garantizar investigaciones diligentes, efectivas y con perspectiva de g\u00e9nero, como lo exigen las leyes nacionales e internacionales\u201d afirm\u00f3 la se\u00f1ora\u00a0<b>Mar\u00eda Auxilio, madre de Carolina Bastidas\u00a0<\/b>durante la lectura de su pronunciamiento en el marco del\u00a0<i>D\u00eda Internacional para la Eliminaci\u00f3n de la Violencia contra las Mujeres<\/i>.<\/p>\n<p>Juntas, como integrantes del colectivo\u00a0<b><i>\u00a0Familias Unidas contra los Feminicidios en Jalisco,<\/i><\/b>\u00a0alzaron la voz recordando que las vidas de sus hijas\u00a0<b>\u201cles fueron arrebatas en medio de un clima de violencia e impunidad que no cesa\u201d<\/b>; por ello, exigieron que sus casos \u201cno se queden en la opacidad y sean reducidos a cifras\u201d, ya que \u201ccada una de ellas era una vida con sue\u00f1os, derechos y un futuro arrebatado injustamente\u201d.<\/p>\n<p>En ese sentido, la madre de\u00a0<b>Mar\u00eda Elizabeth P\u00e9rez<\/b>, reconoci\u00f3 como \u201cinaceptable\u201d que las autoridades jaliscienses sean c\u00f3mplices de un \u201csistema que ignora el dolor\u201d de las familias que sufren el feminicidio o la desaparici\u00f3n de una de sus hijas, madres, esposas, mujeres queridas y que, con ello, se normalice la violencia de g\u00e9nero en el estado.<\/p>\n<p>Por lo que, llam\u00f3 a la sociedad a sumarse a su reclamo de<b>\u00a0esclarecimiento de los cr\u00edmenes feminicidas<\/b>, as\u00ed como,<b>\u00a0a la demanda de castigo para las personas responsables materiales e intelectuales.\u00a0<\/b><\/p>\n<p><b><\/b>Por su parte, Matilde P\u00e9rez, madre de Daniela Zabalza tom\u00f3 el meg\u00e1fono y llam\u00f3 a que su lucha sea reconocida como una herramienta para\u00a0<b>\u201cgenerar conciencia y promover cambios que erradiquen la impunidad que prevalece en cientos de casos\u201d<\/b>.<\/p>\n<p>\u201cHoy estamos aqu\u00ed para recordar a nuestras hijas porque para nosotras es fundamental dignificar su memoria, mantener viva la exigencia de justicia y preservar su historia, porque ello contribuye a visibilizar las violencias que vivieron ellas y que siguen viviendo las mujeres y ni\u00f1as en este pa\u00eds\u201d apunt\u00f3.<\/p>\n<p>La se\u00f1ora Matilde record\u00f3 que Daniela Zabalza P\u00e9rez, su hija, fue desaparecida y luego localizada sin vida en la colonia Atemajac en Zapopan, Jalisco. Los hechos sucedieron el 19 de junio de 2023 y su presunto feminicida y expareja, identificado como Aldo Sergio \u201cN\u201d, aunque cuenta con una orden de aprehensi\u00f3n,\u00a0<b>las autoridades ministeriales no han conseguido cumplimentarla.\u00a0<\/b><\/p>\n<p>El\u00a0<b><i>Comit\u00e9 de Am\u00e9rica Latina y el Caribe para la Defensa de los Derechos Humanos de las Mujeres en Jalisco (CLADEM, Jalisco)<\/i><\/b><b>,\u00a0<\/b>presente en el acto p\u00fablico de exigencia de justicia y no olvido, alzaron la voz tambi\u00e9n para denunciar\u00a0<b>\u201clas condiciones alarmantes de violencia que enfrentan las mujeres y las ni\u00f1as en M\u00e9xico y en Jalisco\u201d<\/b>.<\/p>\n<p>A trav\u00e9s de una de sus integrantes, la abogada Alejandra Cartagena, expusieron que en este estado\u00a0<b>\u201cpersisten los feminicidios, las desapariciones y las m\u00faltiples violencias de g\u00e9nero\u201d,<\/b>\u00a0delitos y graves violaciones a derechos humanos que \u201cafectan la vida y la integridad\u201d de miles de mujeres y ni\u00f1as. Muestra de ello, revelaron, son las cifras de\u00a0<b>asesinatos violentos y feminicidios de mujeres en la entidad, que hasta la fecha acumulan los 150 casos,<\/b>\u00a0as\u00ed como, las\u00a0<b>mil 778 desapariciones de mujeres y ni\u00f1as<\/b>\u00a0que oficialmente reconoce el Sistema de Informaci\u00f3n Sobre V\u00edctimas de Desaparici\u00f3n (SISOVID).<\/p>\n<p>En ese sentido, afirmaron que la violencia contra las mujeres y las ni\u00f1as tambi\u00e9n est\u00e1 compuesta por la\u00a0<b>\u201cperpetuaci\u00f3n de un sistema que normaliza la impunidad, discrimina a las v\u00edctimas y revictimiza a sus familias\u201d.<\/b><\/p>\n<p>Patricia Ortega, acad\u00e9mica feminista y representante de la<i>\u00a0Red por los Derechos Sexuales y Reproductivos en Jalisco (Ddeser Jalisco),\u00a0<\/i>presente en el acto, reconci\u00f3 que el gobierno estatal saliente, a cargo de Enrique Alfaro,\u00a0<b>\u201ctermin\u00f3 como inici\u00f3, simulando justicia para las mujeres violentadas, agredidas, desaparecidas, asesinadas por una sociedad machista y patriarcal como lo es la sociedad jalisicense\u201d<\/b>.<\/p>\n<p>Al respecto cuestion\u00f3 que, si bien, los discursos oficiales apuntan a que durante el sexenio 2018-2024 existieron<b>\u00a0pr\u00e1cticas distintas hacia las mujeres, ni\u00f1as, j\u00f3venes y las redes de colectivas<\/b>\u00a0en Jalisco que luchan por la justicia y para erradicar la violencia de g\u00e9nero en la entidad, incluso, que se incidi\u00f3 \u201cpara resolver muchos de los casos que se presentaron\u201d<b>, esto no fue as\u00ed<\/b>; y apunt\u00f3: \u201cdir\u00e1n que hubo avances aunque al final el resultado fue el mismo, cambiaron todo para que nada cambiara\u201d.<\/p>\n<p>A la par, denunci\u00f3 que en este nuevo gobierno, que estar\u00e1 a cargo del\u00a0<b>gobernador electo, Pablo Lemus<\/b>, se han incluido funcionarios que han mostrado\u00a0<b>su abierta posici\u00f3n antiderechos de las mujeres.\u00a0<\/b>Tal es el caso de\u00a0\u00a0<b>Juan Carlos Flores Miramontes, Secretario de Educaci\u00f3n de Jalisco,<\/b>\u00a0quien \u201cabiertamente se ha manifestado en contra del derecho a decidir de las mujeres en un contexto donde el embarazo de ni\u00f1as y adolescentes es dram\u00e1tico y, a\u00fan m\u00e1s, cuando a las chicas se les obliga a parir en abierta violaci\u00f3n a sus derechos\u201d precis\u00f3.<\/p>\n<p>Por lo tanto, exigieron al\u00a0<b>gobierno estatal y municipales entrantes de Jalisco<\/b>\u00a0que \u201casuman su responsabilidad hist\u00f3rica y se comprometan de manera firme y efectiva con la prevenci\u00f3n, atenci\u00f3n, sanci\u00f3n y erradicaci\u00f3n de la violencia contra las mujeres y las ni\u00f1as\u201d.<\/p>\n<p>Para lograr lo anterior, consideraron, ser\u00e1 indispensable el cumplimiento de una serie de demandas, entre las que destacan:<\/p>\n<p>1.<b>\u2013 Implementar una pol\u00edtica p\u00fablica integral de prevenci\u00f3n<\/b>, que contemple campa\u00f1as educativas, sensibilizaci\u00f3n desde edades tempranas y capacitaci\u00f3n obligatoria a las y los funcionarios p\u00fablicos en materia de perspectiva de g\u00e9nero y derechos humanos.<\/p>\n<p>2.-<b>\u00a0Fortalecer y garantizar el acceso a la justicia<\/b>\u00a0mediante investigaciones diligentes, perspectiva de g\u00e9nero y un enfoque centrado en las v\u00edctimas.<\/p>\n<p>3.-\u00a0<b>Priorizar la b\u00fasqueda efectiva de mujeres desaparecidas\u00a0<\/b>y<b>\u00a0atender de manera urgente los casos de violencia feminicida.<\/b><\/p>\n<p>4.-\u00a0<b>Destinar recursos suficientes y sostenidos\u00a0<\/b>para fortalecer los refugios, centros de atenci\u00f3n y programas especializados que apoyen a las mujeres sobrevivientes de violencia.<\/p>\n<p>\u201cHoy, 25 de noviembre, reiteramos nuestras exigencias por un Jalisco libre de violencia de g\u00e9nero.\u00a0Porque no queremos m\u00e1s ausencias ni m\u00e1s violencia, exigimos verdad y justicia\u201d concluyeron.<\/p>\n<p><a href=\"https:\/\/www.zonadocs.mx\/2024\/11\/25\/nos-unimos-en-dolor-y-en-resistencia-madres-con-hijas-desaparecidas-y-victimas-de-feminicidio-reclaman-justicia-y-alto-a-la-violencia-de-genero-en-jalisco\/\">https:\/\/www.zonadocs.mx\/2024\/11\/25\/nos-unimos-en-dolor-y-en-resistencia-madres-con-hijas-desaparecidas-y-victimas-de-feminicidio-reclaman-justicia-y-alto-a-la-violencia-de-genero-en-jalisco\/<\/a><\/p>\n","protected":false},"excerpt":{"rendered":"<p>Imagen: Dalia Souza Madres que buscan a sus hijas desaparecidas o que han sido v\u00edctimas de un feminicidio en Jalisco\u00a0se reunieron en torno a la Antimonumenta de Guadalajara para demandar &hellip; <a href=\"https:\/\/www.grieta.org.mx\/index.php\/2024\/11\/25\/nos-unimos-en-dolor-y-en-resistencia-madres-con-hijas-desaparecidas-y-victimas-de-feminicidio-reclaman-justicia-y-alto-a-la-violencia-de-genero-en-jalisco\/\" class=\"more-link\">Leer m\u00e1s<\/a><\/p>\n","protected":false},"author":2,"featured_media":70588,"comment_status":"closed","ping_status":"closed","sticky":false,"template":"","format":"standard","meta":{"ngg_post_thumbnail":0,"_jetpack_newsletter_access":"","_jetpack_dont_email_post_to_subs":false,"_jetpack_newsletter_tier_id":0,"_jetpack_memberships_contains_paywalled_content":false,"_jetpack_memberships_contains_paid_content":false,"footnotes":""},"categories":[80,87,1032,84,2107,20,2,83],"tags":[3791,3018,631,3775,1668,3069,2999,81,2227,3975,2193,1434],"class_list":["post-70587","post","type-post","status-publish","format-standard","has-post-thumbnail","hentry","category-cintillo","category-desaparecidos","category-desaparecidos-en-jalisco","category-feminicidios","category-feminicidios-en-jalisco","category-jalisco","category-noticias-nacionales","category-temas-nacionales","tag-acciones-por-desaparecidos","tag-colectivos-de-busqueda-de-desaparecidos","tag-desaparecidas","tag-estadisticas-de-desaparecidos","tag-familiares-de-desaparecidos","tag-familiares-de-mujeres-victimas-de-feminicidio","tag-feminicidio-violencia-contra-las-mujeres","tag-feminicidios","tag-feminicidios-infantiles","tag-madres-de-desaparecidos","tag-ninas-asesinadas","tag-ninas-desaparecidas","entry"],"jetpack_featured_media_url":"https:\/\/www.grieta.org.mx\/wp-content\/uploads\/2024\/12\/DSC03260-1536x1021-1.jpg","jetpack_sharing_enabled":true,"jetpack_shortlink":"https:\/\/wp.me\/p7ZJR4-imv","jetpack_likes_enabled":false,"jetpack-related-posts":[{"id":65820,"url":"https:\/\/www.grieta.org.mx\/index.php\/2022\/11\/25\/exigimos-justicia-para-nuestras-hijas-familiares-de-mujeres-victimas-de-feminicidio-y-desaparicion-en-jalisco\/","url_meta":{"origin":70587,"position":0},"title":"\u201cExigimos justicia para nuestras hijas\u201d: familiares de mujeres v\u00edctimas de feminicidio y desaparici\u00f3n en Jalisco","author":"grieta","date":"25 noviembre, 2022","format":false,"excerpt":"Imagen: Darwin Franco Frente a la Antimonumenta GDL de la Plaza Imelda Virgen,\u00a0familiares de mujeres v\u00edctimas de feminicidio y desaparici\u00f3n, as\u00ed como integrantes del\u00a0Comite\u0301 de Ame\u0301rica Latina y el Caribe para la Defensa de los Derechos Humanos de las Mujeres (CLADEM Jalisco) denunciaron que las autoridades de Jalisco no han\u2026","rel":"","context":"En &quot;CINTILLO&quot;","block_context":{"text":"CINTILLO","link":"https:\/\/www.grieta.org.mx\/index.php\/category\/cintillo\/"},"img":{"alt_text":"","src":"https:\/\/i0.wp.com\/www.grieta.org.mx\/wp-content\/uploads\/2022\/11\/photo5478685335778076605-1068x801-1.jpg?resize=350%2C200&ssl=1","width":350,"height":200,"srcset":"https:\/\/i0.wp.com\/www.grieta.org.mx\/wp-content\/uploads\/2022\/11\/photo5478685335778076605-1068x801-1.jpg?resize=350%2C200&ssl=1 1x, https:\/\/i0.wp.com\/www.grieta.org.mx\/wp-content\/uploads\/2022\/11\/photo5478685335778076605-1068x801-1.jpg?resize=525%2C300&ssl=1 1.5x, https:\/\/i0.wp.com\/www.grieta.org.mx\/wp-content\/uploads\/2022\/11\/photo5478685335778076605-1068x801-1.jpg?resize=700%2C400&ssl=1 2x, https:\/\/i0.wp.com\/www.grieta.org.mx\/wp-content\/uploads\/2022\/11\/photo5478685335778076605-1068x801-1.jpg?resize=1050%2C600&ssl=1 3x"},"classes":[]},{"id":57694,"url":"https:\/\/www.grieta.org.mx\/index.php\/2021\/03\/09\/con-listones-color-violeta-y-veladoras-feministas-exigen-frente-a-palacio-de-gobierno-justicia-para-victimas-de-feminicidio-y-desaparicion-en-jalisco\/","url_meta":{"origin":70587,"position":1},"title":"Con listones color violeta y veladoras, feministas exigen frente a Palacio de Gobierno justicia para v\u00edctimas de feminicidio y desaparici\u00f3n en Jalisco","author":"grieta","date":"9 marzo, 2021","format":false,"excerpt":"Foto: Mario Marlo Dalia Souza \/ Zona Docs En Jalisco, durante los \u00faltimos cinco a\u00f1os, las autoridades del estado\u00a0han acumulado cerca de 80 mil carpetas de investigaci\u00f3n por delitos cometidos contra mujeres; mientras que, en lo que va del a\u00f1o 2021 -hasta el 8 de marzo-,\u00a0han sido asesinadas de manera\u2026","rel":"","context":"En &quot;CINTILLO&quot;","block_context":{"text":"CINTILLO","link":"https:\/\/www.grieta.org.mx\/index.php\/category\/cintillo\/"},"img":{"alt_text":"","src":"https:\/\/i0.wp.com\/www.grieta.org.mx\/wp-content\/uploads\/2021\/03\/MEMORIAL-8-D.jpeg?resize=350%2C200&ssl=1","width":350,"height":200,"srcset":"https:\/\/i0.wp.com\/www.grieta.org.mx\/wp-content\/uploads\/2021\/03\/MEMORIAL-8-D.jpeg?resize=350%2C200&ssl=1 1x, https:\/\/i0.wp.com\/www.grieta.org.mx\/wp-content\/uploads\/2021\/03\/MEMORIAL-8-D.jpeg?resize=525%2C300&ssl=1 1.5x, https:\/\/i0.wp.com\/www.grieta.org.mx\/wp-content\/uploads\/2021\/03\/MEMORIAL-8-D.jpeg?resize=700%2C400&ssl=1 2x"},"classes":[]},{"id":62382,"url":"https:\/\/www.grieta.org.mx\/index.php\/2021\/10\/10\/hallan-muerta-a-fatima-alejandra-desaparecida-desde-el-domingo-en-el-grullo-familiares-y-amigos-piden-justicia-a-traves-de-las-redes-sociales-jalisco\/","url_meta":{"origin":70587,"position":2},"title":"Hallan muerta a F\u00e1tima Alejandra desaparecida desde el domingo en El Grullo, familiares y amigos piden justicia a trav\u00e9s de las redes sociales (Jalisco)","author":"grieta","date":"10 octubre, 2021","format":false,"excerpt":"Foto: Cortes\u00eda Elizabeth Ibal \/ El Occidental F\u00e1tima Alejandra, de 22 a\u00f1os, fue encontrada sin vida a unas horas de que se cumpliera una semana de su desaparici\u00f3n. Su muerte ha consternado a los habitantes de El Grullo, quienes a trav\u00e9s de redes sociales piden justicia para ella. El 4\u2026","rel":"","context":"En &quot;CINTILLO&quot;","block_context":{"text":"CINTILLO","link":"https:\/\/www.grieta.org.mx\/index.php\/category\/cintillo\/"},"img":{"alt_text":"","src":"https:\/\/i0.wp.com\/www.grieta.org.mx\/wp-content\/uploads\/2021\/10\/Fa%CC%81tima-Alejandra.jpg?resize=350%2C200&ssl=1","width":350,"height":200,"srcset":"https:\/\/i0.wp.com\/www.grieta.org.mx\/wp-content\/uploads\/2021\/10\/Fa%CC%81tima-Alejandra.jpg?resize=350%2C200&ssl=1 1x, https:\/\/i0.wp.com\/www.grieta.org.mx\/wp-content\/uploads\/2021\/10\/Fa%CC%81tima-Alejandra.jpg?resize=525%2C300&ssl=1 1.5x, https:\/\/i0.wp.com\/www.grieta.org.mx\/wp-content\/uploads\/2021\/10\/Fa%CC%81tima-Alejandra.jpg?resize=700%2C400&ssl=1 2x"},"classes":[]},{"id":63846,"url":"https:\/\/www.grieta.org.mx\/index.php\/2022\/03\/09\/mas-de-15-mil-mujeres-marcharon-en-guadalajara-junto-a-familias-buscadoras-jalisco\/","url_meta":{"origin":70587,"position":3},"title":"M\u00e1s de 15 mil mujeres marcharon en Guadalajara junto a familias buscadoras (Jalisco)","author":"grieta","date":"9 marzo, 2022","format":false,"excerpt":"Foto: Dalia Souza \u201cHoy hemos entendido que la guerra est\u00e1 all\u00e1 afuera y no entre nosotras\u201d as\u00ed lo reconoci\u00f3\u00a0la Red YoVoy8deMarzo\u00a0en su pronunciamiento por el\u00a0D\u00eda Internacional de las Mujeres.\u00a0Y es que, en una movilizaci\u00f3n hist\u00f3rica, mujeres y colectivas feministas de diferentes frentes, se sumaron a las exigencias y al caminar\u2026","rel":"","context":"En &quot;CINTILLO&quot;","block_context":{"text":"CINTILLO","link":"https:\/\/www.grieta.org.mx\/index.php\/category\/cintillo\/"},"img":{"alt_text":"","src":"https:\/\/i0.wp.com\/www.grieta.org.mx\/wp-content\/uploads\/2022\/03\/Unknown-45.jpeg?resize=350%2C200&ssl=1","width":350,"height":200,"srcset":"https:\/\/i0.wp.com\/www.grieta.org.mx\/wp-content\/uploads\/2022\/03\/Unknown-45.jpeg?resize=350%2C200&ssl=1 1x, https:\/\/i0.wp.com\/www.grieta.org.mx\/wp-content\/uploads\/2022\/03\/Unknown-45.jpeg?resize=525%2C300&ssl=1 1.5x, https:\/\/i0.wp.com\/www.grieta.org.mx\/wp-content\/uploads\/2022\/03\/Unknown-45.jpeg?resize=700%2C400&ssl=1 2x, https:\/\/i0.wp.com\/www.grieta.org.mx\/wp-content\/uploads\/2022\/03\/Unknown-45.jpeg?resize=1050%2C600&ssl=1 3x"},"classes":[]},{"id":40346,"url":"https:\/\/www.grieta.org.mx\/index.php\/2019\/10\/19\/exigen-justicia-por-el-feminicidio-y-desaparicion-de-estudiantes-jalisco\/","url_meta":{"origin":70587,"position":4},"title":"Exigen justicia por el feminicidio y desaparici\u00f3n de estudiantes (Jalisco)","author":"grieta","date":"19 octubre, 2019","format":false,"excerpt":"Foto: Elizabeth Ibal Redacci\u00f3n \/ El Occidental La Federaci\u00f3n de Estudiantes Universitarios (FEU) convoc\u00f3 a una concentraci\u00f3n afuera de las instalaciones de la Fiscal\u00eda General del Estado para exigir justicia por el asesinato de Atzhiri Paulina S\u00e1nchez S\u00e1nchez, estudiante del tercer semestre de la licenciatura en Derecho Semiescolarizado, del Centro\u2026","rel":"","context":"En &quot;CINTILLO&quot;","block_context":{"text":"CINTILLO","link":"https:\/\/www.grieta.org.mx\/index.php\/category\/cintillo\/"},"img":{"alt_text":"","src":"https:\/\/i0.wp.com\/www.grieta.org.mx\/wp-content\/uploads\/2019\/10\/FEU_exige.jpg?resize=350%2C200&ssl=1","width":350,"height":200,"srcset":"https:\/\/i0.wp.com\/www.grieta.org.mx\/wp-content\/uploads\/2019\/10\/FEU_exige.jpg?resize=350%2C200&ssl=1 1x, https:\/\/i0.wp.com\/www.grieta.org.mx\/wp-content\/uploads\/2019\/10\/FEU_exige.jpg?resize=525%2C300&ssl=1 1.5x, https:\/\/i0.wp.com\/www.grieta.org.mx\/wp-content\/uploads\/2019\/10\/FEU_exige.jpg?resize=700%2C400&ssl=1 2x"},"classes":[]},{"id":45590,"url":"https:\/\/www.grieta.org.mx\/index.php\/2020\/03\/04\/familias-de-victimas-encabezaran-marcha-feminista-en-guadalajara\/","url_meta":{"origin":70587,"position":5},"title":"Familias de v\u00edctimas encabezar\u00e1n marcha feminista en Guadalajara","author":"grieta","date":"4 marzo, 2020","format":false,"excerpt":"Foto: Ilustrativa En Jalisco, la marcha por el\u00a0D\u00eda Internacional de la Mujer\u00a0sumar\u00e1 a colectivos de familias de personas desaparecidas y de v\u00edctimas de feminicidio, adem\u00e1s, las organizaciones reiteraron que funcionarias que representen a partidos pol\u00edticos no son bienvenidas al contingente. \"Se ha decidido que las familias est\u00e9n presentes, madres, padres,\u2026","rel":"","context":"En &quot;CINTILLO&quot;","block_context":{"text":"CINTILLO","link":"https:\/\/www.grieta.org.mx\/index.php\/category\/cintillo\/"},"img":{"alt_text":"","src":"https:\/\/i0.wp.com\/www.grieta.org.mx\/wp-content\/uploads\/2020\/03\/ni-una-mas-medium.jpg?resize=350%2C200&ssl=1","width":350,"height":200,"srcset":"https:\/\/i0.wp.com\/www.grieta.org.mx\/wp-content\/uploads\/2020\/03\/ni-una-mas-medium.jpg?resize=350%2C200&ssl=1 1x, https:\/\/i0.wp.com\/www.grieta.org.mx\/wp-content\/uploads\/2020\/03\/ni-una-mas-medium.jpg?resize=525%2C300&ssl=1 1.5x"},"classes":[]}],"_links":{"self":[{"href":"https:\/\/www.grieta.org.mx\/index.php\/wp-json\/wp\/v2\/posts\/70587","targetHints":{"allow":["GET"]}}],"collection":[{"href":"https:\/\/www.grieta.org.mx\/index.php\/wp-json\/wp\/v2\/posts"}],"about":[{"href":"https:\/\/www.grieta.org.mx\/index.php\/wp-json\/wp\/v2\/types\/post"}],"author":[{"embeddable":true,"href":"https:\/\/www.grieta.org.mx\/index.php\/wp-json\/wp\/v2\/users\/2"}],"replies":[{"embeddable":true,"href":"https:\/\/www.grieta.org.mx\/index.php\/wp-json\/wp\/v2\/comments?post=70587"}],"version-history":[{"count":1,"href":"https:\/\/www.grieta.org.mx\/index.php\/wp-json\/wp\/v2\/posts\/70587\/revisions"}],"predecessor-version":[{"id":70589,"href":"https:\/\/www.grieta.org.mx\/index.php\/wp-json\/wp\/v2\/posts\/70587\/revisions\/70589"}],"wp:featuredmedia":[{"embeddable":true,"href":"https:\/\/www.grieta.org.mx\/index.php\/wp-json\/wp\/v2\/media\/70588"}],"wp:attachment":[{"href":"https:\/\/www.grieta.org.mx\/index.php\/wp-json\/wp\/v2\/media?parent=70587"}],"wp:term":[{"taxonomy":"category","embeddable":true,"href":"https:\/\/www.grieta.org.mx\/index.php\/wp-json\/wp\/v2\/categories?post=70587"},{"taxonomy":"post_tag","embeddable":true,"href":"https:\/\/www.grieta.org.mx\/index.php\/wp-json\/wp\/v2\/tags?post=70587"}],"curies":[{"name":"wp","href":"https:\/\/api.w.org\/{rel}","templated":true}]}}