{"id":7053,"date":"2015-10-03T05:42:49","date_gmt":"2015-10-03T05:42:49","guid":{"rendered":"http:\/\/50.22.11.12\/~grietaor\/?p=7053"},"modified":"2016-03-29T05:48:49","modified_gmt":"2016-03-29T05:48:49","slug":"300-personas-marchan-en-tabasco-exigen-justicia-para-jovenes-asesinados-por-federales","status":"publish","type":"post","link":"https:\/\/www.grieta.org.mx\/index.php\/2015\/10\/03\/300-personas-marchan-en-tabasco-exigen-justicia-para-jovenes-asesinados-por-federales\/","title":{"rendered":"300 personas marchan en Tabasco, exigen justicia para j\u00f3venes asesinados por federales"},"content":{"rendered":"<p><strong>03\/10\/15. <\/strong><a href=\"http:\/\/grieta.org.mx\/index.php\/2015\/10\/03\/exigen-castigo-a-federales\/\" >Exigen castigo a federales<\/a><br \/><em>Tabasco Hoy<\/em> <\/p>\n<p><strong>03\/10\/15. <\/strong><a href=\"http:\/\/grieta.org.mx\/index.php\/2015\/10\/01\/solo-respondimos-a-la-agresion-afirman-policias-que-mataron-a-dos-jovenes-en-tabasco\/\" >\u201cS\u00f3lo respondimos a la agresi\u00f3n\u201d, afirman polic\u00edas que mataron a dos j\u00f3venes en Tabasco<\/a><br \/><em>Proceso<\/em><\/p>\n","protected":false},"excerpt":{"rendered":"<p>03\/10\/15. Exigen castigo a federalesTabasco Hoy 03\/10\/15. \u201cS\u00f3lo respondimos a la agresi\u00f3n\u201d, afirman polic\u00edas que mataron a dos j\u00f3venes en TabascoProceso<\/p>\n","protected":false},"author":2,"featured_media":21928,"comment_status":"closed","ping_status":"open","sticky":false,"template":"","format":"standard","meta":{"ngg_post_thumbnail":0,"_jetpack_newsletter_access":"","_jetpack_dont_email_post_to_subs":false,"_jetpack_newsletter_tier_id":0,"_jetpack_memberships_contains_paywalled_content":false,"_jetpack_memberships_contains_paid_content":false,"footnotes":""},"categories":[2,32],"tags":[],"class_list":["post-7053","post","type-post","status-publish","format-standard","has-post-thumbnail","hentry","category-noticias-nacionales","category-tabasco","entry"],"jetpack_featured_media_url":"https:\/\/www.grieta.org.mx\/wp-content\/uploads\/2018\/03\/14524434_1106112876131411_958039263622046936_o.jpg","jetpack_sharing_enabled":true,"jetpack_shortlink":"https:\/\/wp.me\/p7ZJR4-1PL","jetpack_likes_enabled":false,"jetpack-related-posts":[{"id":7031,"url":"https:\/\/www.grieta.org.mx\/index.php\/2015\/10\/06\/medicos-de-tabasco-marchan-y-exigen-justicia-para-su-companero-asesinado\/","url_meta":{"origin":7053,"position":0},"title":"M\u00e9dicos de Tabasco marchan y exigen justicia para su compa\u00f1ero asesinado","author":"grieta","date":"6 octubre, 2015","format":false,"excerpt":"06\/10\/15. Exigen justicia por crimen de m\u00e9dico en Balanc\u00e1nOro Negro","rel":"","context":"En &quot;NOTICIAS NACIONALES&quot;","block_context":{"text":"NOTICIAS NACIONALES","link":"https:\/\/www.grieta.org.mx\/index.php\/category\/noticias-nacionales\/"},"img":{"alt_text":"","src":"https:\/\/i0.wp.com\/www.grieta.org.mx\/wp-content\/uploads\/2018\/03\/14524434_1106112876131411_958039263622046936_o.jpg?resize=350%2C200&ssl=1","width":350,"height":200,"srcset":"https:\/\/i0.wp.com\/www.grieta.org.mx\/wp-content\/uploads\/2018\/03\/14524434_1106112876131411_958039263622046936_o.jpg?resize=350%2C200&ssl=1 1x, https:\/\/i0.wp.com\/www.grieta.org.mx\/wp-content\/uploads\/2018\/03\/14524434_1106112876131411_958039263622046936_o.jpg?resize=525%2C300&ssl=1 1.5x, https:\/\/i0.wp.com\/www.grieta.org.mx\/wp-content\/uploads\/2018\/03\/14524434_1106112876131411_958039263622046936_o.jpg?resize=700%2C400&ssl=1 2x"},"classes":[]},{"id":20622,"url":"https:\/\/www.grieta.org.mx\/index.php\/2016\/06\/29\/conflictos-laborales-de-trabajadores-del-estado-en-tabasco\/","url_meta":{"origin":7053,"position":1},"title":"Conflictos laborales de trabajadores del estado en Tabasco","author":"grieta","date":"29 junio, 2016","format":false,"excerpt":"29\/06\/16. Exigen jubilados del ISSET de los 17 municipios pago de pensionesHeraldo de Tabasco 27\/06\/16. Protestan m\u00e9dicos legistas y peritos de la Fiscal\u00eda General; exigen aumento salarialHeraldo de Tabasco 28\/05\/16. Bloquean maestros Usumacinta; exigen baseHeraldo de Tabasco 03\/05\/16. Plant\u00f3n en Para\u00edso; exigen pago de laudos por 150 mdpTabasco Hoy 29\/03\/16.\u2026","rel":"","context":"En &quot;NOTICIAS NACIONALES&quot;","block_context":{"text":"NOTICIAS NACIONALES","link":"https:\/\/www.grieta.org.mx\/index.php\/category\/noticias-nacionales\/"},"img":{"alt_text":"","src":"https:\/\/i0.wp.com\/www.grieta.org.mx\/wp-content\/uploads\/2018\/03\/14524434_1106112876131411_958039263622046936_o.jpg?resize=350%2C200&ssl=1","width":350,"height":200,"srcset":"https:\/\/i0.wp.com\/www.grieta.org.mx\/wp-content\/uploads\/2018\/03\/14524434_1106112876131411_958039263622046936_o.jpg?resize=350%2C200&ssl=1 1x, https:\/\/i0.wp.com\/www.grieta.org.mx\/wp-content\/uploads\/2018\/03\/14524434_1106112876131411_958039263622046936_o.jpg?resize=525%2C300&ssl=1 1.5x, https:\/\/i0.wp.com\/www.grieta.org.mx\/wp-content\/uploads\/2018\/03\/14524434_1106112876131411_958039263622046936_o.jpg?resize=700%2C400&ssl=1 2x"},"classes":[]},{"id":7037,"url":"https:\/\/www.grieta.org.mx\/index.php\/2015\/10\/03\/exigen-castigo-a-federales\/","url_meta":{"origin":7053,"position":2},"title":"Exigen castigo a federales","author":"grieta","date":"3 octubre, 2015","format":false,"excerpt":"Crystyan Vinagre M\u00e1s de 300 personas marcharon de Paseo Tabasco hasta llegar a la PGR, donde ped\u00edan justicia por los j\u00f3venes asesinados. \u201cD\u00f3nde est\u00e1n los que prometieron que nos iban a cuidar, se llevaron dos hermanos y lo quieren ocultar\u201d, reclamaron durante la marcha, familiares, amigos y conocidos de Miguel\u2026","rel":"","context":"En &quot;CINTILLO&quot;","block_context":{"text":"CINTILLO","link":"https:\/\/www.grieta.org.mx\/index.php\/category\/cintillo\/"},"img":{"alt_text":"","src":"https:\/\/i0.wp.com\/www.grieta.org.mx\/wp-content\/uploads\/2018\/03\/14524434_1106112876131411_958039263622046936_o.jpg?resize=350%2C200&ssl=1","width":350,"height":200,"srcset":"https:\/\/i0.wp.com\/www.grieta.org.mx\/wp-content\/uploads\/2018\/03\/14524434_1106112876131411_958039263622046936_o.jpg?resize=350%2C200&ssl=1 1x, https:\/\/i0.wp.com\/www.grieta.org.mx\/wp-content\/uploads\/2018\/03\/14524434_1106112876131411_958039263622046936_o.jpg?resize=525%2C300&ssl=1 1.5x, https:\/\/i0.wp.com\/www.grieta.org.mx\/wp-content\/uploads\/2018\/03\/14524434_1106112876131411_958039263622046936_o.jpg?resize=700%2C400&ssl=1 2x"},"classes":[]},{"id":6555,"url":"https:\/\/www.grieta.org.mx\/index.php\/2015\/12\/17\/exigen-migrantes-freno-a-secuestro-masivo-en-tabasco\/","url_meta":{"origin":7053,"position":3},"title":"Exigen migrantes freno a secuestro masivo en Tabasco","author":"grieta","date":"17 diciembre, 2015","format":false,"excerpt":"Francisco Ol\u00e1n La caravana de Migrantes hizo presencia en la ciudad de Villahermosa, y exigi\u00f3 al Instituto Nacional de Migraci\u00f3n (INM), la Procuradur\u00eda General de la Rep\u00fablica (PGR) y Fiscal\u00eda de Tabasco (FGE), freno a los secuestros masivos de Migrantes. \u201cHay un repunte de violencia, tenemos muchos casos como de\u2026","rel":"","context":"En &quot;CINTILLO&quot;","block_context":{"text":"CINTILLO","link":"https:\/\/www.grieta.org.mx\/index.php\/category\/cintillo\/"},"img":{"alt_text":"","src":"https:\/\/i0.wp.com\/www.grieta.org.mx\/wp-content\/uploads\/2018\/03\/14524434_1106112876131411_958039263622046936_o.jpg?resize=350%2C200&ssl=1","width":350,"height":200,"srcset":"https:\/\/i0.wp.com\/www.grieta.org.mx\/wp-content\/uploads\/2018\/03\/14524434_1106112876131411_958039263622046936_o.jpg?resize=350%2C200&ssl=1 1x, https:\/\/i0.wp.com\/www.grieta.org.mx\/wp-content\/uploads\/2018\/03\/14524434_1106112876131411_958039263622046936_o.jpg?resize=525%2C300&ssl=1 1.5x, https:\/\/i0.wp.com\/www.grieta.org.mx\/wp-content\/uploads\/2018\/03\/14524434_1106112876131411_958039263622046936_o.jpg?resize=700%2C400&ssl=1 2x"},"classes":[]},{"id":20334,"url":"https:\/\/www.grieta.org.mx\/index.php\/2016\/08\/25\/estudiantes-del-tecnologico-la-venta-cierran-la-via-coatzacoalcos-cardenas-exigen-renuncia-del-director\/","url_meta":{"origin":7053,"position":4},"title":"Estudiantes del Tecnol\u00f3gico La Venta cierran la v\u00eda Coatzacoalcos-C\u00e1rdenas, exigen renuncia del director","author":"grieta","date":"25 agosto, 2016","format":false,"excerpt":"SIT\/ DIARIO PRESENTE El conflicto que enfrentan estudiantes del Instituto Tecnol\u00f3gico Superior de Villa La Venta con su Director Manrique Ferrer S\u00e1nchez se agudizo al mediod\u00eda del jueves al bloquear los j\u00f3venes inconformes la carretera federal tramo Coatzacoalcos-C\u00e1rdenas El conflicto que enfrentan estudiantes del Instituto Tecnol\u00f3gico Superior de Villa La\u2026","rel":"","context":"En &quot;CINTILLO&quot;","block_context":{"text":"CINTILLO","link":"https:\/\/www.grieta.org.mx\/index.php\/category\/cintillo\/"},"img":{"alt_text":"","src":"https:\/\/i0.wp.com\/www.grieta.org.mx\/wp-content\/uploads\/2018\/03\/14524434_1106112876131411_958039263622046936_o.jpg?resize=350%2C200&ssl=1","width":350,"height":200,"srcset":"https:\/\/i0.wp.com\/www.grieta.org.mx\/wp-content\/uploads\/2018\/03\/14524434_1106112876131411_958039263622046936_o.jpg?resize=350%2C200&ssl=1 1x, https:\/\/i0.wp.com\/www.grieta.org.mx\/wp-content\/uploads\/2018\/03\/14524434_1106112876131411_958039263622046936_o.jpg?resize=525%2C300&ssl=1 1.5x, https:\/\/i0.wp.com\/www.grieta.org.mx\/wp-content\/uploads\/2018\/03\/14524434_1106112876131411_958039263622046936_o.jpg?resize=700%2C400&ssl=1 2x"},"classes":[]},{"id":20331,"url":"https:\/\/www.grieta.org.mx\/index.php\/2016\/09\/07\/conflicto-en-el-instituto-tecnologico-superior-de-villa-la-venta-tabasco\/","url_meta":{"origin":7053,"position":5},"title":"Conflicto en el Instituto Tecnol\u00f3gico Superior de villa La Venta, Tabasco.","author":"grieta","date":"7 septiembre, 2016","format":false,"excerpt":"07\/09\/16. No solo alumnos, maestros tambi\u00e9n piden destituci\u00f3n de director del ITS de La VentaEl Correo de Tabasco 25\/08\/16. Estudiantes del Tecnol\u00f3gico La Venta cierran la v\u00eda Coatzacoalcos-C\u00e1rdenas, exigen renuncia del directorDiario Presente 16\/08\/16. Cumple ITSLV 16 d\u00edas de bloqueoTabasco Hoy","rel":"","context":"En &quot;NOTICIAS NACIONALES&quot;","block_context":{"text":"NOTICIAS NACIONALES","link":"https:\/\/www.grieta.org.mx\/index.php\/category\/noticias-nacionales\/"},"img":{"alt_text":"","src":"https:\/\/i0.wp.com\/www.grieta.org.mx\/wp-content\/uploads\/2018\/03\/14524434_1106112876131411_958039263622046936_o.jpg?resize=350%2C200&ssl=1","width":350,"height":200,"srcset":"https:\/\/i0.wp.com\/www.grieta.org.mx\/wp-content\/uploads\/2018\/03\/14524434_1106112876131411_958039263622046936_o.jpg?resize=350%2C200&ssl=1 1x, https:\/\/i0.wp.com\/www.grieta.org.mx\/wp-content\/uploads\/2018\/03\/14524434_1106112876131411_958039263622046936_o.jpg?resize=525%2C300&ssl=1 1.5x, https:\/\/i0.wp.com\/www.grieta.org.mx\/wp-content\/uploads\/2018\/03\/14524434_1106112876131411_958039263622046936_o.jpg?resize=700%2C400&ssl=1 2x"},"classes":[]}],"_links":{"self":[{"href":"https:\/\/www.grieta.org.mx\/index.php\/wp-json\/wp\/v2\/posts\/7053","targetHints":{"allow":["GET"]}}],"collection":[{"href":"https:\/\/www.grieta.org.mx\/index.php\/wp-json\/wp\/v2\/posts"}],"about":[{"href":"https:\/\/www.grieta.org.mx\/index.php\/wp-json\/wp\/v2\/types\/post"}],"author":[{"embeddable":true,"href":"https:\/\/www.grieta.org.mx\/index.php\/wp-json\/wp\/v2\/users\/2"}],"replies":[{"embeddable":true,"href":"https:\/\/www.grieta.org.mx\/index.php\/wp-json\/wp\/v2\/comments?post=7053"}],"version-history":[{"count":1,"href":"https:\/\/www.grieta.org.mx\/index.php\/wp-json\/wp\/v2\/posts\/7053\/revisions"}],"predecessor-version":[{"id":7071,"href":"https:\/\/www.grieta.org.mx\/index.php\/wp-json\/wp\/v2\/posts\/7053\/revisions\/7071"}],"wp:featuredmedia":[{"embeddable":true,"href":"https:\/\/www.grieta.org.mx\/index.php\/wp-json\/wp\/v2\/media\/21928"}],"wp:attachment":[{"href":"https:\/\/www.grieta.org.mx\/index.php\/wp-json\/wp\/v2\/media?parent=7053"}],"wp:term":[{"taxonomy":"category","embeddable":true,"href":"https:\/\/www.grieta.org.mx\/index.php\/wp-json\/wp\/v2\/categories?post=7053"},{"taxonomy":"post_tag","embeddable":true,"href":"https:\/\/www.grieta.org.mx\/index.php\/wp-json\/wp\/v2\/tags?post=7053"}],"curies":[{"name":"wp","href":"https:\/\/api.w.org\/{rel}","templated":true}]}}