{"id":70499,"date":"2024-11-15T05:55:26","date_gmt":"2024-11-15T11:55:26","guid":{"rendered":"https:\/\/www.grieta.org.mx\/?p=70499"},"modified":"2024-11-21T06:06:15","modified_gmt":"2024-11-21T12:06:15","slug":"crisis-en-saban-trabajadores-detienen-al-alcalde-jose-hector-moo-tras-despidos-injustificados-quintana-roo","status":"publish","type":"post","link":"https:\/\/www.grieta.org.mx\/index.php\/2024\/11\/15\/crisis-en-saban-trabajadores-detienen-al-alcalde-jose-hector-moo-tras-despidos-injustificados-quintana-roo\/","title":{"rendered":"Crisis en Sab\u00e1n: Trabajadores detienen al alcalde Jos\u00e9 H\u00e9ctor Moo tras despidos injustificados (Quintana Roo)"},"content":{"rendered":"<p>El Punto Sobre la i<\/p>\n<p>Saban.-La alcald\u00eda de Sab\u00e1n, municipio de Jos\u00e9 Mar\u00eda Morelos, se encuentra en el centro de la controversia luego de que un grupo de trabajadores tomar\u00e1 medidas extremas al detener al alcalde Jos\u00e9 H\u00e9ctor Moo. Los empleados, visiblemente molestos, denunciaron despidos injustificados tras acudir a cobrar su quincena y ser informados de que ser\u00eda su \u00faltimo pago.<\/p>\n<p>Seg\u00fan los afectados, no solo se les despidi\u00f3 de manera abrupta, sino que tampoco se les est\u00e1 otorgando la parte proporcional de su aguinaldo, un derecho laboral que consideran fundamental. Los trabajadores calificaron esta acci\u00f3n como una grave violaci\u00f3n a la ley y un acto de irresponsabilidad por parte de la administraci\u00f3n municipal.<\/p>\n<p>\u201cNos dejaron en el aire. Despu\u00e9s de a\u00f1os de servicio, nos despiden sin previo aviso y sin cumplir con lo que nos corresponde. Exigimos justicia y que se respeten nuestros derechos\u201d, declar\u00f3 uno de los afectados.<\/p>\n<p>La situaci\u00f3n gener\u00f3 una tensa confrontaci\u00f3n en la alcald\u00eda, donde los trabajadores expresaron su indignaci\u00f3n y exigieron una respuesta inmediata por parte del edil. Hasta el momento, el alcalde no ha emitido declaraciones oficiales sobre el conflicto, mientras que los trabajadores aseguran que continuar\u00e1n con las protestas hasta obtener una soluci\u00f3n.<\/p>\n<p>Este incidente refleja la creciente tensi\u00f3n laboral y pol\u00edtica en Sab\u00e1n, dejando entrever una falta de planeaci\u00f3n administrativa y de di\u00e1logo entre las autoridades y los empleados municipales.<\/p>\n<p><a href=\"https:\/\/www.elpuntosobrelai.com\/crisis-en-saban-trabajadores-detienen-al-alcalde-jose-hector-moo-tras-despidos-injustificados\/\" rel=\"noopener\" target=\"_blank\">https:\/\/www.elpuntosobrelai.com\/crisis-en-saban-trabajadores-detienen-al-alcalde-jose-hector-moo-tras-despidos-injustificados\/<\/a><\/p>\n","protected":false},"excerpt":{"rendered":"<p>El Punto Sobre la i Saban.-La alcald\u00eda de Sab\u00e1n, municipio de Jos\u00e9 Mar\u00eda Morelos, se encuentra en el centro de la controversia luego de que un grupo de trabajadores tomar\u00e1 &hellip; <a href=\"https:\/\/www.grieta.org.mx\/index.php\/2024\/11\/15\/crisis-en-saban-trabajadores-detienen-al-alcalde-jose-hector-moo-tras-despidos-injustificados-quintana-roo\/\" class=\"more-link\">Leer m\u00e1s<\/a><\/p>\n","protected":false},"author":2,"featured_media":70500,"comment_status":"closed","ping_status":"closed","sticky":false,"template":"","format":"standard","meta":{"ngg_post_thumbnail":0,"_jetpack_newsletter_access":"","_jetpack_dont_email_post_to_subs":false,"_jetpack_newsletter_tier_id":0,"_jetpack_memberships_contains_paywalled_content":false,"_jetpack_memberships_contains_paid_content":false,"footnotes":""},"categories":[80,1084,910,2,3210,28,83],"tags":[2102,105,3549,2841],"class_list":["post-70499","post","type-post","status-publish","format-standard","has-post-thumbnail","hentry","category-cintillo","category-conflictos-laborales-en-quintana-roo","category-explotacion-y-precariedad-laboral","category-noticias-nacionales","category-precariedad-laboral-en-quintana-roo","category-quintana-roo","category-temas-nacionales","tag-conflicto-laboral","tag-derechos-laborales","tag-despidos-injustificados","tag-explotacion-y-precariedad-laboral","entry"],"jetpack_featured_media_url":"https:\/\/www.grieta.org.mx\/wp-content\/uploads\/2024\/11\/Saban-e1732190562903.jpg","jetpack_sharing_enabled":true,"jetpack_shortlink":"https:\/\/wp.me\/p7ZJR4-il5","jetpack_likes_enabled":false,"jetpack-related-posts":[{"id":63055,"url":"https:\/\/www.grieta.org.mx\/index.php\/2021\/12\/13\/denuncian-abusos-laborales-extrabajadores-de-grupo-turquesa-y-del-diario-por-esto-quintana-roo\/","url_meta":{"origin":70499,"position":0},"title":"Denuncian abusos laborales extrabajadores de Grupo Turquesa y del diario Por Esto! (Quintana Roo)","author":"grieta","date":"13 diciembre, 2021","format":false,"excerpt":"Rosa Santana \/ Proceso CANC\u00daN, Q. Roo. (apro).- Extrabajadores de Grupo Turquesa, de Luis Alegre Salazar, y del peri\u00f3dico Por Esto!, de Mario Renato Men\u00e9ndez Rodr\u00edguez, denunciaron --por separado-- abusos laborales por parte de dichas empresas. En conferencia de prensa en esta ciudad, extrabajadores de Grupo Turquesa acusaron a Alegre\u2026","rel":"","context":"En &quot;CINTILLO&quot;","block_context":{"text":"CINTILLO","link":"https:\/\/www.grieta.org.mx\/index.php\/category\/cintillo\/"},"img":{"alt_text":"","src":"https:\/\/i0.wp.com\/www.grieta.org.mx\/wp-content\/uploads\/2022\/01\/PorEstoChetumal-e1642026132131.png?resize=350%2C200&ssl=1","width":350,"height":200,"srcset":"https:\/\/i0.wp.com\/www.grieta.org.mx\/wp-content\/uploads\/2022\/01\/PorEstoChetumal-e1642026132131.png?resize=350%2C200&ssl=1 1x, https:\/\/i0.wp.com\/www.grieta.org.mx\/wp-content\/uploads\/2022\/01\/PorEstoChetumal-e1642026132131.png?resize=525%2C300&ssl=1 1.5x, https:\/\/i0.wp.com\/www.grieta.org.mx\/wp-content\/uploads\/2022\/01\/PorEstoChetumal-e1642026132131.png?resize=700%2C400&ssl=1 2x"},"classes":[]},{"id":29466,"url":"https:\/\/www.grieta.org.mx\/index.php\/2019\/02\/20\/denuncian-despidos-injustificados-zacatecas\/","url_meta":{"origin":70499,"position":1},"title":"Denuncian despidos injustificados (Zacatecas)","author":"grieta","date":"20 febrero, 2019","format":false,"excerpt":"ALEJANDRO CASTA\u00d1EDA | NTRZACATECAS.COM. Zacatecas.- Ex trabajadores del Sistema Nacional del Empleo (SNE) delegaci\u00f3n Zacatecas denunciaron que aproximadamente 40 personas han sido despedidas injustificadamente por la dependencia y 20 m\u00e1s est\u00e1n en riesgo de ser removidos. Rogelio Alv\u00e1rez, quien trabaj\u00f3 durante 22 a\u00f1os en el SNE, asegur\u00f3 que los despidos\u2026","rel":"","context":"En &quot;CINTILLO&quot;","block_context":{"text":"CINTILLO","link":"https:\/\/www.grieta.org.mx\/index.php\/category\/cintillo\/"},"img":{"alt_text":"","src":"https:\/\/i0.wp.com\/www.grieta.org.mx\/wp-content\/uploads\/2019\/02\/whatsapp-image-2019-02-20-at-13.25.25.jpeg?resize=350%2C200&ssl=1","width":350,"height":200,"srcset":"https:\/\/i0.wp.com\/www.grieta.org.mx\/wp-content\/uploads\/2019\/02\/whatsapp-image-2019-02-20-at-13.25.25.jpeg?resize=350%2C200&ssl=1 1x, https:\/\/i0.wp.com\/www.grieta.org.mx\/wp-content\/uploads\/2019\/02\/whatsapp-image-2019-02-20-at-13.25.25.jpeg?resize=525%2C300&ssl=1 1.5x, https:\/\/i0.wp.com\/www.grieta.org.mx\/wp-content\/uploads\/2019\/02\/whatsapp-image-2019-02-20-at-13.25.25.jpeg?resize=700%2C400&ssl=1 2x, https:\/\/i0.wp.com\/www.grieta.org.mx\/wp-content\/uploads\/2019\/02\/whatsapp-image-2019-02-20-at-13.25.25.jpeg?resize=1050%2C600&ssl=1 3x"},"classes":[]},{"id":70988,"url":"https:\/\/www.grieta.org.mx\/index.php\/2025\/02\/04\/denuncian-graves-irregularidades-de-empresa-encargada-de-obras-del-tren-maya-en-sur-de-quintana-roo\/","url_meta":{"origin":70499,"position":2},"title":"Denuncian Graves Irregularidades de Empresa Encargada de Obras del Tren Maya en Sur de Quintana Roo","author":"grieta","date":"4 febrero, 2025","format":false,"excerpt":"Antonio Brice\u00f1o\/CAMBIO 22 \u25ba Trabajadores acusan a Tizacons de despidos masivos sin pago de sueldos, aguinaldos y descansos trabajados; omisiones en materia de seguridad, ocultamiento de accidentes y hasta la alteraci\u00f3n de un diagn\u00f3stico m\u00e9dico sobre la muerte de un trabajador CHETUMAL, 4 de febrero.- El fallecimiento de un joven,\u2026","rel":"","context":"En &quot;CINTILLO&quot;","block_context":{"text":"CINTILLO","link":"https:\/\/www.grieta.org.mx\/index.php\/category\/cintillo\/"},"img":{"alt_text":"","src":"https:\/\/i0.wp.com\/www.grieta.org.mx\/wp-content\/uploads\/2025\/02\/Irregularidades.jpg?resize=350%2C200&ssl=1","width":350,"height":200,"srcset":"https:\/\/i0.wp.com\/www.grieta.org.mx\/wp-content\/uploads\/2025\/02\/Irregularidades.jpg?resize=350%2C200&ssl=1 1x, https:\/\/i0.wp.com\/www.grieta.org.mx\/wp-content\/uploads\/2025\/02\/Irregularidades.jpg?resize=525%2C300&ssl=1 1.5x, https:\/\/i0.wp.com\/www.grieta.org.mx\/wp-content\/uploads\/2025\/02\/Irregularidades.jpg?resize=700%2C400&ssl=1 2x, https:\/\/i0.wp.com\/www.grieta.org.mx\/wp-content\/uploads\/2025\/02\/Irregularidades.jpg?resize=1050%2C600&ssl=1 3x"},"classes":[]},{"id":34052,"url":"https:\/\/www.grieta.org.mx\/index.php\/2019\/05\/29\/protestan-en-clinica-del-issste-de-victoria-por-despidos-injustificados-tamaulipas\/","url_meta":{"origin":70499,"position":3},"title":"Protestan en cl\u00ednica del ISSSTE de Victoria por despidos injustificados (Tamaulipas)","author":"grieta","date":"29 mayo, 2019","format":false,"excerpt":"Lupita \u00c1lvarez \/ Gaceta Cd. Victoria, Tamaulipas.- Con el argumento de que tres de sus compa\u00f1eros fueron despedidos injustificadamente, integrantes del Sindicato de los Trabajadores del ISSSTE se manifestaron frente a la cl\u00ednica de esta capital, desde donde adem\u00e1s exigieron al gobierno federal que les informe cu\u00e1l es su situaci\u00f3n\u2026","rel":"","context":"En &quot;CINTILLO&quot;","block_context":{"text":"CINTILLO","link":"https:\/\/www.grieta.org.mx\/index.php\/category\/cintillo\/"},"img":{"alt_text":"","src":"https:\/\/i0.wp.com\/www.grieta.org.mx\/wp-content\/uploads\/2019\/06\/Protestan-en-cl%C3%ADnica-del-ISSSTE-de-Victoria-por-despidos-injustificados-tama-jun.jpg?resize=350%2C200&ssl=1","width":350,"height":200,"srcset":"https:\/\/i0.wp.com\/www.grieta.org.mx\/wp-content\/uploads\/2019\/06\/Protestan-en-cl%C3%ADnica-del-ISSSTE-de-Victoria-por-despidos-injustificados-tama-jun.jpg?resize=350%2C200&ssl=1 1x, https:\/\/i0.wp.com\/www.grieta.org.mx\/wp-content\/uploads\/2019\/06\/Protestan-en-cl%C3%ADnica-del-ISSSTE-de-Victoria-por-despidos-injustificados-tama-jun.jpg?resize=525%2C300&ssl=1 1.5x"},"classes":[]},{"id":33529,"url":"https:\/\/www.grieta.org.mx\/index.php\/2019\/05\/06\/toman-conafe-por-despidos-injustificados\/","url_meta":{"origin":70499,"position":4},"title":"Toman Conafe por despidos injustificados","author":"grieta","date":"6 mayo, 2019","format":false,"excerpt":"ALBERTO MORONES | NTRZACATECAS.COM Zacatecas.- Personal del Consejo Nacional del Fomento Educativo (Conafe) tomaron las oficinas generales y centros regionales en la entidad, tras el despido injustificado de 16 trabajadores por \u201cordenes presidenciales\u201d. Carlos Javier Cerros de la Cruz, trabajador afectado detall\u00f3 que apenas el pasado viernes 3 de mayo\u2026","rel":"","context":"En &quot;CINTILLO&quot;","block_context":{"text":"CINTILLO","link":"https:\/\/www.grieta.org.mx\/index.php\/category\/cintillo\/"},"img":{"alt_text":"","src":"https:\/\/i0.wp.com\/www.grieta.org.mx\/wp-content\/uploads\/2019\/05\/z2-3.jpeg?resize=350%2C200&ssl=1","width":350,"height":200,"srcset":"https:\/\/i0.wp.com\/www.grieta.org.mx\/wp-content\/uploads\/2019\/05\/z2-3.jpeg?resize=350%2C200&ssl=1 1x, https:\/\/i0.wp.com\/www.grieta.org.mx\/wp-content\/uploads\/2019\/05\/z2-3.jpeg?resize=525%2C300&ssl=1 1.5x, https:\/\/i0.wp.com\/www.grieta.org.mx\/wp-content\/uploads\/2019\/05\/z2-3.jpeg?resize=700%2C400&ssl=1 2x, https:\/\/i0.wp.com\/www.grieta.org.mx\/wp-content\/uploads\/2019\/05\/z2-3.jpeg?resize=1050%2C600&ssl=1 3x"},"classes":[]},{"id":69177,"url":"https:\/\/www.grieta.org.mx\/index.php\/2024\/06\/12\/protestan-trabajadores-del-hotel-allegro-en-cozumel-por-reparto-de-utilidades-amenazan-con-paro-quintana-roo\/","url_meta":{"origin":70499,"position":5},"title":"Protestan trabajadores del Hotel Allegro en Cozumel por reparto de utilidades; amenazan con paro (Quintana Roo)","author":"grieta","date":"12 junio, 2024","format":false,"excerpt":"Noticaribe COZUMEL, MX.- Trabajadores del Hotel Allegro se manifestaron afuera de las instalaciones del centro de hospedaje, ubicado en la zona sur de la isla, quienes exigen el pago justo de sus utilidades, ya que la empresa solo les entreg\u00f3 una \u201cgratificaci\u00f3n\u201d. Los manifestantes, que llevan realizando estas protestas desde\u2026","rel":"","context":"En &quot;CINTILLO&quot;","block_context":{"text":"CINTILLO","link":"https:\/\/www.grieta.org.mx\/index.php\/category\/cintillo\/"},"img":{"alt_text":"","src":"https:\/\/i0.wp.com\/www.grieta.org.mx\/wp-content\/uploads\/2024\/06\/Paro-e1718673643497.jpg?resize=350%2C200&ssl=1","width":350,"height":200,"srcset":"https:\/\/i0.wp.com\/www.grieta.org.mx\/wp-content\/uploads\/2024\/06\/Paro-e1718673643497.jpg?resize=350%2C200&ssl=1 1x, https:\/\/i0.wp.com\/www.grieta.org.mx\/wp-content\/uploads\/2024\/06\/Paro-e1718673643497.jpg?resize=525%2C300&ssl=1 1.5x, https:\/\/i0.wp.com\/www.grieta.org.mx\/wp-content\/uploads\/2024\/06\/Paro-e1718673643497.jpg?resize=700%2C400&ssl=1 2x"},"classes":[]}],"_links":{"self":[{"href":"https:\/\/www.grieta.org.mx\/index.php\/wp-json\/wp\/v2\/posts\/70499","targetHints":{"allow":["GET"]}}],"collection":[{"href":"https:\/\/www.grieta.org.mx\/index.php\/wp-json\/wp\/v2\/posts"}],"about":[{"href":"https:\/\/www.grieta.org.mx\/index.php\/wp-json\/wp\/v2\/types\/post"}],"author":[{"embeddable":true,"href":"https:\/\/www.grieta.org.mx\/index.php\/wp-json\/wp\/v2\/users\/2"}],"replies":[{"embeddable":true,"href":"https:\/\/www.grieta.org.mx\/index.php\/wp-json\/wp\/v2\/comments?post=70499"}],"version-history":[{"count":1,"href":"https:\/\/www.grieta.org.mx\/index.php\/wp-json\/wp\/v2\/posts\/70499\/revisions"}],"predecessor-version":[{"id":70501,"href":"https:\/\/www.grieta.org.mx\/index.php\/wp-json\/wp\/v2\/posts\/70499\/revisions\/70501"}],"wp:featuredmedia":[{"embeddable":true,"href":"https:\/\/www.grieta.org.mx\/index.php\/wp-json\/wp\/v2\/media\/70500"}],"wp:attachment":[{"href":"https:\/\/www.grieta.org.mx\/index.php\/wp-json\/wp\/v2\/media?parent=70499"}],"wp:term":[{"taxonomy":"category","embeddable":true,"href":"https:\/\/www.grieta.org.mx\/index.php\/wp-json\/wp\/v2\/categories?post=70499"},{"taxonomy":"post_tag","embeddable":true,"href":"https:\/\/www.grieta.org.mx\/index.php\/wp-json\/wp\/v2\/tags?post=70499"}],"curies":[{"name":"wp","href":"https:\/\/api.w.org\/{rel}","templated":true}]}}