{"id":70479,"date":"2024-10-09T16:13:05","date_gmt":"2024-10-09T22:13:05","guid":{"rendered":"https:\/\/www.grieta.org.mx\/?p=70479"},"modified":"2024-11-18T16:33:25","modified_gmt":"2024-11-18T22:33:25","slug":"pueblos-declaran-la-peninsula-de-yucatan-como-zona-de-emergencia-socioambiental-ahora-le-toca-al-estado","status":"publish","type":"post","link":"https:\/\/www.grieta.org.mx\/index.php\/2024\/10\/09\/pueblos-declaran-la-peninsula-de-yucatan-como-zona-de-emergencia-socioambiental-ahora-le-toca-al-estado\/","title":{"rendered":"Pueblos declaran la Pen\u00ednsula de Yucat\u00e1n como zona de emergencia socioambiental. Ahora le toca al Estado"},"content":{"rendered":"<p>Texto: Andrea Amaya \/Foto: Patricio Eleisegui \/ Archivo Pie de P\u00e1gina \/ Pie de P\u00e1gina<\/p>\n<blockquote><p>Colectivos en defensa del territorio exigen a las autoridades federales que tomen acciones ante las problem\u00e1ticas ambientales, sociales y econ\u00f3micas que han generado los megaproyectos extractivistas en el sureste del pa\u00eds<\/p><\/blockquote>\n<p>CIUDAD DE M\u00c9XICO.- Con el objetivo de que los nuevos representantes del gobierno atiendan las problem\u00e1ticas socioambientales en el sureste del pa\u00eds, los pueblos mayas de Yucat\u00e1n, Campeche y Quintana Roo presentaron una solicitud para que la Pen\u00ednsula se declar\u00e9 como zona de emergencia socioambiental.<\/p>\n<p>Lo hicieron ante la Presidenta de la Rep\u00fablica, la Secretar\u00eda de Medio Ambiente, Procuradur\u00eda Federal de Protecci\u00f3n al Ambiente, Comisi\u00f3n Nacional del Agua, Secretar\u00eda de Desarrollo Urbano Secretar\u00eda de Salud y los gobiernos estatales.<\/p>\n<p>En conferencia de prensa, representantes en defensa de la vida y el territorio de los pueblos mayas se\u00f1alaron que los megaproyectos que se han realizado al menos en la \u00faltima d\u00e9cada en la Pen\u00ednsula de Yucat\u00e1n bajo un supuesto modelo de desarrollo ha impactado y afectado el ecosistema y su territorio. <\/p>\n<p>El fundamento de su petici\u00f3n, asegur\u00f3 Claudia Con, apicultora del pueblo Chochol\u00e1, es \u201cusando el derecho que nos pertenece como pueblos ind\u00edgenas a una autodeterminaci\u00f3n, a tener la soberan\u00eda de organizarnos como nosotros decidamos de acuerdo a los usos y costumbres\u00bb.<\/p>\n<p>Entre las afectaciones que denunciaron los colectivos de la Pen\u00ednsula est\u00e1n la deforestaci\u00f3n, el ecocidio, el despojo de tierras, el saqueo de territorio, la contaminaci\u00f3n del agua, la tierra y el aire, la p\u00e9rdida masiva de colmenas de abejas y la ruptura del tejido social.<br \/>\n\u00bfDesarrollo para qui\u00e9n?<\/p>\n<p>Wilson \u00c1vilez es campesino y apicultor originario de la comunidad Candelaria del municipio Jos\u00e9 Mar\u00eda y Morelos, Quintana Roo. Desde el 2012, asegura, la Pen\u00ednsula ha presenciado la muerte masiva de abejas, uno de ellos Quintana Roo, estado que en 2018 sufri\u00f3 la p\u00e9rdida de m\u00e1s de mil colmenas:<\/p>\n<p>    \u201cLa muerte masiva de abejas deriva del uso de productos de agroqu\u00edmicos como el fipronil, este es muy da\u00f1ino para todo tipo de polinizadores y para la salud humana. Exigimos que haya un control en el uso y venta de agroqu\u00edmicos que incluso en otros pa\u00edses est\u00e1n prohibidos\u201d.<\/p>\n<p>Como report\u00f3 Pie de P\u00e1gina, la actividad ap\u00edcola de las comunidades ind\u00edgenas de Campeche, Yucat\u00e1n y Quintana Roo est\u00e1 en riesgo de extinci\u00f3n. Esto, como consecuencia del uso de insecticidas como el fipronil, al afectar la producci\u00f3n de miel la econom\u00eda de las familias de estas comunidades se ve comprometida, ya que es el sustento de sus hogares. <\/p>\n<p>La autoridades municipales, estatales y federales han sido c\u00f3mplices de este agronegocio,las denuncias y amparos incumplidos por las autoridades son proporcionales a las afectaciones que se multiplican a trav\u00e9s de la Pen\u00ednsula de Yucat\u00e1n. <\/p>\n<p>Silvia Beatriz Chal\u00e9 integrante Kaabnalo\u00b4on Alianza Maya por las abejas hizo \u00e9nfasis en c\u00f3mo afectan estos megaproyectos en la  vida de los pueblos y su relaci\u00f3n con la naturaleza, destac\u00f3 que los agroqu\u00edmicos, la contaminaci\u00f3n de las empresas, de las industrias porc\u00edcola y av\u00edcola que no cuentan con permisos ambientales, la mafia inmobiliaria y agraria son los actores principales  que contaminan los suelos y el acu\u00edfero maya y no tienen una regulaci\u00f3n:<\/p>\n<p>    \u201cEsto incrementa el despojo de la tierra de los pueblos, nos quita el derecho que tenemos a los recursos naturales. Hasta el d\u00eda de hoy ninguna instituci\u00f3n de gobierno ha establecido mecanismos para cambiar este sistema que perjudica a las comunidades mayas\u201d.<\/p>\n<p>Exigencias para iniciar un di\u00e1logo y construir relaciones <\/p>\n<p>Itzel oriunda del municipio de Hopelch\u00e9n, denunci\u00f3 que a la administraci\u00f3n de gobierno pasada se le solicit\u00f3 esta petici\u00f3n de declarar a la Pen\u00ednsula de Yucat\u00e1n como zona de emergencia socioambiental pero hicieron caso omiso:<\/p>\n<p>\u201cAnte toda la evidencia cient\u00edfica y los estudios que realizaron las instituciones del sexenio pasado, nos damos cuenta que sigue en riesgo la vida de las comunidades mayas\u201d.<\/p>\n<p>Debido a este conjunto de consecuencias irreversibles que han provocado los megaproyectos en el territorio maya, los colectivos han presentado esta declaratoria en donde exponen sus exigencias a los representantes de este sexenio:<\/p>\n<p>Sobre la crisis que enfrentan las abejas:<\/p>\n<p>    Que se proh\u00edba la comercializaci\u00f3n y el uso del fipronil y los neocotinoides.<br \/>\n    Que se trabaje en establecer mecanismos de prevenci\u00f3n y atenci\u00f3n de eventos de intoxicaci\u00f3n de abejas por plaguicidas.<br \/>\n    Que se redoble el esfuerzo para detener el avance de la frontera agr\u00edcola, derivado de la expansi\u00f3n agroindustrial.<br \/>\n    Que se establezca, junto con las comunidades afectadas en los tres estados y un grupo de expertas y expertos consensuados entre comunidades y estado, un programa de reforestaci\u00f3n para la pen\u00ednsula de Yucat\u00e1n. <\/p>\n<p>Sobre la industria porc\u00edcola y av\u00edcola:<\/p>\n<p>    Que se revoquen permisos, licencias y autorizaciones de operaciones e incluso la clausura definitiva de los proyectos extractivistas, que se pruebe su ilegalidad y el da\u00f1o ambiental y social que est\u00e1n ocasionando.<br \/>\n    Que las autoridades competentes no otorguen ning\u00fan otro permiso, licencia o autorizaci\u00f3n para la construcci\u00f3n y operaci\u00f3n de megaproyectos en la Pen\u00ednsula de Yucat\u00e1n, que sea comprobado por medio de diagn\u00f3sticos oficiales que est\u00e1n impactando significativamente.<br \/>\n    Que se determine la capacidad de carga de la Pen\u00ednsula de Yucat\u00e1n y con base a la misma se realice una ordenaci\u00f3n rigurosa del territorio en zonas ganaderas de la Pen\u00ednsula en donde no se permite ocupar suelo de conservaci\u00f3n o protecci\u00f3n para proyectos de agricultura industrial o de infraestructura en general.<\/p>\n<p>Sobre el extractivismo inmobiliario: <\/p>\n<p>    Detener el green marketing y el extractivismo urbano que promueve el paisajismo verde, pero que se basa en la afectaci\u00f3n y modificaci\u00f3n del monte, los cenotes, las costas, con el fin de convertirlos en polos urbanos y tur\u00edsticos.<br \/>\n    Generar medidas de justicia socioambiental respetando el derecho de los pueblos ind\u00edgenas y de la naturaleza. <\/p>\n<p><a href=\"https:\/\/piedepagina.mx\/pueblos-declaran-la-peninsula-de-yucatan-como-zona-de-emergencia-socioambiental-ahora-le-toca-al-estado\/\" rel=\"noopener\" target=\"_blank\">https:\/\/piedepagina.mx\/pueblos-declaran-la-peninsula-de-yucatan-como-zona-de-emergencia-socioambiental-ahora-le-toca-al-estado\/<\/a><\/p>\n","protected":false},"excerpt":{"rendered":"<p>Texto: Andrea Amaya \/Foto: Patricio Eleisegui \/ Archivo Pie de P\u00e1gina \/ Pie de P\u00e1gina Colectivos en defensa del territorio exigen a las autoridades federales que tomen acciones ante las &hellip; <a href=\"https:\/\/www.grieta.org.mx\/index.php\/2024\/10\/09\/pueblos-declaran-la-peninsula-de-yucatan-como-zona-de-emergencia-socioambiental-ahora-le-toca-al-estado\/\" class=\"more-link\">Leer m\u00e1s<\/a><\/p>\n","protected":false},"author":2,"featured_media":70480,"comment_status":"closed","ping_status":"closed","sticky":false,"template":"","format":"standard","meta":{"ngg_post_thumbnail":0,"_jetpack_newsletter_access":"","_jetpack_dont_email_post_to_subs":false,"_jetpack_newsletter_tier_id":0,"_jetpack_memberships_contains_paywalled_content":false,"_jetpack_memberships_contains_paid_content":false,"footnotes":""},"categories":[42,11,80,2749,2943,2258,1020,3,952,2,28,36],"tags":[281,425,91,162,2311,223,4222,4223,3779,1022,3785,2722,4139,1582,4189,655],"class_list":["post-70479","post","type-post","status-publish","format-standard","has-post-thumbnail","hentry","category-agroindustria","category-campeche","category-cintillo","category-destruccion-y-contaminacion-ambiental-en-quintana-roo","category-destruccion-y-contaminacion-ambiental-en-yucatan","category-ecocidio-en-campeche","category-granja-porcicola","category-megaproyectos","category-mp-yucatan","category-noticias-nacionales","category-quintana-roo","category-yucatan","tag-agroindustria","tag-contaminacion-agua","tag-contaminacion-ambiental","tag-deforestacion","tag-despojo-de-tierras","tag-ecocidio","tag-emergencia-socioambiental","tag-extractivismo","tag-granja-avicola","tag-granja-porcicola","tag-megagranja","tag-muerte-de-abejas","tag-plaguicidas","tag-problemas-socioambientales","tag-rompimiento-del-tejido-social","tag-saqueo","entry"],"jetpack_featured_media_url":"https:\/\/www.grieta.org.mx\/wp-content\/uploads\/2024\/11\/Emergencia-e1731968625759.jpg","jetpack_sharing_enabled":true,"jetpack_shortlink":"https:\/\/wp.me\/p7ZJR4-ikL","jetpack_likes_enabled":false,"jetpack-related-posts":[{"id":68844,"url":"https:\/\/www.grieta.org.mx\/index.php\/2024\/04\/29\/ambientalistas-clausuran-las-oficinas-de-semarnat-tras-calificarla-de-ecocida-quintana-roo\/","url_meta":{"origin":70479,"position":0},"title":"Ambientalistas &#8220;clausuran&#8221; las oficinas de Semarnat tras calificarla de ecocida (Quintana Roo)","author":"grieta","date":"29 abril, 2024","format":false,"excerpt":"Leslie Gordillo \/ NOTICARIBE PENINSULAR CANC\u00daN.- Un grupo de ambientalistas, representante de diferentes organismos y asociaciones civiles, se manifestaron en la zona hotelera de Canc\u00fan y clausuraron de manera simb\u00f3lica las oficinas de la Secretar\u00eda de Medio Ambiente y Recursos Naturales (Semarnat). La denuncia es que la Semarnat ha sido\u2026","rel":"","context":"En &quot;Campeche&quot;","block_context":{"text":"Campeche","link":"https:\/\/www.grieta.org.mx\/index.php\/category\/noticias-nacionales\/campeche\/"},"img":{"alt_text":"","src":"https:\/\/i0.wp.com\/www.grieta.org.mx\/wp-content\/uploads\/2024\/04\/ambientalitas-e1715552774254.jpg?resize=350%2C200&ssl=1","width":350,"height":200,"srcset":"https:\/\/i0.wp.com\/www.grieta.org.mx\/wp-content\/uploads\/2024\/04\/ambientalitas-e1715552774254.jpg?resize=350%2C200&ssl=1 1x, https:\/\/i0.wp.com\/www.grieta.org.mx\/wp-content\/uploads\/2024\/04\/ambientalitas-e1715552774254.jpg?resize=525%2C300&ssl=1 1.5x, https:\/\/i0.wp.com\/www.grieta.org.mx\/wp-content\/uploads\/2024\/04\/ambientalitas-e1715552774254.jpg?resize=700%2C400&ssl=1 2x"},"classes":[]},{"id":68171,"url":"https:\/\/www.grieta.org.mx\/index.php\/2023\/11\/20\/juzgado-federal-frena-a-bachoco-en-yucatan\/","url_meta":{"origin":70479,"position":1},"title":"Juzgado Federal frena a Bachoco en Yucat\u00e1n","author":"grieta","date":"20 noviembre, 2023","format":false,"excerpt":"Pie de P\u00e1gina La autoridad federal otorg\u00f3 el ampar\u00f3 porque consider\u00f3 que se viol\u00f3 el derecho de consulta libre e informada a comunidades mayas. Los pobladores denuncian que las granjas av\u00edcolas provocan enfermedades y da\u00f1os al medio ambiente, por la filtraci\u00f3n de aguas residuales a la Laguna de Chichankanab y\u2026","rel":"","context":"En &quot;Agroindustria&quot;","block_context":{"text":"Agroindustria","link":"https:\/\/www.grieta.org.mx\/index.php\/category\/megaproyectos\/agroindustria\/"},"img":{"alt_text":"","src":"https:\/\/i0.wp.com\/www.grieta.org.mx\/wp-content\/uploads\/2023\/11\/Chichancanab-e1700962665533.jpg?resize=350%2C200&ssl=1","width":350,"height":200,"srcset":"https:\/\/i0.wp.com\/www.grieta.org.mx\/wp-content\/uploads\/2023\/11\/Chichancanab-e1700962665533.jpg?resize=350%2C200&ssl=1 1x, https:\/\/i0.wp.com\/www.grieta.org.mx\/wp-content\/uploads\/2023\/11\/Chichancanab-e1700962665533.jpg?resize=525%2C300&ssl=1 1.5x, https:\/\/i0.wp.com\/www.grieta.org.mx\/wp-content\/uploads\/2023\/11\/Chichancanab-e1700962665533.jpg?resize=700%2C400&ssl=1 2x"},"classes":[]},{"id":66207,"url":"https:\/\/www.grieta.org.mx\/index.php\/2023\/02\/07\/estamos-navegando-contra-corriente-mas-de-20-mil-apicultores-de-la-peninsula-de-yucatan-enfrentan-deforestacion-contaminacion-por-plaguicidas-granjas-porcicolas-robo-de-colmenas-y-ahora-poca\/","url_meta":{"origin":70479,"position":2},"title":"&#8220;Estamos navegando contra corriente&#8221;: M\u00e1s de 20 mil apicultores de la Pen\u00ednsula de Yucat\u00e1n enfrentan deforestaci\u00f3n, contaminaci\u00f3n por plaguicidas, granjas porc\u00edcolas, robo de colmenas y ahora, poca paga por su miel","author":"grieta","date":"7 febrero, 2023","format":false,"excerpt":"Itzel Chan \/ Noticariobe M\u00c9RIDA, MX.- En Yucat\u00e1n, Campeche y Quintana Roo hay cerca de 20 mil apicultores, de acuerdo con la Coordinaci\u00f3n Nacional de la Alianza Ap\u00edcola en M\u00e9xico, quienes hoy en d\u00eda enfrentan los retos que traen consigo la deforestaci\u00f3n, contaminaci\u00f3n por plaguicidas, el establecimiento de granjas porc\u00edcolas,\u2026","rel":"","context":"En &quot;Agroindustria&quot;","block_context":{"text":"Agroindustria","link":"https:\/\/www.grieta.org.mx\/index.php\/category\/megaproyectos\/agroindustria\/"},"img":{"alt_text":"","src":"https:\/\/i0.wp.com\/www.grieta.org.mx\/wp-content\/uploads\/2023\/02\/Apicultores.jpg?resize=350%2C200&ssl=1","width":350,"height":200,"srcset":"https:\/\/i0.wp.com\/www.grieta.org.mx\/wp-content\/uploads\/2023\/02\/Apicultores.jpg?resize=350%2C200&ssl=1 1x, https:\/\/i0.wp.com\/www.grieta.org.mx\/wp-content\/uploads\/2023\/02\/Apicultores.jpg?resize=525%2C300&ssl=1 1.5x"},"classes":[]},{"id":66524,"url":"https:\/\/www.grieta.org.mx\/index.php\/2023\/03\/16\/con-mascaras-de-cochinos-sitilpech-protesto-en-aeropuerto-de-cancun\/","url_meta":{"origin":70479,"position":3},"title":"Con m\u00e1scaras de cochinos, Sitilpech protest\u00f3 en aeropuerto de Canc\u00fan","author":"grieta","date":"16 marzo, 2023","format":false,"excerpt":"Haz Ruido Se intensifican las manifestaciones en contra de la empresa Kek\u00e9n y sus f\u00e1bricas de cerdos que contaminan en la Pen\u00ednsula de Yucat\u00e1n. Canc\u00fan, Quintana Roo, 16 de marzo de 2023.- Pobladores y familiares de Sitilpech que ahora residen en Quintana Roo protestaron en el Aeropuerto Internacional de Canc\u00fan\u2026","rel":"","context":"En &quot;Agresiones y amenazas a defensor@s de derechos humanos y activistas en Yucat\u00e1n&quot;","block_context":{"text":"Agresiones y amenazas a defensor@s de derechos humanos y activistas en Yucat\u00e1n","link":"https:\/\/www.grieta.org.mx\/index.php\/category\/noticias-nacionales\/yucatan\/ataques-a-defensors-de-derechos-humanos-en-yucatan\/"},"img":{"alt_text":"","src":"https:\/\/i0.wp.com\/www.grieta.org.mx\/wp-content\/uploads\/2023\/03\/SitilpechCancun-e1679026683778.jpg?resize=350%2C200&ssl=1","width":350,"height":200,"srcset":"https:\/\/i0.wp.com\/www.grieta.org.mx\/wp-content\/uploads\/2023\/03\/SitilpechCancun-e1679026683778.jpg?resize=350%2C200&ssl=1 1x, https:\/\/i0.wp.com\/www.grieta.org.mx\/wp-content\/uploads\/2023\/03\/SitilpechCancun-e1679026683778.jpg?resize=525%2C300&ssl=1 1.5x, https:\/\/i0.wp.com\/www.grieta.org.mx\/wp-content\/uploads\/2023\/03\/SitilpechCancun-e1679026683778.jpg?resize=700%2C400&ssl=1 2x"},"classes":[]},{"id":39859,"url":"https:\/\/www.grieta.org.mx\/index.php\/2019\/09\/29\/detengan-la-tala-de-la-selva-maya-piden-universitarios-de-san-francisco-california\/","url_meta":{"origin":70479,"position":4},"title":"Detengan la tala de la selva maya, piden universitarios de San Francisco, California","author":"grieta","date":"29 septiembre, 2019","format":false,"excerpt":"Mayapolitikon Estudiantes y profesores del City College de San Francisco, California, exhortaron al gobierno mexicano y a otros a detener la destrucci\u00f3n de los montes de Yucat\u00e1n con la instalaci\u00f3n de megaproyectos. \u201cEscribimos en apoyo a los activistas mayas quienes se oponen a la destrucci\u00f3n causada por el tren maya,\u2026","rel":"","context":"En &quot;Campeche&quot;","block_context":{"text":"Campeche","link":"https:\/\/www.grieta.org.mx\/index.php\/category\/noticias-nacionales\/campeche\/"},"img":{"alt_text":"","src":"https:\/\/i0.wp.com\/www.grieta.org.mx\/wp-content\/uploads\/2019\/10\/pedrousa-e1570060783615.jpg?resize=350%2C200&ssl=1","width":350,"height":200,"srcset":"https:\/\/i0.wp.com\/www.grieta.org.mx\/wp-content\/uploads\/2019\/10\/pedrousa-e1570060783615.jpg?resize=350%2C200&ssl=1 1x, https:\/\/i0.wp.com\/www.grieta.org.mx\/wp-content\/uploads\/2019\/10\/pedrousa-e1570060783615.jpg?resize=525%2C300&ssl=1 1.5x, https:\/\/i0.wp.com\/www.grieta.org.mx\/wp-content\/uploads\/2019\/10\/pedrousa-e1570060783615.jpg?resize=700%2C400&ssl=1 2x"},"classes":[]},{"id":68957,"url":"https:\/\/www.grieta.org.mx\/index.php\/2024\/05\/14\/en-cuatro-anos-se-han-perdido-285-mil-hectareas-de-selva-en-la-peninsula-campeche-quintana-roo-yucatan\/","url_meta":{"origin":70479,"position":5},"title":"En cuatro a\u00f1os, se han perdido 285 mil hect\u00e1reas de selva en la Pen\u00ednsula (Campeche, Quintana Roo, Yucat\u00e1n)","author":"grieta","date":"14 mayo, 2024","format":false,"excerpt":"Itzel Chan \/ Haz Ruido La zona tiene una tasa anual de p\u00e9rdida de 0.4% y es la m\u00e1s alta en las \u00faltimas d\u00e9cadas, incluso por encima de la media nacional que es de 0.1%. M\u00e9rida, Yucat\u00e1n, 14 de mayo de 2024.- Cada d\u00eda, entre Campeche, Quintana Roo y Yucat\u00e1n\u2026","rel":"","context":"En &quot;Agroindustria&quot;","block_context":{"text":"Agroindustria","link":"https:\/\/www.grieta.org.mx\/index.php\/category\/megaproyectos\/agroindustria\/"},"img":{"alt_text":"","src":"https:\/\/i0.wp.com\/www.grieta.org.mx\/wp-content\/uploads\/2024\/05\/Deforestacion-e1716423920624.jpg?resize=350%2C200&ssl=1","width":350,"height":200,"srcset":"https:\/\/i0.wp.com\/www.grieta.org.mx\/wp-content\/uploads\/2024\/05\/Deforestacion-e1716423920624.jpg?resize=350%2C200&ssl=1 1x, https:\/\/i0.wp.com\/www.grieta.org.mx\/wp-content\/uploads\/2024\/05\/Deforestacion-e1716423920624.jpg?resize=525%2C300&ssl=1 1.5x, https:\/\/i0.wp.com\/www.grieta.org.mx\/wp-content\/uploads\/2024\/05\/Deforestacion-e1716423920624.jpg?resize=700%2C400&ssl=1 2x"},"classes":[]}],"_links":{"self":[{"href":"https:\/\/www.grieta.org.mx\/index.php\/wp-json\/wp\/v2\/posts\/70479","targetHints":{"allow":["GET"]}}],"collection":[{"href":"https:\/\/www.grieta.org.mx\/index.php\/wp-json\/wp\/v2\/posts"}],"about":[{"href":"https:\/\/www.grieta.org.mx\/index.php\/wp-json\/wp\/v2\/types\/post"}],"author":[{"embeddable":true,"href":"https:\/\/www.grieta.org.mx\/index.php\/wp-json\/wp\/v2\/users\/2"}],"replies":[{"embeddable":true,"href":"https:\/\/www.grieta.org.mx\/index.php\/wp-json\/wp\/v2\/comments?post=70479"}],"version-history":[{"count":1,"href":"https:\/\/www.grieta.org.mx\/index.php\/wp-json\/wp\/v2\/posts\/70479\/revisions"}],"predecessor-version":[{"id":70481,"href":"https:\/\/www.grieta.org.mx\/index.php\/wp-json\/wp\/v2\/posts\/70479\/revisions\/70481"}],"wp:featuredmedia":[{"embeddable":true,"href":"https:\/\/www.grieta.org.mx\/index.php\/wp-json\/wp\/v2\/media\/70480"}],"wp:attachment":[{"href":"https:\/\/www.grieta.org.mx\/index.php\/wp-json\/wp\/v2\/media?parent=70479"}],"wp:term":[{"taxonomy":"category","embeddable":true,"href":"https:\/\/www.grieta.org.mx\/index.php\/wp-json\/wp\/v2\/categories?post=70479"},{"taxonomy":"post_tag","embeddable":true,"href":"https:\/\/www.grieta.org.mx\/index.php\/wp-json\/wp\/v2\/tags?post=70479"}],"curies":[{"name":"wp","href":"https:\/\/api.w.org\/{rel}","templated":true}]}}