{"id":70462,"date":"2024-11-07T19:02:08","date_gmt":"2024-11-08T01:02:08","guid":{"rendered":"https:\/\/www.grieta.org.mx\/?p=70462"},"modified":"2024-11-14T19:18:43","modified_gmt":"2024-11-15T01:18:43","slug":"keken-acosa-a-activistas-que-luchan-contra-la-contaminacion-por-las-granjas-porcicolas-en-yucatan","status":"publish","type":"post","link":"https:\/\/www.grieta.org.mx\/index.php\/2024\/11\/07\/keken-acosa-a-activistas-que-luchan-contra-la-contaminacion-por-las-granjas-porcicolas-en-yucatan\/","title":{"rendered":"Kek\u00e9n acosa a activistas que luchan contra la contaminaci\u00f3n por las granjas porc\u00edcolas en Yucat\u00e1n"},"content":{"rendered":"<p>Daniel Armando P\u00e9rez \/ Foto: Nadia Tecuapetla \/ Por Esto!<\/p>\n<p>En un intento por amedrentarlo, los propietarios de la granja de cerdos San Gerardo, socios de Grupo Porc\u00edcola Mexicano (GPM), que operan la marca Kek\u00e9n, denunciaron penalmente Wilbert Alfonso Nahuat Puc, comisario de Santa Mar\u00eda Chi, comunidad donde se asienta la planta, quien he encabezado la lucha contra los abusos y contaminaci\u00f3n del medioambiente.<\/p>\n<p>En la querella, con fecha 29 de mayo, se acusa de \u201cdespojo de propiedad y privaci\u00f3n ilegal de la libertad\u201d al activista, quien lidera el bloqueo y manifestaciones en contra de la granja.<\/p>\n<p>Como informamos, el 14 de mayo de 2023 la comisar\u00eda de M\u00e9rida inici\u00f3 una lucha para frenar la producci\u00f3n de cerdos por los da\u00f1os que esta actividad ocasiona a los pobladores; estos, bloquearon los accesos a la granja.<\/p>\n<p>La aparcera de Kek\u00e9n ha causado diversas afectaciones a la salud de las y los pobladores, as\u00ed como al medio ambiente y a los cuerpos de agua; ni\u00f1os de la comunidad, representados por sus tutores y por Nahuat Puc, en su calidad de autoridad comunitaria, interpusieron demandas de amparo en contra de la granja y de autoridades federales, estatales y locales, a las que acudieron para denunciar violaciones al derecho a la salud, al agua, al medio ambiente sano, sin respuesta alguna.<\/p>\n<figure id=\"attachment_70464\" aria-describedby=\"caption-attachment-70464\" style=\"width: 1318px\" class=\"wp-caption alignright\"><a href=\"http:\/\/www.grieta.org.mx\/wp-content\/uploads\/2024\/11\/StaMariaChi2.jpg\"><img loading=\"lazy\" decoding=\"async\" data-attachment-id=\"70464\" data-permalink=\"https:\/\/www.grieta.org.mx\/index.php\/2024\/11\/07\/keken-acosa-a-activistas-que-luchan-contra-la-contaminacion-por-las-granjas-porcicolas-en-yucatan\/screenshot-194\/\" data-orig-file=\"https:\/\/www.grieta.org.mx\/wp-content\/uploads\/2024\/11\/StaMariaChi2.jpg\" data-orig-size=\"1318,732\" data-comments-opened=\"0\" data-image-meta=\"{&quot;aperture&quot;:&quot;0&quot;,&quot;credit&quot;:&quot;&quot;,&quot;camera&quot;:&quot;&quot;,&quot;caption&quot;:&quot;Screenshot&quot;,&quot;created_timestamp&quot;:&quot;0&quot;,&quot;copyright&quot;:&quot;&quot;,&quot;focal_length&quot;:&quot;0&quot;,&quot;iso&quot;:&quot;0&quot;,&quot;shutter_speed&quot;:&quot;0&quot;,&quot;title&quot;:&quot;Screenshot&quot;,&quot;orientation&quot;:&quot;1&quot;}\" data-image-title=\"Screenshot\" data-image-description=\"\" data-image-caption=\"&lt;p&gt;El comisario es acusado de \u201cdespojo de propiedad y privaci\u00f3n ilegal de la libertad\u201d. \/ Por Esto!&lt;\/p&gt;\n\" data-medium-file=\"https:\/\/www.grieta.org.mx\/wp-content\/uploads\/2024\/11\/StaMariaChi2-300x167.jpg\" data-large-file=\"https:\/\/www.grieta.org.mx\/wp-content\/uploads\/2024\/11\/StaMariaChi2-1024x569.jpg\" src=\"http:\/\/www.grieta.org.mx\/wp-content\/uploads\/2024\/11\/StaMariaChi2.jpg\" alt=\"\" width=\"1318\" height=\"732\" class=\"size-full wp-image-70464\" srcset=\"https:\/\/www.grieta.org.mx\/wp-content\/uploads\/2024\/11\/StaMariaChi2.jpg 1318w, https:\/\/www.grieta.org.mx\/wp-content\/uploads\/2024\/11\/StaMariaChi2-300x167.jpg 300w, https:\/\/www.grieta.org.mx\/wp-content\/uploads\/2024\/11\/StaMariaChi2-1024x569.jpg 1024w, https:\/\/www.grieta.org.mx\/wp-content\/uploads\/2024\/11\/StaMariaChi2-768x427.jpg 768w\" sizes=\"auto, (max-width: 1318px) 100vw, 1318px\" \/><\/a><figcaption id=\"caption-attachment-70464\" class=\"wp-caption-text\">El comisario es acusado de \u201cdespojo de propiedad y privaci\u00f3n ilegal de la libertad\u201d. \/ Por Esto!<\/figcaption><\/figure>\n<p>Nahuat Puc estaba citado a comparecer hoy, 7 de noviembre de 2024, a las 8:30 horas, ante Silvia Elena Torres Cob\u00e1, titular del Juzgado Segundo de Control del Primer Distrito Judicial del Sistema de Justicia Penal Acusatorio y Oral del Estado, debido a \u201cpor los delitos de despojo de cosa inmueble y privaci\u00f3n ilegal de la libertad\u201d. La audiencia se pospuso hasta el 12 de diciembre.<\/p>\n<p>Como consecuencia de esta labor y por tener un papel preponderante en la defensa de su comunidad, impulsando las acciones legales en contra la megagranja de cerdos, la apoderada legal de la empresa porc\u00edcola, Beatriz Arely Uitzil \u00c1lvarez, interpuso una denuncia penal en contra del subcomisario.<\/p>\n<p>Entre las acciones legales que ha encabezado Wilbert Nahuat, destaca la demanda de amparo presentada el 28 de noviembre de 2023, as\u00ed como un recurso de queja ante el Tribunal Colegiado en Materias de Trabajo y Administrativa del Decimocuarto Circuito, el 4 de diciembre de 2023.<\/p>\n<p>En mayo de este a\u00f1o se recibi\u00f3 el respaldo del Juzgado Tercero de Distrito en el Estado de Yucat\u00e1n, que confirm\u00f3 la admisi\u00f3n de una demanda de amparo y la concesi\u00f3n de una suspensi\u00f3n provisional sobre la emisi\u00f3n de la Manifestaci\u00f3n de Impacto Ambiental a la Granja Santa Mar\u00eda.<\/p>\n<figure id=\"attachment_70466\" aria-describedby=\"caption-attachment-70466\" style=\"width: 800px\" class=\"wp-caption alignright\"><a href=\"http:\/\/www.grieta.org.mx\/wp-content\/uploads\/2024\/11\/StaMariaChi3-e1731633203448.jpg\"><img loading=\"lazy\" decoding=\"async\" data-attachment-id=\"70466\" data-permalink=\"https:\/\/www.grieta.org.mx\/index.php\/2024\/11\/07\/keken-acosa-a-activistas-que-luchan-contra-la-contaminacion-por-las-granjas-porcicolas-en-yucatan\/screenshot-195\/\" data-orig-file=\"https:\/\/www.grieta.org.mx\/wp-content\/uploads\/2024\/11\/StaMariaChi3-e1731633203448.jpg\" data-orig-size=\"800,402\" data-comments-opened=\"0\" data-image-meta=\"{&quot;aperture&quot;:&quot;0&quot;,&quot;credit&quot;:&quot;&quot;,&quot;camera&quot;:&quot;&quot;,&quot;caption&quot;:&quot;Screenshot&quot;,&quot;created_timestamp&quot;:&quot;0&quot;,&quot;copyright&quot;:&quot;&quot;,&quot;focal_length&quot;:&quot;0&quot;,&quot;iso&quot;:&quot;0&quot;,&quot;shutter_speed&quot;:&quot;0&quot;,&quot;title&quot;:&quot;Screenshot&quot;,&quot;orientation&quot;:&quot;1&quot;}\" data-image-title=\"Screenshot\" data-image-description=\"\" data-image-caption=\"&lt;p&gt;Colectivos y la poblaci\u00f3n manifestaron su apoyo a Wilbert Nahuat \/ Nadia Tecuapetla&lt;\/p&gt;\n\" data-medium-file=\"https:\/\/www.grieta.org.mx\/wp-content\/uploads\/2024\/11\/StaMariaChi3-300x151.jpg\" data-large-file=\"https:\/\/www.grieta.org.mx\/wp-content\/uploads\/2024\/11\/StaMariaChi3-1024x514.jpg\" src=\"http:\/\/www.grieta.org.mx\/wp-content\/uploads\/2024\/11\/StaMariaChi3-e1731633203448.jpg\" alt=\"\" width=\"800\" height=\"402\" class=\"size-full wp-image-70466\" \/><\/a><figcaption id=\"caption-attachment-70466\" class=\"wp-caption-text\"><br \/>Colectivos y la poblaci\u00f3n manifestaron su apoyo a Wilbert Nahuat \/ Nadia Tecuapetla<\/figcaption><\/figure>\n<p>Por lo pronto, organizaciones, colectivos, acad\u00e9micos y la poblaci\u00f3n en general manifestaron su apoyo hacia el subcomisario. Entre los organismos que han respaldado al afectado, Article 19 Oficina para M\u00e9xico y Centroam\u00e9rica expres\u00f3 su rechazo ante el \u201cuso indebido del derecho penal y la criminalizaci\u00f3n hacia defensores ambientales\u201d.<\/p>\n<p>Consider\u00f3 que personas como Nahuat Puc \u201cdesempe\u00f1an un papel crucial en la protecci\u00f3n del medio ambiente y en la promoci\u00f3n de los derechos humanos, luchando contra pr\u00e1cticas y proyectos que pueden causar da\u00f1os irreparables a la naturaleza y a las comunidades locales\u201d.<\/p>\n<p>Por tal motivo, de manera conjunta se difundi\u00f3 un comunicado en el que se enfatiz\u00f3 que \u201cexigimos un alto al proceso de criminalizaci\u00f3n del defensor ambiental Wilberth Nahuat Puc\u201d.<\/p>\n<p>El documento culmina con una invitaci\u00f3n a colectivos y personas que deseen adherirse al grupo de apoyo, a la vez que sus nombres figurar\u00e1n en una carta dirigida a autoridades.<\/p>\n<p><a href=\"https:\/\/www.poresto.net\/yucatan\/2024\/11\/7\/keken-acosa-a-activistas-que-luchan-contra-la-contaminacion-por-las-granjas-porcicolas-en-yucatan.html\" rel=\"noopener\" target=\"_blank\">https:\/\/www.poresto.net\/yucatan\/2024\/11\/7\/keken-acosa-a-activistas-que-luchan-contra-la-contaminacion-por-las-granjas-porcicolas-en-yucatan.html<\/a><\/p>\n","protected":false},"excerpt":{"rendered":"<p>Daniel Armando P\u00e9rez \/ Foto: Nadia Tecuapetla \/ Por Esto! En un intento por amedrentarlo, los propietarios de la granja de cerdos San Gerardo, socios de Grupo Porc\u00edcola Mexicano (GPM), &hellip; <a href=\"https:\/\/www.grieta.org.mx\/index.php\/2024\/11\/07\/keken-acosa-a-activistas-que-luchan-contra-la-contaminacion-por-las-granjas-porcicolas-en-yucatan\/\" class=\"more-link\">Leer m\u00e1s<\/a><\/p>\n","protected":false},"author":2,"featured_media":70463,"comment_status":"closed","ping_status":"closed","sticky":false,"template":"","format":"standard","meta":{"ngg_post_thumbnail":0,"_jetpack_newsletter_access":"","_jetpack_dont_email_post_to_subs":false,"_jetpack_newsletter_tier_id":0,"_jetpack_memberships_contains_paywalled_content":false,"_jetpack_memberships_contains_paid_content":false,"footnotes":""},"categories":[1069,42,80,1020,1023,3,922,952,2,36],"tags":[648,459,91,2177,2778,1022,3774,3785,4193],"class_list":["post-70462","post","type-post","status-publish","format-standard","has-post-thumbnail","hentry","category-ataques-a-defensors-de-derechos-humanos-en-yucatan","category-agroindustria","category-cintillo","category-granja-porcicola","category-lucha-contra-granja-porcicola","category-megaproyectos","category-megaproyectos-estados","category-mp-yucatan","category-noticias-nacionales","category-yucatan","tag-acoso","tag-ataques-a-defensores-ambientales","tag-contaminacion-ambiental","tag-contaminacion-de-acuiferos","tag-criminalizacion-de-la-protesta","tag-granja-porcicola","tag-keken","tag-megagranja","tag-santa-maria-chi","entry"],"jetpack_featured_media_url":"https:\/\/www.grieta.org.mx\/wp-content\/uploads\/2024\/11\/StaMariaChi-e1731632825468.jpg","jetpack_sharing_enabled":true,"jetpack_shortlink":"https:\/\/wp.me\/p7ZJR4-iku","jetpack_likes_enabled":false,"jetpack-related-posts":[{"id":67720,"url":"https:\/\/www.grieta.org.mx\/index.php\/2023\/09\/09\/keken-se-burla-de-la-ley-continua-operaciones-en-la-granja-clausurada-de-santa-maria-chi-en-merida-yucatan\/","url_meta":{"origin":70462,"position":0},"title":"Kek\u00e9n &#8216;se burla&#8217; de la ley; contin\u00faa operaciones en la granja clausurada de Santa Mar\u00eda Ch\u00ed en M\u00e9rida (Yucat\u00e1n)","author":"grieta","date":"9 septiembre, 2023","format":false,"excerpt":"Rub\u00e9n Dar\u00edo Hau \/ Por Esto! \u201cHartazgo\u201d, es el calificativo que los pobladores de la comisar\u00eda de Santa Mar\u00eda Ch\u00ed expresaron contra la granja San Carlos, aparcera de Kek\u00e9n, que a pesar de que fue cerrada parcialmente, a\u00fan funciona en su interior: siguen engordando alrededor de 60 mil cerdos en\u2026","rel":"","context":"En &quot;Agroindustria&quot;","block_context":{"text":"Agroindustria","link":"https:\/\/www.grieta.org.mx\/index.php\/category\/megaproyectos\/agroindustria\/"},"img":{"alt_text":"","src":"https:\/\/i0.wp.com\/www.grieta.org.mx\/wp-content\/uploads\/2023\/09\/StaMariaChi-e1694453189168.jpg?resize=350%2C200&ssl=1","width":350,"height":200,"srcset":"https:\/\/i0.wp.com\/www.grieta.org.mx\/wp-content\/uploads\/2023\/09\/StaMariaChi-e1694453189168.jpg?resize=350%2C200&ssl=1 1x, https:\/\/i0.wp.com\/www.grieta.org.mx\/wp-content\/uploads\/2023\/09\/StaMariaChi-e1694453189168.jpg?resize=525%2C300&ssl=1 1.5x, https:\/\/i0.wp.com\/www.grieta.org.mx\/wp-content\/uploads\/2023\/09\/StaMariaChi-e1694453189168.jpg?resize=700%2C400&ssl=1 2x"},"classes":[]},{"id":66379,"url":"https:\/\/www.grieta.org.mx\/index.php\/2023\/03\/03\/yucatan-antimotines-para-custodiar-alimento-para-cerdos-de-keken-pueblo-maya-de-sitilpech-denuncia-nuevamente-represion-policiaca-por-protesta-contra-mega-granjas-porcicolas\/","url_meta":{"origin":70462,"position":1},"title":"Yucat\u00e1n | Antimotines para custodiar alimento para cerdos de Kek\u00e9n: Pueblo maya de Sitilpech denuncia nuevamente represi\u00f3n policiaca por protesta contra mega granjas porc\u00edcolas","author":"grieta","date":"3 marzo, 2023","format":false,"excerpt":"Noticaribe M\u00c9RIDA, MX.- Una vez m\u00e1s, las y los habitantes de Sitilpech denuncian y exhiben represi\u00f3n policiaca ante el bloqueo que mantienen en una de las granjas porc\u00edcolas en sus tierras. Las personas que mantienen un bloqueo a las afueras de la granja denunciaron que elementos de la Secretar\u00eda de\u2026","rel":"","context":"En &quot;Agroindustria&quot;","block_context":{"text":"Agroindustria","link":"https:\/\/www.grieta.org.mx\/index.php\/category\/megaproyectos\/agroindustria\/"},"img":{"alt_text":"","src":"https:\/\/i0.wp.com\/www.grieta.org.mx\/wp-content\/uploads\/2023\/03\/Antimotines-e1677881381914.jpg?resize=350%2C200&ssl=1","width":350,"height":200,"srcset":"https:\/\/i0.wp.com\/www.grieta.org.mx\/wp-content\/uploads\/2023\/03\/Antimotines-e1677881381914.jpg?resize=350%2C200&ssl=1 1x, https:\/\/i0.wp.com\/www.grieta.org.mx\/wp-content\/uploads\/2023\/03\/Antimotines-e1677881381914.jpg?resize=525%2C300&ssl=1 1.5x, https:\/\/i0.wp.com\/www.grieta.org.mx\/wp-content\/uploads\/2023\/03\/Antimotines-e1677881381914.jpg?resize=700%2C400&ssl=1 2x"},"classes":[]},{"id":64282,"url":"https:\/\/www.grieta.org.mx\/index.php\/2022\/05\/17\/habitantes-de-sitilpech-exigen-cerrar-granjas-porcicolas-en-yucatan-afuera-del-poder-judicial\/","url_meta":{"origin":70462,"position":2},"title":"Habitantes de Sitilpech exigen cerrar granjas porc\u00edcolas en Yucat\u00e1n afuera del Poder Judicial","author":"grieta","date":"17 mayo, 2022","format":false,"excerpt":"Ruben Dar\u00edo Hau \/ Por Esto! Habitantes de Sitilpech, comisar\u00eda de Izamal, se manifiestan frente a la sede del Poder Judicial de la Federal, en M\u00e9rida, para insistir en que el Juez Primero de Distrito conceda la suspensi\u00f3n definitiva de la granja porc\u00edcola, Kancabch\u00e9n II, aparcera de Kek\u00e9n. El pasado\u2026","rel":"","context":"En &quot;16. Pueblo Maya&quot;","block_context":{"text":"16. Pueblo Maya","link":"https:\/\/www.grieta.org.mx\/index.php\/category\/espejos-de-la-resistencia\/16-pueblo-maya\/"},"img":{"alt_text":"","src":"https:\/\/i0.wp.com\/www.grieta.org.mx\/wp-content\/uploads\/2022\/05\/Sitilpech-e1653577169242.png?resize=350%2C200&ssl=1","width":350,"height":200,"srcset":"https:\/\/i0.wp.com\/www.grieta.org.mx\/wp-content\/uploads\/2022\/05\/Sitilpech-e1653577169242.png?resize=350%2C200&ssl=1 1x, https:\/\/i0.wp.com\/www.grieta.org.mx\/wp-content\/uploads\/2022\/05\/Sitilpech-e1653577169242.png?resize=525%2C300&ssl=1 1.5x, https:\/\/i0.wp.com\/www.grieta.org.mx\/wp-content\/uploads\/2022\/05\/Sitilpech-e1653577169242.png?resize=700%2C400&ssl=1 2x"},"classes":[]},{"id":61314,"url":"https:\/\/www.grieta.org.mx\/index.php\/2021\/06\/19\/yucatan-keken-disfraza-monopolio-de-granjas-porcicolas-en-pequenos-criaderos\/","url_meta":{"origin":70462,"position":3},"title":"Yucat\u00e1n: Kek\u00e9n disfraza monopolio de granjas porc\u00edcolas en peque\u00f1os criaderos","author":"grieta","date":"19 junio, 2021","format":false,"excerpt":"Leandro Chac\u00f3n \/ PorEsto! Con tal de no mostrar el impacto ambiental que produce la porcicultura en el Estado de Yucat\u00e1n, Grupo Porc\u00edcola Mexicano ha creado un modelo de negocio en el que no cuenta con muchas granjas de cerdos con su nombre comercial, as\u00ed lo revel\u00f3 Alexia Dosal Audirac,\u2026","rel":"","context":"En &quot;Agroindustria&quot;","block_context":{"text":"Agroindustria","link":"https:\/\/www.grieta.org.mx\/index.php\/category\/megaproyectos\/agroindustria\/"},"img":{"alt_text":"","src":"https:\/\/i0.wp.com\/www.grieta.org.mx\/wp-content\/uploads\/2021\/08\/KekenAparceria-e1629914737856.png?resize=350%2C200&ssl=1","width":350,"height":200,"srcset":"https:\/\/i0.wp.com\/www.grieta.org.mx\/wp-content\/uploads\/2021\/08\/KekenAparceria-e1629914737856.png?resize=350%2C200&ssl=1 1x, https:\/\/i0.wp.com\/www.grieta.org.mx\/wp-content\/uploads\/2021\/08\/KekenAparceria-e1629914737856.png?resize=525%2C300&ssl=1 1.5x, https:\/\/i0.wp.com\/www.grieta.org.mx\/wp-content\/uploads\/2021\/08\/KekenAparceria-e1629914737856.png?resize=700%2C400&ssl=1 2x"},"classes":[]},{"id":61361,"url":"https:\/\/www.grieta.org.mx\/index.php\/2021\/08\/22\/habitantes-de-celestun-yucatan-firmes-en-su-lucha-contra-granjas-porcicolas-de-keken\/","url_meta":{"origin":70462,"position":4},"title":"Habitantes de Celest\u00fan, Yucat\u00e1n, firmes en su lucha contra granjas porc\u00edcolas de Kek\u00e9n","author":"grieta","date":"22 agosto, 2021","format":false,"excerpt":"Edwin Farf\u00e1n Cervantes \/ PorEsto! El vocero del Consejo Maya del poniente Chikin Ja\u2019 Celest\u00fan, Alberto Rodr\u00edguez Pist\u00e9, lament\u00f3 no tener buenas noticias sobre la lucha del pueblo, pero asegur\u00f3 que en las pr\u00f3ximas semanas se volver\u00e1 a escuchar fuerte su demanda, pues en Celest\u00fan la poblaci\u00f3n si est\u00e1 preocupada\u2026","rel":"","context":"En &quot;Agroindustria&quot;","block_context":{"text":"Agroindustria","link":"https:\/\/www.grieta.org.mx\/index.php\/category\/megaproyectos\/agroindustria\/"},"img":{"alt_text":"","src":"https:\/\/i0.wp.com\/www.grieta.org.mx\/wp-content\/uploads\/2021\/08\/CelestunKeken-e1630266917439.png?resize=350%2C200&ssl=1","width":350,"height":200,"srcset":"https:\/\/i0.wp.com\/www.grieta.org.mx\/wp-content\/uploads\/2021\/08\/CelestunKeken-e1630266917439.png?resize=350%2C200&ssl=1 1x, https:\/\/i0.wp.com\/www.grieta.org.mx\/wp-content\/uploads\/2021\/08\/CelestunKeken-e1630266917439.png?resize=525%2C300&ssl=1 1.5x, https:\/\/i0.wp.com\/www.grieta.org.mx\/wp-content\/uploads\/2021\/08\/CelestunKeken-e1630266917439.png?resize=700%2C400&ssl=1 2x"},"classes":[]},{"id":66524,"url":"https:\/\/www.grieta.org.mx\/index.php\/2023\/03\/16\/con-mascaras-de-cochinos-sitilpech-protesto-en-aeropuerto-de-cancun\/","url_meta":{"origin":70462,"position":5},"title":"Con m\u00e1scaras de cochinos, Sitilpech protest\u00f3 en aeropuerto de Canc\u00fan","author":"grieta","date":"16 marzo, 2023","format":false,"excerpt":"Haz Ruido Se intensifican las manifestaciones en contra de la empresa Kek\u00e9n y sus f\u00e1bricas de cerdos que contaminan en la Pen\u00ednsula de Yucat\u00e1n. Canc\u00fan, Quintana Roo, 16 de marzo de 2023.- Pobladores y familiares de Sitilpech que ahora residen en Quintana Roo protestaron en el Aeropuerto Internacional de Canc\u00fan\u2026","rel":"","context":"En &quot;Agresiones y amenazas a defensor@s de derechos humanos y activistas en Yucat\u00e1n&quot;","block_context":{"text":"Agresiones y amenazas a defensor@s de derechos humanos y activistas en Yucat\u00e1n","link":"https:\/\/www.grieta.org.mx\/index.php\/category\/noticias-nacionales\/yucatan\/ataques-a-defensors-de-derechos-humanos-en-yucatan\/"},"img":{"alt_text":"","src":"https:\/\/i0.wp.com\/www.grieta.org.mx\/wp-content\/uploads\/2023\/03\/SitilpechCancun-e1679026683778.jpg?resize=350%2C200&ssl=1","width":350,"height":200,"srcset":"https:\/\/i0.wp.com\/www.grieta.org.mx\/wp-content\/uploads\/2023\/03\/SitilpechCancun-e1679026683778.jpg?resize=350%2C200&ssl=1 1x, https:\/\/i0.wp.com\/www.grieta.org.mx\/wp-content\/uploads\/2023\/03\/SitilpechCancun-e1679026683778.jpg?resize=525%2C300&ssl=1 1.5x, https:\/\/i0.wp.com\/www.grieta.org.mx\/wp-content\/uploads\/2023\/03\/SitilpechCancun-e1679026683778.jpg?resize=700%2C400&ssl=1 2x"},"classes":[]}],"_links":{"self":[{"href":"https:\/\/www.grieta.org.mx\/index.php\/wp-json\/wp\/v2\/posts\/70462","targetHints":{"allow":["GET"]}}],"collection":[{"href":"https:\/\/www.grieta.org.mx\/index.php\/wp-json\/wp\/v2\/posts"}],"about":[{"href":"https:\/\/www.grieta.org.mx\/index.php\/wp-json\/wp\/v2\/types\/post"}],"author":[{"embeddable":true,"href":"https:\/\/www.grieta.org.mx\/index.php\/wp-json\/wp\/v2\/users\/2"}],"replies":[{"embeddable":true,"href":"https:\/\/www.grieta.org.mx\/index.php\/wp-json\/wp\/v2\/comments?post=70462"}],"version-history":[{"count":1,"href":"https:\/\/www.grieta.org.mx\/index.php\/wp-json\/wp\/v2\/posts\/70462\/revisions"}],"predecessor-version":[{"id":70467,"href":"https:\/\/www.grieta.org.mx\/index.php\/wp-json\/wp\/v2\/posts\/70462\/revisions\/70467"}],"wp:featuredmedia":[{"embeddable":true,"href":"https:\/\/www.grieta.org.mx\/index.php\/wp-json\/wp\/v2\/media\/70463"}],"wp:attachment":[{"href":"https:\/\/www.grieta.org.mx\/index.php\/wp-json\/wp\/v2\/media?parent=70462"}],"wp:term":[{"taxonomy":"category","embeddable":true,"href":"https:\/\/www.grieta.org.mx\/index.php\/wp-json\/wp\/v2\/categories?post=70462"},{"taxonomy":"post_tag","embeddable":true,"href":"https:\/\/www.grieta.org.mx\/index.php\/wp-json\/wp\/v2\/tags?post=70462"}],"curies":[{"name":"wp","href":"https:\/\/api.w.org\/{rel}","templated":true}]}}