{"id":70403,"date":"2024-10-31T18:39:37","date_gmt":"2024-11-01T00:39:37","guid":{"rendered":"https:\/\/www.grieta.org.mx\/?p=70403"},"modified":"2024-11-06T18:50:27","modified_gmt":"2024-11-07T00:50:27","slug":"el-2024-se-perfila-como-el-mas-violento-para-las-mujeres-en-la-historia-de-colima","status":"publish","type":"post","link":"https:\/\/www.grieta.org.mx\/index.php\/2024\/10\/31\/el-2024-se-perfila-como-el-mas-violento-para-las-mujeres-en-la-historia-de-colima\/","title":{"rendered":"El 2024 se perfila como el m\u00e1s violento para las mujeres en la historia de Colima"},"content":{"rendered":"<p>Imagen: Diario Avanzada<\/p>\n<p>Heidi de Le\u00f3n Guti\u00e9rrez \/ Diario Avanzada<\/p>\n<p>Colima, M\u00e9xico, Avanzada (31\/10\/2024).- Colima enfrenta una crisis de violencia contra las mujeres, con 96 asesinatos registrados en los primeros nueve meses de 2024, seg\u00fan datos del Secretariado Ejecutivo del Sistema Nacional de Seguridad P\u00fablica (SESNSP).<\/p>\n<p>De continuar esta tendencia, el estado podr\u00eda cerrar el a\u00f1o como el m\u00e1s violento para el sector femenino de la \u00faltima d\u00e9cada, superando los 100 asesinatos registrados en 2023.<\/p>\n<p>Sin embargo, de estos 96 casos del 2024, solo cinco fueron tipificados como feminicidios, dejando 91 de ellos como homicidios dolosos, lo que \u00a0genera cr\u00edticas de organizaciones locales que denuncian un posible subregistro en los feminicidios.<\/p>\n<p>Colima ocupa la primera posici\u00f3n nacional en la tasa de homicidios dolosos contra mujeres, con 23.64 v\u00edctimas por cada 100 mil mujeres, m\u00e1s del doble de Baja California, que ocupa el segundo lugar con una tasa de 10.27. Sin embargo, en feminicidios, la entidad se encuentra en la novena posici\u00f3n con una tasa de 1.30, un dato que varias organizaciones consideran insuficiente para reflejar la realidad de los asesinatos violentos de mujeres en el estado.<\/p>\n<p>Adem\u00e1s, el estado presenta tasas en otros delitos que afectan de forma significativa a las mujeres. Colima ocupa el primer lugar nacional en denuncias de violencia familiar, con 407.4 incidentes por cada 100 mil habitantes, mientras que tambi\u00e9n registra la tercera tasa m\u00e1s alta en extorsi\u00f3n contra mujeres, con 9.61 casos por cada 100 mil. Esta problem\u00e1tica se extiende a las llamadas de emergencia, donde Colima ocupa el segundo lugar nacional en incidentes relacionados con acoso u hostigamiento sexual y el cuarto en llamadas por violaci\u00f3n.<\/p>\n<p><a href=\"https:\/\/diarioavanzada.com.mx\/?p=64221\">https:\/\/diarioavanzada.com.mx\/?p=64221<\/a><\/p>\n","protected":false},"excerpt":{"rendered":"<p>Imagen: Diario Avanzada Heidi de Le\u00f3n Guti\u00e9rrez \/ Diario Avanzada Colima, M\u00e9xico, Avanzada (31\/10\/2024).- Colima enfrenta una crisis de violencia contra las mujeres, con 96 asesinatos registrados en los primeros &hellip; <a href=\"https:\/\/www.grieta.org.mx\/index.php\/2024\/10\/31\/el-2024-se-perfila-como-el-mas-violento-para-las-mujeres-en-la-historia-de-colima\/\" class=\"more-link\">Leer m\u00e1s<\/a><\/p>\n","protected":false},"author":2,"featured_media":70404,"comment_status":"closed","ping_status":"closed","sticky":false,"template":"","format":"standard","meta":{"ngg_post_thumbnail":0,"_jetpack_newsletter_access":"","_jetpack_dont_email_post_to_subs":false,"_jetpack_newsletter_tier_id":0,"_jetpack_memberships_contains_paywalled_content":false,"_jetpack_memberships_contains_paid_content":false,"footnotes":""},"categories":[80,13,84,1016,2,83],"tags":[2806,3225,2959,2999,81],"class_list":["post-70403","post","type-post","status-publish","format-standard","has-post-thumbnail","hentry","category-cintillo","category-colima","category-feminicidios","category-feminicidios-en-colima","category-noticias-nacionales","category-temas-nacionales","tag-asesinato-de-mujeres","tag-aumento-de-la-violencia-contra-las-mujeres","tag-estadisticas-de-feminicidio","tag-feminicidio-violencia-contra-las-mujeres","tag-feminicidios","entry"],"jetpack_featured_media_url":"https:\/\/www.grieta.org.mx\/wp-content\/uploads\/2024\/11\/5e02817a-3f45-4ddc-891b-c4c370edc579-1.jpg","jetpack_sharing_enabled":true,"jetpack_shortlink":"https:\/\/wp.me\/p7ZJR4-ijx","jetpack_likes_enabled":false,"jetpack-related-posts":[{"id":69931,"url":"https:\/\/www.grieta.org.mx\/index.php\/2024\/09\/30\/colima-el-estado-mas-violento-para-las-mujeres\/","url_meta":{"origin":70403,"position":0},"title":"Colima, el estado m\u00e1s violento para las mujeres","author":"grieta","date":"30 septiembre, 2024","format":false,"excerpt":"Imagen: Diario Avanzada Heidi de Le\u00f3n Guti\u00e9rrez \/ Diario Avanzada Colima, M\u00e9xico, Avanzada (30\/09\/2024).- Colima contin\u00faa siendo el estado m\u00e1s violento para las mujeres en M\u00e9xico. De acuerdo con datos del Secretariado Ejecutivo del Sistema Nacional de Seguridad P\u00fablica (SESNSP), entre enero y agosto de 2024, 91 mujeres fueron asesinadas\u2026","rel":"","context":"En &quot;CINTILLO&quot;","block_context":{"text":"CINTILLO","link":"https:\/\/www.grieta.org.mx\/index.php\/category\/cintillo\/"},"img":{"alt_text":"","src":"https:\/\/i0.wp.com\/www.grieta.org.mx\/wp-content\/uploads\/2024\/10\/aaa-36.jpg?resize=350%2C200&ssl=1","width":350,"height":200,"srcset":"https:\/\/i0.wp.com\/www.grieta.org.mx\/wp-content\/uploads\/2024\/10\/aaa-36.jpg?resize=350%2C200&ssl=1 1x, https:\/\/i0.wp.com\/www.grieta.org.mx\/wp-content\/uploads\/2024\/10\/aaa-36.jpg?resize=525%2C300&ssl=1 1.5x, https:\/\/i0.wp.com\/www.grieta.org.mx\/wp-content\/uploads\/2024\/10\/aaa-36.jpg?resize=700%2C400&ssl=1 2x"},"classes":[]},{"id":54765,"url":"https:\/\/www.grieta.org.mx\/index.php\/2020\/11\/03\/feminicidio-incremento-100-en-colima\/","url_meta":{"origin":70403,"position":1},"title":"Feminicidio increment\u00f3 100% en Colima","author":"grieta","date":"3 noviembre, 2020","format":false,"excerpt":"Imagen: Diario Avanzada Heidi de Le\u00f3n Guti\u00e9rrez \/ Diario Avanzada Colima, M\u00e9xico, Avanzada (03\/11\/2020).- Durante los primeros nueve meses de este a\u00f1o, el feminicidio en la entidad aument\u00f3 en un 100 por ciento, en comparaci\u00f3n con el mismo periodo, pero de 2019. Adem\u00e1s, la entidad tiene la tasa m\u00e1s alta\u2026","rel":"","context":"En &quot;CINTILLO&quot;","block_context":{"text":"CINTILLO","link":"https:\/\/www.grieta.org.mx\/index.php\/category\/cintillo\/"},"img":{"alt_text":"","src":"https:\/\/i0.wp.com\/www.grieta.org.mx\/wp-content\/uploads\/2020\/11\/image-48.png?resize=350%2C200&ssl=1","width":350,"height":200},"classes":[]},{"id":71698,"url":"https:\/\/www.grieta.org.mx\/index.php\/2025\/05\/05\/colima-el-estado-mas-violento-contra-las-mujeres-en-el-primer-trimestre-de-2025\/","url_meta":{"origin":70403,"position":2},"title":"Colima, el estado m\u00e1s violento contra las mujeres en el primer trimestre de 2025","author":"grieta","date":"5 mayo, 2025","format":false,"excerpt":"Imagen: fachada del Palacio de Gobierno de Colima tras la manifestaci\u00f3n feminista del 8 de marzo. Heidi de Le\u00f3n Guti\u00e9rrez \/ Diario Avanzada Colima, M\u00e9xico, Avanzada (05\/05\/2025).- Colima se posicion\u00f3 como la entidad m\u00e1s violenta del pa\u00eds para las mujeres durante el primer trimestre de 2025, al registrar la tasa\u2026","rel":"","context":"En &quot;CINTILLO&quot;","block_context":{"text":"CINTILLO","link":"https:\/\/www.grieta.org.mx\/index.php\/category\/cintillo\/"},"img":{"alt_text":"","src":"https:\/\/i0.wp.com\/www.grieta.org.mx\/wp-content\/uploads\/2025\/05\/fe1d61f4-13ba-43ec-9610-eb877e3b17a4-1.jpg?resize=350%2C200&ssl=1","width":350,"height":200,"srcset":"https:\/\/i0.wp.com\/www.grieta.org.mx\/wp-content\/uploads\/2025\/05\/fe1d61f4-13ba-43ec-9610-eb877e3b17a4-1.jpg?resize=350%2C200&ssl=1 1x, https:\/\/i0.wp.com\/www.grieta.org.mx\/wp-content\/uploads\/2025\/05\/fe1d61f4-13ba-43ec-9610-eb877e3b17a4-1.jpg?resize=525%2C300&ssl=1 1.5x, https:\/\/i0.wp.com\/www.grieta.org.mx\/wp-content\/uploads\/2025\/05\/fe1d61f4-13ba-43ec-9610-eb877e3b17a4-1.jpg?resize=700%2C400&ssl=1 2x, https:\/\/i0.wp.com\/www.grieta.org.mx\/wp-content\/uploads\/2025\/05\/fe1d61f4-13ba-43ec-9610-eb877e3b17a4-1.jpg?resize=1050%2C600&ssl=1 3x, https:\/\/i0.wp.com\/www.grieta.org.mx\/wp-content\/uploads\/2025\/05\/fe1d61f4-13ba-43ec-9610-eb877e3b17a4-1.jpg?resize=1400%2C800&ssl=1 4x"},"classes":[]},{"id":63729,"url":"https:\/\/www.grieta.org.mx\/index.php\/2022\/03\/19\/asesinaron-a-481-mujeres-en-colima-en-nueve-anos\/","url_meta":{"origin":70403,"position":3},"title":"Asesinaron a 481 mujeres en Colima en nueve a\u00f1os","author":"grieta","date":"19 marzo, 2022","format":false,"excerpt":"Foto: Diario Avanzada Redacci\u00f3n \/ Diario Avanzada Colima, M\u00e9xico, Avanzada (19\/03\/2022).- En nueve a\u00f1os fueron asesinadas 481 mujeres en el estado de Colima, de acuerdo con datos del Instituto Nacional de Estad\u00edstica y Geograf\u00eda (Inegi) y del Secretariado Ejecutivo del Sistema Nacional de Seguridad P\u00fablica. El a\u00f1o m\u00e1s letal fue\u2026","rel":"","context":"En &quot;CINTILLO&quot;","block_context":{"text":"CINTILLO","link":"https:\/\/www.grieta.org.mx\/index.php\/category\/cintillo\/"},"img":{"alt_text":"","src":"https:\/\/i0.wp.com\/www.grieta.org.mx\/wp-content\/uploads\/2022\/03\/image-135.png?resize=350%2C200&ssl=1","width":350,"height":200,"srcset":"https:\/\/i0.wp.com\/www.grieta.org.mx\/wp-content\/uploads\/2022\/03\/image-135.png?resize=350%2C200&ssl=1 1x, https:\/\/i0.wp.com\/www.grieta.org.mx\/wp-content\/uploads\/2022\/03\/image-135.png?resize=525%2C300&ssl=1 1.5x"},"classes":[]},{"id":66216,"url":"https:\/\/www.grieta.org.mx\/index.php\/2023\/02\/01\/incrementaron-350-los-feminicidios-en-el-primer-ano-de-vizcaino-colima\/","url_meta":{"origin":70403,"position":4},"title":"Incrementaron 350 % los feminicidios en el primer a\u00f1o de Vizca\u00edno (Colima)","author":"grieta","date":"1 febrero, 2023","format":false,"excerpt":"Imagen: Diario Avanzada Heidi de Le\u00f3n Guti\u00e9rrez \/ Diario Avanzada Colima, M\u00e9xico, Avanzada (01\/02\/2023).- El primer a\u00f1o de gobierno de la mandataria estatal, Indira Vizca\u00edno Silva cerr\u00f3 con 350 por ciento m\u00e1s de v\u00edctimas de feminicidio y homicidio doloso de mujeres en comparaci\u00f3n con 2021. Los porcentajes anteriores muestran que\u2026","rel":"","context":"En &quot;CINTILLO&quot;","block_context":{"text":"CINTILLO","link":"https:\/\/www.grieta.org.mx\/index.php\/category\/cintillo\/"},"img":{"alt_text":"","src":"https:\/\/i0.wp.com\/www.grieta.org.mx\/wp-content\/uploads\/2023\/02\/Indira-Feminista.jpeg?resize=350%2C200&ssl=1","width":350,"height":200,"srcset":"https:\/\/i0.wp.com\/www.grieta.org.mx\/wp-content\/uploads\/2023\/02\/Indira-Feminista.jpeg?resize=350%2C200&ssl=1 1x, https:\/\/i0.wp.com\/www.grieta.org.mx\/wp-content\/uploads\/2023\/02\/Indira-Feminista.jpeg?resize=525%2C300&ssl=1 1.5x"},"classes":[]},{"id":43795,"url":"https:\/\/www.grieta.org.mx\/index.php\/2020\/01\/30\/homicidio-de-mujeres-en-colima-alcanza-el-nivel-de-epidemia-segun-oms\/","url_meta":{"origin":70403,"position":5},"title":"Homicidio de mujeres en Colima alcanza el nivel de epidemia, seg\u00fan OMS","author":"grieta","date":"30 enero, 2020","format":false,"excerpt":"Foto. Diario Avanzada Heidi de Le\u00f3n Guti\u00e9rrez \/ Diario Avanzada Colima, M\u00e9xico, Avanzada (30\/01\/2020).- Colima es el estado donde m\u00e1s asesinan mujeres por cada 100 mil habitantes en el pa\u00eds, seguido de Baja California, Chihuahua y Quintana Roo. Las cifras de homicidios contra mujeres, permiten deducir que la entidad padece\u2026","rel":"","context":"En &quot;CINTILLO&quot;","block_context":{"text":"CINTILLO","link":"https:\/\/www.grieta.org.mx\/index.php\/category\/cintillo\/"},"img":{"alt_text":"","src":"https:\/\/i0.wp.com\/www.grieta.org.mx\/wp-content\/uploads\/2020\/02\/Feminicidios.jpg?resize=350%2C200&ssl=1","width":350,"height":200,"srcset":"https:\/\/i0.wp.com\/www.grieta.org.mx\/wp-content\/uploads\/2020\/02\/Feminicidios.jpg?resize=350%2C200&ssl=1 1x, https:\/\/i0.wp.com\/www.grieta.org.mx\/wp-content\/uploads\/2020\/02\/Feminicidios.jpg?resize=525%2C300&ssl=1 1.5x, https:\/\/i0.wp.com\/www.grieta.org.mx\/wp-content\/uploads\/2020\/02\/Feminicidios.jpg?resize=700%2C400&ssl=1 2x"},"classes":[]}],"_links":{"self":[{"href":"https:\/\/www.grieta.org.mx\/index.php\/wp-json\/wp\/v2\/posts\/70403","targetHints":{"allow":["GET"]}}],"collection":[{"href":"https:\/\/www.grieta.org.mx\/index.php\/wp-json\/wp\/v2\/posts"}],"about":[{"href":"https:\/\/www.grieta.org.mx\/index.php\/wp-json\/wp\/v2\/types\/post"}],"author":[{"embeddable":true,"href":"https:\/\/www.grieta.org.mx\/index.php\/wp-json\/wp\/v2\/users\/2"}],"replies":[{"embeddable":true,"href":"https:\/\/www.grieta.org.mx\/index.php\/wp-json\/wp\/v2\/comments?post=70403"}],"version-history":[{"count":1,"href":"https:\/\/www.grieta.org.mx\/index.php\/wp-json\/wp\/v2\/posts\/70403\/revisions"}],"predecessor-version":[{"id":70405,"href":"https:\/\/www.grieta.org.mx\/index.php\/wp-json\/wp\/v2\/posts\/70403\/revisions\/70405"}],"wp:featuredmedia":[{"embeddable":true,"href":"https:\/\/www.grieta.org.mx\/index.php\/wp-json\/wp\/v2\/media\/70404"}],"wp:attachment":[{"href":"https:\/\/www.grieta.org.mx\/index.php\/wp-json\/wp\/v2\/media?parent=70403"}],"wp:term":[{"taxonomy":"category","embeddable":true,"href":"https:\/\/www.grieta.org.mx\/index.php\/wp-json\/wp\/v2\/categories?post=70403"},{"taxonomy":"post_tag","embeddable":true,"href":"https:\/\/www.grieta.org.mx\/index.php\/wp-json\/wp\/v2\/tags?post=70403"}],"curies":[{"name":"wp","href":"https:\/\/api.w.org\/{rel}","templated":true}]}}