{"id":70394,"date":"2024-10-30T18:18:43","date_gmt":"2024-10-31T00:18:43","guid":{"rendered":"https:\/\/www.grieta.org.mx\/?p=70394"},"modified":"2024-11-06T18:24:42","modified_gmt":"2024-11-07T00:24:42","slug":"colectivos-de-busqueda-exigen-transparencia-y-respeto-a-pablo-lemus-en-dialogos-sobre-secretaria-de-desapariciones-jalisco","status":"publish","type":"post","link":"https:\/\/www.grieta.org.mx\/index.php\/2024\/10\/30\/colectivos-de-busqueda-exigen-transparencia-y-respeto-a-pablo-lemus-en-dialogos-sobre-secretaria-de-desapariciones-jalisco\/","title":{"rendered":"Colectivos de b\u00fasqueda exigen transparencia y respeto a Pablo Lemus en di\u00e1logos sobre Secretar\u00eda de Desapariciones (Jalisco)"},"content":{"rendered":"<p>Imagen: Zona Docs<\/p>\n<p><strong>Ante la controvertida creaci\u00f3n de la denominada\u00a0Secretar\u00eda de Inteligencia y B\u00fasqueda de Personas Desaparecidas, los diferentes colectivos de b\u00fasqueda alzaron la voz para se\u00f1alar que no fueron consultadas para la creaci\u00f3n de esta nueva dependencia y, en\u00a0consecuencia, exigieron reuniones de\u00a0trabajo con el\u00a0gobernador electo,\u00a0Pablo Lemus; sin embargo, \u00e9stas ya empezaron sin la participaci\u00f3n de los colectivos<\/strong><strong><em>\u00a0Luz de Esperanza<\/em>\u00a0y\u00a0<i>Por Amor A Ellxs,\u00a0<\/i>quienes en comunicados denunciaron que desconocen por\u00a0qu\u00e9 no se les convoc\u00f3 a esta primera reuni\u00f3n entre el equipo de Lemus y \u00e1reas t\u00e9cnicas del gobierno estatal.<\/strong><\/p>\n<p>Mario Marlo \/ Zona Docs<\/p>\n<p>En el contexto de la creaci\u00f3n de la la Secretar\u00eda de Inteligencia y B\u00fasqueda de Personas Desaparecidas, colectivos de b\u00fasqueda de personas desaparecidas lanzaron un llamado al gobernador electo, Pablo Lemus Navarro, y a su equipo,\u00a0<strong>solicitando un abordaje serio y transparente en los procesos de di\u00e1logo que mantendr\u00e1n con familiares de personas desaparecidas<\/strong>.<\/p>\n<p>La exigencia surge luego del primer encuentro realizado entre las \u00e1reas t\u00e9cnicas del equipo de transici\u00f3n de Pablo Lemus, encuentro que fue desconocido por varios colectivos, quienes cuestionan la falta de apertura en estos acercamientos iniciales para que puedan dar su opini\u00f3n sobre la secretar\u00eda que, en los pr\u00f3ximo seis a\u00f1os, estar\u00e1 a cargo de la b\u00fasqueda de las m\u00e1s de 15 mil personas desaparecidas en el estado.<\/p>\n<p>Los colectivos<em>\u00a0Luz de Esperanza<\/em>\u00a0y\u00a0<em>Por Amor A Ellxs<\/em>\u00a0se\u00f1alaron que la reuni\u00f3n del 29 de octubre\u00a0<strong>fue organizada sin su inclusi\u00f3n ni conocimiento, generando incertidumbre sobre la voluntad del equipo de Pablo Lemus<\/strong>\u00a0de abordar con profundidad una de las problem\u00e1ticas m\u00e1s graves que enfrenta Jalisco.<\/p>\n<p>Por este motivo, el colectivo\u00a0<em>Por Amor A Ellxs<\/em>\u00a0emiti\u00f3 el siguiente comunicado:<\/p>\n<p><img loading=\"lazy\" decoding=\"async\" class=\"aligncenter size-full wp-image-135125 td-animation-stack-type0-2\" src=\"https:\/\/www.zonadocs.mx\/wp-content\/uploads\/2024\/10\/GbJti2PWgAEbL3E.jpeg\" sizes=\"auto, (max-width: 680px) 100vw, 680px\" srcset=\"https:\/\/www.zonadocs.mx\/wp-content\/uploads\/2024\/10\/GbJti2PWgAEbL3E.jpeg 680w, https:\/\/www.zonadocs.mx\/wp-content\/uploads\/2024\/10\/GbJti2PWgAEbL3E-300x251.jpeg 300w\" alt=\"\" width=\"680\" height=\"570\" \/><\/p>\n<p>Adem\u00e1s, el<em>\u00a0Colectivo Luz de Esperanza<\/em>\u00a0denunci\u00f3 que la exclusi\u00f3n de \u201ccolectivos inc\u00f3modos\u201d de los trabajos de transici\u00f3n, como es el caso de su propia organizaci\u00f3n, representa un intento\u00a0<strong>por marginar las voces que no necesariamente est\u00e1n alineadas con la administraci\u00f3n entrante.<\/strong><\/p>\n<p>En su posicionamiento, las familias de este colectivo de b\u00fasqueda subrayaron que esta exclusi\u00f3n<strong>\u00a0es una muestra de la falta de respeto y de voluntad real<\/strong>\u00a0para enfrentar el problema de las desapariciones en Jalisco.<\/p>\n<p><img loading=\"lazy\" decoding=\"async\" class=\"aligncenter wp-image-135126 td-animation-stack-type0-2\" src=\"https:\/\/www.zonadocs.mx\/wp-content\/uploads\/2024\/10\/GbG30C1XoAAI17w.jpeg\" sizes=\"auto, (max-width: 900px) 100vw, 900px\" srcset=\"https:\/\/www.zonadocs.mx\/wp-content\/uploads\/2024\/10\/GbG30C1XoAAI17w.jpeg 1236w, https:\/\/www.zonadocs.mx\/wp-content\/uploads\/2024\/10\/GbG30C1XoAAI17w-768x994.jpeg 768w, https:\/\/www.zonadocs.mx\/wp-content\/uploads\/2024\/10\/GbG30C1XoAAI17w-1187x1536.jpeg 1187w, https:\/\/www.zonadocs.mx\/wp-content\/uploads\/2024\/10\/GbG30C1XoAAI17w-300x388.jpeg 300w, https:\/\/www.zonadocs.mx\/wp-content\/uploads\/2024\/10\/GbG30C1XoAAI17w-696x901.jpeg 696w, https:\/\/www.zonadocs.mx\/wp-content\/uploads\/2024\/10\/GbG30C1XoAAI17w-1068x1383.jpeg 1068w\" alt=\"\" width=\"900\" height=\"1165\" \/><\/p>\n<p>La situaci\u00f3n de las personas desaparecidas en Jalisco es alarmante, pues con m\u00e1s de 15 mil personas desaparecidas, el estado ocupa el primer lugar en desapariciones a nivel nacional. Por ello,\u00a0<strong>las y los familiares de las v\u00edctimas han exigido durante a\u00f1os pol\u00edticas p\u00fablicas eficientes<\/strong>, mecanismos de b\u00fasqueda efectivos y un compromiso real de las autoridades para combatir esta crisis.<\/p>\n<p>Sin embargo, el distanciamiento y exclusi\u00f3n de los colectivos de b\u00fasqueda en los di\u00e1logos de transici\u00f3n son interpretados\u00a0<strong>como un mensaje de desinter\u00e9s hacia las demandas de estos grupos, seg\u00fan expresaron en sus comunicados.<\/strong><\/p>\n<p>Organizaciones y colectivos de derechos humanos han reiterado que los intentos por invisibilizar a los colectivos de b\u00fasqueda representan un retroceso en los esfuerzos por encontrar justicia y verdad.<\/p>\n<p>La incertidumbre sobre la eficacia de la Secretar\u00eda de Inteligencia y B\u00fasqueda, sumada a la falta de inclusi\u00f3n de los colectivos en los acercamientos iniciales,<strong>\u00a0genera escepticismo sobre el compromiso de la futura administraci\u00f3n con las familias buscadoras.<\/strong><\/p>\n<h4><strong>Una primera reuni\u00f3n sin todos los colectivos<\/strong><\/h4>\n<p>Durante la primera reuni\u00f3n con el equipo del gobernador electo, Pablo Lemus, participaron\u00a0cinco colectivos<em>: Familias Unidas por Nuestros Desaparecidos Jalisco (Fundej), \u2060\u2060Entre Cielo y Tierra Oficial, \u2060Huellas de Amor, Madres Buscadoras (En b\u00fasqueda de ti y de todos)<\/em>\u00a0y\u00a0<em>\u2060\u2060Guerrer@s Buscadores de Jalisco<\/em>, as\u00ed como otras familias buscadoras que sin pertenecer a alg\u00fan colectivo han realizado acciones de b\u00fasqueda.<\/p>\n<p>En la reuni\u00f3n-taller, a trav\u00e9s de un bolet\u00edn de prensa, fue posible saber que existi\u00f3 un intercambio de experiencias<strong>, pero no se precis\u00f3 qu\u00e9 informaci\u00f3n, en espec\u00edfico, se les comparti\u00f3 a las familias sobre la Secretar\u00eda de Inteligencia y B\u00fasqueda de Personas Desaparecidas,<\/strong>\u00a0el punto medular del acercamiento del nuevo gobierno con las familias buscadoras. Adem\u00e1s se precis\u00f3 que habr\u00e1 m\u00e1s reuniones-talleres, pero no se se\u00f1al\u00f3 cu\u00e1ndo ser\u00edan ni a qu\u00e9 colectivos se invitar\u00eda.<\/p>\n<p>Por parte del equipo de transici\u00f3n del gobierno de Pablo Lemus estuvieron presentes: \u00a0Alberto Esquer Guti\u00e9rrez, pr\u00f3ximo jefe de Gabinete; Andrea Blanco Calder\u00f3n, pr\u00f3xima coordinadora de Desarrollo Social; Cynthia Cantero Pacheco, quien ser\u00e1 la siguiente secretaria de Planeaci\u00f3n y Participaci\u00f3n Ciudadana, entre otras personas.<\/p>\n<p>La Secretar\u00eda de Inteligencia y B\u00fasqueda de Personas (SIBP)\u00a0<strong>formar\u00e1 parte de la Coordinaci\u00f3n Estrat\u00e9gica de Seguridad Ciudadana,<\/strong>\u00a0bajo su mando operativo y administrativo estar\u00e1n la Direcci\u00f3n de B\u00fasqueda, la Comisi\u00f3n Estatal de B\u00fasqueda, la Fiscal\u00eda Especial para Personas Desaparecidas y la Comisi\u00f3n Ejecutiva de Atenci\u00f3n a V\u00edctimas; as\u00ed mismo tendr\u00e1 una coordinaci\u00f3n constante con el sistema de videovigilancia C5 Escudo Urbano y el Instituto Jalisciense de Ciencias Forenses; sin embargo, colectivos como\u00a0<em>Por Amor A Ellxs<\/em>\u00a0mostraron su preocupaci\u00f3n porque esta instancia m\u00e1s que fortalecer la b\u00fasqueda de sus desaparecidos,<strong>\u00a0lo que har\u00e1n ser\u00e1 generar un entramado burocr\u00e1tico que har\u00e1 m\u00e1s complicado localizarles.<\/strong><\/p>\n<p><a href=\"https:\/\/www.zonadocs.mx\/2024\/10\/30\/colectivos-de-busqueda-exigen-transparencia-y-respeto-a-pablo-lemus-en-dialogos-sobre-secretaria-de-desapariciones\/\">https:\/\/www.zonadocs.mx\/2024\/10\/30\/colectivos-de-busqueda-exigen-transparencia-y-respeto-a-pablo-lemus-en-dialogos-sobre-secretaria-de-desapariciones\/<\/a><\/p>\n","protected":false},"excerpt":{"rendered":"<p>Imagen: Zona Docs Ante la controvertida creaci\u00f3n de la denominada\u00a0Secretar\u00eda de Inteligencia y B\u00fasqueda de Personas Desaparecidas, los diferentes colectivos de b\u00fasqueda alzaron la voz para se\u00f1alar que no fueron &hellip; <a href=\"https:\/\/www.grieta.org.mx\/index.php\/2024\/10\/30\/colectivos-de-busqueda-exigen-transparencia-y-respeto-a-pablo-lemus-en-dialogos-sobre-secretaria-de-desapariciones-jalisco\/\" class=\"more-link\">Leer m\u00e1s<\/a><\/p>\n","protected":false},"author":2,"featured_media":70395,"comment_status":"closed","ping_status":"closed","sticky":false,"template":"","format":"standard","meta":{"ngg_post_thumbnail":0,"_jetpack_newsletter_access":"","_jetpack_dont_email_post_to_subs":false,"_jetpack_newsletter_tier_id":0,"_jetpack_memberships_contains_paywalled_content":false,"_jetpack_memberships_contains_paid_content":false,"footnotes":""},"categories":[80,87,1032,20,2,83],"tags":[1828,3018,121,1668,3975],"class_list":["post-70394","post","type-post","status-publish","format-standard","has-post-thumbnail","hentry","category-cintillo","category-desaparecidos","category-desaparecidos-en-jalisco","category-jalisco","category-noticias-nacionales","category-temas-nacionales","tag-busqueda-de-desaparecidos","tag-colectivos-de-busqueda-de-desaparecidos","tag-desaparecidos","tag-familiares-de-desaparecidos","tag-madres-de-desaparecidos","entry"],"jetpack_featured_media_url":"https:\/\/www.grieta.org.mx\/wp-content\/uploads\/2024\/11\/DSC02972-1068x710-1.jpg","jetpack_sharing_enabled":true,"jetpack_shortlink":"https:\/\/wp.me\/p7ZJR4-ijo","jetpack_likes_enabled":false,"jetpack-related-posts":[{"id":70305,"url":"https:\/\/www.grieta.org.mx\/index.php\/2024\/10\/22\/colectivos-de-busqueda-rechazan-la-creacion-de-la-secretaria-de-inteligencia-y-busqueda-en-jalisco\/","url_meta":{"origin":70394,"position":0},"title":"Colectivos de b\u00fasqueda rechazan la creaci\u00f3n de la Secretar\u00eda de Inteligencia y B\u00fasqueda en Jalisco","author":"grieta","date":"22 octubre, 2024","format":false,"excerpt":"Imagen: Colectivos de b\u00fasqueda denuncian falta de legitimidad en la creaci\u00f3n de la nueva Secretar\u00eda de Inteligencia y B\u00fasqueda, aprobada antes de la validaci\u00f3n oficial del triunfo de Pablo Lemus como gobernador de Jalisco. Mario Marlo \/ Zona Docs A pocas semanas de que finalice el mandato de Enrique Alfaro\u2026","rel":"","context":"En &quot;CINTILLO&quot;","block_context":{"text":"CINTILLO","link":"https:\/\/www.grieta.org.mx\/index.php\/category\/cintillo\/"},"img":{"alt_text":"","src":"https:\/\/i0.wp.com\/www.grieta.org.mx\/wp-content\/uploads\/2024\/10\/GZzECk3XcAASubk-1068x801-1.jpeg?resize=350%2C200&ssl=1","width":350,"height":200,"srcset":"https:\/\/i0.wp.com\/www.grieta.org.mx\/wp-content\/uploads\/2024\/10\/GZzECk3XcAASubk-1068x801-1.jpeg?resize=350%2C200&ssl=1 1x, https:\/\/i0.wp.com\/www.grieta.org.mx\/wp-content\/uploads\/2024\/10\/GZzECk3XcAASubk-1068x801-1.jpeg?resize=525%2C300&ssl=1 1.5x, https:\/\/i0.wp.com\/www.grieta.org.mx\/wp-content\/uploads\/2024\/10\/GZzECk3XcAASubk-1068x801-1.jpeg?resize=700%2C400&ssl=1 2x, https:\/\/i0.wp.com\/www.grieta.org.mx\/wp-content\/uploads\/2024\/10\/GZzECk3XcAASubk-1068x801-1.jpeg?resize=1050%2C600&ssl=1 3x"},"classes":[]},{"id":70607,"url":"https:\/\/www.grieta.org.mx\/index.php\/2024\/11\/11\/secretaria-de-inteligencia-y-busqueda-de-personas-excluye-a-las-familias-buscadoras-consejo-ciudadano-jalisco\/","url_meta":{"origin":70394,"position":1},"title":"\u201cSecretar\u00eda de Inteligencia y B\u00fasqueda de Personas excluye a las familias buscadoras\u201d: Consejo Ciudadano (Jalisco)","author":"grieta","date":"11 noviembre, 2024","format":false,"excerpt":"Imagen: Darwin Franco El Consejo Ciudadano de la Ley de B\u00fasqueda de Personas del Estado de Jalisco ha emitido un an\u00e1lisis cr\u00edtico sobre la creaci\u00f3n de la Secretar\u00eda de Inteligencia y B\u00fasqueda de Personas que impulsa el gobernador electo de Jalisco, Pablo Lemus.\u00a0Entre las principales preocupaciones, se\u00f1alan la exclusi\u00f3n de\u2026","rel":"","context":"En &quot;CINTILLO&quot;","block_context":{"text":"CINTILLO","link":"https:\/\/www.grieta.org.mx\/index.php\/category\/cintillo\/"},"img":{"alt_text":"","src":"https:\/\/i0.wp.com\/www.grieta.org.mx\/wp-content\/uploads\/2024\/12\/IMG_7031-1536x864-1.jpeg?resize=350%2C200&ssl=1","width":350,"height":200,"srcset":"https:\/\/i0.wp.com\/www.grieta.org.mx\/wp-content\/uploads\/2024\/12\/IMG_7031-1536x864-1.jpeg?resize=350%2C200&ssl=1 1x, https:\/\/i0.wp.com\/www.grieta.org.mx\/wp-content\/uploads\/2024\/12\/IMG_7031-1536x864-1.jpeg?resize=525%2C300&ssl=1 1.5x, https:\/\/i0.wp.com\/www.grieta.org.mx\/wp-content\/uploads\/2024\/12\/IMG_7031-1536x864-1.jpeg?resize=700%2C400&ssl=1 2x, https:\/\/i0.wp.com\/www.grieta.org.mx\/wp-content\/uploads\/2024\/12\/IMG_7031-1536x864-1.jpeg?resize=1050%2C600&ssl=1 3x, https:\/\/i0.wp.com\/www.grieta.org.mx\/wp-content\/uploads\/2024\/12\/IMG_7031-1536x864-1.jpeg?resize=1400%2C800&ssl=1 4x"},"classes":[]},{"id":51093,"url":"https:\/\/www.grieta.org.mx\/index.php\/2020\/06\/18\/familiares-y-amigos-continuan-busqueda-de-desaparecidos-en-chapala-jalisco\/","url_meta":{"origin":70394,"position":2},"title":"Familiares y amigos contin\u00faan b\u00fasqueda de desaparecidos en Chapala (Jalisco)","author":"grieta","date":"18 junio, 2020","format":false,"excerpt":"Foto: Pablo Toledo Pablo Toledo \/ UDGTV Familiares y amigos de personas desaparecidas en el municipio de Chapala contin\u00faan en la b\u00fasqueda incansable de sus seres queridos.\u00a0En esta ocasi\u00f3n realizaron una rueda de prensa en el municipio ribere\u00f1o para dar a conocer que pese a ya haber encontrado a algunos\u2026","rel":"","context":"En &quot;CINTILLO&quot;","block_context":{"text":"CINTILLO","link":"https:\/\/www.grieta.org.mx\/index.php\/category\/cintillo\/"},"img":{"alt_text":"","src":"https:\/\/i0.wp.com\/www.grieta.org.mx\/wp-content\/uploads\/2020\/06\/Desaparecidos-Pablo-Toledo-1-696x394.jpeg?resize=350%2C200&ssl=1","width":350,"height":200,"srcset":"https:\/\/i0.wp.com\/www.grieta.org.mx\/wp-content\/uploads\/2020\/06\/Desaparecidos-Pablo-Toledo-1-696x394.jpeg?resize=350%2C200&ssl=1 1x, https:\/\/i0.wp.com\/www.grieta.org.mx\/wp-content\/uploads\/2020\/06\/Desaparecidos-Pablo-Toledo-1-696x394.jpeg?resize=525%2C300&ssl=1 1.5x"},"classes":[]},{"id":66320,"url":"https:\/\/www.grieta.org.mx\/index.php\/2023\/02\/17\/colectivos-de-busqueda-localizan-fosas-clandestinas-suman-cinco-en-lo-que-va-del-ano-jalisco\/","url_meta":{"origin":70394,"position":3},"title":"Colectivos de b\u00fasqueda localizan fosas clandestinas, suman cinco en lo que va del a\u00f1o (Jalisco)","author":"grieta","date":"17 febrero, 2023","format":false,"excerpt":"Imagen: Especial Lauro Rodr\u00edguez \/ El Diario NTR La fosa localizada en la colonia El Centinela por el colectivo Luz de Esperanza Desaparecidos Jalisco ser\u00eda la quinta en lo que va del a\u00f1o. Las otras cuatros est\u00e1n ubicadas en el municipio de Tlajomulco de Z\u00fa\u00f1iga. Las dos primeras en San\u2026","rel":"","context":"En &quot;CINTILLO&quot;","block_context":{"text":"CINTILLO","link":"https:\/\/www.grieta.org.mx\/index.php\/category\/cintillo\/"},"img":{"alt_text":"","src":"https:\/\/i0.wp.com\/www.grieta.org.mx\/wp-content\/uploads\/2023\/02\/2023-02-17_08-02-03___6146.jpg?resize=350%2C200&ssl=1","width":350,"height":200,"srcset":"https:\/\/i0.wp.com\/www.grieta.org.mx\/wp-content\/uploads\/2023\/02\/2023-02-17_08-02-03___6146.jpg?resize=350%2C200&ssl=1 1x, https:\/\/i0.wp.com\/www.grieta.org.mx\/wp-content\/uploads\/2023\/02\/2023-02-17_08-02-03___6146.jpg?resize=525%2C300&ssl=1 1.5x, https:\/\/i0.wp.com\/www.grieta.org.mx\/wp-content\/uploads\/2023\/02\/2023-02-17_08-02-03___6146.jpg?resize=700%2C400&ssl=1 2x"},"classes":[]},{"id":64600,"url":"https:\/\/www.grieta.org.mx\/index.php\/2022\/07\/20\/condiciona-fiscalia-busqueda-de-desaparecidos-no-quieren-la-participacion-de-colectivos-denuncian-madres-buscadoras-jalisco\/","url_meta":{"origin":70394,"position":4},"title":"Condiciona Fiscal\u00eda b\u00fasqueda de desaparecidos; no quieren la participaci\u00f3n de colectivos denuncian madres buscadoras (Jalisco, Sonora)","author":"grieta","date":"20 julio, 2022","format":false,"excerpt":"Imagen: Especial Lauro Rodr\u00edguez \/ El Diario NTR Las Madres Buscadoras de Sonora acusaron que la Fiscal\u00eda del Estado condicion\u00f3 la b\u00fasqueda en campo. Mencion\u00f3 que se niegan a acompa\u00f1ar acciones colectivas. Ceci Patricia Flores Armenta, lideresa del colectivo Madres Buscadoras de Sonora, mencion\u00f3 que extendieron su estancia en Jalisco\u2026","rel":"","context":"En &quot;CINTILLO&quot;","block_context":{"text":"CINTILLO","link":"https:\/\/www.grieta.org.mx\/index.php\/category\/cintillo\/"},"img":{"alt_text":"","src":"https:\/\/i0.wp.com\/www.grieta.org.mx\/wp-content\/uploads\/2022\/07\/2022-07-20_10-07-27___612.png?resize=350%2C200&ssl=1","width":350,"height":200,"srcset":"https:\/\/i0.wp.com\/www.grieta.org.mx\/wp-content\/uploads\/2022\/07\/2022-07-20_10-07-27___612.png?resize=350%2C200&ssl=1 1x, https:\/\/i0.wp.com\/www.grieta.org.mx\/wp-content\/uploads\/2022\/07\/2022-07-20_10-07-27___612.png?resize=525%2C300&ssl=1 1.5x, https:\/\/i0.wp.com\/www.grieta.org.mx\/wp-content\/uploads\/2022\/07\/2022-07-20_10-07-27___612.png?resize=700%2C400&ssl=1 2x"},"classes":[]},{"id":49685,"url":"https:\/\/www.grieta.org.mx\/index.php\/2020\/05\/22\/colectivos-exigen-al-gobernador-no-cortar-recursos-a-busqueda-de-desaparecidos-jalsico\/","url_meta":{"origin":70394,"position":5},"title":"Colectivos exigen al gobernador no cortar recursos a b\u00fasqueda de desaparecidos (Jalisco)","author":"grieta","date":"22 mayo, 2020","format":false,"excerpt":"Foto: Francisco Guasco \/ EFE \/ Archivo Guadalajara, Jalisco. Colectivos ciudadanos dedicados a la defensa de los derechos humanos\u00a0emitieron este viernes un pronunciamiento en donde rechazan la iniciativa del gobernador Enrique Alfaro, enviada al Congreso de Jalisco, que adem\u00e1s de la deuda por 6 mil 200 millones de pesos contempla\u2026","rel":"","context":"En &quot;CINTILLO&quot;","block_context":{"text":"CINTILLO","link":"https:\/\/www.grieta.org.mx\/index.php\/category\/cintillo\/"},"img":{"alt_text":"","src":"https:\/\/i0.wp.com\/www.grieta.org.mx\/wp-content\/uploads\/2020\/05\/B%C3%BAsqueda-de-desaparecidos-EFE-656x420.jpg?resize=350%2C200&ssl=1","width":350,"height":200,"srcset":"https:\/\/i0.wp.com\/www.grieta.org.mx\/wp-content\/uploads\/2020\/05\/B%C3%BAsqueda-de-desaparecidos-EFE-656x420.jpg?resize=350%2C200&ssl=1 1x, https:\/\/i0.wp.com\/www.grieta.org.mx\/wp-content\/uploads\/2020\/05\/B%C3%BAsqueda-de-desaparecidos-EFE-656x420.jpg?resize=525%2C300&ssl=1 1.5x"},"classes":[]}],"_links":{"self":[{"href":"https:\/\/www.grieta.org.mx\/index.php\/wp-json\/wp\/v2\/posts\/70394","targetHints":{"allow":["GET"]}}],"collection":[{"href":"https:\/\/www.grieta.org.mx\/index.php\/wp-json\/wp\/v2\/posts"}],"about":[{"href":"https:\/\/www.grieta.org.mx\/index.php\/wp-json\/wp\/v2\/types\/post"}],"author":[{"embeddable":true,"href":"https:\/\/www.grieta.org.mx\/index.php\/wp-json\/wp\/v2\/users\/2"}],"replies":[{"embeddable":true,"href":"https:\/\/www.grieta.org.mx\/index.php\/wp-json\/wp\/v2\/comments?post=70394"}],"version-history":[{"count":1,"href":"https:\/\/www.grieta.org.mx\/index.php\/wp-json\/wp\/v2\/posts\/70394\/revisions"}],"predecessor-version":[{"id":70396,"href":"https:\/\/www.grieta.org.mx\/index.php\/wp-json\/wp\/v2\/posts\/70394\/revisions\/70396"}],"wp:featuredmedia":[{"embeddable":true,"href":"https:\/\/www.grieta.org.mx\/index.php\/wp-json\/wp\/v2\/media\/70395"}],"wp:attachment":[{"href":"https:\/\/www.grieta.org.mx\/index.php\/wp-json\/wp\/v2\/media?parent=70394"}],"wp:term":[{"taxonomy":"category","embeddable":true,"href":"https:\/\/www.grieta.org.mx\/index.php\/wp-json\/wp\/v2\/categories?post=70394"},{"taxonomy":"post_tag","embeddable":true,"href":"https:\/\/www.grieta.org.mx\/index.php\/wp-json\/wp\/v2\/tags?post=70394"}],"curies":[{"name":"wp","href":"https:\/\/api.w.org\/{rel}","templated":true}]}}