{"id":70383,"date":"2024-10-30T20:00:44","date_gmt":"2024-10-31T02:00:44","guid":{"rendered":"https:\/\/www.grieta.org.mx\/?p=70383"},"modified":"2024-11-05T20:22:54","modified_gmt":"2024-11-06T02:22:54","slug":"el-inah-y-la-funcion-publica-emprenden-persecucion-contra-arqueologo-critico-del-tren-maya","status":"publish","type":"post","link":"https:\/\/www.grieta.org.mx\/index.php\/2024\/10\/30\/el-inah-y-la-funcion-publica-emprenden-persecucion-contra-arqueologo-critico-del-tren-maya\/","title":{"rendered":"El INAH y la Funci\u00f3n P\u00fablica emprenden persecuci\u00f3n contra arque\u00f3logo cr\u00edtico del Tren Maya"},"content":{"rendered":"<p>Ver\u00f3nica Santamar\u00eda \/ Animal Pol\u00edtico<\/p>\n<blockquote><p>El investigador Fernando Cort\u00e9s de Brasdefer est\u00e1 acusado de \u201cinfringir la ley, divulgar documentos oficiales y poner en riesgo la vida del personal de las oficinas locales del INAH\u201d, en un proceso administrativo que lleva m\u00e1s de un a\u00f1o. Deber\u00e1 comparecer el pr\u00f3ximo 5 de noviembre ante la Funci\u00f3n P\u00fablica.<\/p><\/blockquote>\n<p>El Instituto Nacional de Antropolog\u00eda e Historia (INAH) y la Secretar\u00eda de la Funci\u00f3n P\u00fablica buscan sancionar al arque\u00f3logo e investigador Fernando Cort\u00e9s de Brasdefer, por su presunta responsabilidad administrativa al denunciar activamente la destrucci\u00f3n de vestigios arqueol\u00f3gicos por la construcci\u00f3n del Tren Maya.<\/p>\n<p>El proceso inici\u00f3 con dos actas administrativas del INAH levantadas en mayo y junio de 2023, tras lo cual el pasado 11 de octubre el \u00d3rgano Interno de Control Espec\u00edfico en el INAH de la Secretar\u00eda de la Funci\u00f3n P\u00fablica le envi\u00f3 un citatorio para que comparezca el pr\u00f3ximo 5 de noviembre.<\/p>\n<p>En entrevista, Cort\u00e9s de Brasdefer inform\u00f3 que est\u00e1 acusado de \u201cinfringir la ley por recorrer sin autorizaci\u00f3n tramos del Tren Maya, por divulgar documentos oficiales y por poner en riesgo la vida del personal de las oficinas locales del INAH\u201d.<\/p>\n<p>El tambi\u00e9n integrante del Consejo de Arqueolog\u00eda del INAH deber\u00e1 acudir a la audiencia en la Ciudad de M\u00e9xico para \u201cexponer lo que a su derecho convenga en torno a los hechos que se le hacen saber en el Informe de Presunta Responsabilidad Administrativa, y que son objeto de presunta falta administrativa\u201d. La comparecencia se realizar\u00e1 en las oficinas del \u00d3rgano Interno de Control de la Funci\u00f3n P\u00fablica, ubicadas en la calle de Hamburgo 135, tercer piso, colonia Ju\u00e1rez.<\/p>\n<p>En la audiencia inicial \u201cdeber\u00e1 rendir su declaraci\u00f3n por escrito o verbalmente, y ofrecer las pruebas que estime necesarias para su defensa\u201d.<\/p>\n<figure id=\"attachment_70385\" aria-describedby=\"caption-attachment-70385\" style=\"width: 984px\" class=\"wp-caption alignright\"><a href=\"http:\/\/www.grieta.org.mx\/wp-content\/uploads\/2024\/11\/Brasdefer2.jpg\"><img loading=\"lazy\" decoding=\"async\" data-attachment-id=\"70385\" data-permalink=\"https:\/\/www.grieta.org.mx\/index.php\/2024\/10\/30\/el-inah-y-la-funcion-publica-emprenden-persecucion-contra-arqueologo-critico-del-tren-maya\/screenshot-190\/\" data-orig-file=\"https:\/\/www.grieta.org.mx\/wp-content\/uploads\/2024\/11\/Brasdefer2.jpg\" data-orig-size=\"984,650\" data-comments-opened=\"0\" data-image-meta=\"{&quot;aperture&quot;:&quot;0&quot;,&quot;credit&quot;:&quot;&quot;,&quot;camera&quot;:&quot;&quot;,&quot;caption&quot;:&quot;Screenshot&quot;,&quot;created_timestamp&quot;:&quot;0&quot;,&quot;copyright&quot;:&quot;&quot;,&quot;focal_length&quot;:&quot;0&quot;,&quot;iso&quot;:&quot;0&quot;,&quot;shutter_speed&quot;:&quot;0&quot;,&quot;title&quot;:&quot;Screenshot&quot;,&quot;orientation&quot;:&quot;1&quot;}\" data-image-title=\"Screenshot\" data-image-description=\"\" data-image-caption=\"&lt;p&gt;Foto: Cuartoscuro\/Archivo&lt;\/p&gt;\n\" data-medium-file=\"https:\/\/www.grieta.org.mx\/wp-content\/uploads\/2024\/11\/Brasdefer2-300x198.jpg\" data-large-file=\"https:\/\/www.grieta.org.mx\/wp-content\/uploads\/2024\/11\/Brasdefer2.jpg\" src=\"http:\/\/www.grieta.org.mx\/wp-content\/uploads\/2024\/11\/Brasdefer2.jpg\" alt=\"\" width=\"984\" height=\"650\" class=\"size-full wp-image-70385\" srcset=\"https:\/\/www.grieta.org.mx\/wp-content\/uploads\/2024\/11\/Brasdefer2.jpg 984w, https:\/\/www.grieta.org.mx\/wp-content\/uploads\/2024\/11\/Brasdefer2-300x198.jpg 300w, https:\/\/www.grieta.org.mx\/wp-content\/uploads\/2024\/11\/Brasdefer2-768x507.jpg 768w\" sizes=\"auto, (max-width: 984px) 100vw, 984px\" \/><\/a><figcaption id=\"caption-attachment-70385\" class=\"wp-caption-text\">Foto: Cuartoscuro\/Archivo<\/figcaption><\/figure>\n<p>En ese comunicado se hace referencia a una carta que Cort\u00e9s de Brasdefer difundi\u00f3 entre sus compa\u00f1eros investigadores del INAH a trav\u00e9s de WhatsApp, donde cuestiona el Proyecto de Salvamento Tren Maya, y que fue compartida en Facebook por terceras personas. El Consejo de Arqueolog\u00eda consider\u00f3 que el arque\u00f3logo \u201crealiz\u00f3 declaraciones desafortunadas e imprecisas\u201d sobre el proyecto, \u201cque desinforman al p\u00fablico al emitir consideraciones sin fundamentos sobre el trabajo de colegas y profesionistas que desempe\u00f1an sus funciones en torno a dicho proyecto\u201d.<\/p>\n<p>De acuerdo con lo manifestado en su pronunciamiento, el Consejo de Arqueolog\u00eda sostiene que Cort\u00e9s de Brasdefer \u201cse ha destacado desde hace varios a\u00f1os por desacreditar los trabajos que han impulsado el INAH y sus colaboradores, por lo que ha obtenido amonestaciones verbales en varias ocasiones tras proporcionar a terceros, sin la debida autorizaci\u00f3n, documentaci\u00f3n, datos e informaci\u00f3n sobre proyectos arqueol\u00f3gicos en curso, lo cual no solo contraviene las Condiciones Generales de Trabajo del INAH, sino que ha entorpecido en gran medida la labor arqueol\u00f3gica en el Centro INAH Quintana Roo y puesto en riesgo datos de terceros involucrados\u201d. <\/p>\n<p>Seg\u00fan los procedimientos institucionales del INAH, \u201cse establece que las y los investigadores tienen la obligaci\u00f3n de informar a las autoridades del INAH sobre las presuntas irregularidades que detectasen; sin embargo, hasta este momento (agosto de 2023) el arque\u00f3logo Cort\u00e9s de Brasdefer no ha emitido informaci\u00f3n alguna al Consejo de Arqueolog\u00eda que d\u00e9 cuenta de anomal\u00edas en el Tren Maya y, hasta donde se sabe, tampoco al \u00d3rgano Interno de Control, normado por la Secretar\u00eda de la Funci\u00f3n P\u00fablica\u201d, indica el pronunciamiento.<\/p>\n<figure id=\"attachment_70386\" aria-describedby=\"caption-attachment-70386\" style=\"width: 800px\" class=\"wp-caption alignright\"><a href=\"http:\/\/www.grieta.org.mx\/wp-content\/uploads\/2024\/11\/Brasdefer3-e1730859253823.jpg\"><img loading=\"lazy\" decoding=\"async\" data-attachment-id=\"70386\" data-permalink=\"https:\/\/www.grieta.org.mx\/index.php\/2024\/10\/30\/el-inah-y-la-funcion-publica-emprenden-persecucion-contra-arqueologo-critico-del-tren-maya\/screenshot-191\/\" data-orig-file=\"https:\/\/www.grieta.org.mx\/wp-content\/uploads\/2024\/11\/Brasdefer3-e1730859253823.jpg\" data-orig-size=\"800,532\" data-comments-opened=\"0\" data-image-meta=\"{&quot;aperture&quot;:&quot;0&quot;,&quot;credit&quot;:&quot;&quot;,&quot;camera&quot;:&quot;&quot;,&quot;caption&quot;:&quot;Screenshot&quot;,&quot;created_timestamp&quot;:&quot;0&quot;,&quot;copyright&quot;:&quot;&quot;,&quot;focal_length&quot;:&quot;0&quot;,&quot;iso&quot;:&quot;0&quot;,&quot;shutter_speed&quot;:&quot;0&quot;,&quot;title&quot;:&quot;Screenshot&quot;,&quot;orientation&quot;:&quot;1&quot;}\" data-image-title=\"Screenshot\" data-image-description=\"\" data-image-caption=\"&lt;p&gt;Foto: especial&lt;\/p&gt;\n\" data-medium-file=\"https:\/\/www.grieta.org.mx\/wp-content\/uploads\/2024\/11\/Brasdefer3-300x199.jpg\" data-large-file=\"https:\/\/www.grieta.org.mx\/wp-content\/uploads\/2024\/11\/Brasdefer3-e1730859253823.jpg\" src=\"http:\/\/www.grieta.org.mx\/wp-content\/uploads\/2024\/11\/Brasdefer3-e1730859253823.jpg\" alt=\"\" width=\"800\" height=\"532\" class=\"size-full wp-image-70386\" \/><\/a><figcaption id=\"caption-attachment-70386\" class=\"wp-caption-text\">Foto: especial<\/figcaption><\/figure>\n<p>Cort\u00e9s de Brasdefer consider\u00f3 que el proceso administrativo en su contra, por la posici\u00f3n cr\u00edtica que ha sostenido, atenta contra su libertad de expresi\u00f3n y exhibe un trato \u201ccomo si fuera yo terrorista\u201d.<\/p>\n<p>\u201cMe acusan de mentir. Argumentan que no se destruy\u00f3 nada, que soy un p\u00e9simo arque\u00f3logo y que no tengo experiencia en el tema de salvamento arqueol\u00f3gico. No obstante de ser doctor en antropolog\u00eda especializado en arqueolog\u00eda, me atacan duramente\u201d, se\u00f1al\u00f3.<\/p>\n<p>Adem\u00e1s de ser investigador, Cort\u00e9s de Brasdefer cuenta con 45 a\u00f1os de experiencia como especialista en recorrido y exploraci\u00f3n en la selva, adem\u00e1s de un doctorado Honoris Causa en M\u00e9xico y otro en Espa\u00f1a.<\/p>\n<p>\u201cGente del Consejo de Arqueolog\u00eda me ataca por medio de redes sociales. Uno de ellos es el arque\u00f3logo Mois\u00e9s Valadez. Soy acosado por el director del Centro INAH Quintana Roo, Margarito Molina\u201d, denunci\u00f3.<\/p>\n<p>El investigador inform\u00f3 que acudir\u00e1 a la comparecencia del pr\u00f3ximo 5 de noviembre acompa\u00f1ado por el sindicato y representantes de la comunidad acad\u00e9mica. \u201cSi la autoridad tiene las pruebas de lo que me acusa, que las presente. El comunicado del Consejo de Arqueolog\u00eda sigue en la p\u00e1gina del INAH para destruir mi reputaci\u00f3n; creo que lleg\u00f3 el momento de demostrar qui\u00e9n miente, Diego Prieto (director del INAH) o los trabajadores del INAH\u201d, advirti\u00f3 Cort\u00e9s de Brasdefer.<\/p>\n<figure id=\"attachment_70387\" aria-describedby=\"caption-attachment-70387\" style=\"width: 800px\" class=\"wp-caption alignright\"><a href=\"http:\/\/www.grieta.org.mx\/wp-content\/uploads\/2024\/11\/Brasdefer4-e1730859363402.jpg\"><img loading=\"lazy\" decoding=\"async\" data-attachment-id=\"70387\" data-permalink=\"https:\/\/www.grieta.org.mx\/index.php\/2024\/10\/30\/el-inah-y-la-funcion-publica-emprenden-persecucion-contra-arqueologo-critico-del-tren-maya\/screenshot-192\/\" data-orig-file=\"https:\/\/www.grieta.org.mx\/wp-content\/uploads\/2024\/11\/Brasdefer4-e1730859363402.jpg\" data-orig-size=\"800,532\" data-comments-opened=\"0\" data-image-meta=\"{&quot;aperture&quot;:&quot;0&quot;,&quot;credit&quot;:&quot;&quot;,&quot;camera&quot;:&quot;&quot;,&quot;caption&quot;:&quot;Screenshot&quot;,&quot;created_timestamp&quot;:&quot;0&quot;,&quot;copyright&quot;:&quot;&quot;,&quot;focal_length&quot;:&quot;0&quot;,&quot;iso&quot;:&quot;0&quot;,&quot;shutter_speed&quot;:&quot;0&quot;,&quot;title&quot;:&quot;Screenshot&quot;,&quot;orientation&quot;:&quot;1&quot;}\" data-image-title=\"Screenshot\" data-image-description=\"\" data-image-caption=\"&lt;p&gt;Foto: Cuartoscuro\/Archivo&lt;\/p&gt;\n\" data-medium-file=\"https:\/\/www.grieta.org.mx\/wp-content\/uploads\/2024\/11\/Brasdefer4-300x199.jpg\" data-large-file=\"https:\/\/www.grieta.org.mx\/wp-content\/uploads\/2024\/11\/Brasdefer4-e1730859363402.jpg\" src=\"http:\/\/www.grieta.org.mx\/wp-content\/uploads\/2024\/11\/Brasdefer4-e1730859363402.jpg\" alt=\"\" width=\"800\" height=\"532\" class=\"size-full wp-image-70387\" \/><\/a><figcaption id=\"caption-attachment-70387\" class=\"wp-caption-text\">Foto: Cuartoscuro\/Archivo<br \/><\/figcaption><\/figure>\n<p><a href=\"https:\/\/animalpolitico.com\/politica\/inah-funcion-publica-persiguen-arqueologo\" rel=\"noopener\" target=\"_blank\">https:\/\/animalpolitico.com\/politica\/inah-funcion-publica-persiguen-arqueologo<\/a><\/p>\n","protected":false},"excerpt":{"rendered":"<p>Ver\u00f3nica Santamar\u00eda \/ Animal Pol\u00edtico El investigador Fernando Cort\u00e9s de Brasdefer est\u00e1 acusado de \u201cinfringir la ley, divulgar documentos oficiales y poner en riesgo la vida del personal de las &hellip; <a href=\"https:\/\/www.grieta.org.mx\/index.php\/2024\/10\/30\/el-inah-y-la-funcion-publica-emprenden-persecucion-contra-arqueologo-critico-del-tren-maya\/\" class=\"more-link\">Leer m\u00e1s<\/a><\/p>\n","protected":false},"author":2,"featured_media":70384,"comment_status":"closed","ping_status":"closed","sticky":false,"template":"","format":"standard","meta":{"ngg_post_thumbnail":0,"_jetpack_newsletter_access":"","_jetpack_dont_email_post_to_subs":false,"_jetpack_newsletter_tier_id":0,"_jetpack_memberships_contains_paywalled_content":false,"_jetpack_memberships_contains_paid_content":false,"footnotes":""},"categories":[11,80,3,922,926,944,952,2,28,1876,1877,1875,2026,36],"tags":[2986,208,4008,2761,1878],"class_list":["post-70383","post","type-post","status-publish","format-standard","has-post-thumbnail","hentry","category-campeche","category-cintillo","category-megaproyectos","category-megaproyectos-estados","category-mp-campeche","category-mp-quintana-roo","category-mp-yucatan","category-noticias-nacionales","category-quintana-roo","category-resistencia-al-tren-maya-en-la-peninsula-de-yucatan-quintana-roo","category-resistencia-al-tren-maya-en-la-peninsula-de-yucatan-campeche","category-resistencia-al-tren-maya-en-la-peninsula-de-yucatan","category-tren-maya","category-yucatan","tag-amenazas-a-opositores-al-tren-maya","tag-inah","tag-persecucion","tag-trabajadores-del-inah","tag-tren-maya","entry"],"jetpack_featured_media_url":"https:\/\/www.grieta.org.mx\/wp-content\/uploads\/2024\/11\/Brasdefer.jpg","jetpack_sharing_enabled":true,"jetpack_shortlink":"https:\/\/wp.me\/p7ZJR4-ijd","jetpack_likes_enabled":false,"jetpack-related-posts":[{"id":47874,"url":"https:\/\/www.grieta.org.mx\/index.php\/2020\/04\/13\/las-vias-torcidas-del-tren-maya-video\/","url_meta":{"origin":70383,"position":0},"title":"Las v\u00edas torcidas del tren maya (Video)","author":"grieta","date":"13 abril, 2020","format":false,"excerpt":"https:\/\/www.youtube.com\/watch?v=k8FRX9eT0YY","rel":"","context":"En &quot;16. Pueblo Maya&quot;","block_context":{"text":"16. Pueblo Maya","link":"https:\/\/www.grieta.org.mx\/index.php\/category\/espejos-de-la-resistencia\/16-pueblo-maya\/"},"img":{"alt_text":"","src":"https:\/\/i0.wp.com\/www.grieta.org.mx\/wp-content\/uploads\/2020\/04\/ViasTorcidasTrenMaya.png?resize=350%2C200&ssl=1","width":350,"height":200,"srcset":"https:\/\/i0.wp.com\/www.grieta.org.mx\/wp-content\/uploads\/2020\/04\/ViasTorcidasTrenMaya.png?resize=350%2C200&ssl=1 1x, https:\/\/i0.wp.com\/www.grieta.org.mx\/wp-content\/uploads\/2020\/04\/ViasTorcidasTrenMaya.png?resize=525%2C300&ssl=1 1.5x, https:\/\/i0.wp.com\/www.grieta.org.mx\/wp-content\/uploads\/2020\/04\/ViasTorcidasTrenMaya.png?resize=700%2C400&ssl=1 2x"},"classes":[]},{"id":35945,"url":"https:\/\/www.grieta.org.mx\/index.php\/2019\/07\/05\/expansion-de-megaproyectos-en-la-peninsula-de-yucatan-video\/","url_meta":{"origin":70383,"position":1},"title":"Expansi\u00f3n de Megaproyectos en la Pen\u00ednsula de Yucat\u00e1n (Video)","author":"grieta","date":"5 julio, 2019","format":false,"excerpt":"https:\/\/youtu.be\/qLBARIAaBsI","rel":"","context":"En &quot;Campeche&quot;","block_context":{"text":"Campeche","link":"https:\/\/www.grieta.org.mx\/index.php\/category\/noticias-nacionales\/campeche\/"},"img":{"alt_text":"","src":"https:\/\/i0.wp.com\/img.youtube.com\/vi\/qLBARIAaBsI\/0.jpg?resize=350%2C200","width":350,"height":200},"classes":[]},{"id":53770,"url":"https:\/\/www.grieta.org.mx\/index.php\/2020\/09\/22\/tal-como-advirtieron-arqueologos-tren-maya-podria-danar-vestigios-y-zonas-arqueologicas-detienen-obras-en-campeche-por-hallazgo\/","url_meta":{"origin":70383,"position":2},"title":"Tal como advirtieron arque\u00f3logos, Tren Maya podr\u00eda da\u00f1ar vestigios y zonas arqueol\u00f3gicas; detienen obras en Campeche por hallazgo","author":"grieta","date":"22 septiembre, 2020","format":false,"excerpt":"Itzel Chan \/ Noticaribe M\u00c9RIDA, MX.- Tal como han expuesto m\u00e1s de 100 arque\u00f3logos, acad\u00e9micos e investigadores de M\u00e9xico, Brasil, Canad\u00e1, Estados Unidos y otros pa\u00edses sobre el riesgo que existe de que el Tren Maya podr\u00eda destruir algunos monumentos arqueol\u00f3gicos, recientemente fueron canceladas las obras en Campeche, debido a\u2026","rel":"","context":"En &quot;Campeche&quot;","block_context":{"text":"Campeche","link":"https:\/\/www.grieta.org.mx\/index.php\/category\/noticias-nacionales\/campeche\/"},"img":{"alt_text":"","src":"https:\/\/i0.wp.com\/www.grieta.org.mx\/wp-content\/uploads\/2020\/09\/TrenViasCampeche-e1600970198628.png?resize=350%2C200&ssl=1","width":350,"height":200,"srcset":"https:\/\/i0.wp.com\/www.grieta.org.mx\/wp-content\/uploads\/2020\/09\/TrenViasCampeche-e1600970198628.png?resize=350%2C200&ssl=1 1x, https:\/\/i0.wp.com\/www.grieta.org.mx\/wp-content\/uploads\/2020\/09\/TrenViasCampeche-e1600970198628.png?resize=525%2C300&ssl=1 1.5x, https:\/\/i0.wp.com\/www.grieta.org.mx\/wp-content\/uploads\/2020\/09\/TrenViasCampeche-e1600970198628.png?resize=700%2C400&ssl=1 2x"},"classes":[]},{"id":70070,"url":"https:\/\/www.grieta.org.mx\/index.php\/2024\/09\/04\/se-impuso-la-voluntad-de-un-despota-en-el-tren-maya-felipe-echenique-historiador-del-inah\/","url_meta":{"origin":70383,"position":3},"title":"\u201cSe impuso la voluntad de un d\u00e9spota en el Tren Maya\u201d: Felipe Echenique, historiador del INAH","author":"grieta","date":"4 septiembre, 2024","format":false,"excerpt":"Cristopher Cabello \/ El Universal Al igual que el arque\u00f3logo Fernando Cort\u00e9s de Brasdefer y el antrop\u00f3logo Juan Manuel Sandoval, el historiador del INAH Felipe Echenique recorri\u00f3 parte del tramo 7 del Tren Maya (Bacalar-Esc\u00e1rcega), donde constat\u00f3 la destrucci\u00f3n de zonas de monumentos arqueol\u00f3gicos y vestigios patrimoniales, hechos que denunci\u00f3\u2026","rel":"","context":"En &quot;Campeche&quot;","block_context":{"text":"Campeche","link":"https:\/\/www.grieta.org.mx\/index.php\/category\/noticias-nacionales\/campeche\/"},"img":{"alt_text":"","src":"https:\/\/i0.wp.com\/www.grieta.org.mx\/wp-content\/uploads\/2024\/10\/Despota-e1728418204267.jpg?resize=350%2C200&ssl=1","width":350,"height":200,"srcset":"https:\/\/i0.wp.com\/www.grieta.org.mx\/wp-content\/uploads\/2024\/10\/Despota-e1728418204267.jpg?resize=350%2C200&ssl=1 1x, https:\/\/i0.wp.com\/www.grieta.org.mx\/wp-content\/uploads\/2024\/10\/Despota-e1728418204267.jpg?resize=525%2C300&ssl=1 1.5x, https:\/\/i0.wp.com\/www.grieta.org.mx\/wp-content\/uploads\/2024\/10\/Despota-e1728418204267.jpg?resize=700%2C400&ssl=1 2x"},"classes":[]},{"id":64385,"url":"https:\/\/www.grieta.org.mx\/index.php\/2022\/06\/16\/trabajadores-del-tren-maya-cierran-empresa-que-se-niega-a-pagarles\/","url_meta":{"origin":70383,"position":4},"title":"Trabajadores del Tren Maya cierran empresa que se niega a pagarles","author":"grieta","date":"16 junio, 2022","format":false,"excerpt":"Yoisi Moguel \/ El Financiero Alrededor de 150 trabajadores del Tren Maya, del tramo 3 Calkini-Izamal, cerraron las instalaciones de las oficinas centrales de la empresa Azvi Ferroviaria, en protesta porque les negaron su pago de esta quincena, les incrementaron la jornada laboral sin incentivo econ\u00f3mico y por despidos injustificados.\u2026","rel":"","context":"En &quot;Campeche&quot;","block_context":{"text":"Campeche","link":"https:\/\/www.grieta.org.mx\/index.php\/category\/noticias-nacionales\/campeche\/"},"img":{"alt_text":"","src":"https:\/\/i0.wp.com\/www.grieta.org.mx\/wp-content\/uploads\/2022\/06\/CarreteraMilenaria-e1654888209571.png?resize=350%2C200&ssl=1","width":350,"height":200,"srcset":"https:\/\/i0.wp.com\/www.grieta.org.mx\/wp-content\/uploads\/2022\/06\/CarreteraMilenaria-e1654888209571.png?resize=350%2C200&ssl=1 1x, https:\/\/i0.wp.com\/www.grieta.org.mx\/wp-content\/uploads\/2022\/06\/CarreteraMilenaria-e1654888209571.png?resize=525%2C300&ssl=1 1.5x, https:\/\/i0.wp.com\/www.grieta.org.mx\/wp-content\/uploads\/2022\/06\/CarreteraMilenaria-e1654888209571.png?resize=700%2C400&ssl=1 2x"},"classes":[]},{"id":67427,"url":"https:\/\/www.grieta.org.mx\/index.php\/2023\/08\/07\/defienden-a-arqueologo-censurado-por-el-inah\/","url_meta":{"origin":70383,"position":5},"title":"Defienden a arque\u00f3logo censurado por el INAH","author":"grieta","date":"7 agosto, 2023","format":false,"excerpt":"El Diario.Mx El investigador ha documentado y denunciado la destrucci\u00f3n que las obras del Tren Maya causan al patrimonio Ciudad de M\u00e9xico.- Investigadores del INAH y de centros acad\u00e9micos como la UNAM, la UAM y El Colegio de Michoac\u00e1n, entre otros, manifestaron su indignaci\u00f3n por la censura que ha ejercido\u2026","rel":"","context":"En &quot;CINTILLO&quot;","block_context":{"text":"CINTILLO","link":"https:\/\/www.grieta.org.mx\/index.php\/category\/cintillo\/"},"img":{"alt_text":"","src":"https:\/\/i0.wp.com\/www.grieta.org.mx\/wp-content\/uploads\/2023\/08\/Censura-e1691644941252.jpg?resize=350%2C200&ssl=1","width":350,"height":200,"srcset":"https:\/\/i0.wp.com\/www.grieta.org.mx\/wp-content\/uploads\/2023\/08\/Censura-e1691644941252.jpg?resize=350%2C200&ssl=1 1x, https:\/\/i0.wp.com\/www.grieta.org.mx\/wp-content\/uploads\/2023\/08\/Censura-e1691644941252.jpg?resize=525%2C300&ssl=1 1.5x, https:\/\/i0.wp.com\/www.grieta.org.mx\/wp-content\/uploads\/2023\/08\/Censura-e1691644941252.jpg?resize=700%2C400&ssl=1 2x"},"classes":[]}],"_links":{"self":[{"href":"https:\/\/www.grieta.org.mx\/index.php\/wp-json\/wp\/v2\/posts\/70383","targetHints":{"allow":["GET"]}}],"collection":[{"href":"https:\/\/www.grieta.org.mx\/index.php\/wp-json\/wp\/v2\/posts"}],"about":[{"href":"https:\/\/www.grieta.org.mx\/index.php\/wp-json\/wp\/v2\/types\/post"}],"author":[{"embeddable":true,"href":"https:\/\/www.grieta.org.mx\/index.php\/wp-json\/wp\/v2\/users\/2"}],"replies":[{"embeddable":true,"href":"https:\/\/www.grieta.org.mx\/index.php\/wp-json\/wp\/v2\/comments?post=70383"}],"version-history":[{"count":1,"href":"https:\/\/www.grieta.org.mx\/index.php\/wp-json\/wp\/v2\/posts\/70383\/revisions"}],"predecessor-version":[{"id":70389,"href":"https:\/\/www.grieta.org.mx\/index.php\/wp-json\/wp\/v2\/posts\/70383\/revisions\/70389"}],"wp:featuredmedia":[{"embeddable":true,"href":"https:\/\/www.grieta.org.mx\/index.php\/wp-json\/wp\/v2\/media\/70384"}],"wp:attachment":[{"href":"https:\/\/www.grieta.org.mx\/index.php\/wp-json\/wp\/v2\/media?parent=70383"}],"wp:term":[{"taxonomy":"category","embeddable":true,"href":"https:\/\/www.grieta.org.mx\/index.php\/wp-json\/wp\/v2\/categories?post=70383"},{"taxonomy":"post_tag","embeddable":true,"href":"https:\/\/www.grieta.org.mx\/index.php\/wp-json\/wp\/v2\/tags?post=70383"}],"curies":[{"name":"wp","href":"https:\/\/api.w.org\/{rel}","templated":true}]}}