{"id":7037,"date":"2015-10-03T05:38:24","date_gmt":"2015-10-03T05:38:24","guid":{"rendered":"http:\/\/50.22.11.12\/~grietaor\/?p=7037"},"modified":"2016-04-26T02:48:22","modified_gmt":"2016-04-26T02:48:22","slug":"exigen-castigo-a-federales","status":"publish","type":"post","link":"https:\/\/www.grieta.org.mx\/index.php\/2015\/10\/03\/exigen-castigo-a-federales\/","title":{"rendered":"Exigen castigo a federales"},"content":{"rendered":"<p>Crystyan Vinagre <\/p>\n<p>M\u00e1s de 300 personas marcharon de Paseo Tabasco hasta llegar a la PGR, donde ped\u00edan justicia por los j\u00f3venes asesinados.<\/p>\n<p>\u201cD\u00f3nde est\u00e1n los que prometieron que nos iban a cuidar, se llevaron dos hermanos y lo quieren ocultar\u201d, reclamaron durante la marcha, familiares, amigos y conocidos de Miguel \u00c1ngel L\u00f3pez Mart\u00ednez y Alejandro Contreras Sierra, j\u00f3venes asesinados por elementos de la Polic\u00eda Federal, el pasado 27 de septiembre.<\/p>\n<p>Vestidos de blanco m\u00e1s de 300 personas , con impresiones en sus camisetas y pancartas, hicieron el recorrido desde el Musevi, hasta la sede de la Delegaci\u00f3n de la PGR en Tabasco.<\/p>\n<p>\u201cNosotros lo que queremos es justicia, que se esclarezcan los hechos y se castigue a los responsables del atroz y cobarde crimen, nos quitaron a dos j\u00f3venes sanos, tranquilos.<\/p>\n<p>Seg\u00fan los federales, eran sospechosos, porque estaban estacionados, porque no los abordaron en vez de acribillarlos, \u201cporque eso fue, una ejecuci\u00f3n\u201d, manifest\u00f3 Fredy Contreras Ram\u00edrez, padre de Miguel Alejandro Contreras Sierra.<\/p>\n<p>Mientras que Manuel Alfonso L\u00f3pez Mart\u00ednez, hermano del extinto Miguel Alejandro L\u00f3pez, indic\u00f3 que \u201cesta manifestaci\u00f3n es por las injusticias que existe en nuestro estado, es algo pac\u00edfico que hemos organizado ambas familias, no queremos entorpecer las investigaciones, pero s\u00ed queremos que se nos garantice que se va a llegar hasta las \u00faltimas consecuencias caiga qui\u00e9n caiga, ya Tabasco est\u00e1 cansado e indignado de tanta injusticia\u201d.<\/p>\n<p>Por su parte, Fany, dijo que ellos eran profesionistas y no delincuentes.<\/p>\n<p>\u201cAqu\u00ed no se solapar\u00e1 a nadie\u201d<\/p>\n<p>\u201cNo se queden callados, si lo hacen esto se repetir\u00e1 en Tabasco, aqu\u00ed no solaparemos a nadie\u201d, les asegur\u00f3 el delegado de la Procuradur\u00eda General de la Rep\u00fablica, Ra\u00fal Mart\u00ednez, en reuni\u00f3n a los familiares de los j\u00f3venes ca\u00eddos durante un presunto enfrentamiento con federales, revel\u00f3 Fredy Contreras Ram\u00edrez, padre de uno de los asesinados.<\/p>\n<p>Una hora y media la comitiva conformada por los padres y hermanos de los j\u00f3venes asesinados, fueron atendidos por el funcionario federal, quien seg\u00fan los familiares, \u201cse comprometi\u00f3 a que no se va a solapar a nadie, que se va a investigar a fondo y transparencia, que ya declararon los polic\u00edas\u2026<\/p>\n<p>nos dijo que si nos quedamos callados como sociedad esto puede volver a pasar.<\/p>\n<p>Ten\u00edan balazos por la espalda y cabeza<\/p>\n<p>Los j\u00f3venes que fueron acribillados por federales en la colonia El \u00c1guila fallecieron por destrucci\u00f3n de centros nerviosos superiores, revela la autopsia de ley practicada por m\u00e9dicos legistas de la Fiscal\u00eda General del Estado (FGE), lo que significa que recibieron balazos en la cabeza.<\/p>\n<p>Alejandro Contreras Sierra, una de las v\u00edctimas, presenta al menos cinco balazos por la espalda, tres a la altura del pulm\u00f3n, otro en la tetilla de lado izquierdo y otro entre el cuello y la cabeza.<\/p>\n<p>Mientras que \u00c1ngel Mart\u00edn Dom\u00ednguez, ten\u00eda varios impactos en la humanida y tambi\u00e9n un tiro en la cabeza ambos fallecieron en el interior de la camioneta Ranger.<\/p>\n<p>Carlos Castillo Romero, quien representa a los familiares del ahora extinto, Alejandro Contreras Sierra, dijo que por la forma como fueron acribillados se trata de una ejecuci\u00f3n, \u201cno hubo tal intercambio de balas\u201d, dijo.<\/p>\n<p>En cuanto a lo que expres\u00f3 el Fiscal Fernando Valenzuela Pernas del resultado de rodizonato de sodio\u201d que se le practic\u00f3 a las v\u00edctimas y que \u201cresult\u00f3 positivo a p\u00f3lvora y bario\u201d, esto no significa que ellos hayan disparado, explic\u00f3.<\/p>\n<p>A\u00fan faltan valorar las pruebas, porque \u201d tratan de maquillar las cosas\u201d.<\/p>\n<p><a href=\"http:\/\/www.tabascohoy.com\/2\/notas\/272813\/exigen-castigo-a-federales\" target=\"_blank\">http:\/\/www.tabascohoy.com\/2\/notas\/272813\/exigen-castigo-a-federales<\/a><\/p>\n","protected":false},"excerpt":{"rendered":"<p>Crystyan Vinagre M\u00e1s de 300 personas marcharon de Paseo Tabasco hasta llegar a la PGR, donde ped\u00edan justicia por los j\u00f3venes asesinados. \u201cD\u00f3nde est\u00e1n los que prometieron que nos iban &hellip; <a href=\"https:\/\/www.grieta.org.mx\/index.php\/2015\/10\/03\/exigen-castigo-a-federales\/\" class=\"more-link\">Leer m\u00e1s<\/a><\/p>\n","protected":false},"author":2,"featured_media":21928,"comment_status":"closed","ping_status":"open","sticky":false,"template":"","format":"standard","meta":{"ngg_post_thumbnail":0,"_jetpack_newsletter_access":"","_jetpack_dont_email_post_to_subs":false,"_jetpack_newsletter_tier_id":0,"_jetpack_memberships_contains_paywalled_content":false,"_jetpack_memberships_contains_paid_content":false,"footnotes":""},"categories":[80,415],"tags":[],"class_list":["post-7037","post","type-post","status-publish","format-standard","has-post-thumbnail","hentry","category-cintillo","category-tabasco","entry"],"jetpack_featured_media_url":"https:\/\/www.grieta.org.mx\/wp-content\/uploads\/2018\/03\/14524434_1106112876131411_958039263622046936_o.jpg","jetpack_sharing_enabled":true,"jetpack_shortlink":"https:\/\/wp.me\/p7ZJR4-1Pv","jetpack_likes_enabled":false,"jetpack-related-posts":[{"id":7053,"url":"https:\/\/www.grieta.org.mx\/index.php\/2015\/10\/03\/300-personas-marchan-en-tabasco-exigen-justicia-para-jovenes-asesinados-por-federales\/","url_meta":{"origin":7037,"position":0},"title":"300 personas marchan en Tabasco, exigen justicia para j\u00f3venes asesinados por federales","author":"grieta","date":"3 octubre, 2015","format":false,"excerpt":"03\/10\/15. Exigen castigo a federalesTabasco Hoy 03\/10\/15. \u201cS\u00f3lo respondimos a la agresi\u00f3n\u201d, afirman polic\u00edas que mataron a dos j\u00f3venes en TabascoProceso","rel":"","context":"En &quot;NOTICIAS NACIONALES&quot;","block_context":{"text":"NOTICIAS NACIONALES","link":"https:\/\/www.grieta.org.mx\/index.php\/category\/noticias-nacionales\/"},"img":{"alt_text":"","src":"https:\/\/i0.wp.com\/www.grieta.org.mx\/wp-content\/uploads\/2018\/03\/14524434_1106112876131411_958039263622046936_o.jpg?resize=350%2C200&ssl=1","width":350,"height":200,"srcset":"https:\/\/i0.wp.com\/www.grieta.org.mx\/wp-content\/uploads\/2018\/03\/14524434_1106112876131411_958039263622046936_o.jpg?resize=350%2C200&ssl=1 1x, https:\/\/i0.wp.com\/www.grieta.org.mx\/wp-content\/uploads\/2018\/03\/14524434_1106112876131411_958039263622046936_o.jpg?resize=525%2C300&ssl=1 1.5x, https:\/\/i0.wp.com\/www.grieta.org.mx\/wp-content\/uploads\/2018\/03\/14524434_1106112876131411_958039263622046936_o.jpg?resize=700%2C400&ssl=1 2x"},"classes":[]},{"id":7060,"url":"https:\/\/www.grieta.org.mx\/index.php\/2015\/10\/01\/solo-respondimos-a-la-agresion-afirman-policias-que-mataron-a-dos-jovenes-en-tabasco\/","url_meta":{"origin":7037,"position":1},"title":"\u201cS\u00f3lo respondimos a la agresi\u00f3n\u201d, afirman polic\u00edas que mataron a dos j\u00f3venes en Tabasco","author":"grieta","date":"1 octubre, 2015","format":false,"excerpt":"Armando Guzm\u00e1n VILLAHERMOSA, Tab. (apro).- Agentes federales que asesinaron a dos j\u00f3venes y lesionaron a otros dos, en esta capital, justificaron que lo \u00fanico que hicieron fue responder al ataque armado de las v\u00edctimas. De acuerdo con los polic\u00edas Jos\u00e9 \u00c1ngel Guzm\u00e1n Monroy, Santos Mario Texcalpa y Camilo Iv\u00e1n Serrano\u2026","rel":"","context":"En &quot;CINTILLO&quot;","block_context":{"text":"CINTILLO","link":"https:\/\/www.grieta.org.mx\/index.php\/category\/cintillo\/"},"img":{"alt_text":"","src":"https:\/\/i0.wp.com\/www.grieta.org.mx\/wp-content\/uploads\/2018\/03\/14524434_1106112876131411_958039263622046936_o.jpg?resize=350%2C200&ssl=1","width":350,"height":200,"srcset":"https:\/\/i0.wp.com\/www.grieta.org.mx\/wp-content\/uploads\/2018\/03\/14524434_1106112876131411_958039263622046936_o.jpg?resize=350%2C200&ssl=1 1x, https:\/\/i0.wp.com\/www.grieta.org.mx\/wp-content\/uploads\/2018\/03\/14524434_1106112876131411_958039263622046936_o.jpg?resize=525%2C300&ssl=1 1.5x, https:\/\/i0.wp.com\/www.grieta.org.mx\/wp-content\/uploads\/2018\/03\/14524434_1106112876131411_958039263622046936_o.jpg?resize=700%2C400&ssl=1 2x"},"classes":[]},{"id":6577,"url":"https:\/\/www.grieta.org.mx\/index.php\/2015\/11\/24\/repunta-violencia-sexual-contra-mujeres-migrantes-en-tabasco\/","url_meta":{"origin":7037,"position":2},"title":"Repunta violencia sexual contra mujeres migrantes en Tabasco","author":"grieta","date":"24 noviembre, 2015","format":false,"excerpt":"Ang\u00e9lica Jocelyn Soto M\u00c9XICO, DF (apro-cimac).- Al menos 20 mujeres migrantes alojadas en el refugio \u201cLa 72\u201d, ubicado en Tenosique, Tabasco, fueron atacadas sexualmente en los \u00faltimos cuatro meses al cruzar la frontera hacia nuestro pa\u00eds. Hasta ahora ning\u00fan responsable ha sido consignado pese a que las afectadas interpusieron denuncias\u2026","rel":"","context":"En &quot;CINTILLO&quot;","block_context":{"text":"CINTILLO","link":"https:\/\/www.grieta.org.mx\/index.php\/category\/cintillo\/"},"img":{"alt_text":"","src":"https:\/\/i0.wp.com\/www.grieta.org.mx\/wp-content\/uploads\/2018\/03\/14524434_1106112876131411_958039263622046936_o.jpg?resize=350%2C200&ssl=1","width":350,"height":200,"srcset":"https:\/\/i0.wp.com\/www.grieta.org.mx\/wp-content\/uploads\/2018\/03\/14524434_1106112876131411_958039263622046936_o.jpg?resize=350%2C200&ssl=1 1x, https:\/\/i0.wp.com\/www.grieta.org.mx\/wp-content\/uploads\/2018\/03\/14524434_1106112876131411_958039263622046936_o.jpg?resize=525%2C300&ssl=1 1.5x, https:\/\/i0.wp.com\/www.grieta.org.mx\/wp-content\/uploads\/2018\/03\/14524434_1106112876131411_958039263622046936_o.jpg?resize=700%2C400&ssl=1 2x"},"classes":[]},{"id":6295,"url":"https:\/\/www.grieta.org.mx\/index.php\/2015\/09\/25\/se-investigan-muertes-de-periodistas-en-tabasco-fiscal\/","url_meta":{"origin":7037,"position":3},"title":"Se investigan muertes de periodistas en Tabasco: fiscal","author":"grieta","date":"25 septiembre, 2015","format":false,"excerpt":"Imagen Informativa Las primeras investigaciones se\u00f1alan que los dos reporteros ingresaron al hotel acompa\u00f1ados de dos mujeres y que no hay huellas de violencia. CIUDAD DE M\u00c9XICO, 25 de septiembre.- Fernando Valenzuela, fiscal de Tabasco, habl\u00f3 sobre la muerte de dos periodistas en un hotel del estado. En entrevista con\u2026","rel":"","context":"En &quot;CINTILLO&quot;","block_context":{"text":"CINTILLO","link":"https:\/\/www.grieta.org.mx\/index.php\/category\/cintillo\/"},"img":{"alt_text":"","src":"https:\/\/i0.wp.com\/www.grieta.org.mx\/wp-content\/uploads\/2018\/03\/14524434_1106112876131411_958039263622046936_o.jpg?resize=350%2C200&ssl=1","width":350,"height":200,"srcset":"https:\/\/i0.wp.com\/www.grieta.org.mx\/wp-content\/uploads\/2018\/03\/14524434_1106112876131411_958039263622046936_o.jpg?resize=350%2C200&ssl=1 1x, https:\/\/i0.wp.com\/www.grieta.org.mx\/wp-content\/uploads\/2018\/03\/14524434_1106112876131411_958039263622046936_o.jpg?resize=525%2C300&ssl=1 1.5x, https:\/\/i0.wp.com\/www.grieta.org.mx\/wp-content\/uploads\/2018\/03\/14524434_1106112876131411_958039263622046936_o.jpg?resize=700%2C400&ssl=1 2x"},"classes":[]},{"id":6555,"url":"https:\/\/www.grieta.org.mx\/index.php\/2015\/12\/17\/exigen-migrantes-freno-a-secuestro-masivo-en-tabasco\/","url_meta":{"origin":7037,"position":4},"title":"Exigen migrantes freno a secuestro masivo en Tabasco","author":"grieta","date":"17 diciembre, 2015","format":false,"excerpt":"Francisco Ol\u00e1n La caravana de Migrantes hizo presencia en la ciudad de Villahermosa, y exigi\u00f3 al Instituto Nacional de Migraci\u00f3n (INM), la Procuradur\u00eda General de la Rep\u00fablica (PGR) y Fiscal\u00eda de Tabasco (FGE), freno a los secuestros masivos de Migrantes. \u201cHay un repunte de violencia, tenemos muchos casos como de\u2026","rel":"","context":"En &quot;CINTILLO&quot;","block_context":{"text":"CINTILLO","link":"https:\/\/www.grieta.org.mx\/index.php\/category\/cintillo\/"},"img":{"alt_text":"","src":"https:\/\/i0.wp.com\/www.grieta.org.mx\/wp-content\/uploads\/2018\/03\/14524434_1106112876131411_958039263622046936_o.jpg?resize=350%2C200&ssl=1","width":350,"height":200,"srcset":"https:\/\/i0.wp.com\/www.grieta.org.mx\/wp-content\/uploads\/2018\/03\/14524434_1106112876131411_958039263622046936_o.jpg?resize=350%2C200&ssl=1 1x, https:\/\/i0.wp.com\/www.grieta.org.mx\/wp-content\/uploads\/2018\/03\/14524434_1106112876131411_958039263622046936_o.jpg?resize=525%2C300&ssl=1 1.5x, https:\/\/i0.wp.com\/www.grieta.org.mx\/wp-content\/uploads\/2018\/03\/14524434_1106112876131411_958039263622046936_o.jpg?resize=700%2C400&ssl=1 2x"},"classes":[]},{"id":37155,"url":"https:\/\/www.grieta.org.mx\/index.php\/2019\/06\/12\/asesinada-la-periodista-norma-sarabia-en-el-estado-mexicano-de-tabasco\/","url_meta":{"origin":7037,"position":5},"title":"Asesinada la periodista Norma Sarabia en el Estado mexicano de Tabasco","author":"grieta","date":"12 junio, 2019","format":false,"excerpt":"V. U.\/El Pa\u00eds Sarabia, corresponsal del diario 'Tabasco hoy' en Huimanguillo, ha recibido varios disparos en la puerta de su casa M\u00e9xico suma ya seis periodistas asesinados en lo que va de 2019. La reportera Norma Sarabia ha fallecido este martes tras ser tiroteada en la puerta de su casa\u2026","rel":"","context":"En &quot;CINTILLO&quot;","block_context":{"text":"CINTILLO","link":"https:\/\/www.grieta.org.mx\/index.php\/category\/cintillo\/"},"img":{"alt_text":"","src":"https:\/\/i0.wp.com\/www.grieta.org.mx\/wp-content\/uploads\/2019\/07\/1560314858_853856_1560315974_noticia_normal_recorte1-e1564453213666.jpg?resize=350%2C200&ssl=1","width":350,"height":200,"srcset":"https:\/\/i0.wp.com\/www.grieta.org.mx\/wp-content\/uploads\/2019\/07\/1560314858_853856_1560315974_noticia_normal_recorte1-e1564453213666.jpg?resize=350%2C200&ssl=1 1x, https:\/\/i0.wp.com\/www.grieta.org.mx\/wp-content\/uploads\/2019\/07\/1560314858_853856_1560315974_noticia_normal_recorte1-e1564453213666.jpg?resize=525%2C300&ssl=1 1.5x, https:\/\/i0.wp.com\/www.grieta.org.mx\/wp-content\/uploads\/2019\/07\/1560314858_853856_1560315974_noticia_normal_recorte1-e1564453213666.jpg?resize=700%2C400&ssl=1 2x"},"classes":[]}],"_links":{"self":[{"href":"https:\/\/www.grieta.org.mx\/index.php\/wp-json\/wp\/v2\/posts\/7037","targetHints":{"allow":["GET"]}}],"collection":[{"href":"https:\/\/www.grieta.org.mx\/index.php\/wp-json\/wp\/v2\/posts"}],"about":[{"href":"https:\/\/www.grieta.org.mx\/index.php\/wp-json\/wp\/v2\/types\/post"}],"author":[{"embeddable":true,"href":"https:\/\/www.grieta.org.mx\/index.php\/wp-json\/wp\/v2\/users\/2"}],"replies":[{"embeddable":true,"href":"https:\/\/www.grieta.org.mx\/index.php\/wp-json\/wp\/v2\/comments?post=7037"}],"version-history":[{"count":1,"href":"https:\/\/www.grieta.org.mx\/index.php\/wp-json\/wp\/v2\/posts\/7037\/revisions"}],"predecessor-version":[{"id":11064,"href":"https:\/\/www.grieta.org.mx\/index.php\/wp-json\/wp\/v2\/posts\/7037\/revisions\/11064"}],"wp:featuredmedia":[{"embeddable":true,"href":"https:\/\/www.grieta.org.mx\/index.php\/wp-json\/wp\/v2\/media\/21928"}],"wp:attachment":[{"href":"https:\/\/www.grieta.org.mx\/index.php\/wp-json\/wp\/v2\/media?parent=7037"}],"wp:term":[{"taxonomy":"category","embeddable":true,"href":"https:\/\/www.grieta.org.mx\/index.php\/wp-json\/wp\/v2\/categories?post=7037"},{"taxonomy":"post_tag","embeddable":true,"href":"https:\/\/www.grieta.org.mx\/index.php\/wp-json\/wp\/v2\/tags?post=7037"}],"curies":[{"name":"wp","href":"https:\/\/api.w.org\/{rel}","templated":true}]}}