{"id":70352,"date":"2024-09-24T14:51:42","date_gmt":"2024-09-24T20:51:42","guid":{"rendered":"https:\/\/www.grieta.org.mx\/?p=70352"},"modified":"2024-10-29T18:18:39","modified_gmt":"2024-10-30T00:18:39","slug":"cenotillo-contaminado-por-bagazo-de-cerveza-yucatan","status":"publish","type":"post","link":"https:\/\/www.grieta.org.mx\/index.php\/2024\/09\/24\/cenotillo-contaminado-por-bagazo-de-cerveza-yucatan\/","title":{"rendered":"Cenotillo contaminado por bagazo de cerveza (Yucat\u00e1n)"},"content":{"rendered":"<p>Redacci\u00f3n\/ Sol Yucat\u00e1n<\/p>\n<p>El bagazo de cerveza, un subproducto generado durante el proceso de elaboraci\u00f3n de esta popular bebida, ha sido se\u00f1alado como el principal responsable de la contaminaci\u00f3n en la regi\u00f3n de Cenotillo, seg\u00fan denuncias de diversas organizaciones ambientales.<\/p>\n<p>Este subproducto, compuesto principalmente por restos de cebada y otros granos, ha generado preocupaci\u00f3n de activistas y pobladores, quienes acusan que su inadecuada disposici\u00f3n est\u00e1 afectando gravemente el ecosistema local.<\/p>\n<p>Los pobladores de Cenotillo, junto con asociaciones dedicadas a la protecci\u00f3n del medio ambiente, exigen que se realice una investigaci\u00f3n adecuada, adem\u00e1s de tomar medidas urgentes para no seguir da\u00f1ando el medio ambiente y responsabilizar a quienes resulten culpables de este grave da\u00f1o.<\/p>\n<p>El vertido de desechos podr\u00eda estar contaminando cuerpos de agua vitales para el abastecimiento de la poblaci\u00f3n.<\/p>\n<p><a href=\"http:\/\/www.grieta.org.mx\/wp-content\/uploads\/2024\/09\/Cenotillo2-e1730247319711.jpg\"><img loading=\"lazy\" decoding=\"async\" data-attachment-id=\"70355\" data-permalink=\"https:\/\/www.grieta.org.mx\/index.php\/2024\/09\/24\/cenotillo-contaminado-por-bagazo-de-cerveza-yucatan\/screenshot-184\/\" data-orig-file=\"https:\/\/www.grieta.org.mx\/wp-content\/uploads\/2024\/09\/Cenotillo2-e1730247319711.jpg\" data-orig-size=\"800,534\" data-comments-opened=\"0\" data-image-meta=\"{&quot;aperture&quot;:&quot;0&quot;,&quot;credit&quot;:&quot;&quot;,&quot;camera&quot;:&quot;&quot;,&quot;caption&quot;:&quot;Screenshot&quot;,&quot;created_timestamp&quot;:&quot;0&quot;,&quot;copyright&quot;:&quot;&quot;,&quot;focal_length&quot;:&quot;0&quot;,&quot;iso&quot;:&quot;0&quot;,&quot;shutter_speed&quot;:&quot;0&quot;,&quot;title&quot;:&quot;Screenshot&quot;,&quot;orientation&quot;:&quot;1&quot;}\" data-image-title=\"Screenshot\" data-image-description=\"\" data-image-caption=\"\" data-medium-file=\"https:\/\/www.grieta.org.mx\/wp-content\/uploads\/2024\/09\/Cenotillo2-300x200.jpg\" data-large-file=\"https:\/\/www.grieta.org.mx\/wp-content\/uploads\/2024\/09\/Cenotillo2-e1730247319711.jpg\" src=\"http:\/\/www.grieta.org.mx\/wp-content\/uploads\/2024\/09\/Cenotillo2-e1730247319711.jpg\" alt=\"\" width=\"800\" height=\"534\" class=\"alignright size-full wp-image-70355\" \/><\/a><\/p>\n<p>Seg\u00fan los reportes, la contaminaci\u00f3n del agua podr\u00eda tener efectos a corto y mediano plazo, no solo en el medio ambiente, sino tambi\u00e9n en la salud de quienes lo consumen.<\/p>\n<p>Se ha realizado un llamado a evitar el contacto con las \u00e1reas afectadas. En donde se exhorta al p\u00fablico en general a que si ven alguna zona que parece estar contaminada, lo reporten y denuncien a las autoridades correspondientes.<\/p>\n<p><a href=\"https:\/\/solyucatan.mx\/cenotillo-contaminado-por-bagazo-de-cerveza\/\" rel=\"noopener\" target=\"_blank\">https:\/\/solyucatan.mx\/cenotillo-contaminado-por-bagazo-de-cerveza\/<\/a><\/p>\n","protected":false},"excerpt":{"rendered":"<p>Redacci\u00f3n\/ Sol Yucat\u00e1n El bagazo de cerveza, un subproducto generado durante el proceso de elaboraci\u00f3n de esta popular bebida, ha sido se\u00f1alado como el principal responsable de la contaminaci\u00f3n en &hellip; <a href=\"https:\/\/www.grieta.org.mx\/index.php\/2024\/09\/24\/cenotillo-contaminado-por-bagazo-de-cerveza-yucatan\/\" class=\"more-link\">Leer m\u00e1s<\/a><\/p>\n","protected":false},"author":2,"featured_media":70354,"comment_status":"closed","ping_status":"closed","sticky":false,"template":"","format":"standard","meta":{"ngg_post_thumbnail":0,"_jetpack_newsletter_access":"","_jetpack_dont_email_post_to_subs":false,"_jetpack_newsletter_tier_id":0,"_jetpack_memberships_contains_paywalled_content":false,"_jetpack_memberships_contains_paid_content":false,"footnotes":""},"categories":[42,80,3538,2943,3,922,952,2,36],"tags":[2177,3015],"class_list":["post-70352","post","type-post","status-publish","format-standard","has-post-thumbnail","hentry","category-agroindustria","category-cintillo","category-crisis-del-agua-en-yucatan","category-destruccion-y-contaminacion-ambiental-en-yucatan","category-megaproyectos","category-megaproyectos-estados","category-mp-yucatan","category-noticias-nacionales","category-yucatan","tag-contaminacion-de-acuiferos","tag-empresas-cerveceras","entry"],"jetpack_featured_media_url":"https:\/\/www.grieta.org.mx\/wp-content\/uploads\/2024\/09\/Cenotillo-e1730247190886.jpg","jetpack_sharing_enabled":true,"jetpack_shortlink":"https:\/\/wp.me\/p7ZJR4-iiI","jetpack_likes_enabled":false,"jetpack-related-posts":[{"id":41261,"url":"https:\/\/www.grieta.org.mx\/index.php\/2019\/11\/17\/descubren-cerros-de-excremento-afuera-de-un-pueblo-maya-al-poniente-de-yucatan\/","url_meta":{"origin":70352,"position":0},"title":"Descubren cerros de excremento afuera de un pueblo maya al poniente de Yucat\u00e1n","author":"grieta","date":"17 noviembre, 2019","format":false,"excerpt":"La Verdad La Uni\u00f3n de de Pobladores y Avecindados de la Comunidad Maya de San Antonio Chel, al poniente de Yucat\u00e1n, descubrieron cerros de excremento almacenados de forma clandestina al poniente de Yucat\u00e1n. Habitantes de San Antonio Chel, perteneciente a Hunucm\u00e1, al poniente de Yucat\u00e1n, dieron a conocer el hallazgo\u2026","rel":"","context":"En &quot;CINTILLO&quot;","block_context":{"text":"CINTILLO","link":"https:\/\/www.grieta.org.mx\/index.php\/category\/cintillo\/"},"img":{"alt_text":"","src":"https:\/\/i0.wp.com\/www.grieta.org.mx\/wp-content\/uploads\/2019\/11\/excremento.jpg?resize=350%2C200&ssl=1","width":350,"height":200,"srcset":"https:\/\/i0.wp.com\/www.grieta.org.mx\/wp-content\/uploads\/2019\/11\/excremento.jpg?resize=350%2C200&ssl=1 1x, https:\/\/i0.wp.com\/www.grieta.org.mx\/wp-content\/uploads\/2019\/11\/excremento.jpg?resize=525%2C300&ssl=1 1.5x, https:\/\/i0.wp.com\/www.grieta.org.mx\/wp-content\/uploads\/2019\/11\/excremento.jpg?resize=700%2C400&ssl=1 2x"},"classes":[]},{"id":66274,"url":"https:\/\/www.grieta.org.mx\/index.php\/2023\/02\/18\/crece-tension-en-sitilpech-por-fuerte-presencia-policiaca-yucatan\/","url_meta":{"origin":70352,"position":1},"title":"Crece tensi\u00f3n en Sitilpech por fuerte presencia policiaca  (Yucat\u00e1n)","author":"grieta","date":"18 febrero, 2023","format":false,"excerpt":"Haz Ruido La Esperanza de Sitilpech denunci\u00f3 que los polic\u00edas que escoltaron a un cami\u00f3n de cerdos agredieron a los manifestantes esta madrugada Izamal, Yucat\u00e1n, 18 de febrero de 2023.- Pobladoras y pobladores mayas que integran La Esperanza de Sitilpech denunciaron que esta madrugada llegaron decenas de polic\u00edas municipales y\u2026","rel":"","context":"En &quot;Agroindustria&quot;","block_context":{"text":"Agroindustria","link":"https:\/\/www.grieta.org.mx\/index.php\/category\/megaproyectos\/agroindustria\/"},"img":{"alt_text":"","src":"https:\/\/i0.wp.com\/www.grieta.org.mx\/wp-content\/uploads\/2023\/02\/SitilpechBloq-e1676766338980.jpg?resize=350%2C200&ssl=1","width":350,"height":200,"srcset":"https:\/\/i0.wp.com\/www.grieta.org.mx\/wp-content\/uploads\/2023\/02\/SitilpechBloq-e1676766338980.jpg?resize=350%2C200&ssl=1 1x, https:\/\/i0.wp.com\/www.grieta.org.mx\/wp-content\/uploads\/2023\/02\/SitilpechBloq-e1676766338980.jpg?resize=525%2C300&ssl=1 1.5x, https:\/\/i0.wp.com\/www.grieta.org.mx\/wp-content\/uploads\/2023\/02\/SitilpechBloq-e1676766338980.jpg?resize=700%2C400&ssl=1 2x"},"classes":[]},{"id":66202,"url":"https:\/\/www.grieta.org.mx\/index.php\/2023\/02\/10\/pueblo-de-sitilpech-impide-entrada-de-camion-de-cerdos-yucatan\/","url_meta":{"origin":70352,"position":2},"title":"Pueblo de Sitilpech impide entrada de cami\u00f3n de cerdos (Yucat\u00e1n)","author":"grieta","date":"10 febrero, 2023","format":false,"excerpt":"Redacci\u00f3n \/ Haz Ruido Habitantes de esta comunidad maya protestan pac\u00edficamente para no permitir el ingreso de los animales a la megagranja que contamina el agua y el medioambiente. M\u00e9rida, Yucat\u00e1n, 10 de febrero de 2023.-\u00a0Mujeres y hombres de la comunidad maya de Sitilpech impiden el paso de un cami\u00f3n\u2026","rel":"","context":"En &quot;Agroindustria&quot;","block_context":{"text":"Agroindustria","link":"https:\/\/www.grieta.org.mx\/index.php\/category\/megaproyectos\/agroindustria\/"},"img":{"alt_text":"","src":"https:\/\/i0.wp.com\/www.grieta.org.mx\/wp-content\/uploads\/2023\/02\/Sitilpech-e1676062373879.jpg?resize=350%2C200&ssl=1","width":350,"height":200,"srcset":"https:\/\/i0.wp.com\/www.grieta.org.mx\/wp-content\/uploads\/2023\/02\/Sitilpech-e1676062373879.jpg?resize=350%2C200&ssl=1 1x, https:\/\/i0.wp.com\/www.grieta.org.mx\/wp-content\/uploads\/2023\/02\/Sitilpech-e1676062373879.jpg?resize=525%2C300&ssl=1 1.5x, https:\/\/i0.wp.com\/www.grieta.org.mx\/wp-content\/uploads\/2023\/02\/Sitilpech-e1676062373879.jpg?resize=700%2C400&ssl=1 2x"},"classes":[]},{"id":68171,"url":"https:\/\/www.grieta.org.mx\/index.php\/2023\/11\/20\/juzgado-federal-frena-a-bachoco-en-yucatan\/","url_meta":{"origin":70352,"position":3},"title":"Juzgado Federal frena a Bachoco en Yucat\u00e1n","author":"grieta","date":"20 noviembre, 2023","format":false,"excerpt":"Pie de P\u00e1gina La autoridad federal otorg\u00f3 el ampar\u00f3 porque consider\u00f3 que se viol\u00f3 el derecho de consulta libre e informada a comunidades mayas. Los pobladores denuncian que las granjas av\u00edcolas provocan enfermedades y da\u00f1os al medio ambiente, por la filtraci\u00f3n de aguas residuales a la Laguna de Chichankanab y\u2026","rel":"","context":"En &quot;Agroindustria&quot;","block_context":{"text":"Agroindustria","link":"https:\/\/www.grieta.org.mx\/index.php\/category\/megaproyectos\/agroindustria\/"},"img":{"alt_text":"","src":"https:\/\/i0.wp.com\/www.grieta.org.mx\/wp-content\/uploads\/2023\/11\/Chichancanab-e1700962665533.jpg?resize=350%2C200&ssl=1","width":350,"height":200,"srcset":"https:\/\/i0.wp.com\/www.grieta.org.mx\/wp-content\/uploads\/2023\/11\/Chichancanab-e1700962665533.jpg?resize=350%2C200&ssl=1 1x, https:\/\/i0.wp.com\/www.grieta.org.mx\/wp-content\/uploads\/2023\/11\/Chichancanab-e1700962665533.jpg?resize=525%2C300&ssl=1 1.5x, https:\/\/i0.wp.com\/www.grieta.org.mx\/wp-content\/uploads\/2023\/11\/Chichancanab-e1700962665533.jpg?resize=700%2C400&ssl=1 2x"},"classes":[]},{"id":64312,"url":"https:\/\/www.grieta.org.mx\/index.php\/2022\/05\/27\/pobladores-de-sitilpech-y-homun-irrumpen-la-expo-ambiental-contra-contaminacion-de-keken-yucatan\/","url_meta":{"origin":70352,"position":4},"title":"Pobladores de Sitilpech y Hom\u00fan irrumpen la Expo Ambiental contra contaminaci\u00f3n de Kek\u00e9n (Yucat\u00e1n)","author":"grieta","date":"27 mayo, 2022","format":false,"excerpt":"Por Herbeth Escalante \/ Haz Ruido Las y los habitantes mayas se manifestaron frente a las autoridades y empresarios que permiten que las megagranjas de cerdos contaminen sus comunidades. Una empleada de la Canaco agredi\u00f3 a los manifestantes arrebat\u00e1ndoles sus pancartas y la secretaria de Desarrollo Sustentable, Sayda Rodr\u00edguez, huy\u00f3\u2026","rel":"","context":"En &quot;16. Pueblo Maya&quot;","block_context":{"text":"16. Pueblo Maya","link":"https:\/\/www.grieta.org.mx\/index.php\/category\/espejos-de-la-resistencia\/16-pueblo-maya\/"},"img":{"alt_text":"","src":"https:\/\/i0.wp.com\/www.grieta.org.mx\/wp-content\/uploads\/2022\/06\/SitilpechProtesta-e1654106412612.png?resize=350%2C200&ssl=1","width":350,"height":200,"srcset":"https:\/\/i0.wp.com\/www.grieta.org.mx\/wp-content\/uploads\/2022\/06\/SitilpechProtesta-e1654106412612.png?resize=350%2C200&ssl=1 1x, https:\/\/i0.wp.com\/www.grieta.org.mx\/wp-content\/uploads\/2022\/06\/SitilpechProtesta-e1654106412612.png?resize=525%2C300&ssl=1 1.5x, https:\/\/i0.wp.com\/www.grieta.org.mx\/wp-content\/uploads\/2022\/06\/SitilpechProtesta-e1654106412612.png?resize=700%2C400&ssl=1 2x"},"classes":[]},{"id":66524,"url":"https:\/\/www.grieta.org.mx\/index.php\/2023\/03\/16\/con-mascaras-de-cochinos-sitilpech-protesto-en-aeropuerto-de-cancun\/","url_meta":{"origin":70352,"position":5},"title":"Con m\u00e1scaras de cochinos, Sitilpech protest\u00f3 en aeropuerto de Canc\u00fan","author":"grieta","date":"16 marzo, 2023","format":false,"excerpt":"Haz Ruido Se intensifican las manifestaciones en contra de la empresa Kek\u00e9n y sus f\u00e1bricas de cerdos que contaminan en la Pen\u00ednsula de Yucat\u00e1n. Canc\u00fan, Quintana Roo, 16 de marzo de 2023.- Pobladores y familiares de Sitilpech que ahora residen en Quintana Roo protestaron en el Aeropuerto Internacional de Canc\u00fan\u2026","rel":"","context":"En &quot;Agresiones y amenazas a defensor@s de derechos humanos y activistas en Yucat\u00e1n&quot;","block_context":{"text":"Agresiones y amenazas a defensor@s de derechos humanos y activistas en Yucat\u00e1n","link":"https:\/\/www.grieta.org.mx\/index.php\/category\/noticias-nacionales\/yucatan\/ataques-a-defensors-de-derechos-humanos-en-yucatan\/"},"img":{"alt_text":"","src":"https:\/\/i0.wp.com\/www.grieta.org.mx\/wp-content\/uploads\/2023\/03\/SitilpechCancun-e1679026683778.jpg?resize=350%2C200&ssl=1","width":350,"height":200,"srcset":"https:\/\/i0.wp.com\/www.grieta.org.mx\/wp-content\/uploads\/2023\/03\/SitilpechCancun-e1679026683778.jpg?resize=350%2C200&ssl=1 1x, https:\/\/i0.wp.com\/www.grieta.org.mx\/wp-content\/uploads\/2023\/03\/SitilpechCancun-e1679026683778.jpg?resize=525%2C300&ssl=1 1.5x, https:\/\/i0.wp.com\/www.grieta.org.mx\/wp-content\/uploads\/2023\/03\/SitilpechCancun-e1679026683778.jpg?resize=700%2C400&ssl=1 2x"},"classes":[]}],"_links":{"self":[{"href":"https:\/\/www.grieta.org.mx\/index.php\/wp-json\/wp\/v2\/posts\/70352","targetHints":{"allow":["GET"]}}],"collection":[{"href":"https:\/\/www.grieta.org.mx\/index.php\/wp-json\/wp\/v2\/posts"}],"about":[{"href":"https:\/\/www.grieta.org.mx\/index.php\/wp-json\/wp\/v2\/types\/post"}],"author":[{"embeddable":true,"href":"https:\/\/www.grieta.org.mx\/index.php\/wp-json\/wp\/v2\/users\/2"}],"replies":[{"embeddable":true,"href":"https:\/\/www.grieta.org.mx\/index.php\/wp-json\/wp\/v2\/comments?post=70352"}],"version-history":[{"count":1,"href":"https:\/\/www.grieta.org.mx\/index.php\/wp-json\/wp\/v2\/posts\/70352\/revisions"}],"predecessor-version":[{"id":70356,"href":"https:\/\/www.grieta.org.mx\/index.php\/wp-json\/wp\/v2\/posts\/70352\/revisions\/70356"}],"wp:featuredmedia":[{"embeddable":true,"href":"https:\/\/www.grieta.org.mx\/index.php\/wp-json\/wp\/v2\/media\/70354"}],"wp:attachment":[{"href":"https:\/\/www.grieta.org.mx\/index.php\/wp-json\/wp\/v2\/media?parent=70352"}],"wp:term":[{"taxonomy":"category","embeddable":true,"href":"https:\/\/www.grieta.org.mx\/index.php\/wp-json\/wp\/v2\/categories?post=70352"},{"taxonomy":"post_tag","embeddable":true,"href":"https:\/\/www.grieta.org.mx\/index.php\/wp-json\/wp\/v2\/tags?post=70352"}],"curies":[{"name":"wp","href":"https:\/\/api.w.org\/{rel}","templated":true}]}}