{"id":70329,"date":"2024-10-30T13:21:08","date_gmt":"2024-10-30T19:21:08","guid":{"rendered":"https:\/\/www.grieta.org.mx\/?p=70329"},"modified":"2024-11-11T17:21:02","modified_gmt":"2024-11-11T23:21:02","slug":"alto-a-las-agresiones-contra-las-comunidades-zapatistas-reclaman-miles-en-manifestacion-en-la-ciudad-de-mexico","status":"publish","type":"post","link":"https:\/\/www.grieta.org.mx\/index.php\/2024\/10\/30\/alto-a-las-agresiones-contra-las-comunidades-zapatistas-reclaman-miles-en-manifestacion-en-la-ciudad-de-mexico\/","title":{"rendered":"\u00a1Alto a las agresiones contra las comunidades zapatistas! reclaman miles en manifestaci\u00f3n en la Ciudad de M\u00e9xico [AUDIOS]"},"content":{"rendered":"<p>Colectivo Grieta<br \/>\n24 de octubre de 2024<\/p>\n<p>Ciudad de M\u00e9xico.- Al grito de \u00a1Alto a las agresiones contra las comunidades zapatistas! y exigiendo el cese a los hostigamientos orquestados por los tres niveles de gobierno y grupos narcoparamilitares contra las bases de apoyo del EZLN, este jueves 24 de octubre unas 2,500 personas de diferentes colectivos y organizaciones, encabezados por el Congreso Nacional Ind\u00edgena y Concejo Ind\u00edgena de Gobierno, se movilizaron por las calles de la Ciudad de M\u00e9xico hasta el Z\u00f3calo capitalino. Diferentes colectivos, organizaciones y personas en lo individual hicieron eco de la convocatoria a esta marcha realizada a ra\u00edz de la <a href=\"https:\/\/enlacezapatista.ezln.org.mx\/2024\/10\/16\/el-ezln-denuncia-agresiones-y-amenazas-contra-sus-bases-de-apoyo\/\">denuncia<\/a> que ha hecho el EZLN de las amenazas y agresiones que ha sufrido la comunidad de &#8220;6 de Octubre&#8221; por parte de grupos narcoparamilitares que intentan desplazar a las comunidades y ocupar las tierras de cultivo de las mismas, con la complicidad de los gobiernos de MORENA y del Partido Verde.<\/p>\n<figure id=\"attachment_70335\" aria-describedby=\"caption-attachment-70335\" style=\"width: 1000px\" class=\"wp-caption alignright\"><a href=\"http:\/\/www.grieta.org.mx\/wp-content\/uploads\/2024\/10\/Diapositiva3-1.jpeg\"><img loading=\"lazy\" decoding=\"async\" data-attachment-id=\"70335\" data-permalink=\"https:\/\/www.grieta.org.mx\/index.php\/2024\/10\/30\/alto-a-las-agresiones-contra-las-comunidades-zapatistas-reclaman-miles-en-manifestacion-en-la-ciudad-de-mexico\/diapositiva3-6\/\" data-orig-file=\"https:\/\/www.grieta.org.mx\/wp-content\/uploads\/2024\/10\/Diapositiva3-1.jpeg\" data-orig-size=\"1000,563\" data-comments-opened=\"0\" data-image-meta=\"{&quot;aperture&quot;:&quot;0&quot;,&quot;credit&quot;:&quot;&quot;,&quot;camera&quot;:&quot;&quot;,&quot;caption&quot;:&quot;&quot;,&quot;created_timestamp&quot;:&quot;0&quot;,&quot;copyright&quot;:&quot;&quot;,&quot;focal_length&quot;:&quot;0&quot;,&quot;iso&quot;:&quot;0&quot;,&quot;shutter_speed&quot;:&quot;0&quot;,&quot;title&quot;:&quot;&quot;,&quot;orientation&quot;:&quot;1&quot;}\" data-image-title=\"Diapositiva3\" data-image-description=\"\" data-image-caption=\"&lt;p&gt;Organizaciones de diferentes partes de la Ciudad y del pa\u00eds se solidarizaron con las comunidades zapatistas. Foto: colectivo Grieta.&lt;\/p&gt;\n\" data-medium-file=\"https:\/\/www.grieta.org.mx\/wp-content\/uploads\/2024\/10\/Diapositiva3-1-300x169.jpeg\" data-large-file=\"https:\/\/www.grieta.org.mx\/wp-content\/uploads\/2024\/10\/Diapositiva3-1.jpeg\" class=\"size-full wp-image-70335\" src=\"http:\/\/www.grieta.org.mx\/wp-content\/uploads\/2024\/10\/Diapositiva3-1.jpeg\" alt=\"\" width=\"1000\" height=\"563\" srcset=\"https:\/\/www.grieta.org.mx\/wp-content\/uploads\/2024\/10\/Diapositiva3-1.jpeg 1000w, https:\/\/www.grieta.org.mx\/wp-content\/uploads\/2024\/10\/Diapositiva3-1-300x169.jpeg 300w, https:\/\/www.grieta.org.mx\/wp-content\/uploads\/2024\/10\/Diapositiva3-1-768x432.jpeg 768w\" sizes=\"auto, (max-width: 1000px) 100vw, 1000px\" \/><\/a><figcaption id=\"caption-attachment-70335\" class=\"wp-caption-text\">Organizaciones de diferentes partes de la ciudad y del pa\u00eds se solidarizaron con las comunidades zapatistas. Foto: Colectivo Grieta.<\/figcaption><\/figure>\n<blockquote><p><em>&#8220;Venimos a marchar en solidaridad con el Ej\u00e9rcito Zapatista de Liberaci\u00f3n Nacional y, en general, con todo el territorio que ha sufrido una violencia estructural racista y clasista, de un neoliberalismo que no se ha acabado. Personalmente creo que es urgente y que nuestra obligaci\u00f3n es acompa\u00f1ar las luchas de los pueblos zapatistas, que nos han dado muchas lecciones de vida y de dignidad y eso me convoca a estar ac\u00e1&#8221;<\/em> coment\u00f3 una integrante del Colectivo de La Frontera Cimarrona.<\/p><\/blockquote>\n<figure id=\"attachment_70338\" aria-describedby=\"caption-attachment-70338\" style=\"width: 800px\" class=\"wp-caption alignright\"><a href=\"http:\/\/www.grieta.org.mx\/wp-content\/uploads\/2024\/10\/Diapositiva4.jpeg\"><img loading=\"lazy\" decoding=\"async\" data-attachment-id=\"70338\" data-permalink=\"https:\/\/www.grieta.org.mx\/index.php\/2024\/10\/30\/alto-a-las-agresiones-contra-las-comunidades-zapatistas-reclaman-miles-en-manifestacion-en-la-ciudad-de-mexico\/diapositiva4-5\/\" data-orig-file=\"https:\/\/www.grieta.org.mx\/wp-content\/uploads\/2024\/10\/Diapositiva4.jpeg\" data-orig-size=\"800,1422\" data-comments-opened=\"0\" data-image-meta=\"{&quot;aperture&quot;:&quot;0&quot;,&quot;credit&quot;:&quot;&quot;,&quot;camera&quot;:&quot;&quot;,&quot;caption&quot;:&quot;&quot;,&quot;created_timestamp&quot;:&quot;0&quot;,&quot;copyright&quot;:&quot;&quot;,&quot;focal_length&quot;:&quot;0&quot;,&quot;iso&quot;:&quot;0&quot;,&quot;shutter_speed&quot;:&quot;0&quot;,&quot;title&quot;:&quot;&quot;,&quot;orientation&quot;:&quot;1&quot;}\" data-image-title=\"Diapositiva4\" data-image-description=\"\" data-image-caption=\"&lt;p&gt;Solidaridad y denuncia. Colectivos y miembros de las comunidades ind\u00edgenas de la Ciudad de M\u00e9xico se manifestaron contra las agresiones narco paramilitares y del mal gobierno contra las comunidades zapatistas. Foto: Colectivo Grieta&lt;\/p&gt;\n\" data-medium-file=\"https:\/\/www.grieta.org.mx\/wp-content\/uploads\/2024\/10\/Diapositiva4-169x300.jpeg\" data-large-file=\"https:\/\/www.grieta.org.mx\/wp-content\/uploads\/2024\/10\/Diapositiva4-576x1024.jpeg\" class=\"size-full wp-image-70338\" src=\"http:\/\/www.grieta.org.mx\/wp-content\/uploads\/2024\/10\/Diapositiva4.jpeg\" alt=\"\" width=\"800\" height=\"1422\" srcset=\"https:\/\/www.grieta.org.mx\/wp-content\/uploads\/2024\/10\/Diapositiva4.jpeg 800w, https:\/\/www.grieta.org.mx\/wp-content\/uploads\/2024\/10\/Diapositiva4-169x300.jpeg 169w, https:\/\/www.grieta.org.mx\/wp-content\/uploads\/2024\/10\/Diapositiva4-576x1024.jpeg 576w, https:\/\/www.grieta.org.mx\/wp-content\/uploads\/2024\/10\/Diapositiva4-768x1365.jpeg 768w\" sizes=\"auto, (max-width: 800px) 100vw, 800px\" \/><\/a><figcaption id=\"caption-attachment-70338\" class=\"wp-caption-text\">Solidaridad y denuncia. Colectivos y miembros de las comunidades ind\u00edgenas de la Ciudad de M\u00e9xico se manifestaron contra las agresiones narcoparamilitares y del mal gobierno contra las comunidades zapatistas. Foto: Colectivo Grieta<\/figcaption><\/figure>\n<blockquote><p><em>&#8220;En el camino de la colectividad, la idea del com\u00fan nos trae a la marcha en apoyo a nuestros hermanos zapatistas que est\u00e1n siendo agredidos y su territorio est\u00e1 siendo militarizado&#8221;<\/em>, explic\u00f3 una joven integrante del colectivo RAIS (Red de Apoyo Iztapalapa Sexta).<\/p><\/blockquote>\n<figure id=\"attachment_70341\" aria-describedby=\"caption-attachment-70341\" style=\"width: 800px\" class=\"wp-caption alignright\"><a href=\"http:\/\/www.grieta.org.mx\/wp-content\/uploads\/2024\/10\/Diapositiva1-1.jpeg\"><img loading=\"lazy\" decoding=\"async\" data-attachment-id=\"70341\" data-permalink=\"https:\/\/www.grieta.org.mx\/index.php\/2024\/10\/30\/alto-a-las-agresiones-contra-las-comunidades-zapatistas-reclaman-miles-en-manifestacion-en-la-ciudad-de-mexico\/diapositiva1-9\/\" data-orig-file=\"https:\/\/www.grieta.org.mx\/wp-content\/uploads\/2024\/10\/Diapositiva1-1.jpeg\" data-orig-size=\"800,1422\" data-comments-opened=\"0\" data-image-meta=\"{&quot;aperture&quot;:&quot;0&quot;,&quot;credit&quot;:&quot;&quot;,&quot;camera&quot;:&quot;&quot;,&quot;caption&quot;:&quot;&quot;,&quot;created_timestamp&quot;:&quot;0&quot;,&quot;copyright&quot;:&quot;&quot;,&quot;focal_length&quot;:&quot;0&quot;,&quot;iso&quot;:&quot;0&quot;,&quot;shutter_speed&quot;:&quot;0&quot;,&quot;title&quot;:&quot;&quot;,&quot;orientation&quot;:&quot;1&quot;}\" data-image-title=\"Diapositiva1\" data-image-description=\"\" data-image-caption=\"&lt;p&gt;Solidaridad y resistencia. Colectivos de la Ciudad de M\u00e9xico manifestaron su  apoyo al EZLN. Foto: Colectivo Grieta&lt;\/p&gt;\n\" data-medium-file=\"https:\/\/www.grieta.org.mx\/wp-content\/uploads\/2024\/10\/Diapositiva1-1-169x300.jpeg\" data-large-file=\"https:\/\/www.grieta.org.mx\/wp-content\/uploads\/2024\/10\/Diapositiva1-1-576x1024.jpeg\" class=\"size-full wp-image-70341\" src=\"http:\/\/www.grieta.org.mx\/wp-content\/uploads\/2024\/10\/Diapositiva1-1.jpeg\" alt=\"\" width=\"800\" height=\"1422\" srcset=\"https:\/\/www.grieta.org.mx\/wp-content\/uploads\/2024\/10\/Diapositiva1-1.jpeg 800w, https:\/\/www.grieta.org.mx\/wp-content\/uploads\/2024\/10\/Diapositiva1-1-169x300.jpeg 169w, https:\/\/www.grieta.org.mx\/wp-content\/uploads\/2024\/10\/Diapositiva1-1-576x1024.jpeg 576w, https:\/\/www.grieta.org.mx\/wp-content\/uploads\/2024\/10\/Diapositiva1-1-768x1365.jpeg 768w\" sizes=\"auto, (max-width: 800px) 100vw, 800px\" \/><\/a><figcaption id=\"caption-attachment-70341\" class=\"wp-caption-text\">Solidaridad y resistencia. Colectivos de la Ciudad de M\u00e9xico manifestaron su apoyo al EZLN. Foto: Colectivo Grieta<\/figcaption><\/figure>\n<p>A lo largo del recorrido que parti\u00f3 del Antimonumento a los estudiantes de Ayotzinapa y termin\u00f3 en el Z\u00f3calo, los manifestantes exigieron el cese a las agresiones contra las comunidades zapatistas y denunciaron el papel del gobierno al promover estas agresiones. Varios transe\u00fantes dieron muestras de apoyo a la movilizaci\u00f3n que termin\u00f3 con un mitin frente a Palacio Nacional, en la peque\u00f1a fracci\u00f3n del Z\u00f3calo que queda libre debido a las obras de gentrificaci\u00f3n y conversi\u00f3n en atractivo tur\u00edstico que lleva cabo el gobierno de la Ciudad de M\u00e9xico.<\/p>\n<p><strong>Voces de la Marcha:<\/strong><\/p>\n<p><iframe loading=\"lazy\" title=\"Voces de la marcha &quot;\u00a1Alto a la guerra en contra de las comunidades zapatistas&quot;, 24 de octubre 2024 by Luis Flores\" width=\"1170\" height=\"400\" scrolling=\"no\" frameborder=\"no\" src=\"https:\/\/w.soundcloud.com\/player\/?visual=true&#038;url=https%3A%2F%2Fapi.soundcloud.com%2Ftracks%2F1945198955&#038;show_artwork=true&#038;maxheight=1000&#038;maxwidth=1170\"><\/iframe><\/p>\n<p><iframe loading=\"lazy\" title=\"Fragmento de las palabras del CNI en el Z\u00f3calo, en la marcha \u00a1Alto a la guerra en contra de las comunidades zapatistas! 24 de octubre de 2024. by Luis Flores\" width=\"1170\" height=\"400\" scrolling=\"no\" frameborder=\"no\" src=\"https:\/\/w.soundcloud.com\/player\/?visual=true&#038;url=https%3A%2F%2Fapi.soundcloud.com%2Ftracks%2F1942952831&#038;show_artwork=true&#038;maxheight=1000&#038;maxwidth=1170\"><\/iframe><\/p>\n","protected":false},"excerpt":{"rendered":"<p>Colectivo Grieta 24 de octubre de 2024 Ciudad de M\u00e9xico.- Al grito de \u00a1Alto a las agresiones contra las comunidades zapatistas! y exigiendo el cese a los hostigamientos orquestados por &hellip; <a href=\"https:\/\/www.grieta.org.mx\/index.php\/2024\/10\/30\/alto-a-las-agresiones-contra-las-comunidades-zapatistas-reclaman-miles-en-manifestacion-en-la-ciudad-de-mexico\/\" class=\"more-link\">Leer m\u00e1s<\/a><\/p>\n","protected":false},"author":2,"featured_media":70332,"comment_status":"closed","ping_status":"closed","sticky":false,"template":"","format":"standard","meta":{"ngg_post_thumbnail":0,"_jetpack_newsletter_access":"","_jetpack_dont_email_post_to_subs":false,"_jetpack_newsletter_tier_id":0,"_jetpack_memberships_contains_paywalled_content":false,"_jetpack_memberships_contains_paid_content":false,"footnotes":""},"categories":[3674,80,1775,2,2661,2219],"tags":[4053,4221],"class_list":["post-70329","post","type-post","status-publish","format-standard","has-post-thumbnail","hentry","category-contra-la-guerra-al-ezln","category-cintillo","category-colectivo-grieta","category-noticias-nacionales","category-redes-de-resistencia-y-rebeldia","category-resistencias-en-la-ciudad-de-mexico","tag-alto-a-la-guerra","tag-solidaridad-con-ezln","entry"],"jetpack_featured_media_url":"https:\/\/www.grieta.org.mx\/wp-content\/uploads\/2024\/10\/Diapositiva2-1.jpeg","jetpack_sharing_enabled":true,"jetpack_shortlink":"https:\/\/wp.me\/p7ZJR4-iil","jetpack_likes_enabled":false,"jetpack-related-posts":[{"id":72360,"url":"https:\/\/www.grieta.org.mx\/index.php\/2025\/10\/13\/jornada-de-lucha-y-resistencia-contra-la-guerra-a-los-pueblos-zapatistas\/","url_meta":{"origin":70329,"position":0},"title":"Jornada de lucha y resistencia contra la guerra a los pueblos zapatistas","author":"grieta","date":"13 octubre, 2025","format":false,"excerpt":"Colectivo Grieta, 11 de octubre de 2025 Ciudad de M\u00e9xico. Diversas organizaciones y colectivos de la Ciudad de M\u00e9xico se movilizaron el viernes 10 de octubre\u00a0 para alzarse en protesta y denuncia contra el despojo criminal de las tierras recuperadas por los pueblos zapatistas desde 1994 y la violenta incursi\u00f3n\u2026","rel":"","context":"En &quot;Alto a la Guerra contra los pueblos zapatistas&quot;","block_context":{"text":"Alto a la Guerra contra los pueblos zapatistas","link":"https:\/\/www.grieta.org.mx\/index.php\/category\/redes-de-resistencia-y-rebeldia\/contra-la-guerra-al-ezln\/"},"img":{"alt_text":"","src":"https:\/\/i0.wp.com\/www.grieta.org.mx\/wp-content\/uploads\/2025\/10\/WhatsApp-Image-2025-10-13-at-21.21.01.png?resize=350%2C200&ssl=1","width":350,"height":200,"srcset":"https:\/\/i0.wp.com\/www.grieta.org.mx\/wp-content\/uploads\/2025\/10\/WhatsApp-Image-2025-10-13-at-21.21.01.png?resize=350%2C200&ssl=1 1x, https:\/\/i0.wp.com\/www.grieta.org.mx\/wp-content\/uploads\/2025\/10\/WhatsApp-Image-2025-10-13-at-21.21.01.png?resize=525%2C300&ssl=1 1.5x, https:\/\/i0.wp.com\/www.grieta.org.mx\/wp-content\/uploads\/2025\/10\/WhatsApp-Image-2025-10-13-at-21.21.01.png?resize=700%2C400&ssl=1 2x, https:\/\/i0.wp.com\/www.grieta.org.mx\/wp-content\/uploads\/2025\/10\/WhatsApp-Image-2025-10-13-at-21.21.01.png?resize=1050%2C600&ssl=1 3x, https:\/\/i0.wp.com\/www.grieta.org.mx\/wp-content\/uploads\/2025\/10\/WhatsApp-Image-2025-10-13-at-21.21.01.png?resize=1400%2C800&ssl=1 4x"},"classes":[]},{"id":70411,"url":"https:\/\/www.grieta.org.mx\/index.php\/2024\/11\/11\/alto-alas-agresiones-contra-las-comunidades-zapatistas\/","url_meta":{"origin":70329,"position":1},"title":"\u00a1ALTO A LAS AGRESIONES CONTRA LAS COMUNIDADES ZAPATISTAS!","author":"grieta","date":"11 noviembre, 2024","format":false,"excerpt":"","rel":"","context":"En &quot;Alto a la Guerra contra los pueblos zapatistas&quot;","block_context":{"text":"Alto a la Guerra contra los pueblos zapatistas","link":"https:\/\/www.grieta.org.mx\/index.php\/category\/redes-de-resistencia-y-rebeldia\/contra-la-guerra-al-ezln\/"},"img":{"alt_text":"","src":"https:\/\/i0.wp.com\/www.grieta.org.mx\/wp-content\/uploads\/2024\/11\/11.jpg?resize=350%2C200&ssl=1","width":350,"height":200,"srcset":"https:\/\/i0.wp.com\/www.grieta.org.mx\/wp-content\/uploads\/2024\/11\/11.jpg?resize=350%2C200&ssl=1 1x, https:\/\/i0.wp.com\/www.grieta.org.mx\/wp-content\/uploads\/2024\/11\/11.jpg?resize=525%2C300&ssl=1 1.5x, https:\/\/i0.wp.com\/www.grieta.org.mx\/wp-content\/uploads\/2024\/11\/11.jpg?resize=700%2C400&ssl=1 2x"},"classes":[]},{"id":66967,"url":"https:\/\/www.grieta.org.mx\/index.php\/2023\/05\/27\/alto-a-las-agresiones-contra-las-comunidades-zapatistas-protesta-frente-sedes-del-mal-gobierno-de-mexico\/","url_meta":{"origin":70329,"position":2},"title":"\u00a1Alto a las agresiones contra las comunidades zapatistas! Protesta frente sedes del mal gobierno de M\u00e9xico.","author":"grieta","date":"27 mayo, 2023","format":false,"excerpt":"- Manifestaciones el 26 de mayo frente a Palacio Nacional y Gobernaci\u00f3n - Conferencia de prensa el 31 de mayo, se dan a conocer pr\u00f3ximas acciones para exigir alto a la guerra contra las comunidades zapatistas Colectivo Grieta Ciudad de M\u00e9xico, 26 de mayo de 2023.- Colectivos e individuos se\u2026","rel":"","context":"En &quot;CINTILLO&quot;","block_context":{"text":"CINTILLO","link":"https:\/\/www.grieta.org.mx\/index.php\/category\/cintillo\/"},"img":{"alt_text":"","src":"https:\/\/i0.wp.com\/www.grieta.org.mx\/wp-content\/uploads\/2023\/05\/WhatsApp-Image-2023-05-31-at-1.44.31-PM.jpeg?resize=350%2C200&ssl=1","width":350,"height":200,"srcset":"https:\/\/i0.wp.com\/www.grieta.org.mx\/wp-content\/uploads\/2023\/05\/WhatsApp-Image-2023-05-31-at-1.44.31-PM.jpeg?resize=350%2C200&ssl=1 1x, https:\/\/i0.wp.com\/www.grieta.org.mx\/wp-content\/uploads\/2023\/05\/WhatsApp-Image-2023-05-31-at-1.44.31-PM.jpeg?resize=525%2C300&ssl=1 1.5x, https:\/\/i0.wp.com\/www.grieta.org.mx\/wp-content\/uploads\/2023\/05\/WhatsApp-Image-2023-05-31-at-1.44.31-PM.jpeg?resize=700%2C400&ssl=1 2x, https:\/\/i0.wp.com\/www.grieta.org.mx\/wp-content\/uploads\/2023\/05\/WhatsApp-Image-2023-05-31-at-1.44.31-PM.jpeg?resize=1050%2C600&ssl=1 3x, https:\/\/i0.wp.com\/www.grieta.org.mx\/wp-content\/uploads\/2023\/05\/WhatsApp-Image-2023-05-31-at-1.44.31-PM.jpeg?resize=1400%2C800&ssl=1 4x"},"classes":[]},{"id":61915,"url":"https:\/\/www.grieta.org.mx\/index.php\/2021\/09\/25\/colectivos-organizaciones-e-individuos-marchan-en-la-cdmx-para-decirle-a-los-pueblos-zapatistas-que-no-estan-solos\/","url_meta":{"origin":70329,"position":3},"title":"Colectivos, organizaciones e individuos marchan en la CDMX para decirle a los pueblos zapatistas que \u00a1No est\u00e1n solos!","author":"grieta","date":"25 septiembre, 2021","format":false,"excerpt":"Colectivo Grieta Ciudad de M\u00e9xico, 24 de septiembre.- El viernes 24 de septiembre m\u00e1s de un millar de manifestantes pertenecientes a diferentes colectivos, organizaciones y personas a t\u00edtulo individual marcharon por avenida Reforma hasta la Secretar\u00eda de Gobernaci\u00f3n para exigir el cese de las agresiones en contra de las comunidades\u2026","rel":"","context":"En &quot;CINTILLO&quot;","block_context":{"text":"CINTILLO","link":"https:\/\/www.grieta.org.mx\/index.php\/category\/cintillo\/"},"img":{"alt_text":"","src":"https:\/\/i0.wp.com\/www.grieta.org.mx\/wp-content\/uploads\/2021\/09\/IMG_0433.jpg?resize=350%2C200&ssl=1","width":350,"height":200,"srcset":"https:\/\/i0.wp.com\/www.grieta.org.mx\/wp-content\/uploads\/2021\/09\/IMG_0433.jpg?resize=350%2C200&ssl=1 1x, https:\/\/i0.wp.com\/www.grieta.org.mx\/wp-content\/uploads\/2021\/09\/IMG_0433.jpg?resize=525%2C300&ssl=1 1.5x, https:\/\/i0.wp.com\/www.grieta.org.mx\/wp-content\/uploads\/2021\/09\/IMG_0433.jpg?resize=700%2C400&ssl=1 2x, https:\/\/i0.wp.com\/www.grieta.org.mx\/wp-content\/uploads\/2021\/09\/IMG_0433.jpg?resize=1050%2C600&ssl=1 3x"},"classes":[]},{"id":67038,"url":"https:\/\/www.grieta.org.mx\/index.php\/2023\/06\/08\/si-tocan-a-uno-nos-tocan-a-todos-exigen-en-jalisco-un-alto-a-la-violencia-contra-las-comunidades-zapatistas-fotogaleria\/","url_meta":{"origin":70329,"position":4},"title":"\u201cSi tocan a uno nos tocan a todos\u201d: Exigen en Jalisco un alto a la violencia contra las comunidades zapatistas (fotogaler\u00eda)","author":"grieta","date":"8 junio, 2023","format":false,"excerpt":"Imagen: Mario Marlo Leslie Zepeda \/ Zona Docs El pasado 23 de mayo fue v\u00edctima de un intento de homicidio Jorge L\u00f3pez S\u00e1ntiz, un hombre ind\u00edgena perteneciente a las Bases de Apoyo del Ej\u00e9rcito Zapatista de Liberaci\u00f3n Nacional (BAEZLN). Denuncian que los responsables pertenecen a la Organizaci\u00f3n Regional de Cafeticultores\u2026","rel":"","context":"En &quot;Alto a la Guerra contra los pueblos zapatistas&quot;","block_context":{"text":"Alto a la Guerra contra los pueblos zapatistas","link":"https:\/\/www.grieta.org.mx\/index.php\/category\/redes-de-resistencia-y-rebeldia\/contra-la-guerra-al-ezln\/"},"img":{"alt_text":"","src":"https:\/\/i0.wp.com\/www.grieta.org.mx\/wp-content\/uploads\/2023\/06\/Captura-de-Pantalla-2023-06-08-a-las-22.32.12-768x510-1.png?resize=350%2C200&ssl=1","width":350,"height":200,"srcset":"https:\/\/i0.wp.com\/www.grieta.org.mx\/wp-content\/uploads\/2023\/06\/Captura-de-Pantalla-2023-06-08-a-las-22.32.12-768x510-1.png?resize=350%2C200&ssl=1 1x, https:\/\/i0.wp.com\/www.grieta.org.mx\/wp-content\/uploads\/2023\/06\/Captura-de-Pantalla-2023-06-08-a-las-22.32.12-768x510-1.png?resize=525%2C300&ssl=1 1.5x, https:\/\/i0.wp.com\/www.grieta.org.mx\/wp-content\/uploads\/2023\/06\/Captura-de-Pantalla-2023-06-08-a-las-22.32.12-768x510-1.png?resize=700%2C400&ssl=1 2x"},"classes":[]},{"id":65002,"url":"https:\/\/www.grieta.org.mx\/index.php\/2022\/09\/03\/desde-la-resistencia-se-celebra-el-festival-por-la-vida-y-por-la-paz-vivan-los-caracoles-zapatistas\/","url_meta":{"origin":70329,"position":5},"title":"Desde la resistencia se celebra el &#8220;Festival por la Vida y por la Paz. Vivan los Caracoles Zapatistas&#8221;","author":"grieta","date":"3 septiembre, 2022","format":false,"excerpt":"- Alto a la guerra contra las comunidades zapatistas, se exigi\u00f3 en la explanada de la Biblioteca Central de la UNAM - Decenas de colectivos y organizaciones respondieron al llamado de estudiantes, profesores y pueblo en general a celebrar la resistencia de los Caracoles Zapatistas. - Con m\u00fasica, baile, talleres\u2026","rel":"","context":"En &quot;CINTILLO&quot;","block_context":{"text":"CINTILLO","link":"https:\/\/www.grieta.org.mx\/index.php\/category\/cintillo\/"},"img":{"alt_text":"","src":"https:\/\/i0.wp.com\/www.grieta.org.mx\/wp-content\/uploads\/2022\/09\/Expo2.jpg?resize=350%2C200&ssl=1","width":350,"height":200,"srcset":"https:\/\/i0.wp.com\/www.grieta.org.mx\/wp-content\/uploads\/2022\/09\/Expo2.jpg?resize=350%2C200&ssl=1 1x, https:\/\/i0.wp.com\/www.grieta.org.mx\/wp-content\/uploads\/2022\/09\/Expo2.jpg?resize=525%2C300&ssl=1 1.5x, https:\/\/i0.wp.com\/www.grieta.org.mx\/wp-content\/uploads\/2022\/09\/Expo2.jpg?resize=700%2C400&ssl=1 2x, https:\/\/i0.wp.com\/www.grieta.org.mx\/wp-content\/uploads\/2022\/09\/Expo2.jpg?resize=1050%2C600&ssl=1 3x, https:\/\/i0.wp.com\/www.grieta.org.mx\/wp-content\/uploads\/2022\/09\/Expo2.jpg?resize=1400%2C800&ssl=1 4x"},"classes":[]}],"_links":{"self":[{"href":"https:\/\/www.grieta.org.mx\/index.php\/wp-json\/wp\/v2\/posts\/70329","targetHints":{"allow":["GET"]}}],"collection":[{"href":"https:\/\/www.grieta.org.mx\/index.php\/wp-json\/wp\/v2\/posts"}],"about":[{"href":"https:\/\/www.grieta.org.mx\/index.php\/wp-json\/wp\/v2\/types\/post"}],"author":[{"embeddable":true,"href":"https:\/\/www.grieta.org.mx\/index.php\/wp-json\/wp\/v2\/users\/2"}],"replies":[{"embeddable":true,"href":"https:\/\/www.grieta.org.mx\/index.php\/wp-json\/wp\/v2\/comments?post=70329"}],"version-history":[{"count":1,"href":"https:\/\/www.grieta.org.mx\/index.php\/wp-json\/wp\/v2\/posts\/70329\/revisions"}],"predecessor-version":[{"id":70439,"href":"https:\/\/www.grieta.org.mx\/index.php\/wp-json\/wp\/v2\/posts\/70329\/revisions\/70439"}],"wp:featuredmedia":[{"embeddable":true,"href":"https:\/\/www.grieta.org.mx\/index.php\/wp-json\/wp\/v2\/media\/70332"}],"wp:attachment":[{"href":"https:\/\/www.grieta.org.mx\/index.php\/wp-json\/wp\/v2\/media?parent=70329"}],"wp:term":[{"taxonomy":"category","embeddable":true,"href":"https:\/\/www.grieta.org.mx\/index.php\/wp-json\/wp\/v2\/categories?post=70329"},{"taxonomy":"post_tag","embeddable":true,"href":"https:\/\/www.grieta.org.mx\/index.php\/wp-json\/wp\/v2\/tags?post=70329"}],"curies":[{"name":"wp","href":"https:\/\/api.w.org\/{rel}","templated":true}]}}