{"id":7030,"date":"2015-09-10T05:36:27","date_gmt":"2015-09-10T05:36:27","guid":{"rendered":"http:\/\/50.22.11.12\/~grietaor\/?p=7030"},"modified":"2016-03-29T05:39:44","modified_gmt":"2016-03-29T05:39:44","slug":"vecinos-de-el-tajito-protestan-en-la-cfe-por-altos-cobros","status":"publish","type":"post","link":"https:\/\/www.grieta.org.mx\/index.php\/2015\/09\/10\/vecinos-de-el-tajito-protestan-en-la-cfe-por-altos-cobros\/","title":{"rendered":"Vecinos de El Tajito protestan en la CFE por altos cobros"},"content":{"rendered":"<p>Yazm\u00edn Ortega, Sinaloa<\/p>\n<p>Guasave, Sinaloa.- Habitantes de El Tajito y el sector ampliaci\u00f3n El Tajito iniciaron hace unos momentos una protesta frente a las instalaciones de la Comisi\u00f3n Federal de Electricidad debido a los altos cobros en la facturaci\u00f3n de este bimestre.<\/p>\n<p>Los inconformes colocaron una lona y portan cartulinas donde exigen descuentos en el cobro de la luz. Tambi\u00e9n exigen que se les cobre lo justo, pues les est\u00e1n haciendo cobros desde mil, dos mil y hasta mas de cinco mil pesos.<\/p>\n<p>Se\u00f1alan que en el recibo anterior se elev\u00f3 el pago pero en esta ocasi\u00f3n se increment\u00f3 en m\u00e1s de 100 por ciento y todos son de bajos recursos econ\u00f3micos<\/p>\n<p><a href=\"http:\/\/www.debate.com.mx\/guasave\/Vecinos-de-El-Tajito-protestan-en-la-CFE-por-altos-cobros-20150910-0073.html\" target=\"_blank\">www.debate.com.mx\/guasave\/Vecinos-de-El-Tajito-protestan-en-la-CFE-por-altos-cobros-20150910-0073.html<\/a><\/p>\n","protected":false},"excerpt":{"rendered":"<p>Yazm\u00edn Ortega, Sinaloa Guasave, Sinaloa.- Habitantes de El Tajito y el sector ampliaci\u00f3n El Tajito iniciaron hace unos momentos una protesta frente a las instalaciones de la Comisi\u00f3n Federal de &hellip; <a href=\"https:\/\/www.grieta.org.mx\/index.php\/2015\/09\/10\/vecinos-de-el-tajito-protestan-en-la-cfe-por-altos-cobros\/\" class=\"more-link\">Leer m\u00e1s<\/a><\/p>\n","protected":false},"author":2,"featured_media":21928,"comment_status":"closed","ping_status":"open","sticky":false,"template":"","format":"standard","meta":{"ngg_post_thumbnail":0,"_jetpack_newsletter_access":"","_jetpack_dont_email_post_to_subs":false,"_jetpack_newsletter_tier_id":0,"_jetpack_memberships_contains_paywalled_content":false,"_jetpack_memberships_contains_paid_content":false,"footnotes":""},"categories":[80,164],"tags":[291,429,180],"class_list":["post-7030","post","type-post","status-publish","format-standard","has-post-thumbnail","hentry","category-cintillo","category-sinaloa","tag-cfe","tag-luz","tag-protesta","entry"],"jetpack_featured_media_url":"https:\/\/www.grieta.org.mx\/wp-content\/uploads\/2018\/03\/14524434_1106112876131411_958039263622046936_o.jpg","jetpack_sharing_enabled":true,"jetpack_shortlink":"https:\/\/wp.me\/p7ZJR4-1Po","jetpack_likes_enabled":false,"jetpack-related-posts":[{"id":7025,"url":"https:\/\/www.grieta.org.mx\/index.php\/2015\/09\/10\/conflictos-con-la-cfe-en-sinaloa\/","url_meta":{"origin":7030,"position":0},"title":"Conflictos con la CFE en Sinaloa","author":"grieta","date":"10 septiembre, 2015","format":false,"excerpt":"10\/09\/15. Vecinos de El Tajito protestan en la CFE por altos cobros El Debate","rel":"","context":"En &quot;NOTICIAS NACIONALES&quot;","block_context":{"text":"NOTICIAS NACIONALES","link":"https:\/\/www.grieta.org.mx\/index.php\/category\/noticias-nacionales\/"},"img":{"alt_text":"","src":"https:\/\/i0.wp.com\/www.grieta.org.mx\/wp-content\/uploads\/2018\/03\/14524434_1106112876131411_958039263622046936_o.jpg?resize=350%2C200&ssl=1","width":350,"height":200,"srcset":"https:\/\/i0.wp.com\/www.grieta.org.mx\/wp-content\/uploads\/2018\/03\/14524434_1106112876131411_958039263622046936_o.jpg?resize=350%2C200&ssl=1 1x, https:\/\/i0.wp.com\/www.grieta.org.mx\/wp-content\/uploads\/2018\/03\/14524434_1106112876131411_958039263622046936_o.jpg?resize=525%2C300&ssl=1 1.5x, https:\/\/i0.wp.com\/www.grieta.org.mx\/wp-content\/uploads\/2018\/03\/14524434_1106112876131411_958039263622046936_o.jpg?resize=700%2C400&ssl=1 2x"},"classes":[]},{"id":9152,"url":"https:\/\/www.grieta.org.mx\/index.php\/2015\/07\/16\/protestan-usuarios-de-cfe-en-morelos-contra-altos-cobros\/","url_meta":{"origin":7030,"position":1},"title":"Protestan usuarios de CFE en Morelos contra altos cobros","author":"grieta","date":"16 julio, 2015","format":false,"excerpt":"La Jornada Cuernavaca, Mor. Un centenar de usuarios de la Comisi\u00f3n Federal de Electricidad (CFE) protestaron durante cuatro horas frente a las instalaciones de esta paraestatal para rechazar los altos cobros de energ\u00eda, y para exigir que los usuarios que se han quejado ante la Profeco (por altas tarifas o\u2026","rel":"","context":"En &quot;CINTILLO&quot;","block_context":{"text":"CINTILLO","link":"https:\/\/www.grieta.org.mx\/index.php\/category\/cintillo\/"},"img":{"alt_text":"","src":"https:\/\/i0.wp.com\/www.grieta.org.mx\/wp-content\/uploads\/2018\/03\/14524434_1106112876131411_958039263622046936_o.jpg?resize=350%2C200&ssl=1","width":350,"height":200,"srcset":"https:\/\/i0.wp.com\/www.grieta.org.mx\/wp-content\/uploads\/2018\/03\/14524434_1106112876131411_958039263622046936_o.jpg?resize=350%2C200&ssl=1 1x, https:\/\/i0.wp.com\/www.grieta.org.mx\/wp-content\/uploads\/2018\/03\/14524434_1106112876131411_958039263622046936_o.jpg?resize=525%2C300&ssl=1 1.5x, https:\/\/i0.wp.com\/www.grieta.org.mx\/wp-content\/uploads\/2018\/03\/14524434_1106112876131411_958039263622046936_o.jpg?resize=700%2C400&ssl=1 2x"},"classes":[]},{"id":9148,"url":"https:\/\/www.grieta.org.mx\/index.php\/2016\/07\/13\/movilizaciones-contra-la-cfe-y-las-altas-tarifas-de-luz-en-morelos\/","url_meta":{"origin":7030,"position":2},"title":"Movilizaciones contra la CFE y las altas tarifas de luz en Morelos","author":"grieta","date":"13 julio, 2016","format":false,"excerpt":"13\/07\/16. Asesinan en Morelos a ex l\u00edder del SME Morelos Diario 04\/12\/15. Otra protesta contra la CFE; ahora, por el incremento en las tarifas La uni\u00f3n de Morelos 16\/07\/15. Protestan usuarios de CFE en Morelos contra altos cobros La Jornada","rel":"","context":"En &quot;Morelos&quot;","block_context":{"text":"Morelos","link":"https:\/\/www.grieta.org.mx\/index.php\/category\/noticias-nacionales\/morelos\/"},"img":{"alt_text":"","src":"https:\/\/i0.wp.com\/www.grieta.org.mx\/wp-content\/uploads\/2018\/03\/14524434_1106112876131411_958039263622046936_o.jpg?resize=350%2C200&ssl=1","width":350,"height":200,"srcset":"https:\/\/i0.wp.com\/www.grieta.org.mx\/wp-content\/uploads\/2018\/03\/14524434_1106112876131411_958039263622046936_o.jpg?resize=350%2C200&ssl=1 1x, https:\/\/i0.wp.com\/www.grieta.org.mx\/wp-content\/uploads\/2018\/03\/14524434_1106112876131411_958039263622046936_o.jpg?resize=525%2C300&ssl=1 1.5x, https:\/\/i0.wp.com\/www.grieta.org.mx\/wp-content\/uploads\/2018\/03\/14524434_1106112876131411_958039263622046936_o.jpg?resize=700%2C400&ssl=1 2x"},"classes":[]},{"id":39078,"url":"https:\/\/www.grieta.org.mx\/index.php\/2019\/09\/10\/municipios-de-nayarit-se-manifiestan-por-altos-cobros-en-la-cfe\/","url_meta":{"origin":7030,"position":3},"title":"Municipios de Nayarit se manifiestan por altos cobros en la CFE","author":"grieta","date":"10 septiembre, 2019","format":false,"excerpt":"Foto: El Sol de Nayarit Redacci\u00f3n \/ El Sol de Nayarit Desde hace m\u00e1s de un a\u00f1o, un grupo de nayaritas cansados de los altos cobros de las tarifas el\u00e9ctricas, usos y arbitrariedades causadas por la Comisi\u00f3n Federal de Electricidad (CFE), iniciaron la lucha por poner un alto a estas\u2026","rel":"","context":"En &quot;CINTILLO&quot;","block_context":{"text":"CINTILLO","link":"https:\/\/www.grieta.org.mx\/index.php\/category\/cintillo\/"},"img":{"alt_text":"","src":"https:\/\/i0.wp.com\/www.grieta.org.mx\/wp-content\/uploads\/2019\/09\/temp_nota_01_67869__20190910190948_117whatsapp_image_2019-09-10_at_12.52.01_pm_1_.jpeg?resize=350%2C200&ssl=1","width":350,"height":200,"srcset":"https:\/\/i0.wp.com\/www.grieta.org.mx\/wp-content\/uploads\/2019\/09\/temp_nota_01_67869__20190910190948_117whatsapp_image_2019-09-10_at_12.52.01_pm_1_.jpeg?resize=350%2C200&ssl=1 1x, https:\/\/i0.wp.com\/www.grieta.org.mx\/wp-content\/uploads\/2019\/09\/temp_nota_01_67869__20190910190948_117whatsapp_image_2019-09-10_at_12.52.01_pm_1_.jpeg?resize=525%2C300&ssl=1 1.5x"},"classes":[]},{"id":23421,"url":"https:\/\/www.grieta.org.mx\/index.php\/2018\/05\/28\/altos-costos-de-la-luz-es-una-mentada-sinaloa\/","url_meta":{"origin":7030,"position":4},"title":"Altos costos de la luz, es una \u201cmentada&#8221; (Sinaloa)","author":"grieta","date":"28 mayo, 2018","format":false,"excerpt":"\u201cVivimos al diario, de d\u00f3nde vamos a sacar para pagar los abusos de la Comisi\u00f3n Federal de Electricidad \u201c, lamentan usuarios. Guasave, Sinaloa. \u201cNo hemos visto resultados de la Reforma Energ\u00e9tica; los recibos cada vez vienen m\u00e1s altos y nos golpean nuestra ya de por s\u00ed da\u00f1ada econom\u00eda, es una\u2026","rel":"","context":"En &quot;CINTILLO&quot;","block_context":{"text":"CINTILLO","link":"https:\/\/www.grieta.org.mx\/index.php\/category\/cintillo\/"},"img":{"alt_text":"","src":"https:\/\/i0.wp.com\/www.grieta.org.mx\/wp-content\/uploads\/2018\/06\/recibo.jpg?resize=350%2C200&ssl=1","width":350,"height":200,"srcset":"https:\/\/i0.wp.com\/www.grieta.org.mx\/wp-content\/uploads\/2018\/06\/recibo.jpg?resize=350%2C200&ssl=1 1x, https:\/\/i0.wp.com\/www.grieta.org.mx\/wp-content\/uploads\/2018\/06\/recibo.jpg?resize=525%2C300&ssl=1 1.5x, https:\/\/i0.wp.com\/www.grieta.org.mx\/wp-content\/uploads\/2018\/06\/recibo.jpg?resize=700%2C400&ssl=1 2x"},"classes":[]},{"id":56460,"url":"https:\/\/www.grieta.org.mx\/index.php\/2021\/01\/28\/vecinos-protestan-por-cobros-de-la-cea-de-hasta-70-mil-pesos-sin-tener-servicio-queretaro\/","url_meta":{"origin":7030,"position":5},"title":"VECINOS PROTESTAN POR COBROS DE LA CEA DE HASTA 70 MIL PESOS SIN TENER SERVICIO (Quer\u00e9taro)","author":"grieta","date":"28 enero, 2021","format":false,"excerpt":"INFOQROMEX Santiago de Quer\u00e9taro, Qro., a 28 de enero de 2021. Vecinos del fraccionamiento Paseos de San Miguel en la Delegaci\u00f3n F\u00e9lix Osores del municipio de Quer\u00e9taro protestan ante la Comisi\u00f3n Estatal de Aguas por cobros excesivos y la falta de servicio, hace seis a\u00f1os realizaron acuerdos con el Organismo\u2026","rel":"","context":"En &quot;CINTILLO&quot;","block_context":{"text":"CINTILLO","link":"https:\/\/www.grieta.org.mx\/index.php\/category\/cintillo\/"},"img":{"alt_text":"","src":"https:\/\/i0.wp.com\/www.grieta.org.mx\/wp-content\/uploads\/2021\/01\/VECINOS-PROTESTAN-POR-COBROS-DE-LA-CEA-DE-HASTA-70-MIL-PESOS-SIN-TENER-SERVICIO-qro-ene.jpg?resize=350%2C200&ssl=1","width":350,"height":200,"srcset":"https:\/\/i0.wp.com\/www.grieta.org.mx\/wp-content\/uploads\/2021\/01\/VECINOS-PROTESTAN-POR-COBROS-DE-LA-CEA-DE-HASTA-70-MIL-PESOS-SIN-TENER-SERVICIO-qro-ene.jpg?resize=350%2C200&ssl=1 1x, https:\/\/i0.wp.com\/www.grieta.org.mx\/wp-content\/uploads\/2021\/01\/VECINOS-PROTESTAN-POR-COBROS-DE-LA-CEA-DE-HASTA-70-MIL-PESOS-SIN-TENER-SERVICIO-qro-ene.jpg?resize=525%2C300&ssl=1 1.5x, https:\/\/i0.wp.com\/www.grieta.org.mx\/wp-content\/uploads\/2021\/01\/VECINOS-PROTESTAN-POR-COBROS-DE-LA-CEA-DE-HASTA-70-MIL-PESOS-SIN-TENER-SERVICIO-qro-ene.jpg?resize=700%2C400&ssl=1 2x"},"classes":[]}],"_links":{"self":[{"href":"https:\/\/www.grieta.org.mx\/index.php\/wp-json\/wp\/v2\/posts\/7030","targetHints":{"allow":["GET"]}}],"collection":[{"href":"https:\/\/www.grieta.org.mx\/index.php\/wp-json\/wp\/v2\/posts"}],"about":[{"href":"https:\/\/www.grieta.org.mx\/index.php\/wp-json\/wp\/v2\/types\/post"}],"author":[{"embeddable":true,"href":"https:\/\/www.grieta.org.mx\/index.php\/wp-json\/wp\/v2\/users\/2"}],"replies":[{"embeddable":true,"href":"https:\/\/www.grieta.org.mx\/index.php\/wp-json\/wp\/v2\/comments?post=7030"}],"version-history":[{"count":1,"href":"https:\/\/www.grieta.org.mx\/index.php\/wp-json\/wp\/v2\/posts\/7030\/revisions"}],"predecessor-version":[{"id":7040,"href":"https:\/\/www.grieta.org.mx\/index.php\/wp-json\/wp\/v2\/posts\/7030\/revisions\/7040"}],"wp:featuredmedia":[{"embeddable":true,"href":"https:\/\/www.grieta.org.mx\/index.php\/wp-json\/wp\/v2\/media\/21928"}],"wp:attachment":[{"href":"https:\/\/www.grieta.org.mx\/index.php\/wp-json\/wp\/v2\/media?parent=7030"}],"wp:term":[{"taxonomy":"category","embeddable":true,"href":"https:\/\/www.grieta.org.mx\/index.php\/wp-json\/wp\/v2\/categories?post=7030"},{"taxonomy":"post_tag","embeddable":true,"href":"https:\/\/www.grieta.org.mx\/index.php\/wp-json\/wp\/v2\/tags?post=7030"}],"curies":[{"name":"wp","href":"https:\/\/api.w.org\/{rel}","templated":true}]}}