{"id":70237,"date":"2024-10-20T22:12:26","date_gmt":"2024-10-21T04:12:26","guid":{"rendered":"https:\/\/www.grieta.org.mx\/?p=70237"},"modified":"2024-11-11T17:23:32","modified_gmt":"2024-11-11T23:23:32","slug":"mitin-en-segob-en-solidaridad-con-los-pueblos-zapatistas","status":"publish","type":"post","link":"https:\/\/www.grieta.org.mx\/index.php\/2024\/10\/20\/mitin-en-segob-en-solidaridad-con-los-pueblos-zapatistas\/","title":{"rendered":"Mitin en SEGOB en solidaridad con los pueblos zapatistas"},"content":{"rendered":"<p>Colectivo Grieta\/19 octubre 2024.<\/p>\n<p>En el marco de la Jornada de Lucha contra la Guerra a los Pueblos Zapatistas, diversas personas, colectivos y organizaciones se congregaron el pasado 18 de octubre frente a la Secretar\u00eda de Gobernaci\u00f3n para denunciar los ataques recientes contra las comunidades zapatistas. Esta vez, los agresores han sido identificados como personas armadas provenientes del poblado de Palestina en complicidad con el crimen organizado y los gobiernos local y municipal pertenecientes al PVEM y MORENA, quienes han perpetrado actos violentos y amenazas de desalojo contra los integrantes de la comunidad &#8220;6 de Octubre&#8221;, localizada en el Caracol de Nuevo Jerusal\u00e9n, en tierras recuperadas del municipio oficial de Ocosingo.<\/p>\n<div class=\"jetpack-video-wrapper\"><iframe loading=\"lazy\" title=\"VIDEO MITIN GOBERNACI\u00d3N\" width=\"1170\" height=\"658\" src=\"https:\/\/www.youtube.com\/embed\/c5JGqoojTek?feature=oembed\" frameborder=\"0\" allow=\"accelerometer; autoplay; clipboard-write; encrypted-media; gyroscope; picture-in-picture; web-share\" referrerpolicy=\"strict-origin-when-cross-origin\" allowfullscreen><\/iframe><\/div>\n<p>La manifestaci\u00f3n de apoyo a los pueblos zapatistas comenz\u00f3 a las 4 de la tarde. Entre gritos de lucha y reclamos de justicia, la jornada avanz\u00f3 con firmeza. La presencia de polic\u00edas y militares no se hizo esperar; estos se limitaron a fotografiar a los manifestantes, en un claro intento de vigilancia y hostigamiento. A pesar de ello, la solidaridad no tard\u00f3 en florecer entre algunos transe\u00fantes. Algunas personas se deten\u00edan a observar las mantas y carteles, a capturar im\u00e1genes del evento, a pedir volantes informativos y, con un gesto de apoyo sincero, hubo quien desde una bicicleta, con una sonrisa grit\u00f3: &#8220;\u00a1No se rindan!&#8221;. As\u00ed, la resistencia y la dignidad zapatista, una vez m\u00e1s, resonaron en el coraz\u00f3n de la ciudad de M\u00e9xico.<\/p>\n<p><a href=\"http:\/\/www.grieta.org.mx\/wp-content\/uploads\/2024\/10\/pinta-mitin.jpg\"><img decoding=\"async\" data-attachment-id=\"70241\" data-permalink=\"https:\/\/www.grieta.org.mx\/index.php\/2024\/10\/20\/mitin-en-segob-en-solidaridad-con-los-pueblos-zapatistas\/pinta-mitin\/\" data-orig-file=\"https:\/\/www.grieta.org.mx\/wp-content\/uploads\/2024\/10\/pinta-mitin.jpg\" data-orig-size=\"1280,960\" data-comments-opened=\"0\" data-image-meta=\"{&quot;aperture&quot;:&quot;0&quot;,&quot;credit&quot;:&quot;&quot;,&quot;camera&quot;:&quot;&quot;,&quot;caption&quot;:&quot;&quot;,&quot;created_timestamp&quot;:&quot;0&quot;,&quot;copyright&quot;:&quot;&quot;,&quot;focal_length&quot;:&quot;0&quot;,&quot;iso&quot;:&quot;0&quot;,&quot;shutter_speed&quot;:&quot;0&quot;,&quot;title&quot;:&quot;&quot;,&quot;orientation&quot;:&quot;0&quot;}\" data-image-title=\"pinta mitin\" data-image-description=\"\" data-image-caption=\"\" data-medium-file=\"https:\/\/www.grieta.org.mx\/wp-content\/uploads\/2024\/10\/pinta-mitin-300x225.jpg\" data-large-file=\"https:\/\/www.grieta.org.mx\/wp-content\/uploads\/2024\/10\/pinta-mitin-1024x768.jpg\" class=\"alignright size-full wp-image-70241\" src=\"http:\/\/www.grieta.org.mx\/wp-content\/uploads\/2024\/10\/pinta-mitin.jpg\" alt=\"\" width=\"100%\" srcset=\"https:\/\/www.grieta.org.mx\/wp-content\/uploads\/2024\/10\/pinta-mitin.jpg 1280w, https:\/\/www.grieta.org.mx\/wp-content\/uploads\/2024\/10\/pinta-mitin-300x225.jpg 300w, https:\/\/www.grieta.org.mx\/wp-content\/uploads\/2024\/10\/pinta-mitin-1024x768.jpg 1024w, https:\/\/www.grieta.org.mx\/wp-content\/uploads\/2024\/10\/pinta-mitin-768x576.jpg 768w\" sizes=\"(max-width: 1280px) 100vw, 1280px\" \/><\/a><\/p>\n<p>Entre los participantes se encontraban colectivos de una enorme diversidad, provenientes de distintos rincones de la ciudad y con variadas formas de lucha, por ejemplo, el Frente de Resistencias Contra la Represi\u00f3n y la Brutalidad Policiaca, la Red Universitaria Anticapitalista, la Red de Apoyo Iztapalapa Sexta (RAIS), la Asamblea de Coordinaci\u00f3n de la Secci\u00f3n 10 de la CNTE, la Comunidad Ind\u00edgena Otom\u00ed residente en la CDMX, la Red Bicis, Tierra y Libertad, la Coordinaci\u00f3n Anti Cop-26, la Coordinadora Com\u00fan Contra el Porrismo y la Represi\u00f3n, entre otros, adem\u00e1s de asistentes a t\u00edtulo individual. La pluralidad de voces presentes reflejaba la solidaridad con el pueblo zapatista y su resistencia frente a la violencia y el despojo.<\/p>\n<p><a href=\"http:\/\/www.grieta.org.mx\/wp-content\/uploads\/2024\/10\/Tepito-mitin.jpg\"><img decoding=\"async\" data-attachment-id=\"70242\" data-permalink=\"https:\/\/www.grieta.org.mx\/index.php\/2024\/10\/20\/mitin-en-segob-en-solidaridad-con-los-pueblos-zapatistas\/tepito-mitin\/\" data-orig-file=\"https:\/\/www.grieta.org.mx\/wp-content\/uploads\/2024\/10\/Tepito-mitin.jpg\" data-orig-size=\"1305,689\" data-comments-opened=\"0\" data-image-meta=\"{&quot;aperture&quot;:&quot;0&quot;,&quot;credit&quot;:&quot;&quot;,&quot;camera&quot;:&quot;&quot;,&quot;caption&quot;:&quot;&quot;,&quot;created_timestamp&quot;:&quot;0&quot;,&quot;copyright&quot;:&quot;&quot;,&quot;focal_length&quot;:&quot;0&quot;,&quot;iso&quot;:&quot;0&quot;,&quot;shutter_speed&quot;:&quot;0&quot;,&quot;title&quot;:&quot;&quot;,&quot;orientation&quot;:&quot;0&quot;}\" data-image-title=\"Tepito mitin\" data-image-description=\"\" data-image-caption=\"\" data-medium-file=\"https:\/\/www.grieta.org.mx\/wp-content\/uploads\/2024\/10\/Tepito-mitin-300x158.jpg\" data-large-file=\"https:\/\/www.grieta.org.mx\/wp-content\/uploads\/2024\/10\/Tepito-mitin-1024x541.jpg\" class=\"alignright size-full wp-image-70242\" src=\"http:\/\/www.grieta.org.mx\/wp-content\/uploads\/2024\/10\/Tepito-mitin.jpg\" alt=\"\" width=\"100%\" srcset=\"https:\/\/www.grieta.org.mx\/wp-content\/uploads\/2024\/10\/Tepito-mitin.jpg 1305w, https:\/\/www.grieta.org.mx\/wp-content\/uploads\/2024\/10\/Tepito-mitin-300x158.jpg 300w, https:\/\/www.grieta.org.mx\/wp-content\/uploads\/2024\/10\/Tepito-mitin-1024x541.jpg 1024w, https:\/\/www.grieta.org.mx\/wp-content\/uploads\/2024\/10\/Tepito-mitin-768x405.jpg 768w\" sizes=\"(max-width: 1305px) 100vw, 1305px\" \/><\/a><\/p>\n<p>Este evento form\u00f3 parte de la la Jornada de Lucha contra la Guerra a los Pueblos Zapatistas, a la cual se sumar\u00e1n durante la siguiente semana otros m\u00e1s, como una Campa\u00f1a nacional e internacional de fotos, videos, gr\u00e1ficas y acciones dislocadas, cuyos materiales producidos ser\u00e1n publicados en la p\u00e1gina de Camino al Andar; una marcha el d\u00eda 24 de octubre a las 16:00, que saldr\u00e1 del Antimonumento a los 43 rumbo al Z\u00f3calo capitalino; una campa\u00f1a de firmas de la acci\u00f3n urgente emitida por el Centro de Derechos Humanos Fray Bartolom\u00e9 de las Casas (<a href=\"https:\/\/frayba.org.mx\/denunciamos-el-riesgo-la-vida-seguridad-e-integridad-personal-de-los-habitantes-bases-de-apoyo-del\" target=\"_blank\" rel=\"noopener\">https:\/\/frayba.org.mx\/denunciamos-el-riesgo-la-vida-seguridad-e-integridad-personal-de-los-habitantes-bases-de-apoyo-del<\/a>); volanteos de denuncia; proyecci\u00f3n de pel\u00edculas, y otras actividades.<\/p>\n<p><a href=\"http:\/\/www.grieta.org.mx\/wp-content\/uploads\/2024\/10\/alto-a-la-guerra-mitin.jpg\"><img decoding=\"async\" data-attachment-id=\"70245\" data-permalink=\"https:\/\/www.grieta.org.mx\/index.php\/2024\/10\/20\/mitin-en-segob-en-solidaridad-con-los-pueblos-zapatistas\/alto-a-la-guerra-mitin\/\" data-orig-file=\"https:\/\/www.grieta.org.mx\/wp-content\/uploads\/2024\/10\/alto-a-la-guerra-mitin.jpg\" data-orig-size=\"1280,960\" data-comments-opened=\"0\" data-image-meta=\"{&quot;aperture&quot;:&quot;0&quot;,&quot;credit&quot;:&quot;&quot;,&quot;camera&quot;:&quot;&quot;,&quot;caption&quot;:&quot;&quot;,&quot;created_timestamp&quot;:&quot;0&quot;,&quot;copyright&quot;:&quot;&quot;,&quot;focal_length&quot;:&quot;0&quot;,&quot;iso&quot;:&quot;0&quot;,&quot;shutter_speed&quot;:&quot;0&quot;,&quot;title&quot;:&quot;&quot;,&quot;orientation&quot;:&quot;0&quot;}\" data-image-title=\"alto a la guerra mitin\" data-image-description=\"\" data-image-caption=\"\" data-medium-file=\"https:\/\/www.grieta.org.mx\/wp-content\/uploads\/2024\/10\/alto-a-la-guerra-mitin-300x225.jpg\" data-large-file=\"https:\/\/www.grieta.org.mx\/wp-content\/uploads\/2024\/10\/alto-a-la-guerra-mitin-1024x768.jpg\" class=\"alignright size-full wp-image-70245\" src=\"http:\/\/www.grieta.org.mx\/wp-content\/uploads\/2024\/10\/alto-a-la-guerra-mitin.jpg\" alt=\"\" width=\"100%\" srcset=\"https:\/\/www.grieta.org.mx\/wp-content\/uploads\/2024\/10\/alto-a-la-guerra-mitin.jpg 1280w, https:\/\/www.grieta.org.mx\/wp-content\/uploads\/2024\/10\/alto-a-la-guerra-mitin-300x225.jpg 300w, https:\/\/www.grieta.org.mx\/wp-content\/uploads\/2024\/10\/alto-a-la-guerra-mitin-1024x768.jpg 1024w, https:\/\/www.grieta.org.mx\/wp-content\/uploads\/2024\/10\/alto-a-la-guerra-mitin-768x576.jpg 768w\" sizes=\"(max-width: 1280px) 100vw, 1280px\" \/><\/a><\/p>\n<p>Esta Jornada de Lucha no solo busca evidenciar la brutalidad de los ataques contra las comunidades zapatistas y exigir el cese al hostigamiento, sino tambi\u00e9n mostrar la solidaridad frente a la represi\u00f3n. Ante la violencia ejercida por grupos armados en complicidad con el poder, la sociedad responde de manera organizada y solidaria denunciando las agresiones contra los zapatistas pero sobre todo abraz\u00e1ndolos gritando: \u00a1No est\u00e1n solos! En cada gesto de apoyo, se fortalece no solo la resistencia de los pueblos, sino la esperanza de construir un mundo basado en lo com\u00fan, m\u00e1s justo y mejor para toda la humanidad.<\/p>\n<p><a href=\"http:\/\/www.grieta.org.mx\/wp-content\/uploads\/2024\/10\/bandera-mitin.jpg\"><img decoding=\"async\" data-attachment-id=\"70239\" data-permalink=\"https:\/\/www.grieta.org.mx\/index.php\/2024\/10\/20\/mitin-en-segob-en-solidaridad-con-los-pueblos-zapatistas\/bandera-mitin\/\" data-orig-file=\"https:\/\/www.grieta.org.mx\/wp-content\/uploads\/2024\/10\/bandera-mitin.jpg\" data-orig-size=\"1599,1599\" data-comments-opened=\"0\" data-image-meta=\"{&quot;aperture&quot;:&quot;0&quot;,&quot;credit&quot;:&quot;&quot;,&quot;camera&quot;:&quot;&quot;,&quot;caption&quot;:&quot;&quot;,&quot;created_timestamp&quot;:&quot;0&quot;,&quot;copyright&quot;:&quot;&quot;,&quot;focal_length&quot;:&quot;0&quot;,&quot;iso&quot;:&quot;0&quot;,&quot;shutter_speed&quot;:&quot;0&quot;,&quot;title&quot;:&quot;&quot;,&quot;orientation&quot;:&quot;0&quot;}\" data-image-title=\"bandera mitin\" data-image-description=\"\" data-image-caption=\"\" data-medium-file=\"https:\/\/www.grieta.org.mx\/wp-content\/uploads\/2024\/10\/bandera-mitin-300x300.jpg\" data-large-file=\"https:\/\/www.grieta.org.mx\/wp-content\/uploads\/2024\/10\/bandera-mitin-1024x1024.jpg\" class=\"alignright size-full wp-image-70239\" src=\"http:\/\/www.grieta.org.mx\/wp-content\/uploads\/2024\/10\/bandera-mitin.jpg\" alt=\"\" width=\"100%\" srcset=\"https:\/\/www.grieta.org.mx\/wp-content\/uploads\/2024\/10\/bandera-mitin.jpg 1599w, https:\/\/www.grieta.org.mx\/wp-content\/uploads\/2024\/10\/bandera-mitin-300x300.jpg 300w, https:\/\/www.grieta.org.mx\/wp-content\/uploads\/2024\/10\/bandera-mitin-1024x1024.jpg 1024w, https:\/\/www.grieta.org.mx\/wp-content\/uploads\/2024\/10\/bandera-mitin-150x150.jpg 150w, https:\/\/www.grieta.org.mx\/wp-content\/uploads\/2024\/10\/bandera-mitin-768x768.jpg 768w, https:\/\/www.grieta.org.mx\/wp-content\/uploads\/2024\/10\/bandera-mitin-1536x1536.jpg 1536w\" sizes=\"(max-width: 1599px) 100vw, 1599px\" \/><\/a><\/p>\n<p><a href=\"http:\/\/www.grieta.org.mx\/wp-content\/uploads\/2024\/10\/paloma-mitin.jpg\"><img decoding=\"async\" data-attachment-id=\"70240\" data-permalink=\"https:\/\/www.grieta.org.mx\/index.php\/2024\/10\/20\/mitin-en-segob-en-solidaridad-con-los-pueblos-zapatistas\/paloma-mitin\/\" data-orig-file=\"https:\/\/www.grieta.org.mx\/wp-content\/uploads\/2024\/10\/paloma-mitin.jpg\" data-orig-size=\"1280,960\" data-comments-opened=\"0\" data-image-meta=\"{&quot;aperture&quot;:&quot;0&quot;,&quot;credit&quot;:&quot;&quot;,&quot;camera&quot;:&quot;&quot;,&quot;caption&quot;:&quot;&quot;,&quot;created_timestamp&quot;:&quot;0&quot;,&quot;copyright&quot;:&quot;&quot;,&quot;focal_length&quot;:&quot;0&quot;,&quot;iso&quot;:&quot;0&quot;,&quot;shutter_speed&quot;:&quot;0&quot;,&quot;title&quot;:&quot;&quot;,&quot;orientation&quot;:&quot;0&quot;}\" data-image-title=\"paloma mitin\" data-image-description=\"\" data-image-caption=\"\" data-medium-file=\"https:\/\/www.grieta.org.mx\/wp-content\/uploads\/2024\/10\/paloma-mitin-300x225.jpg\" data-large-file=\"https:\/\/www.grieta.org.mx\/wp-content\/uploads\/2024\/10\/paloma-mitin-1024x768.jpg\" class=\"alignright size-full wp-image-70240\" src=\"http:\/\/www.grieta.org.mx\/wp-content\/uploads\/2024\/10\/paloma-mitin.jpg\" alt=\"\" width=\"100%\" srcset=\"https:\/\/www.grieta.org.mx\/wp-content\/uploads\/2024\/10\/paloma-mitin.jpg 1280w, https:\/\/www.grieta.org.mx\/wp-content\/uploads\/2024\/10\/paloma-mitin-300x225.jpg 300w, https:\/\/www.grieta.org.mx\/wp-content\/uploads\/2024\/10\/paloma-mitin-1024x768.jpg 1024w, https:\/\/www.grieta.org.mx\/wp-content\/uploads\/2024\/10\/paloma-mitin-768x576.jpg 768w\" sizes=\"(max-width: 1280px) 100vw, 1280px\" \/><\/a><\/p>\n<p><a href=\"http:\/\/www.grieta.org.mx\/wp-content\/uploads\/2024\/10\/frente-del-pueblo-mitin.jpg\"><img decoding=\"async\" data-attachment-id=\"70244\" data-permalink=\"https:\/\/www.grieta.org.mx\/index.php\/2024\/10\/20\/mitin-en-segob-en-solidaridad-con-los-pueblos-zapatistas\/frente-del-pueblo-mitin\/\" data-orig-file=\"https:\/\/www.grieta.org.mx\/wp-content\/uploads\/2024\/10\/frente-del-pueblo-mitin.jpg\" data-orig-size=\"1347,1294\" data-comments-opened=\"0\" data-image-meta=\"{&quot;aperture&quot;:&quot;0&quot;,&quot;credit&quot;:&quot;&quot;,&quot;camera&quot;:&quot;&quot;,&quot;caption&quot;:&quot;&quot;,&quot;created_timestamp&quot;:&quot;0&quot;,&quot;copyright&quot;:&quot;&quot;,&quot;focal_length&quot;:&quot;0&quot;,&quot;iso&quot;:&quot;0&quot;,&quot;shutter_speed&quot;:&quot;0&quot;,&quot;title&quot;:&quot;&quot;,&quot;orientation&quot;:&quot;0&quot;}\" data-image-title=\"frente del pueblo mitin\" data-image-description=\"\" data-image-caption=\"\" data-medium-file=\"https:\/\/www.grieta.org.mx\/wp-content\/uploads\/2024\/10\/frente-del-pueblo-mitin-300x288.jpg\" data-large-file=\"https:\/\/www.grieta.org.mx\/wp-content\/uploads\/2024\/10\/frente-del-pueblo-mitin-1024x984.jpg\" class=\"alignright size-full wp-image-70244\" src=\"http:\/\/www.grieta.org.mx\/wp-content\/uploads\/2024\/10\/frente-del-pueblo-mitin.jpg\" alt=\"\" width=\"100%\" srcset=\"https:\/\/www.grieta.org.mx\/wp-content\/uploads\/2024\/10\/frente-del-pueblo-mitin.jpg 1347w, https:\/\/www.grieta.org.mx\/wp-content\/uploads\/2024\/10\/frente-del-pueblo-mitin-300x288.jpg 300w, https:\/\/www.grieta.org.mx\/wp-content\/uploads\/2024\/10\/frente-del-pueblo-mitin-1024x984.jpg 1024w, https:\/\/www.grieta.org.mx\/wp-content\/uploads\/2024\/10\/frente-del-pueblo-mitin-768x738.jpg 768w\" sizes=\"(max-width: 1347px) 100vw, 1347px\" \/><\/a><\/p>\n<p><a href=\"http:\/\/www.grieta.org.mx\/wp-content\/uploads\/2024\/10\/comunidad-otomi-mitin.jpg\"><img decoding=\"async\" data-attachment-id=\"70246\" data-permalink=\"https:\/\/www.grieta.org.mx\/index.php\/2024\/10\/20\/mitin-en-segob-en-solidaridad-con-los-pueblos-zapatistas\/comunidad-otomi-mitin\/\" data-orig-file=\"https:\/\/www.grieta.org.mx\/wp-content\/uploads\/2024\/10\/comunidad-otomi-mitin.jpg\" data-orig-size=\"1280,960\" data-comments-opened=\"0\" data-image-meta=\"{&quot;aperture&quot;:&quot;0&quot;,&quot;credit&quot;:&quot;&quot;,&quot;camera&quot;:&quot;&quot;,&quot;caption&quot;:&quot;&quot;,&quot;created_timestamp&quot;:&quot;0&quot;,&quot;copyright&quot;:&quot;&quot;,&quot;focal_length&quot;:&quot;0&quot;,&quot;iso&quot;:&quot;0&quot;,&quot;shutter_speed&quot;:&quot;0&quot;,&quot;title&quot;:&quot;&quot;,&quot;orientation&quot;:&quot;0&quot;}\" data-image-title=\"comunidad otomi mitin\" data-image-description=\"\" data-image-caption=\"\" data-medium-file=\"https:\/\/www.grieta.org.mx\/wp-content\/uploads\/2024\/10\/comunidad-otomi-mitin-300x225.jpg\" data-large-file=\"https:\/\/www.grieta.org.mx\/wp-content\/uploads\/2024\/10\/comunidad-otomi-mitin-1024x768.jpg\" class=\"alignright size-full wp-image-70246\" src=\"http:\/\/www.grieta.org.mx\/wp-content\/uploads\/2024\/10\/comunidad-otomi-mitin.jpg\" alt=\"\" width=\"100%\" srcset=\"https:\/\/www.grieta.org.mx\/wp-content\/uploads\/2024\/10\/comunidad-otomi-mitin.jpg 1280w, https:\/\/www.grieta.org.mx\/wp-content\/uploads\/2024\/10\/comunidad-otomi-mitin-300x225.jpg 300w, https:\/\/www.grieta.org.mx\/wp-content\/uploads\/2024\/10\/comunidad-otomi-mitin-1024x768.jpg 1024w, https:\/\/www.grieta.org.mx\/wp-content\/uploads\/2024\/10\/comunidad-otomi-mitin-768x576.jpg 768w\" sizes=\"(max-width: 1280px) 100vw, 1280px\" \/><\/a><\/p>\n<p><a href=\"http:\/\/www.grieta.org.mx\/wp-content\/uploads\/2024\/10\/dibujo-mitin.jpg\"><img decoding=\"async\" data-attachment-id=\"70248\" data-permalink=\"https:\/\/www.grieta.org.mx\/index.php\/2024\/10\/20\/mitin-en-segob-en-solidaridad-con-los-pueblos-zapatistas\/dibujo-mitin\/\" data-orig-file=\"https:\/\/www.grieta.org.mx\/wp-content\/uploads\/2024\/10\/dibujo-mitin.jpg\" data-orig-size=\"1048,1395\" data-comments-opened=\"0\" data-image-meta=\"{&quot;aperture&quot;:&quot;0&quot;,&quot;credit&quot;:&quot;&quot;,&quot;camera&quot;:&quot;&quot;,&quot;caption&quot;:&quot;&quot;,&quot;created_timestamp&quot;:&quot;0&quot;,&quot;copyright&quot;:&quot;&quot;,&quot;focal_length&quot;:&quot;0&quot;,&quot;iso&quot;:&quot;0&quot;,&quot;shutter_speed&quot;:&quot;0&quot;,&quot;title&quot;:&quot;&quot;,&quot;orientation&quot;:&quot;0&quot;}\" data-image-title=\"dibujo mitin\" data-image-description=\"\" data-image-caption=\"\" data-medium-file=\"https:\/\/www.grieta.org.mx\/wp-content\/uploads\/2024\/10\/dibujo-mitin-225x300.jpg\" data-large-file=\"https:\/\/www.grieta.org.mx\/wp-content\/uploads\/2024\/10\/dibujo-mitin-769x1024.jpg\" class=\"alignright size-full wp-image-70248\" src=\"http:\/\/www.grieta.org.mx\/wp-content\/uploads\/2024\/10\/dibujo-mitin.jpg\" alt=\"\" width=\"100%\" srcset=\"https:\/\/www.grieta.org.mx\/wp-content\/uploads\/2024\/10\/dibujo-mitin.jpg 1048w, https:\/\/www.grieta.org.mx\/wp-content\/uploads\/2024\/10\/dibujo-mitin-225x300.jpg 225w, https:\/\/www.grieta.org.mx\/wp-content\/uploads\/2024\/10\/dibujo-mitin-769x1024.jpg 769w, https:\/\/www.grieta.org.mx\/wp-content\/uploads\/2024\/10\/dibujo-mitin-768x1022.jpg 768w\" sizes=\"(max-width: 1048px) 100vw, 1048px\" \/><\/a><\/p>\n<p><a href=\"http:\/\/www.grieta.org.mx\/wp-content\/uploads\/2024\/10\/basta-agresiones-mintin.jpg\"><img decoding=\"async\" data-attachment-id=\"70249\" data-permalink=\"https:\/\/www.grieta.org.mx\/index.php\/2024\/10\/20\/mitin-en-segob-en-solidaridad-con-los-pueblos-zapatistas\/basta-agresiones-mintin\/\" data-orig-file=\"https:\/\/www.grieta.org.mx\/wp-content\/uploads\/2024\/10\/basta-agresiones-mintin.jpg\" data-orig-size=\"1280,960\" data-comments-opened=\"0\" data-image-meta=\"{&quot;aperture&quot;:&quot;0&quot;,&quot;credit&quot;:&quot;&quot;,&quot;camera&quot;:&quot;&quot;,&quot;caption&quot;:&quot;&quot;,&quot;created_timestamp&quot;:&quot;0&quot;,&quot;copyright&quot;:&quot;&quot;,&quot;focal_length&quot;:&quot;0&quot;,&quot;iso&quot;:&quot;0&quot;,&quot;shutter_speed&quot;:&quot;0&quot;,&quot;title&quot;:&quot;&quot;,&quot;orientation&quot;:&quot;0&quot;}\" data-image-title=\"basta agresiones mintin\" data-image-description=\"\" data-image-caption=\"\" data-medium-file=\"https:\/\/www.grieta.org.mx\/wp-content\/uploads\/2024\/10\/basta-agresiones-mintin-300x225.jpg\" data-large-file=\"https:\/\/www.grieta.org.mx\/wp-content\/uploads\/2024\/10\/basta-agresiones-mintin-1024x768.jpg\" class=\"alignright size-full wp-image-70249\" src=\"http:\/\/www.grieta.org.mx\/wp-content\/uploads\/2024\/10\/basta-agresiones-mintin.jpg\" alt=\"\" width=\"100%\" srcset=\"https:\/\/www.grieta.org.mx\/wp-content\/uploads\/2024\/10\/basta-agresiones-mintin.jpg 1280w, https:\/\/www.grieta.org.mx\/wp-content\/uploads\/2024\/10\/basta-agresiones-mintin-300x225.jpg 300w, https:\/\/www.grieta.org.mx\/wp-content\/uploads\/2024\/10\/basta-agresiones-mintin-1024x768.jpg 1024w, https:\/\/www.grieta.org.mx\/wp-content\/uploads\/2024\/10\/basta-agresiones-mintin-768x576.jpg 768w\" sizes=\"(max-width: 1280px) 100vw, 1280px\" \/><\/a><\/p>\n","protected":false},"excerpt":{"rendered":"<p>Colectivo Grieta\/19 octubre 2024. En el marco de la Jornada de Lucha contra la Guerra a los Pueblos Zapatistas, diversas personas, colectivos y organizaciones se congregaron el pasado 18 de &hellip; <a href=\"https:\/\/www.grieta.org.mx\/index.php\/2024\/10\/20\/mitin-en-segob-en-solidaridad-con-los-pueblos-zapatistas\/\" class=\"more-link\">Leer m\u00e1s<\/a><\/p>\n","protected":false},"author":2,"featured_media":70238,"comment_status":"closed","ping_status":"closed","sticky":false,"template":"","format":"standard","meta":{"ngg_post_thumbnail":0,"_jetpack_newsletter_access":"","_jetpack_dont_email_post_to_subs":false,"_jetpack_newsletter_tier_id":0,"_jetpack_memberships_contains_paywalled_content":false,"_jetpack_memberships_contains_paid_content":false,"footnotes":""},"categories":[3674,80,14,1775,2065,2],"tags":[671,4221],"class_list":["post-70237","post","type-post","status-publish","format-standard","has-post-thumbnail","hentry","category-contra-la-guerra-al-ezln","category-cintillo","category-ciudad-de-mexico","category-colectivo-grieta","category-movilizaciones-y-protestas-de-habitantes-de-la-ciudad-de-mexico","category-noticias-nacionales","tag-mitin","tag-solidaridad-con-ezln","entry"],"jetpack_featured_media_url":"https:\/\/www.grieta.org.mx\/wp-content\/uploads\/2024\/10\/noche-mitin.jpg","jetpack_sharing_enabled":true,"jetpack_shortlink":"https:\/\/wp.me\/p7ZJR4-igR","jetpack_likes_enabled":false,"jetpack-related-posts":[{"id":70329,"url":"https:\/\/www.grieta.org.mx\/index.php\/2024\/10\/30\/alto-a-las-agresiones-contra-las-comunidades-zapatistas-reclaman-miles-en-manifestacion-en-la-ciudad-de-mexico\/","url_meta":{"origin":70237,"position":0},"title":"\u00a1Alto a las agresiones contra las comunidades zapatistas! reclaman miles en manifestaci\u00f3n en la Ciudad de M\u00e9xico [AUDIOS]","author":"grieta","date":"30 octubre, 2024","format":false,"excerpt":"Colectivo Grieta 24 de octubre de 2024 Ciudad de M\u00e9xico.- Al grito de \u00a1Alto a las agresiones contra las comunidades zapatistas! y exigiendo el cese a los hostigamientos orquestados por los tres niveles de gobierno y grupos narcoparamilitares contra las bases de apoyo del EZLN, este jueves 24 de octubre\u2026","rel":"","context":"En &quot;Alto a la Guerra contra los pueblos zapatistas&quot;","block_context":{"text":"Alto a la Guerra contra los pueblos zapatistas","link":"https:\/\/www.grieta.org.mx\/index.php\/category\/redes-de-resistencia-y-rebeldia\/contra-la-guerra-al-ezln\/"},"img":{"alt_text":"","src":"https:\/\/i0.wp.com\/www.grieta.org.mx\/wp-content\/uploads\/2024\/10\/Diapositiva2-1.jpeg?resize=350%2C200&ssl=1","width":350,"height":200,"srcset":"https:\/\/i0.wp.com\/www.grieta.org.mx\/wp-content\/uploads\/2024\/10\/Diapositiva2-1.jpeg?resize=350%2C200&ssl=1 1x, https:\/\/i0.wp.com\/www.grieta.org.mx\/wp-content\/uploads\/2024\/10\/Diapositiva2-1.jpeg?resize=525%2C300&ssl=1 1.5x, https:\/\/i0.wp.com\/www.grieta.org.mx\/wp-content\/uploads\/2024\/10\/Diapositiva2-1.jpeg?resize=700%2C400&ssl=1 2x"},"classes":[]},{"id":72360,"url":"https:\/\/www.grieta.org.mx\/index.php\/2025\/10\/13\/jornada-de-lucha-y-resistencia-contra-la-guerra-a-los-pueblos-zapatistas\/","url_meta":{"origin":70237,"position":1},"title":"Jornada de lucha y resistencia contra la guerra a los pueblos zapatistas","author":"grieta","date":"13 octubre, 2025","format":false,"excerpt":"Colectivo Grieta, 11 de octubre de 2025 Ciudad de M\u00e9xico. Diversas organizaciones y colectivos de la Ciudad de M\u00e9xico se movilizaron el viernes 10 de octubre\u00a0 para alzarse en protesta y denuncia contra el despojo criminal de las tierras recuperadas por los pueblos zapatistas desde 1994 y la violenta incursi\u00f3n\u2026","rel":"","context":"En &quot;Alto a la Guerra contra los pueblos zapatistas&quot;","block_context":{"text":"Alto a la Guerra contra los pueblos zapatistas","link":"https:\/\/www.grieta.org.mx\/index.php\/category\/redes-de-resistencia-y-rebeldia\/contra-la-guerra-al-ezln\/"},"img":{"alt_text":"","src":"https:\/\/i0.wp.com\/www.grieta.org.mx\/wp-content\/uploads\/2025\/10\/WhatsApp-Image-2025-10-13-at-21.21.01.png?resize=350%2C200&ssl=1","width":350,"height":200,"srcset":"https:\/\/i0.wp.com\/www.grieta.org.mx\/wp-content\/uploads\/2025\/10\/WhatsApp-Image-2025-10-13-at-21.21.01.png?resize=350%2C200&ssl=1 1x, https:\/\/i0.wp.com\/www.grieta.org.mx\/wp-content\/uploads\/2025\/10\/WhatsApp-Image-2025-10-13-at-21.21.01.png?resize=525%2C300&ssl=1 1.5x, https:\/\/i0.wp.com\/www.grieta.org.mx\/wp-content\/uploads\/2025\/10\/WhatsApp-Image-2025-10-13-at-21.21.01.png?resize=700%2C400&ssl=1 2x, https:\/\/i0.wp.com\/www.grieta.org.mx\/wp-content\/uploads\/2025\/10\/WhatsApp-Image-2025-10-13-at-21.21.01.png?resize=1050%2C600&ssl=1 3x, https:\/\/i0.wp.com\/www.grieta.org.mx\/wp-content\/uploads\/2025\/10\/WhatsApp-Image-2025-10-13-at-21.21.01.png?resize=1400%2C800&ssl=1 4x"},"classes":[]},{"id":70411,"url":"https:\/\/www.grieta.org.mx\/index.php\/2024\/11\/11\/alto-alas-agresiones-contra-las-comunidades-zapatistas\/","url_meta":{"origin":70237,"position":2},"title":"\u00a1ALTO A LAS AGRESIONES CONTRA LAS COMUNIDADES ZAPATISTAS!","author":"grieta","date":"11 noviembre, 2024","format":false,"excerpt":"","rel":"","context":"En &quot;Alto a la Guerra contra los pueblos zapatistas&quot;","block_context":{"text":"Alto a la Guerra contra los pueblos zapatistas","link":"https:\/\/www.grieta.org.mx\/index.php\/category\/redes-de-resistencia-y-rebeldia\/contra-la-guerra-al-ezln\/"},"img":{"alt_text":"","src":"https:\/\/i0.wp.com\/www.grieta.org.mx\/wp-content\/uploads\/2024\/11\/11.jpg?resize=350%2C200&ssl=1","width":350,"height":200,"srcset":"https:\/\/i0.wp.com\/www.grieta.org.mx\/wp-content\/uploads\/2024\/11\/11.jpg?resize=350%2C200&ssl=1 1x, https:\/\/i0.wp.com\/www.grieta.org.mx\/wp-content\/uploads\/2024\/11\/11.jpg?resize=525%2C300&ssl=1 1.5x, https:\/\/i0.wp.com\/www.grieta.org.mx\/wp-content\/uploads\/2024\/11\/11.jpg?resize=700%2C400&ssl=1 2x"},"classes":[]},{"id":70267,"url":"https:\/\/www.grieta.org.mx\/index.php\/2024\/10\/21\/conferencia-de-prensa-para-exigir-el-alto-a-la-guerra-en-contra-de-las-comunidades-zapatistas\/","url_meta":{"origin":70237,"position":3},"title":"&#8220;Alto a la guerra en contra de las comunidades ind\u00edgenas zapatistas&#8221; exigen artistas, intelectuales, organizaciones sociales y colectivos nacionales e internacionales.","author":"grieta","date":"21 octubre, 2024","format":false,"excerpt":"Colectivo Grieta \/ 21 de octubre de 2024 El d\u00eda de hoy, en las instalaciones de Radio UNAM, en la Colonia del Valle de la Ciudad de M\u00e9xico, se llev\u00f3 a cabo la conferencia de prensa para denunciar los violentos ataques en contra de las comunidades zapatistas y exigir el\u2026","rel":"","context":"En &quot;Alto a la Guerra contra los pueblos zapatistas&quot;","block_context":{"text":"Alto a la Guerra contra los pueblos zapatistas","link":"https:\/\/www.grieta.org.mx\/index.php\/category\/redes-de-resistencia-y-rebeldia\/contra-la-guerra-al-ezln\/"},"img":{"alt_text":"","src":"https:\/\/i0.wp.com\/www.grieta.org.mx\/wp-content\/uploads\/2024\/10\/conferencia.jpg?resize=350%2C200&ssl=1","width":350,"height":200,"srcset":"https:\/\/i0.wp.com\/www.grieta.org.mx\/wp-content\/uploads\/2024\/10\/conferencia.jpg?resize=350%2C200&ssl=1 1x, https:\/\/i0.wp.com\/www.grieta.org.mx\/wp-content\/uploads\/2024\/10\/conferencia.jpg?resize=525%2C300&ssl=1 1.5x, https:\/\/i0.wp.com\/www.grieta.org.mx\/wp-content\/uploads\/2024\/10\/conferencia.jpg?resize=700%2C400&ssl=1 2x, https:\/\/i0.wp.com\/www.grieta.org.mx\/wp-content\/uploads\/2024\/10\/conferencia.jpg?resize=1050%2C600&ssl=1 3x"},"classes":[]},{"id":65002,"url":"https:\/\/www.grieta.org.mx\/index.php\/2022\/09\/03\/desde-la-resistencia-se-celebra-el-festival-por-la-vida-y-por-la-paz-vivan-los-caracoles-zapatistas\/","url_meta":{"origin":70237,"position":4},"title":"Desde la resistencia se celebra el &#8220;Festival por la Vida y por la Paz. Vivan los Caracoles Zapatistas&#8221;","author":"grieta","date":"3 septiembre, 2022","format":false,"excerpt":"- Alto a la guerra contra las comunidades zapatistas, se exigi\u00f3 en la explanada de la Biblioteca Central de la UNAM - Decenas de colectivos y organizaciones respondieron al llamado de estudiantes, profesores y pueblo en general a celebrar la resistencia de los Caracoles Zapatistas. - Con m\u00fasica, baile, talleres\u2026","rel":"","context":"En &quot;CINTILLO&quot;","block_context":{"text":"CINTILLO","link":"https:\/\/www.grieta.org.mx\/index.php\/category\/cintillo\/"},"img":{"alt_text":"","src":"https:\/\/i0.wp.com\/www.grieta.org.mx\/wp-content\/uploads\/2022\/09\/Expo2.jpg?resize=350%2C200&ssl=1","width":350,"height":200,"srcset":"https:\/\/i0.wp.com\/www.grieta.org.mx\/wp-content\/uploads\/2022\/09\/Expo2.jpg?resize=350%2C200&ssl=1 1x, https:\/\/i0.wp.com\/www.grieta.org.mx\/wp-content\/uploads\/2022\/09\/Expo2.jpg?resize=525%2C300&ssl=1 1.5x, https:\/\/i0.wp.com\/www.grieta.org.mx\/wp-content\/uploads\/2022\/09\/Expo2.jpg?resize=700%2C400&ssl=1 2x, https:\/\/i0.wp.com\/www.grieta.org.mx\/wp-content\/uploads\/2022\/09\/Expo2.jpg?resize=1050%2C600&ssl=1 3x, https:\/\/i0.wp.com\/www.grieta.org.mx\/wp-content\/uploads\/2022\/09\/Expo2.jpg?resize=1400%2C800&ssl=1 4x"},"classes":[]},{"id":61915,"url":"https:\/\/www.grieta.org.mx\/index.php\/2021\/09\/25\/colectivos-organizaciones-e-individuos-marchan-en-la-cdmx-para-decirle-a-los-pueblos-zapatistas-que-no-estan-solos\/","url_meta":{"origin":70237,"position":5},"title":"Colectivos, organizaciones e individuos marchan en la CDMX para decirle a los pueblos zapatistas que \u00a1No est\u00e1n solos!","author":"grieta","date":"25 septiembre, 2021","format":false,"excerpt":"Colectivo Grieta Ciudad de M\u00e9xico, 24 de septiembre.- El viernes 24 de septiembre m\u00e1s de un millar de manifestantes pertenecientes a diferentes colectivos, organizaciones y personas a t\u00edtulo individual marcharon por avenida Reforma hasta la Secretar\u00eda de Gobernaci\u00f3n para exigir el cese de las agresiones en contra de las comunidades\u2026","rel":"","context":"En &quot;CINTILLO&quot;","block_context":{"text":"CINTILLO","link":"https:\/\/www.grieta.org.mx\/index.php\/category\/cintillo\/"},"img":{"alt_text":"","src":"https:\/\/i0.wp.com\/www.grieta.org.mx\/wp-content\/uploads\/2021\/09\/IMG_0433.jpg?resize=350%2C200&ssl=1","width":350,"height":200,"srcset":"https:\/\/i0.wp.com\/www.grieta.org.mx\/wp-content\/uploads\/2021\/09\/IMG_0433.jpg?resize=350%2C200&ssl=1 1x, https:\/\/i0.wp.com\/www.grieta.org.mx\/wp-content\/uploads\/2021\/09\/IMG_0433.jpg?resize=525%2C300&ssl=1 1.5x, https:\/\/i0.wp.com\/www.grieta.org.mx\/wp-content\/uploads\/2021\/09\/IMG_0433.jpg?resize=700%2C400&ssl=1 2x, https:\/\/i0.wp.com\/www.grieta.org.mx\/wp-content\/uploads\/2021\/09\/IMG_0433.jpg?resize=1050%2C600&ssl=1 3x"},"classes":[]}],"_links":{"self":[{"href":"https:\/\/www.grieta.org.mx\/index.php\/wp-json\/wp\/v2\/posts\/70237","targetHints":{"allow":["GET"]}}],"collection":[{"href":"https:\/\/www.grieta.org.mx\/index.php\/wp-json\/wp\/v2\/posts"}],"about":[{"href":"https:\/\/www.grieta.org.mx\/index.php\/wp-json\/wp\/v2\/types\/post"}],"author":[{"embeddable":true,"href":"https:\/\/www.grieta.org.mx\/index.php\/wp-json\/wp\/v2\/users\/2"}],"replies":[{"embeddable":true,"href":"https:\/\/www.grieta.org.mx\/index.php\/wp-json\/wp\/v2\/comments?post=70237"}],"version-history":[{"count":1,"href":"https:\/\/www.grieta.org.mx\/index.php\/wp-json\/wp\/v2\/posts\/70237\/revisions"}],"predecessor-version":[{"id":70442,"href":"https:\/\/www.grieta.org.mx\/index.php\/wp-json\/wp\/v2\/posts\/70237\/revisions\/70442"}],"wp:featuredmedia":[{"embeddable":true,"href":"https:\/\/www.grieta.org.mx\/index.php\/wp-json\/wp\/v2\/media\/70238"}],"wp:attachment":[{"href":"https:\/\/www.grieta.org.mx\/index.php\/wp-json\/wp\/v2\/media?parent=70237"}],"wp:term":[{"taxonomy":"category","embeddable":true,"href":"https:\/\/www.grieta.org.mx\/index.php\/wp-json\/wp\/v2\/categories?post=70237"},{"taxonomy":"post_tag","embeddable":true,"href":"https:\/\/www.grieta.org.mx\/index.php\/wp-json\/wp\/v2\/tags?post=70237"}],"curies":[{"name":"wp","href":"https:\/\/api.w.org\/{rel}","templated":true}]}}