{"id":70202,"date":"2024-10-17T00:47:04","date_gmt":"2024-10-17T06:47:04","guid":{"rendered":"https:\/\/www.grieta.org.mx\/?p=70202"},"modified":"2024-10-17T22:49:27","modified_gmt":"2024-10-18T04:49:27","slug":"marchan-familiares-y-colectivos-para-exigir-la-busqueda-de-sus-desaparecidos-en-culiacan","status":"publish","type":"post","link":"https:\/\/www.grieta.org.mx\/index.php\/2024\/10\/17\/marchan-familiares-y-colectivos-para-exigir-la-busqueda-de-sus-desaparecidos-en-culiacan\/","title":{"rendered":"Marchan familiares y colectivos para exigir la b\u00fasqueda de sus desaparecidos, en Culiac\u00e1n"},"content":{"rendered":"<div class=\"elementor-element elementor-element-07a4bde elementor-widget elementor-widget-theme-post-title elementor-page-title elementor-widget-heading\" data-id=\"07a4bde\" data-element_type=\"widget\" data-widget_type=\"theme-post-title.default\">\n<div class=\"elementor-widget-container\">\n<h1 class=\"elementor-heading-title elementor-size-default\"><span style=\"color: #636363; font-family: Lato, 'Helvetica Neue', helvetica, arial, sans-serif; font-size: 15px;\">RioDoce\/<\/span><a style=\"font-family: Lato, 'Helvetica Neue', helvetica, arial, sans-serif; font-size: 15px;\" href=\"https:\/\/riodoce.mx\/author\/jose-almaguer\/\"><span class=\"elementor-icon-list-text elementor-post-info__item elementor-post-info__item--type-author\">Jos\u00e9 Almaguer<\/span><\/a><\/h1>\n<\/div>\n<\/div>\n<div class=\"elementor-element elementor-element-044a3b7 elementor-widget elementor-widget-theme-post-content\" data-id=\"044a3b7\" data-element_type=\"widget\" data-widget_type=\"theme-post-content.default\">\n<div class=\"elementor-widget-container\">\n<p>Familiares de personas desaparecidas, y colectivos de b\u00fasqueda marcharon este mi\u00e9rcoles, en Culiac\u00e1n, para reclamar que la Fiscal\u00eda General del Estado realice acciones de b\u00fasqueda y exigir un alto a las desapariciones en Sinaloa.<\/p>\n<p>Marcharon desde la Lomita hasta catedral bajo la consigna \u201c\u00fanete, \u00fanete que tu hijo puede ser\u201d, \u201c\u00bfpor qu\u00e9 los buscamos?, por que los amamos\u201d, \u201cbasta ya de guerra, queremos ya la paz\u201d, \u201cvivos se los llevaron, vivos los queremos\u201d.<\/p>\n<p>\u201c(Esta marcha) es para exigir un poco de paz y queremos seguir buscando a nuestros desaparecidos\u201d , dijo Reynalda Pulido Chavira, miembro del colectivo Madres en B\u00fasqueda por tu Regreso a Casa.<\/p>\n<p>Remarc\u00f3 que ya se cumpli\u00f3 un mes desde que colectivos detuvieron acciones de b\u00fasqueda en campo. Manifest\u00f3 que si antes hab\u00eda dilaci\u00f3n en la b\u00fasqueda de personas por parte de la fiscal\u00eda, desde 9 de septiembre pr\u00e1cticamente no est\u00e1n haciendo nada por encontrarlos.<\/p>\n<figure class=\"wp-block-gallery has-nested-images columns-default is-cropped wp-block-gallery-1 is-layout-flex wp-block-gallery-is-layout-flex\">\n<figure class=\"wp-block-image size-large\"><img loading=\"lazy\" decoding=\"async\" class=\"wp-image-523832\" src=\"https:\/\/riodoce.mx\/wp-content\/uploads\/2024\/10\/Diseno-sin-titulo-77.png\" sizes=\"auto, (max-width: 800px) 100vw, 800px\" srcset=\"https:\/\/riodoce.mx\/wp-content\/uploads\/2024\/10\/Diseno-sin-titulo-77.png 800w, https:\/\/riodoce.mx\/wp-content\/uploads\/2024\/10\/Diseno-sin-titulo-77-300x200.png 300w, https:\/\/riodoce.mx\/wp-content\/uploads\/2024\/10\/Diseno-sin-titulo-77-768x512.png 768w, https:\/\/riodoce.mx\/wp-content\/uploads\/2024\/10\/Diseno-sin-titulo-77-600x400.png 600w\" alt=\"\" width=\"800\" height=\"533\" data-id=\"523832\" \/><\/figure>\n<figure class=\"wp-block-image size-large\"><img loading=\"lazy\" decoding=\"async\" class=\"wp-image-523830\" src=\"https:\/\/riodoce.mx\/wp-content\/uploads\/2024\/10\/Diseno-sin-titulo-79.png\" sizes=\"auto, (max-width: 800px) 100vw, 800px\" srcset=\"https:\/\/riodoce.mx\/wp-content\/uploads\/2024\/10\/Diseno-sin-titulo-79.png 800w, https:\/\/riodoce.mx\/wp-content\/uploads\/2024\/10\/Diseno-sin-titulo-79-300x200.png 300w, https:\/\/riodoce.mx\/wp-content\/uploads\/2024\/10\/Diseno-sin-titulo-79-768x512.png 768w, https:\/\/riodoce.mx\/wp-content\/uploads\/2024\/10\/Diseno-sin-titulo-79-600x400.png 600w\" alt=\"\" width=\"800\" height=\"533\" data-id=\"523830\" \/><\/figure>\n<figure class=\"wp-block-image size-large\"><img loading=\"lazy\" decoding=\"async\" class=\"wp-image-523829\" src=\"https:\/\/riodoce.mx\/wp-content\/uploads\/2024\/10\/Diseno-sin-titulo-80.png\" sizes=\"auto, (max-width: 800px) 100vw, 800px\" srcset=\"https:\/\/riodoce.mx\/wp-content\/uploads\/2024\/10\/Diseno-sin-titulo-80.png 800w, https:\/\/riodoce.mx\/wp-content\/uploads\/2024\/10\/Diseno-sin-titulo-80-300x200.png 300w, https:\/\/riodoce.mx\/wp-content\/uploads\/2024\/10\/Diseno-sin-titulo-80-768x512.png 768w, https:\/\/riodoce.mx\/wp-content\/uploads\/2024\/10\/Diseno-sin-titulo-80-600x400.png 600w\" alt=\"\" width=\"800\" height=\"533\" data-id=\"523829\" \/><\/figure>\n<\/figure>\n<p>\u201cHay una impotencia bastante grande al momento de decir yo quiero salir a buscar a mi hijo, de quiero buscar a mi hijo. Si durante 4 a\u00f1os no pare y vienes y te topas con esto (con la violencia). No hay b\u00fasquedas, no est\u00e1n buscando a las personas desaparecidas\u201d, declar\u00f3 Pulido Chavira.<\/p>\n<p>Los colectivos de b\u00fasqueda reprocharon que las autoridades no les brindaron seguridad durante su trayecto sobre la avenida \u00c1lvaro Obreg\u00f3n.<\/p>\n<p>\u201cD\u00f3nde esta tu apoyo gobernador. En el estadio ten\u00edan hasta blindadas. Estas dejando a las victimas solas\u2026est\u00e1n dejando solas pr\u00e1cticamente\u201d, se\u00f1al\u00f3 Pulido Chavira.<\/p>\n<p>La falta de seguridad y tr\u00e1nsito detuvo el camino de los colectivos por momentos y ocasion\u00f3 congestionamiento vial sobre la avenida \u00c1lvaro Obreg\u00f3n, hasta que polic\u00edas municipales intervinieron sobre el boulevard Francisco I. Madero.<\/p>\n<p>Tambi\u00e9n denunciaron que se le pidi\u00f3 apoyo a la Comisi\u00f3n Estatal de B\u00fasqueda de Personas para el traslado de familiares de personas desaparecidas de otros municipios para que se unieran a la marcha; sin embargo se las negaron.<\/p>\n<p>https:\/\/riodoce.mx\/2024\/10\/16\/marchan-familiares-y-colectivos-para-exigir-la-busqueda-de-sus-desaparecidos-en-culiacan\/<\/p>\n<\/div>\n<\/div>\n","protected":false},"excerpt":{"rendered":"<p>RioDoce\/Jos\u00e9 Almaguer Familiares de personas desaparecidas, y colectivos de b\u00fasqueda marcharon este mi\u00e9rcoles, en Culiac\u00e1n, para reclamar que la Fiscal\u00eda General del Estado realice acciones de b\u00fasqueda y exigir un &hellip; <a href=\"https:\/\/www.grieta.org.mx\/index.php\/2024\/10\/17\/marchan-familiares-y-colectivos-para-exigir-la-busqueda-de-sus-desaparecidos-en-culiacan\/\" class=\"more-link\">Leer m\u00e1s<\/a><\/p>\n","protected":false},"author":2,"featured_media":70203,"comment_status":"closed","ping_status":"closed","sticky":false,"template":"","format":"standard","meta":{"ngg_post_thumbnail":0,"_jetpack_newsletter_access":"","_jetpack_dont_email_post_to_subs":false,"_jetpack_newsletter_tier_id":0,"_jetpack_memberships_contains_paywalled_content":false,"_jetpack_memberships_contains_paid_content":false,"footnotes":""},"categories":[87,30,83],"tags":[3791,3024,2484,1668],"class_list":["post-70202","post","type-post","status-publish","format-standard","has-post-thumbnail","hentry","category-desaparecidos","category-sinaloa","category-temas-nacionales","tag-acciones-por-desaparecidos","tag-aumento-de-la-violencia","tag-buscadoras","tag-familiares-de-desaparecidos","entry"],"jetpack_featured_media_url":"https:\/\/www.grieta.org.mx\/wp-content\/uploads\/2024\/10\/Diseno-sin-titulo-78.png","jetpack_sharing_enabled":true,"jetpack_shortlink":"https:\/\/wp.me\/p7ZJR4-igi","jetpack_likes_enabled":false,"jetpack-related-posts":[{"id":71500,"url":"https:\/\/www.grieta.org.mx\/index.php\/2025\/03\/15\/colectivos-nayaritas-de-busqueda-se-unen-a-luto-nacional-por-las-victimas-de-teuchitlan-nayarit\/","url_meta":{"origin":70202,"position":0},"title":"Colectivos nayaritas de b\u00fasqueda se unen a luto nacional por las v\u00edctimas de Teuchitl\u00e1n (Nayarit)","author":"grieta","date":"15 marzo, 2025","format":false,"excerpt":"Imagen: Crys Ben\u00edtez \/ El Occidental Tepic, Nayarit (OEM-Informex).- Colectivos de familiares desaparecidos se reunieron este s\u00e1bado por la tarde frente a Palacio de Gobierno, para unirse al luto nacional por el rancho de reclutamiento y exterminio encontrado en Teuchitl\u00e1n, Jalisco. Las organizaciones de b\u00fasqueda, confirmaron que esta actividad es\u2026","rel":"","context":"En &quot;CINTILLO&quot;","block_context":{"text":"CINTILLO","link":"https:\/\/www.grieta.org.mx\/index.php\/category\/cintillo\/"},"img":{"alt_text":"","src":"https:\/\/i0.wp.com\/www.grieta.org.mx\/wp-content\/uploads\/2025\/03\/Colectivos-Nayarit.webp?resize=350%2C200&ssl=1","width":350,"height":200,"srcset":"https:\/\/i0.wp.com\/www.grieta.org.mx\/wp-content\/uploads\/2025\/03\/Colectivos-Nayarit.webp?resize=350%2C200&ssl=1 1x, https:\/\/i0.wp.com\/www.grieta.org.mx\/wp-content\/uploads\/2025\/03\/Colectivos-Nayarit.webp?resize=525%2C300&ssl=1 1.5x, https:\/\/i0.wp.com\/www.grieta.org.mx\/wp-content\/uploads\/2025\/03\/Colectivos-Nayarit.webp?resize=700%2C400&ssl=1 2x, https:\/\/i0.wp.com\/www.grieta.org.mx\/wp-content\/uploads\/2025\/03\/Colectivos-Nayarit.webp?resize=1050%2C600&ssl=1 3x"},"classes":[]},{"id":51093,"url":"https:\/\/www.grieta.org.mx\/index.php\/2020\/06\/18\/familiares-y-amigos-continuan-busqueda-de-desaparecidos-en-chapala-jalisco\/","url_meta":{"origin":70202,"position":1},"title":"Familiares y amigos contin\u00faan b\u00fasqueda de desaparecidos en Chapala (Jalisco)","author":"grieta","date":"18 junio, 2020","format":false,"excerpt":"Foto: Pablo Toledo Pablo Toledo \/ UDGTV Familiares y amigos de personas desaparecidas en el municipio de Chapala contin\u00faan en la b\u00fasqueda incansable de sus seres queridos.\u00a0En esta ocasi\u00f3n realizaron una rueda de prensa en el municipio ribere\u00f1o para dar a conocer que pese a ya haber encontrado a algunos\u2026","rel":"","context":"En &quot;CINTILLO&quot;","block_context":{"text":"CINTILLO","link":"https:\/\/www.grieta.org.mx\/index.php\/category\/cintillo\/"},"img":{"alt_text":"","src":"https:\/\/i0.wp.com\/www.grieta.org.mx\/wp-content\/uploads\/2020\/06\/Desaparecidos-Pablo-Toledo-1-696x394.jpeg?resize=350%2C200&ssl=1","width":350,"height":200,"srcset":"https:\/\/i0.wp.com\/www.grieta.org.mx\/wp-content\/uploads\/2020\/06\/Desaparecidos-Pablo-Toledo-1-696x394.jpeg?resize=350%2C200&ssl=1 1x, https:\/\/i0.wp.com\/www.grieta.org.mx\/wp-content\/uploads\/2020\/06\/Desaparecidos-Pablo-Toledo-1-696x394.jpeg?resize=525%2C300&ssl=1 1.5x"},"classes":[]},{"id":64654,"url":"https:\/\/www.grieta.org.mx\/index.php\/2022\/07\/28\/fiscalia-dejo-de-investigar-y-nos-revictimizan-colectivos-de-desaparecidos-jalisco\/","url_meta":{"origin":70202,"position":2},"title":"Fiscal\u00eda dej\u00f3 de investigar y nos revictimizan: colectivos de desaparecidos (Jalisco)","author":"grieta","date":"28 julio, 2022","format":false,"excerpt":"Imagen: Edgar Flores Edgar Flores \/ El Diario NTR \"Esto ya lleg\u00f3 al l\u00edmite. Ya no s\u00f3lo dejaron de buscar e investigar, tambi\u00e9n nos gritan y revictimizan\", \u00e9sos son los reclamos coincidentes de al menos una veintena de familiares de desaparecidos e integrantes de colectivos de b\u00fasqueda que esta ma\u00f1ana\u2026","rel":"","context":"En &quot;CINTILLO&quot;","block_context":{"text":"CINTILLO","link":"https:\/\/www.grieta.org.mx\/index.php\/category\/cintillo\/"},"img":{"alt_text":"","src":"https:\/\/i0.wp.com\/www.grieta.org.mx\/wp-content\/uploads\/2022\/07\/2022-07-28_10-07-35___4501.jpg?resize=350%2C200&ssl=1","width":350,"height":200,"srcset":"https:\/\/i0.wp.com\/www.grieta.org.mx\/wp-content\/uploads\/2022\/07\/2022-07-28_10-07-35___4501.jpg?resize=350%2C200&ssl=1 1x, https:\/\/i0.wp.com\/www.grieta.org.mx\/wp-content\/uploads\/2022\/07\/2022-07-28_10-07-35___4501.jpg?resize=525%2C300&ssl=1 1.5x, https:\/\/i0.wp.com\/www.grieta.org.mx\/wp-content\/uploads\/2022\/07\/2022-07-28_10-07-35___4501.jpg?resize=700%2C400&ssl=1 2x"},"classes":[]},{"id":68827,"url":"https:\/\/www.grieta.org.mx\/index.php\/2024\/04\/19\/familiares-de-desaparecidos-arrancan-jornada-nacional-de-busqueda-humanitaria\/","url_meta":{"origin":70202,"position":3},"title":"Familiares de desaparecidos arrancan \u2018Jornada Nacional de B\u00fasqueda Humanitaria\u2019","author":"grieta","date":"19 abril, 2024","format":false,"excerpt":"Grace Fern\u00e1ndez, directora de vinculaci\u00f3n del 'Colectivo B\u00fascame', habl\u00f3 de la \u2018Jornada Nacional de B\u00fasqueda Humanitaria\u2019. Por Pamela Cerdeira, MVS Noticias. 18\/4\/2024 En entrevista con Pamela Cerdeira, para MVS Noticias, Grace Fern\u00e1ndez, directora de vinculaci\u00f3n del 'Colectivo B\u00fascame', habl\u00f3 de los familiares de desaparecidos que inician la \u2018Jornada Nacional de\u2026","rel":"","context":"En &quot;CINTILLO&quot;","block_context":{"text":"CINTILLO","link":"https:\/\/www.grieta.org.mx\/index.php\/category\/cintillo\/"},"img":{"alt_text":"","src":"https:\/\/i0.wp.com\/www.grieta.org.mx\/wp-content\/uploads\/2024\/04\/f960x540-615257_689332_5050.jpg?resize=350%2C200&ssl=1","width":350,"height":200,"srcset":"https:\/\/i0.wp.com\/www.grieta.org.mx\/wp-content\/uploads\/2024\/04\/f960x540-615257_689332_5050.jpg?resize=350%2C200&ssl=1 1x, https:\/\/i0.wp.com\/www.grieta.org.mx\/wp-content\/uploads\/2024\/04\/f960x540-615257_689332_5050.jpg?resize=525%2C300&ssl=1 1.5x, https:\/\/i0.wp.com\/www.grieta.org.mx\/wp-content\/uploads\/2024\/04\/f960x540-615257_689332_5050.jpg?resize=700%2C400&ssl=1 2x"},"classes":[]},{"id":70023,"url":"https:\/\/www.grieta.org.mx\/index.php\/2024\/09\/26\/madres-buscadoras-despliegan-lona-gigante-con-rostros-de-desaparecidos-en-tondoroque-nayarit\/","url_meta":{"origin":70202,"position":4},"title":"Madres buscadoras despliegan lona gigante con rostros de desaparecidos en Tondoroque (Nayarit)","author":"grieta","date":"26 septiembre, 2024","format":false,"excerpt":"Imagen: Tribuna de la Bah\u00eda Las madres buscadoras claman que sus hijos y familiares no sean olvidados, colgando una lona de 12 metros en el puente peatonal de Tondoroque Isrrael L\u00f3pez \/ Tribuna de la Bah\u00eda Como un acto de visibilizaci\u00f3n, familiares que buscan a sus desaparecidos en Bah\u00eda de\u2026","rel":"","context":"En &quot;CINTILLO&quot;","block_context":{"text":"CINTILLO","link":"https:\/\/www.grieta.org.mx\/index.php\/category\/cintillo\/"},"img":{"alt_text":"","src":"https:\/\/i0.wp.com\/www.grieta.org.mx\/wp-content\/uploads\/2024\/10\/desaparecidos-3-1024x695-1.jpg?resize=350%2C200&ssl=1","width":350,"height":200,"srcset":"https:\/\/i0.wp.com\/www.grieta.org.mx\/wp-content\/uploads\/2024\/10\/desaparecidos-3-1024x695-1.jpg?resize=350%2C200&ssl=1 1x, https:\/\/i0.wp.com\/www.grieta.org.mx\/wp-content\/uploads\/2024\/10\/desaparecidos-3-1024x695-1.jpg?resize=525%2C300&ssl=1 1.5x, https:\/\/i0.wp.com\/www.grieta.org.mx\/wp-content\/uploads\/2024\/10\/desaparecidos-3-1024x695-1.jpg?resize=700%2C400&ssl=1 2x"},"classes":[]},{"id":60398,"url":"https:\/\/www.grieta.org.mx\/index.php\/2021\/07\/06\/familias-de-colima-recorren-jalisco-buscando-a-sus-desaparecidos\/","url_meta":{"origin":70202,"position":5},"title":"Familias de Colima recorren Jalisco buscando a sus desaparecidos","author":"grieta","date":"6 julio, 2021","format":false,"excerpt":"Foto:\u00a0 Diario Avanzada Heidi de Le\u00f3n Guti\u00e9rrez \/ Diario Avanzada Colima, M\u00e9xico, Avanzada (06\/07\/2021).- Integrantes de la Red de Personas Desaparecidas en Colima se encuentran en Jalisco para buscar a sus familiares \u00a0en hospitales, albergues,\u00a0 centros penitenciarios \u00a0y en distintos puntos de esa entidad como parte de la Jornada Nacional\u2026","rel":"","context":"En &quot;CINTILLO&quot;","block_context":{"text":"CINTILLO","link":"https:\/\/www.grieta.org.mx\/index.php\/category\/cintillo\/"},"img":{"alt_text":"","src":"https:\/\/i0.wp.com\/www.grieta.org.mx\/wp-content\/uploads\/2021\/07\/Des.png?resize=350%2C200&ssl=1","width":350,"height":200},"classes":[]}],"_links":{"self":[{"href":"https:\/\/www.grieta.org.mx\/index.php\/wp-json\/wp\/v2\/posts\/70202","targetHints":{"allow":["GET"]}}],"collection":[{"href":"https:\/\/www.grieta.org.mx\/index.php\/wp-json\/wp\/v2\/posts"}],"about":[{"href":"https:\/\/www.grieta.org.mx\/index.php\/wp-json\/wp\/v2\/types\/post"}],"author":[{"embeddable":true,"href":"https:\/\/www.grieta.org.mx\/index.php\/wp-json\/wp\/v2\/users\/2"}],"replies":[{"embeddable":true,"href":"https:\/\/www.grieta.org.mx\/index.php\/wp-json\/wp\/v2\/comments?post=70202"}],"version-history":[{"count":1,"href":"https:\/\/www.grieta.org.mx\/index.php\/wp-json\/wp\/v2\/posts\/70202\/revisions"}],"predecessor-version":[{"id":70204,"href":"https:\/\/www.grieta.org.mx\/index.php\/wp-json\/wp\/v2\/posts\/70202\/revisions\/70204"}],"wp:featuredmedia":[{"embeddable":true,"href":"https:\/\/www.grieta.org.mx\/index.php\/wp-json\/wp\/v2\/media\/70203"}],"wp:attachment":[{"href":"https:\/\/www.grieta.org.mx\/index.php\/wp-json\/wp\/v2\/media?parent=70202"}],"wp:term":[{"taxonomy":"category","embeddable":true,"href":"https:\/\/www.grieta.org.mx\/index.php\/wp-json\/wp\/v2\/categories?post=70202"},{"taxonomy":"post_tag","embeddable":true,"href":"https:\/\/www.grieta.org.mx\/index.php\/wp-json\/wp\/v2\/tags?post=70202"}],"curies":[{"name":"wp","href":"https:\/\/api.w.org\/{rel}","templated":true}]}}