{"id":70179,"date":"2024-10-16T21:46:10","date_gmt":"2024-10-17T03:46:10","guid":{"rendered":"https:\/\/www.grieta.org.mx\/?p=70179"},"modified":"2024-11-11T18:25:43","modified_gmt":"2024-11-12T00:25:43","slug":"el-ezln-denuncia-agresiones-y-amenazas-contra-sus-bases-de-apoyo","status":"publish","type":"post","link":"https:\/\/www.grieta.org.mx\/index.php\/2024\/10\/16\/el-ezln-denuncia-agresiones-y-amenazas-contra-sus-bases-de-apoyo\/","title":{"rendered":"El EZLN denuncia agresiones y amenazas contra sus bases de apoyo"},"content":{"rendered":"<p><strong>COMUNICADO DEL COMIT\u00c9 CLANDESTINO REVOLUCIONARIO IND\u00cdGENA-COMANDANCIA GENERAL DEL EJ\u00c9RCITO ZAPATISTA DE LIBERACI\u00d3N NACIONAL.<\/strong><\/p>\n<p><strong>M\u00c9XICO.<\/strong><\/p>\n<p>16 DE OCTUBRE DEL 2024.<\/p>\n<p>A LA SEXTA NACIONAL E INTERNACIONAL:<\/p>\n<p>A QUIENES FIRMARON LA DECLARACI\u00d3N POR LA VIDA:<\/p>\n<p>COMPAS:<\/p>\n<p>DESDE HACE UNAS SEMANAS, POBLADORES DE PALESTINA HAN AMENAZADO A MUJERES, ANCIANOS, NI\u00d1OS Y HOMBRES DEL POBLADO ZAPATISTA \u201c6 DE OCTUBRE\u201d, PARTE DEL CARACOL DE JERUSAL\u00c9N, CON DESALOJARLOS DE LAS TIERRAS QUE OCUPAN Y TRABAJAN, EN FORMA PAC\u00cdFICA, DESDE HACE M\u00c1S DE 30 A\u00d1OS.<\/p>\n<p>HASTA ANTES DE ESTE \u201cCAMBIO\u201d DE GOBIERNO, EL POBLADO \u201c6 DE OCTUBRE\u201d HAB\u00cdA CONVIVIDO EN PAZ Y ARMON\u00cdA CON LAS POBLACIONES DE LOS ALREDEDORES, SIN QUE HUBIERA ROCES O PROBLEMAS.<\/p>\n<p>DESDE EL PRINCIPIO DE ESTE PROBLEMA, EL GOBIERNO AUT\u00d3NOMO LOCAL (GAL) DE \u201c6 DE OCTUBRE\u201d Y LA ASAMBLEA DE COLECTIVOS DE GOBIERNOS AUT\u00d3NOMOS ZAPATISTAS (ACEGAZ) DEL CARACOL JERUSAL\u00c9N, HAN INSISTIDO EN EL DI\u00c1LOGO Y EL ACUERDO CON LAS AUTORIDADES COMUNALES DE PALESTINA, PERO HA SIDO EN VANO.\u00a0 ESAS AUTORIDADES DE PALESTINA SE\u00d1ALAN QUE CUENTAN CON EL RESPALDO DE LAS AUTORIDADES MUNICIPALES DE OCOSINGO Y DEL GOBIERNO DEL ESTADO DE CHIAPAS (PVEM Y MORENA RESPECTIVAMENTE), Y QUE TIENEN INDICACIONES DE DICHOS MALOS GOBIERNOS PARA OTORGAR A LOS AGRESORES LOS PAPELES QUE ACREDITEN SU PROPIEDAD SOBRE LAS TIERRAS DESPOJADAS.<\/p>\n<p>MISMOS POBLADORES DE PALESTINA SE\u00d1ALAN QUE HAY PRESIONES DEL LLAMADO CRIMEN ORGANIZADO PARA QUE SEAN DESALOJADOS NUESTRAS COMPA\u00d1ERAS Y COMPA\u00d1EROS, Y QUE HAY ACUERDO DEL CRIMEN ORGANIZADO CON LOS DISTINTOS NIVELES DE GOBIERNO PARA DAR CAR\u00c1CTER \u201cLEGAL\u201d A ESTE DESPOJO.<\/p>\n<p>LAS AMENAZAS HAN IDO SUBIENDO DE TONO HASTA INCLUIR LA PRESENCIA DE PERSONAS DE PALESTINA CON ARMAS LARGAS DE ALTO PODER, AMENAZAS DE VIOLACI\u00d3N A MUJERES, QUEMA DE CASAS Y ROBO DE PERTENENCIAS, COSECHAS Y ANIMALES.<\/p>\n<p>LAS PROVOCACIONES NO CESAN.\u00a0 EL CARACOL DE JERUSAL\u00c9N ERA DE UNA DE LAS SEDES CONTEMPLADAS PARA LA CELEBRACI\u00d3N DE LOS ENCUENTROS DE RESISTENCIA Y REBELD\u00cdA 2024-2025.<\/p>\n<p>COMO DEBEMOS ESTAR PENDIENTES DEL DETERIORO DE ESTA GRAVE SITUACI\u00d3N, SUSPENDEREMOS TODA COMUNICACI\u00d3N E INFORMACI\u00d3N SOBRE DICHOS ENCUENTROS Y CONTEMPLAREMOS LA CANCELACI\u00d3N DE ELLOS DEBIDO A QUE NO HABR\u00cdA SEGURIDAD PARA LOS ASISTENTES EN NING\u00daN LUGAR DE CHIAPAS.<\/p>\n<p>\u00c9STA ES LA REALIDAD DE LA \u201cCONTINUIDAD CON CAMBIO\u201d EN LOS MALOS GOBIERNOS.<\/p>\n<p>ES TODO.<\/p>\n<p>Por el Comit\u00e9 Clandestino Revolucionario Ind\u00edgena-Comandancia General del<\/p>\n<p>Ej\u00e9rcito Zapatista de Liberaci\u00f3n Nacional.<\/p>\n<p>Subcomandante Insurgente Mois\u00e9s.<\/p>\n<p>M\u00e9xico, octubre del 2024.<\/p>\n","protected":false},"excerpt":{"rendered":"<p>COMUNICADO DEL COMIT\u00c9 CLANDESTINO REVOLUCIONARIO IND\u00cdGENA-COMANDANCIA GENERAL DEL EJ\u00c9RCITO ZAPATISTA DE LIBERACI\u00d3N NACIONAL. M\u00c9XICO. 16 DE OCTUBRE DEL 2024. A LA SEXTA NACIONAL E INTERNACIONAL: A QUIENES FIRMARON LA DECLARACI\u00d3N &hellip; <a href=\"https:\/\/www.grieta.org.mx\/index.php\/2024\/10\/16\/el-ezln-denuncia-agresiones-y-amenazas-contra-sus-bases-de-apoyo\/\" class=\"more-link\">Leer m\u00e1s<\/a><\/p>\n","protected":false},"author":2,"featured_media":67370,"comment_status":"closed","ping_status":"closed","sticky":false,"template":"","format":"standard","meta":{"ngg_post_thumbnail":0,"_jetpack_newsletter_access":"","_jetpack_dont_email_post_to_subs":false,"_jetpack_newsletter_tier_id":0,"_jetpack_memberships_contains_paywalled_content":false,"_jetpack_memberships_contains_paid_content":false,"footnotes":""},"categories":[3674,80,74,907,2,78],"tags":[2839,466],"class_list":["post-70179","post","type-post","status-publish","format-standard","has-post-thumbnail","hentry","category-contra-la-guerra-al-ezln","category-cintillo","category-ezln","category-ezln-2","category-noticias-nacionales","category-palabras-del-ezln","tag-comunicados-ezln","tag-ezln","entry"],"jetpack_featured_media_url":"https:\/\/www.grieta.org.mx\/wp-content\/uploads\/2023\/08\/Estrella-Roja.jpg","jetpack_sharing_enabled":true,"jetpack_shortlink":"https:\/\/wp.me\/p7ZJR4-ifV","jetpack_likes_enabled":false,"jetpack-related-posts":[{"id":70176,"url":"https:\/\/www.grieta.org.mx\/index.php\/2024\/10\/16\/denunciamos-el-riesgo-a-la-vida-seguridad-e-integridad-personal-de-los-habitantes-bases-de-apoyo-del-ezln-de-la-comunidad-6-de-octubre-cgaz-de-nuevo-jerusalen\/","url_meta":{"origin":70179,"position":0},"title":"Denunciamos el riesgo a la vida, seguridad e integridad personal de los habitantes Bases de Apoyo del EZLN de la comunidad 6 de Octubre, CGAZ de Nuevo Jerusal\u00e9n","author":"grieta","date":"16 octubre, 2024","format":false,"excerpt":"San Crist\u00f3bal de Las Casas, Chiapas, M\u00e9xico 16 de octubre de 2024 Acci\u00f3n Urgente No. 3 Denunciamos el riesgo a la vida, seguridad e integridad personal de los habitantes Bases de Apoyo del EZLN de la comunidad 6 de Octubre, CGAZ de Nuevo Jerusal\u00e9n El asedio a la autonom\u00eda zapatista\u2026","rel":"","context":"En &quot;Alto a la Guerra contra los pueblos zapatistas&quot;","block_context":{"text":"Alto a la Guerra contra los pueblos zapatistas","link":"https:\/\/www.grieta.org.mx\/index.php\/category\/redes-de-resistencia-y-rebeldia\/contra-la-guerra-al-ezln\/"},"img":{"alt_text":"","src":"https:\/\/i0.wp.com\/www.grieta.org.mx\/wp-content\/uploads\/2024\/10\/6deoctubreweb.jpg?resize=350%2C200&ssl=1","width":350,"height":200,"srcset":"https:\/\/i0.wp.com\/www.grieta.org.mx\/wp-content\/uploads\/2024\/10\/6deoctubreweb.jpg?resize=350%2C200&ssl=1 1x, https:\/\/i0.wp.com\/www.grieta.org.mx\/wp-content\/uploads\/2024\/10\/6deoctubreweb.jpg?resize=525%2C300&ssl=1 1.5x, https:\/\/i0.wp.com\/www.grieta.org.mx\/wp-content\/uploads\/2024\/10\/6deoctubreweb.jpg?resize=700%2C400&ssl=1 2x"},"classes":[]},{"id":70981,"url":"https:\/\/www.grieta.org.mx\/index.php\/2025\/02\/16\/alto-a-los-ataques-contra-la-ucizoni-pronunciamiento-del-congreso-nacional-indigena-y-el-ezln-en-apoyo-a-quienes-resisten-en-el-istmo\/","url_meta":{"origin":70179,"position":1},"title":"ALTO A LOS ATAQUES CONTRA LA UCIZONI. PRONUNCIAMIENTO DEL CONGRESO NACIONAL IND\u00cdGENA Y EL EZLN EN APOYO A QUIENES RESISTEN EN EL ISTMO","author":"grieta","date":"16 febrero, 2025","format":false,"excerpt":"ALTO A LOS ATAQUES CONTRA LA UCIZONI PRONUNCIAMIENTO DEL CONGRESO NACIONAL IND\u00cdGENA Y EL EZLN EN APOYO A QUIENES RESISTEN EN EL ISTMO. A los pueblos ind\u00edgenas de M\u00e9xico y del mundo A las organizaciones en resistencia A la sociedad civil nacional e internacional Hermanas y hermanos: Desde el Congreso\u2026","rel":"","context":"En &quot;CINTILLO&quot;","block_context":{"text":"CINTILLO","link":"https:\/\/www.grieta.org.mx\/index.php\/category\/cintillo\/"},"img":{"alt_text":"","src":"https:\/\/i0.wp.com\/www.grieta.org.mx\/wp-content\/uploads\/2025\/02\/ucizoni.png?resize=350%2C200&ssl=1","width":350,"height":200,"srcset":"https:\/\/i0.wp.com\/www.grieta.org.mx\/wp-content\/uploads\/2025\/02\/ucizoni.png?resize=350%2C200&ssl=1 1x, https:\/\/i0.wp.com\/www.grieta.org.mx\/wp-content\/uploads\/2025\/02\/ucizoni.png?resize=525%2C300&ssl=1 1.5x, https:\/\/i0.wp.com\/www.grieta.org.mx\/wp-content\/uploads\/2025\/02\/ucizoni.png?resize=700%2C400&ssl=1 2x"},"classes":[]},{"id":54121,"url":"https:\/\/www.grieta.org.mx\/index.php\/2020\/10\/12\/jornada-nacional-de-movilizacion-en-defensa-de-la-madre-tierra-contra-la-guerra-al-ezln-los-pueblos-y-comunidades-indigenas-en-oaxaca\/","url_meta":{"origin":70179,"position":2},"title":"Jornada Nacional de Movilizaci\u00f3n en Defensa de la Madre Tierra, contra la guerra al EZLN, los pueblos y comunidades Ind\u00edgenas en Oaxaca","author":"grieta","date":"12 octubre, 2020","format":false,"excerpt":"Radio Zapatista \/ Informaci\u00f3n CNI Mat\u00edas Romero, Oaxaca 12 de octubre 2020 En el marco de la Jornada Nacional de Movilizaci\u00f3n en Defensa de la Madre Tierra, contra la guerra al EZLN, los pueblos y comunidades Ind\u00edgenas. Mitin UCIZONI RESISTENCIA CIVIL DEL ISTMO en Estaci\u00f3n Ferrocarril de Mat\u00edas Romero Oaxaca\u2026","rel":"","context":"En &quot;CINTILLO&quot;","block_context":{"text":"CINTILLO","link":"https:\/\/www.grieta.org.mx\/index.php\/category\/cintillo\/"},"img":{"alt_text":"","src":"https:\/\/i0.wp.com\/www.grieta.org.mx\/wp-content\/uploads\/2020\/10\/r.jpg?resize=350%2C200&ssl=1","width":350,"height":200,"srcset":"https:\/\/i0.wp.com\/www.grieta.org.mx\/wp-content\/uploads\/2020\/10\/r.jpg?resize=350%2C200&ssl=1 1x, https:\/\/i0.wp.com\/www.grieta.org.mx\/wp-content\/uploads\/2020\/10\/r.jpg?resize=525%2C300&ssl=1 1.5x"},"classes":[]},{"id":71220,"url":"https:\/\/www.grieta.org.mx\/index.php\/2025\/03\/06\/rebel-y-revel-arte-convocatoria-zapatista-al-encuentro-de-arte-rebeldia-y-resistencia-hacia-el-dia-despues\/","url_meta":{"origin":70179,"position":3},"title":"(REBEL Y REVEL) ARTE: CONVOCATORIA ZAPATISTA AL ENCUENTRO DE ARTE, REBELD\u00cdA Y RESISTENCIA HACIA EL D\u00cdA DESPU\u00c9S","author":"grieta","date":"6 marzo, 2025","format":false,"excerpt":"CONVOCATORIA ZAPATISTA AL ENCUENTRO DE ARTE, REBELD\u00cdA Y RESISTENCIA HACIA EL D\u00cdA DESPU\u00c9S. Marzo del 2025. Las Asambleas de Colectivos de Gobiernos Aut\u00f3nomos Zapatistas (ACEGAZ), las comunidades zapatistas y el EZLN convocan a artistas de Teatro, Danza, Gr\u00e1fica, M\u00fasica, Escultura y Literatura de M\u00e9xico y el Mundo al encuentro con\u2026","rel":"","context":"En &quot;CINTILLO&quot;","block_context":{"text":"CINTILLO","link":"https:\/\/www.grieta.org.mx\/index.php\/category\/cintillo\/"},"img":{"alt_text":"","src":"https:\/\/i0.wp.com\/www.grieta.org.mx\/wp-content\/uploads\/2025\/03\/convoc.png?resize=350%2C200&ssl=1","width":350,"height":200,"srcset":"https:\/\/i0.wp.com\/www.grieta.org.mx\/wp-content\/uploads\/2025\/03\/convoc.png?resize=350%2C200&ssl=1 1x, https:\/\/i0.wp.com\/www.grieta.org.mx\/wp-content\/uploads\/2025\/03\/convoc.png?resize=525%2C300&ssl=1 1.5x, https:\/\/i0.wp.com\/www.grieta.org.mx\/wp-content\/uploads\/2025\/03\/convoc.png?resize=700%2C400&ssl=1 2x"},"classes":[]},{"id":27703,"url":"https:\/\/www.grieta.org.mx\/index.php\/2018\/11\/24\/comunicado-del-cni-cig-y-ezln-al-pueblo-mapuche\/","url_meta":{"origin":70179,"position":4},"title":"Comunicado [conjunto del CNI, CIG y EZLN] al pueblo Mapuche","author":"grieta","date":"24 noviembre, 2018","format":false,"excerpt":"Comunicado: Al pueblo mapuche Al pueblo chileno A los pueblos originarios de Am\u00e9rica A la Sexta Internacional Hermanos y hermanas del digno pueblo mapuche, Los pueblos, naciones, tribus y barrios que conformamos el Congreso Nacional Ind\u00edgena, el Concejo Ind\u00edgena de Gobierno y el EZLN abrazamos solidariamente la familia del compa\u00f1ero\u2026","rel":"","context":"En &quot;CINTILLO&quot;","block_context":{"text":"CINTILLO","link":"https:\/\/www.grieta.org.mx\/index.php\/category\/cintillo\/"},"img":{"alt_text":"","src":"","width":0,"height":0},"classes":[]},{"id":24778,"url":"https:\/\/www.grieta.org.mx\/index.php\/2018\/07\/17\/desmiente-el-ejercito-zapatista-de-liberacion-nacional-contacto-alguno-con-amlo-comunicado-del-ccri-cg-del-ezln\/","url_meta":{"origin":70179,"position":5},"title":"Desmiente el Ej\u00e9rcito Zapatista de Liberaci\u00f3n Nacional contacto alguno con AMLO. Comunicado del CCRI-CG del EZLN","author":"grieta","date":"17 julio, 2018","format":false,"excerpt":"EJ\u00c9RCITO ZAPATISTA DE LIBERACI\u00d3N NACIONAL. M\u00c9XICO. AL PUEBLO DE M\u00c9XICO: A LOS PUEBLOS Y GOBIERNOS DEL MUNDO: A LOS MEDIOS LIBRES, ALTERNATIVOS, AUT\u00d3NOMOS O COMO SE LLAMEN: A LA SEXTA NACIONAL E INTERNACIONAL: AL CONGRESO NACIONAL IND\u00cdGENA Y AL CONCEJO IND\u00cdGENA DE GOBIERNO: A LA PRENSA NACIONAL E INTERNACIONAL: 17\u2026","rel":"","context":"En &quot;CINTILLO&quot;","block_context":{"text":"CINTILLO","link":"https:\/\/www.grieta.org.mx\/index.php\/category\/cintillo\/"},"img":{"alt_text":"","src":"https:\/\/i0.wp.com\/www.grieta.org.mx\/wp-content\/uploads\/2018\/03\/14524434_1106112876131411_958039263622046936_o.jpg?resize=350%2C200&ssl=1","width":350,"height":200,"srcset":"https:\/\/i0.wp.com\/www.grieta.org.mx\/wp-content\/uploads\/2018\/03\/14524434_1106112876131411_958039263622046936_o.jpg?resize=350%2C200&ssl=1 1x, https:\/\/i0.wp.com\/www.grieta.org.mx\/wp-content\/uploads\/2018\/03\/14524434_1106112876131411_958039263622046936_o.jpg?resize=525%2C300&ssl=1 1.5x, https:\/\/i0.wp.com\/www.grieta.org.mx\/wp-content\/uploads\/2018\/03\/14524434_1106112876131411_958039263622046936_o.jpg?resize=700%2C400&ssl=1 2x"},"classes":[]}],"_links":{"self":[{"href":"https:\/\/www.grieta.org.mx\/index.php\/wp-json\/wp\/v2\/posts\/70179","targetHints":{"allow":["GET"]}}],"collection":[{"href":"https:\/\/www.grieta.org.mx\/index.php\/wp-json\/wp\/v2\/posts"}],"about":[{"href":"https:\/\/www.grieta.org.mx\/index.php\/wp-json\/wp\/v2\/types\/post"}],"author":[{"embeddable":true,"href":"https:\/\/www.grieta.org.mx\/index.php\/wp-json\/wp\/v2\/users\/2"}],"replies":[{"embeddable":true,"href":"https:\/\/www.grieta.org.mx\/index.php\/wp-json\/wp\/v2\/comments?post=70179"}],"version-history":[{"count":1,"href":"https:\/\/www.grieta.org.mx\/index.php\/wp-json\/wp\/v2\/posts\/70179\/revisions"}],"predecessor-version":[{"id":70180,"href":"https:\/\/www.grieta.org.mx\/index.php\/wp-json\/wp\/v2\/posts\/70179\/revisions\/70180"}],"wp:featuredmedia":[{"embeddable":true,"href":"https:\/\/www.grieta.org.mx\/index.php\/wp-json\/wp\/v2\/media\/67370"}],"wp:attachment":[{"href":"https:\/\/www.grieta.org.mx\/index.php\/wp-json\/wp\/v2\/media?parent=70179"}],"wp:term":[{"taxonomy":"category","embeddable":true,"href":"https:\/\/www.grieta.org.mx\/index.php\/wp-json\/wp\/v2\/categories?post=70179"},{"taxonomy":"post_tag","embeddable":true,"href":"https:\/\/www.grieta.org.mx\/index.php\/wp-json\/wp\/v2\/tags?post=70179"}],"curies":[{"name":"wp","href":"https:\/\/api.w.org\/{rel}","templated":true}]}}