{"id":70128,"date":"2024-10-13T21:52:00","date_gmt":"2024-10-14T03:52:00","guid":{"rendered":"https:\/\/www.grieta.org.mx\/?p=70128"},"modified":"2024-10-14T22:01:36","modified_gmt":"2024-10-15T04:01:36","slug":"policias-de-morelia-disparan-contra-normalistas-en-respuesta-estudiantes-incendian-patrulla-michoacan","status":"publish","type":"post","link":"https:\/\/www.grieta.org.mx\/index.php\/2024\/10\/13\/policias-de-morelia-disparan-contra-normalistas-en-respuesta-estudiantes-incendian-patrulla-michoacan\/","title":{"rendered":"Polic\u00edas de Morelia disparan contra normalistas; en respuesta estudiantes incendian patrulla (Michoac\u00e1n)"},"content":{"rendered":"<p><strong>Un grupo de normalistas se apoder\u00f3 de una patrulla de la corporaci\u00f3n policiaca y la incendi\u00f3 junto con un veh\u00edculo particular, para enseguida bloquear la carretera en protesta por el ataque armado y con la exigencia de la liberaci\u00f3n de los estudiantes.<\/strong><\/p>\n<p>Proceso<br \/>\nPor Pedro Zamora Brise\u00f1o<br \/>\ndomingo, 13 de octubre de 2024 <\/p>\n<p>MORELIA, Mich. (apro).- Un estudiante de la Escuela Normal Rural Vasco de Quiroga, de Tiripet\u00edo, result\u00f3 herido de bala luego de que elementos de la Polic\u00eda Municipal de esta capital dispararon contra \u00e9l y uno de sus compa\u00f1eros, durante una persecuci\u00f3n en la que ambos fueron detenidos, la madrugada de este domingo sobre la carretera Morelia-P\u00e1tzcuaro.<\/p>\n<p>Seg\u00fan reportes extraoficiales, en respuesta al suceso un grupo de normalistas se apoder\u00f3 de una patrulla de la corporaci\u00f3n policiaca y la incendi\u00f3 junto con un veh\u00edculo particular, para enseguida bloquear la carretera en protesta por el ataque armado y con la exigencia de la liberaci\u00f3n de los estudiantes.<\/p>\n<p>Mediante un comunicado, la Fiscal\u00eda General del Estado (FGE) anunci\u00f3 el inicio de una carpeta de investigaci\u00f3n por los hechos, aunque no inform\u00f3 la calidad de estudiantes de los detenidos ni su instituci\u00f3n de procedencia.<\/p>\n<p>La Fiscal\u00eda cit\u00f3 el Informe Policial Homologado (IPH) de la Polic\u00eda Morelia, seg\u00fan el cual elementos de esa corporaci\u00f3n \u201cvisualizaron sobre Perif\u00e9rico Paseo de la Rep\u00fablica una camioneta Ford F150, de una empresa de agroqu\u00edmicos que ten\u00eda reporte de robo (en la que presuntamente viajaban los dos estudiantes detenidos posteriormente), por lo que se inici\u00f3 una persecuci\u00f3n sobre la carretera a P\u00e1tzcuaro, registr\u00e1ndose detonaciones de disparo de arma de fuego\u201d. <\/p>\n<p>De acuerdo con el documento, \u201ca la altura de Huiramba, los elementos de la Polic\u00eda Municipal lograron la detenci\u00f3n de Jos\u00e9 Alberto \u2018N\u2019 de 27 a\u00f1os, as\u00ed como de \u00c1ngel Jaziel \u2018N\u2019, de 18, quien fue lesionado por proyectil de arma  de fuego, por lo que fue auxiliado por param\u00e9dicos y trasladado a un nosocomio para su atenci\u00f3n, en tanto que el primero fue trasladado a la instalaciones de la FGE y puesto a disposici\u00f3n del Ministerio P\u00fablico\u201d. <\/p>\n<p>La Fiscal\u00eda refiri\u00f3 que \u201cal lugar de la detenci\u00f3n lleg\u00f3 un grupo de personas que descendieron de dos autobuses y lanzaron piedras y cohetones\u201d, por lo que \u201clos agentes se vieron imposibilitados de retirar la unidad de la empresa de agroqu\u00edmicos, as\u00ed como de su veh\u00edculo oficial que fue averiado tras ser impactado en la persecuci\u00f3n; minutos despu\u00e9s se report\u00f3 el incendio de ambos veh\u00edculos\u201d.<\/p>\n<p>Con el apoyo de un equipo de las diversas disciplinas en materia pericial, indic\u00f3 la FGE, se continuar\u00e1n los actos de investigaci\u00f3n para esclarecer los hechos y resolver la situaci\u00f3n jur\u00eddica de las personas puestas a disposici\u00f3n.<\/p>\n<p><strong>Apoyo a detenidos<\/strong><\/p>\n<p>Despu\u00e9s de los hechos, el Frente Nacional de Lucha por el Socialismo (FNLS) manifest\u00f3 su apoyo a los normalistas detenidos y demand\u00f3 su liberaci\u00f3n inmediata.<\/p>\n<p>A trav\u00e9s de su perfil en la red social Facebook, la organizaci\u00f3n expres\u00f3:<\/p>\n<p>&#8220;Condenamos la represi\u00f3n a trav\u00e9s de agresi\u00f3n armada de parte de la Polic\u00eda Municipal de Morelia contra los estudiantes normalistas de la ENRVQ de Tiripet\u00edo. Demandamos la libertad inmediata e incondicional de los detenidos. Desde nuestras trincheras de luchas llamamos a la solidaridad&#8221;.<br \/>\n<a href=\"https:\/\/www.proceso.com.mx\/nacional\/estados\/2024\/10\/13\/policias-de-morelia-disparan-contra-normalistas-en-respuesta-estudiantes-incendian-patrulla-video-338474.html\"> https:\/\/www.proceso.com.mx\/nacional\/estados\/2024\/10\/13\/policias-de-morelia-disparan-contra-normalistas-en-respuesta-estudiantes-incendian-patrulla-video-338474.html<\/a><\/p>\n","protected":false},"excerpt":{"rendered":"<p>Un grupo de normalistas se apoder\u00f3 de una patrulla de la corporaci\u00f3n policiaca y la incendi\u00f3 junto con un veh\u00edculo particular, para enseguida bloquear la carretera en protesta por el &hellip; <a href=\"https:\/\/www.grieta.org.mx\/index.php\/2024\/10\/13\/policias-de-morelia-disparan-contra-normalistas-en-respuesta-estudiantes-incendian-patrulla-michoacan\/\" class=\"more-link\">Leer m\u00e1s<\/a><\/p>\n","protected":false},"author":2,"featured_media":70129,"comment_status":"closed","ping_status":"closed","sticky":false,"template":"","format":"standard","meta":{"ngg_post_thumbnail":0,"_jetpack_newsletter_access":"","_jetpack_dont_email_post_to_subs":false,"_jetpack_newsletter_tier_id":0,"_jetpack_memberships_contains_paywalled_content":false,"_jetpack_memberships_contains_paid_content":false,"footnotes":""},"categories":[80,987,21,2,3336],"tags":[4117,2953,1692,1565],"class_list":["post-70128","post","type-post","status-publish","format-standard","has-post-thumbnail","hentry","category-cintillo","category-conflictos-y-resistencia-de-las-escuelas-normales-rurales-de-michoacan","category-michoacan","category-noticias-nacionales","category-violencia-delas-fuerzas-represivas-en-michoacan","tag-normales-rurales","tag-protestas-de-estudiantes","tag-represion-a-estudiantes","tag-violencia-contra-estudiantes","entry"],"jetpack_featured_media_url":"https:\/\/www.grieta.org.mx\/wp-content\/uploads\/2024\/10\/f685x385-209347_247040_5050.webp","jetpack_sharing_enabled":true,"jetpack_shortlink":"https:\/\/wp.me\/p7ZJR4-if6","jetpack_likes_enabled":false,"jetpack-related-posts":[{"id":48607,"url":"https:\/\/www.grieta.org.mx\/index.php\/2020\/04\/28\/policias-le-disparan-a-estudiantes-normalistas-en-michoacan\/","url_meta":{"origin":70128,"position":0},"title":"Polic\u00edas le disparan a estudiantes normalistas en Michoac\u00e1n","author":"grieta","date":"28 abril, 2020","format":false,"excerpt":"Los normalistas viajaban a bordo de un autob\u00fas cuando fueron atacados por elementos policiacos INFO7, Michoac\u00e1n EFE - 28 de abril de 2020 Michoac\u00e1n.- Polic\u00edas del estado de Michoac\u00e1n dispararon a estudiantes normalistas, quienes viajaban en autob\u00fas de pasajeros que previamente hab\u00edan tomado, luego de que ignoraron un puesto de\u2026","rel":"","context":"En &quot;CINTILLO&quot;","block_context":{"text":"CINTILLO","link":"https:\/\/www.grieta.org.mx\/index.php\/category\/cintillo\/"},"img":{"alt_text":"","src":"https:\/\/i0.wp.com\/www.grieta.org.mx\/wp-content\/uploads\/2018\/03\/14524434_1106112876131411_958039263622046936_o.jpg?resize=350%2C200&ssl=1","width":350,"height":200,"srcset":"https:\/\/i0.wp.com\/www.grieta.org.mx\/wp-content\/uploads\/2018\/03\/14524434_1106112876131411_958039263622046936_o.jpg?resize=350%2C200&ssl=1 1x, https:\/\/i0.wp.com\/www.grieta.org.mx\/wp-content\/uploads\/2018\/03\/14524434_1106112876131411_958039263622046936_o.jpg?resize=525%2C300&ssl=1 1.5x, https:\/\/i0.wp.com\/www.grieta.org.mx\/wp-content\/uploads\/2018\/03\/14524434_1106112876131411_958039263622046936_o.jpg?resize=700%2C400&ssl=1 2x"},"classes":[]},{"id":50876,"url":"https:\/\/www.grieta.org.mx\/index.php\/2020\/06\/15\/normalistas-se-manifiestan-durante-sesion-ordinaria-del-congreso-de-michoacan\/","url_meta":{"origin":70128,"position":1},"title":"Normalistas se manifiestan durante sesi\u00f3n ordinaria del Congreso de Michoac\u00e1n","author":"grieta","date":"15 junio, 2020","format":false,"excerpt":"Solicitan intervenci\u00f3n de los diputados locales en su problem\u00e1tica Iveth Campuzano | El Sol de Morelia, 12 de junio de 2020 Morelia, Michoac\u00e1n (OEM-Infomex).- Este viernes, los integrantes de la Organizaci\u00f3n de Normales Oficiales del estado de Michoac\u00e1n acudieron al Sesi\u00f3n Ordinaria del Congreso del estado de Michoac\u00e1n con el\u2026","rel":"","context":"En &quot;CINTILLO&quot;","block_context":{"text":"CINTILLO","link":"https:\/\/www.grieta.org.mx\/index.php\/category\/cintillo\/"},"img":{"alt_text":"","src":"https:\/\/i0.wp.com\/www.grieta.org.mx\/wp-content\/uploads\/2020\/06\/Marcha-normalistas.jpg?resize=350%2C200&ssl=1","width":350,"height":200,"srcset":"https:\/\/i0.wp.com\/www.grieta.org.mx\/wp-content\/uploads\/2020\/06\/Marcha-normalistas.jpg?resize=350%2C200&ssl=1 1x, https:\/\/i0.wp.com\/www.grieta.org.mx\/wp-content\/uploads\/2020\/06\/Marcha-normalistas.jpg?resize=525%2C300&ssl=1 1.5x, https:\/\/i0.wp.com\/www.grieta.org.mx\/wp-content\/uploads\/2020\/06\/Marcha-normalistas.jpg?resize=700%2C400&ssl=1 2x"},"classes":[]},{"id":50873,"url":"https:\/\/www.grieta.org.mx\/index.php\/2020\/06\/12\/normalistas-impiden-acceso-de-diputados-al-congreso-de-michoacan\/","url_meta":{"origin":70128,"position":2},"title":"Normalistas impiden acceso de diputados al Congreso de Michoac\u00e1n","author":"grieta","date":"12 junio, 2020","format":false,"excerpt":"Los normalistas impidieron el acceso moment\u00e1neamente de los legisladores quienes deb\u00edan iniciar una sesi\u00f3n extraordinaria Por Rodrigo Sandoval -PCM agencia informativa, 12 de junio de 2020 Morelia.- Los normalistas, profesores de la CNTE y algunos representantes de grupos que luchan contra la violencia de g\u00e9nero y exigen la aprobaci\u00f3n de\u2026","rel":"","context":"En &quot;CINTILLO&quot;","block_context":{"text":"CINTILLO","link":"https:\/\/www.grieta.org.mx\/index.php\/category\/cintillo\/"},"img":{"alt_text":"","src":"https:\/\/i0.wp.com\/www.grieta.org.mx\/wp-content\/uploads\/2020\/06\/derechoadecidir.jpg?resize=350%2C200&ssl=1","width":350,"height":200,"srcset":"https:\/\/i0.wp.com\/www.grieta.org.mx\/wp-content\/uploads\/2020\/06\/derechoadecidir.jpg?resize=350%2C200&ssl=1 1x, https:\/\/i0.wp.com\/www.grieta.org.mx\/wp-content\/uploads\/2020\/06\/derechoadecidir.jpg?resize=525%2C300&ssl=1 1.5x, https:\/\/i0.wp.com\/www.grieta.org.mx\/wp-content\/uploads\/2020\/06\/derechoadecidir.jpg?resize=700%2C400&ssl=1 2x, https:\/\/i0.wp.com\/www.grieta.org.mx\/wp-content\/uploads\/2020\/06\/derechoadecidir.jpg?resize=1050%2C600&ssl=1 3x"},"classes":[]},{"id":53675,"url":"https:\/\/www.grieta.org.mx\/index.php\/2020\/09\/11\/se-enfrentan-normalistas-y-policias-de-michoacan-vehiculo-arrolla-a-manifestantes\/","url_meta":{"origin":70128,"position":3},"title":"Se enfrentan normalistas y polic\u00edas de Michoac\u00e1n; veh\u00edculo arrolla a manifestantes","author":"grieta","date":"11 septiembre, 2020","format":false,"excerpt":"Un enfrentamiento, en las inmediaciones de la Escuela Normal Rural de Tiripet\u00edo, dej\u00f3 al menos nueve estudiantes y ocho oficiales lesionados. Un enfrentamiento entre normalistas y elementos de la polic\u00eda de Michoac\u00e1n, en las inmediaciones de la Escuela Normal Rural de Tiripet\u00edo, dej\u00f3 nueve estudiantes y ocho oficiales lesionados. La\u2026","rel":"","context":"En &quot;CINTILLO&quot;","block_context":{"text":"CINTILLO","link":"https:\/\/www.grieta.org.mx\/index.php\/category\/cintillo\/"},"img":{"alt_text":"","src":"https:\/\/i0.wp.com\/www.grieta.org.mx\/wp-content\/uploads\/2020\/09\/normalistas.png?resize=350%2C200&ssl=1","width":350,"height":200},"classes":[]},{"id":50487,"url":"https:\/\/www.grieta.org.mx\/index.php\/2020\/06\/06\/ejercito-marina-y-fge-revientan-la-normal-de-arteaga-michoacan\/","url_meta":{"origin":70128,"position":4},"title":"Ej\u00e9rcito, Marina y FGE \u201crevientan\u201d la Normal de Arteaga (Michoac\u00e1n)","author":"grieta","date":"6 junio, 2020","format":false,"excerpt":"Pedro Antonio Aguilar \/ Cuarto Poder, 06 de junio de 2020 Morelia, Mich.-Efectivos del Ej\u00e9rcito, la Marina, Fiscal\u00eda General del Estado (FGE) y de la Polic\u00eda Michoac\u00e1n, irrumpieron este s\u00e1bado en el Centro Regional de Educaci\u00f3n Normal de Arteaga-Michoac\u00e1n (CRENAM), donde recuperaron cuatro veh\u00edculos que fueron \u201csecuestrados\u201d por normalistas en\u2026","rel":"","context":"En &quot;CINTILLO&quot;","block_context":{"text":"CINTILLO","link":"https:\/\/www.grieta.org.mx\/index.php\/category\/cintillo\/"},"img":{"alt_text":"","src":"https:\/\/i0.wp.com\/www.grieta.org.mx\/wp-content\/uploads\/2020\/06\/EjArteaga.jpg?resize=350%2C200&ssl=1","width":350,"height":200,"srcset":"https:\/\/i0.wp.com\/www.grieta.org.mx\/wp-content\/uploads\/2020\/06\/EjArteaga.jpg?resize=350%2C200&ssl=1 1x, https:\/\/i0.wp.com\/www.grieta.org.mx\/wp-content\/uploads\/2020\/06\/EjArteaga.jpg?resize=525%2C300&ssl=1 1.5x"},"classes":[]},{"id":49813,"url":"https:\/\/www.grieta.org.mx\/index.php\/2020\/04\/29\/comuneros-bloquean-carretera-federal-de-michoacan-en-apoyo-a-normalistas-baleados\/","url_meta":{"origin":70128,"position":5},"title":"Comuneros bloquean carretera federal de Michoac\u00e1n en apoyo a normalistas baleados","author":"grieta","date":"29 abril, 2020","format":false,"excerpt":"Ayer, elementos de la Secretar\u00eda de Seguridad P\u00fablica dispararon a un autob\u00fas de normalistas tras pasarse un filtro sanitario en Michoac\u00e1n. Redacci\u00f3n \/Animal pol\u00edtico, 29 de abril de 2020 Un grupo de comuneros de Michoac\u00e1n bloquearon la carretera federal Uruapan-Los Reyes, para manifestarse en contra de personal de la Secretar\u00eda\u2026","rel":"","context":"En &quot;CINTILLO&quot;","block_context":{"text":"CINTILLO","link":"https:\/\/www.grieta.org.mx\/index.php\/category\/cintillo\/"},"img":{"alt_text":"","src":"https:\/\/i0.wp.com\/www.grieta.org.mx\/wp-content\/uploads\/2020\/05\/cuartoscuro_457945_digital.jpeg?resize=350%2C200&ssl=1","width":350,"height":200,"srcset":"https:\/\/i0.wp.com\/www.grieta.org.mx\/wp-content\/uploads\/2020\/05\/cuartoscuro_457945_digital.jpeg?resize=350%2C200&ssl=1 1x, https:\/\/i0.wp.com\/www.grieta.org.mx\/wp-content\/uploads\/2020\/05\/cuartoscuro_457945_digital.jpeg?resize=525%2C300&ssl=1 1.5x, https:\/\/i0.wp.com\/www.grieta.org.mx\/wp-content\/uploads\/2020\/05\/cuartoscuro_457945_digital.jpeg?resize=700%2C400&ssl=1 2x, https:\/\/i0.wp.com\/www.grieta.org.mx\/wp-content\/uploads\/2020\/05\/cuartoscuro_457945_digital.jpeg?resize=1050%2C600&ssl=1 3x, https:\/\/i0.wp.com\/www.grieta.org.mx\/wp-content\/uploads\/2020\/05\/cuartoscuro_457945_digital.jpeg?resize=1400%2C800&ssl=1 4x"},"classes":[]}],"_links":{"self":[{"href":"https:\/\/www.grieta.org.mx\/index.php\/wp-json\/wp\/v2\/posts\/70128","targetHints":{"allow":["GET"]}}],"collection":[{"href":"https:\/\/www.grieta.org.mx\/index.php\/wp-json\/wp\/v2\/posts"}],"about":[{"href":"https:\/\/www.grieta.org.mx\/index.php\/wp-json\/wp\/v2\/types\/post"}],"author":[{"embeddable":true,"href":"https:\/\/www.grieta.org.mx\/index.php\/wp-json\/wp\/v2\/users\/2"}],"replies":[{"embeddable":true,"href":"https:\/\/www.grieta.org.mx\/index.php\/wp-json\/wp\/v2\/comments?post=70128"}],"version-history":[{"count":1,"href":"https:\/\/www.grieta.org.mx\/index.php\/wp-json\/wp\/v2\/posts\/70128\/revisions"}],"predecessor-version":[{"id":70130,"href":"https:\/\/www.grieta.org.mx\/index.php\/wp-json\/wp\/v2\/posts\/70128\/revisions\/70130"}],"wp:featuredmedia":[{"embeddable":true,"href":"https:\/\/www.grieta.org.mx\/index.php\/wp-json\/wp\/v2\/media\/70129"}],"wp:attachment":[{"href":"https:\/\/www.grieta.org.mx\/index.php\/wp-json\/wp\/v2\/media?parent=70128"}],"wp:term":[{"taxonomy":"category","embeddable":true,"href":"https:\/\/www.grieta.org.mx\/index.php\/wp-json\/wp\/v2\/categories?post=70128"},{"taxonomy":"post_tag","embeddable":true,"href":"https:\/\/www.grieta.org.mx\/index.php\/wp-json\/wp\/v2\/tags?post=70128"}],"curies":[{"name":"wp","href":"https:\/\/api.w.org\/{rel}","templated":true}]}}