{"id":70119,"date":"2024-10-08T19:11:58","date_gmt":"2024-10-09T01:11:58","guid":{"rendered":"https:\/\/www.grieta.org.mx\/?p=70119"},"modified":"2024-10-14T19:16:47","modified_gmt":"2024-10-15T01:16:47","slug":"misteriosa-desaparicion-de-lona-de-desaparecidos-en-tondoroque-involucrado-el-xii-ayuntamiento-nayarit","status":"publish","type":"post","link":"https:\/\/www.grieta.org.mx\/index.php\/2024\/10\/08\/misteriosa-desaparicion-de-lona-de-desaparecidos-en-tondoroque-involucrado-el-xii-ayuntamiento-nayarit\/","title":{"rendered":"Misteriosa desaparici\u00f3n de lona de desaparecidos en Tondoroque: \u00bfInvolucrado el XII Ayuntamiento? (Nayarit)"},"content":{"rendered":"<p>Imagen: Tribuna de la Bah\u00eda<\/p>\n<p>Isrrael Torres \/ Tribuna de la Bah\u00eda<\/p>\n<p>La desaparici\u00f3n de la mega lona que madres buscadoras colocaron el pasado 24 de septiembre en el puente peatonal de Tondoroque ha causado incertidumbre.\u00a0<strong>La lona fue retirada sin explicaci\u00f3n la ma\u00f1ana del 3 de octubre<\/strong>, y las dudas apuntan a la actual administraci\u00f3n municipal.<\/p>\n<p>Madres buscadoras se preguntan\u00a0<strong>c\u00f3mo es posible que las autoridades no se percataran de la retirada<\/strong>, dado que la lona estaba bien asegurada y que su instalaci\u00f3n, por parte de una empresa, tom\u00f3 aproximadamente una hora. Adem\u00e1s, la zona es de alta circulaci\u00f3n, lo que habr\u00eda facilitado identificar a los responsables.<\/p>\n<p>Lo que llama la atenci\u00f3n, seg\u00fan fuentes cercanas al presidente municipal H\u00e9ctor Santana Garc\u00eda, es que apenas dos horas despu\u00e9s de que las madres reportaran la desaparici\u00f3n de la lona \u2014que conten\u00eda los rostros de personas desaparecidas\u2014, ya se hab\u00eda ordenado la impresi\u00f3n de una nueva en Puerto Vallarta, con el mismo dise\u00f1o.<\/p>\n<p>Se inform\u00f3 que, tras recibir a las madres buscadoras de manera privada, el alcalde orden\u00f3 de inmediato la reposici\u00f3n de la lona y se uni\u00f3 a la exigencia de justicia ante la\u00a0<a href=\"https:\/\/www.bing.com\/ck\/a?!&amp;&amp;p=42890a4fa74657bdJmltdHM9MTcyODM0NTYwMCZpZ3VpZD0wN2Y0NzcwMy03MGM3LTYyNmMtMTYxZC02NWI2NzFmNTYzMDMmaW5zaWQ9NTE5Mw&amp;ptn=3&amp;ver=2&amp;hsh=3&amp;fclid=07f47703-70c7-626c-161d-65b671f56303&amp;psq=Fiscal%c3%ada+General+de+Nayarit&amp;u=a1aHR0cHM6Ly9maXNjYWxpYWdlbmVyYWwubmF5YXJpdC5nb2IubXgvd2ViL2RpcmVjdG9yLnBocD9jYXNlMT0yJmNhc2UyPTQ&amp;ntb=1\" target=\"_blank\" rel=\"noopener\">Fiscal\u00eda General de Nayarit<\/a>.<\/p>\n<p>Esto ha dado lugar a especulaciones sobre un posible conflicto entre Santana Garc\u00eda y la exalcaldesa L\u00eda Castro D\u00edaz de Le\u00f3n, quien promovi\u00f3 la iniciativa y don\u00f3 la lona. Se dice, de manera interna, que\u00a0<strong>el presidente no quiere mantener v\u00ednculos con la administraci\u00f3n anterior<\/strong>.<\/p>\n<p>Aunque la lona ya fue reimpresa, a\u00fan no ha sido reinstalada, al parecer porque se espera que Santana Garc\u00eda d\u00e9 la orden para volver a colocarla.<\/p>\n<p>Mientras tanto, ser\u00e1 responsabilidad de la autoridad ministerial investigar qui\u00e9n est\u00e1 detr\u00e1s de la misteriosa desaparici\u00f3n del espectacular.<\/p>\n<p><a href=\"https:\/\/tribunadelabahia.com.mx\/desaparicion-lona-desaparecidos-involucrado-ayuntamiento\/\">https:\/\/tribunadelabahia.com.mx\/desaparicion-lona-desaparecidos-involucrado-ayuntamiento\/<\/a><\/p>\n","protected":false},"excerpt":{"rendered":"<p>Imagen: Tribuna de la Bah\u00eda Isrrael Torres \/ Tribuna de la Bah\u00eda La desaparici\u00f3n de la mega lona que madres buscadoras colocaron el pasado 24 de septiembre en el puente &hellip; <a href=\"https:\/\/www.grieta.org.mx\/index.php\/2024\/10\/08\/misteriosa-desaparicion-de-lona-de-desaparecidos-en-tondoroque-involucrado-el-xii-ayuntamiento-nayarit\/\" class=\"more-link\">Leer m\u00e1s<\/a><\/p>\n","protected":false},"author":2,"featured_media":70120,"comment_status":"closed","ping_status":"closed","sticky":false,"template":"","format":"standard","meta":{"ngg_post_thumbnail":0,"_jetpack_newsletter_access":"","_jetpack_dont_email_post_to_subs":false,"_jetpack_newsletter_tier_id":0,"_jetpack_memberships_contains_paywalled_content":false,"_jetpack_memberships_contains_paid_content":false,"footnotes":""},"categories":[80,87,2267,23,2,83],"tags":[1828,3018,121,1668,3660,3975],"class_list":["post-70119","post","type-post","status-publish","format-standard","has-post-thumbnail","hentry","category-cintillo","category-desaparecidos","category-desaparecidos-en-nayarit","category-nayarit","category-noticias-nacionales","category-temas-nacionales","tag-busqueda-de-desaparecidos","tag-colectivos-de-busqueda-de-desaparecidos","tag-desaparecidos","tag-familiares-de-desaparecidos","tag-fiscalia","tag-madres-de-desaparecidos","entry"],"jetpack_featured_media_url":"https:\/\/www.grieta.org.mx\/wp-content\/uploads\/2024\/10\/cruce-peatonal-tondoroque-905x613-1.jpeg","jetpack_sharing_enabled":true,"jetpack_shortlink":"https:\/\/wp.me\/p7ZJR4-ieX","jetpack_likes_enabled":false,"jetpack-related-posts":[{"id":70023,"url":"https:\/\/www.grieta.org.mx\/index.php\/2024\/09\/26\/madres-buscadoras-despliegan-lona-gigante-con-rostros-de-desaparecidos-en-tondoroque-nayarit\/","url_meta":{"origin":70119,"position":0},"title":"Madres buscadoras despliegan lona gigante con rostros de desaparecidos en Tondoroque (Nayarit)","author":"grieta","date":"26 septiembre, 2024","format":false,"excerpt":"Imagen: Tribuna de la Bah\u00eda Las madres buscadoras claman que sus hijos y familiares no sean olvidados, colgando una lona de 12 metros en el puente peatonal de Tondoroque Isrrael L\u00f3pez \/ Tribuna de la Bah\u00eda Como un acto de visibilizaci\u00f3n, familiares que buscan a sus desaparecidos en Bah\u00eda de\u2026","rel":"","context":"En &quot;CINTILLO&quot;","block_context":{"text":"CINTILLO","link":"https:\/\/www.grieta.org.mx\/index.php\/category\/cintillo\/"},"img":{"alt_text":"","src":"https:\/\/i0.wp.com\/www.grieta.org.mx\/wp-content\/uploads\/2024\/10\/desaparecidos-3-1024x695-1.jpg?resize=350%2C200&ssl=1","width":350,"height":200,"srcset":"https:\/\/i0.wp.com\/www.grieta.org.mx\/wp-content\/uploads\/2024\/10\/desaparecidos-3-1024x695-1.jpg?resize=350%2C200&ssl=1 1x, https:\/\/i0.wp.com\/www.grieta.org.mx\/wp-content\/uploads\/2024\/10\/desaparecidos-3-1024x695-1.jpg?resize=525%2C300&ssl=1 1.5x, https:\/\/i0.wp.com\/www.grieta.org.mx\/wp-content\/uploads\/2024\/10\/desaparecidos-3-1024x695-1.jpg?resize=700%2C400&ssl=1 2x"},"classes":[]},{"id":67260,"url":"https:\/\/www.grieta.org.mx\/index.php\/2023\/07\/27\/madres-buscadores-recorren-bahia-de-banderas-en-busca-de-sus-hijos-nayarit\/","url_meta":{"origin":70119,"position":1},"title":"Madres buscadores recorren Bah\u00eda de Banderas en busca de sus hijos (Nayarit)","author":"grieta","date":"27 julio, 2023","format":false,"excerpt":"Imagen: Tomada de la Red Israel Torres \/ Tribuna de la Bah\u00eda Durante esta semana madres buscadoras se ha internado en rincones del municipio de Bah\u00eda de Banderas en la b\u00fasqueda de rastros que lleven a la localizaci\u00f3n de sus hijos y familiares. Este mi\u00e9rcoles y jueves el grupo recorri\u00f3\u2026","rel":"","context":"En &quot;CINTILLO&quot;","block_context":{"text":"CINTILLO","link":"https:\/\/www.grieta.org.mx\/index.php\/category\/cintillo\/"},"img":{"alt_text":"","src":"https:\/\/i0.wp.com\/www.grieta.org.mx\/wp-content\/uploads\/2023\/07\/48694562_303.jpg?resize=350%2C200&ssl=1","width":350,"height":200,"srcset":"https:\/\/i0.wp.com\/www.grieta.org.mx\/wp-content\/uploads\/2023\/07\/48694562_303.jpg?resize=350%2C200&ssl=1 1x, https:\/\/i0.wp.com\/www.grieta.org.mx\/wp-content\/uploads\/2023\/07\/48694562_303.jpg?resize=525%2C300&ssl=1 1.5x, https:\/\/i0.wp.com\/www.grieta.org.mx\/wp-content\/uploads\/2023\/07\/48694562_303.jpg?resize=700%2C400&ssl=1 2x"},"classes":[]},{"id":72177,"url":"https:\/\/www.grieta.org.mx\/index.php\/2025\/08\/09\/madres-buscadoras-hallan-restos-oseos-detras-de-gasolinera-en-punta-de-mita-nayarit\/","url_meta":{"origin":70119,"position":2},"title":"Madres buscadoras hallan restos \u00f3seos detr\u00e1s de gasolinera en Punta de Mita (Nayarit)","author":"grieta","date":"9 agosto, 2025","format":false,"excerpt":"Imagen: Tribuna de la Bah\u00eda Madres buscadoras encuentran restos \u00f3seos en Punta de Mita y exigen pronta identificaci\u00f3n a la Fiscal\u00eda de Nayarit Isrrael Torres \/ Tribuna de la Bah\u00eda Colectivos de madres buscadoras de Bah\u00eda de Banderas informaron este s\u00e1bado 9 de agosto sobre el hallazgo de restos \u00f3seos\u2026","rel":"","context":"En &quot;CINTILLO&quot;","block_context":{"text":"CINTILLO","link":"https:\/\/www.grieta.org.mx\/index.php\/category\/cintillo\/"},"img":{"alt_text":"","src":"https:\/\/i0.wp.com\/www.grieta.org.mx\/wp-content\/uploads\/2025\/08\/Hallan-restos-oseos-en-Punta-de-Mita.jpeg.webp?resize=350%2C200&ssl=1","width":350,"height":200,"srcset":"https:\/\/i0.wp.com\/www.grieta.org.mx\/wp-content\/uploads\/2025\/08\/Hallan-restos-oseos-en-Punta-de-Mita.jpeg.webp?resize=350%2C200&ssl=1 1x, https:\/\/i0.wp.com\/www.grieta.org.mx\/wp-content\/uploads\/2025\/08\/Hallan-restos-oseos-en-Punta-de-Mita.jpeg.webp?resize=525%2C300&ssl=1 1.5x, https:\/\/i0.wp.com\/www.grieta.org.mx\/wp-content\/uploads\/2025\/08\/Hallan-restos-oseos-en-Punta-de-Mita.jpeg.webp?resize=700%2C400&ssl=1 2x, https:\/\/i0.wp.com\/www.grieta.org.mx\/wp-content\/uploads\/2025\/08\/Hallan-restos-oseos-en-Punta-de-Mita.jpeg.webp?resize=1050%2C600&ssl=1 3x"},"classes":[]},{"id":68443,"url":"https:\/\/www.grieta.org.mx\/index.php\/2024\/01\/09\/madres-buscadoras-y-familiares-realizan-busqueda-de-desaparecidos-en-el-guamuchil\/","url_meta":{"origin":70119,"position":3},"title":"Madres buscadoras y familiares realizan b\u00fasqueda de desaparecidos en El Guam\u00fachil","author":"grieta","date":"9 enero, 2024","format":false,"excerpt":"Imagen:Especial Isrrael Torres \/ Tribuna de la Bah\u00eda La Comisi\u00f3n Estatal de Personas Desaparecidas, en conjunto con familias de desaparecidos y apoyados por la Guardia Nacional y la Polic\u00eda Estatal Coordinada,\u00a0realizaron labores de b\u00fasqueda en la ribera del r\u00edo de la localidad El Guam\u00fachil, en Bah\u00eda de Banderas. Hubo excavaciones\u2026","rel":"","context":"En &quot;CINTILLO&quot;","block_context":{"text":"CINTILLO","link":"https:\/\/www.grieta.org.mx\/index.php\/category\/cintillo\/"},"img":{"alt_text":"","src":"https:\/\/i0.wp.com\/www.grieta.org.mx\/wp-content\/uploads\/2024\/02\/busqueda-personas-desaparecidas-905x613-1.jpeg?resize=350%2C200&ssl=1","width":350,"height":200,"srcset":"https:\/\/i0.wp.com\/www.grieta.org.mx\/wp-content\/uploads\/2024\/02\/busqueda-personas-desaparecidas-905x613-1.jpeg?resize=350%2C200&ssl=1 1x, https:\/\/i0.wp.com\/www.grieta.org.mx\/wp-content\/uploads\/2024\/02\/busqueda-personas-desaparecidas-905x613-1.jpeg?resize=525%2C300&ssl=1 1.5x, https:\/\/i0.wp.com\/www.grieta.org.mx\/wp-content\/uploads\/2024\/02\/busqueda-personas-desaparecidas-905x613-1.jpeg?resize=700%2C400&ssl=1 2x"},"classes":[]},{"id":42178,"url":"https:\/\/www.grieta.org.mx\/index.php\/2019\/12\/12\/no-aparecen-17-jovenes-nayarit\/","url_meta":{"origin":70119,"position":4},"title":"No aparecen 17 j\u00f3venes (Nayarit)","author":"grieta","date":"12 diciembre, 2019","format":false,"excerpt":"Est\u00e1n desaparecidos desde hace varios meses y sus familiares piden a las autoridades correspondientes que tomen en cuenta sus demandas y den claridad a las investigaciones Foto: Realidades de Nayarit V\u00edctor Trejo Olmos \/ Realidades de Nayarit Bah\u00eda de Banderas, Nayarit.\u00a0Jueves 12 de diciembre del 2019.- Hay al menos 17\u2026","rel":"","context":"En &quot;CINTILLO&quot;","block_context":{"text":"CINTILLO","link":"https:\/\/www.grieta.org.mx\/index.php\/category\/cintillo\/"},"img":{"alt_text":"","src":"https:\/\/i0.wp.com\/www.grieta.org.mx\/wp-content\/uploads\/2019\/12\/NO-HAY-JUSTICIA-1068x801.jpg?resize=350%2C200&ssl=1","width":350,"height":200,"srcset":"https:\/\/i0.wp.com\/www.grieta.org.mx\/wp-content\/uploads\/2019\/12\/NO-HAY-JUSTICIA-1068x801.jpg?resize=350%2C200&ssl=1 1x, https:\/\/i0.wp.com\/www.grieta.org.mx\/wp-content\/uploads\/2019\/12\/NO-HAY-JUSTICIA-1068x801.jpg?resize=525%2C300&ssl=1 1.5x, https:\/\/i0.wp.com\/www.grieta.org.mx\/wp-content\/uploads\/2019\/12\/NO-HAY-JUSTICIA-1068x801.jpg?resize=700%2C400&ssl=1 2x, https:\/\/i0.wp.com\/www.grieta.org.mx\/wp-content\/uploads\/2019\/12\/NO-HAY-JUSTICIA-1068x801.jpg?resize=1050%2C600&ssl=1 3x"},"classes":[]},{"id":72262,"url":"https:\/\/www.grieta.org.mx\/index.php\/2025\/08\/28\/doscientos-artistas-academicos-y-activistas-de-colima-firman-carta-de-solidaridad-con-madres-buscadoras\/","url_meta":{"origin":70119,"position":5},"title":"Doscientos artistas, acad\u00e9micos y activistas de Colima firman carta de solidaridad con madres buscadoras","author":"grieta","date":"28 agosto, 2025","format":false,"excerpt":"Imagen: Cerca de 200 activistas e integrantes de la comunidad art\u00edstica y acad\u00e9mica del estado de Colima emitieron una carta p\u00fablica de respaldo y solidaridad con las madres buscadoras y colectivos de b\u00fasqueda locales, con motivo del D\u00eda Internacional de las V\u00edctimas de Desaparici\u00f3n Forzada, pr\u00f3ximo a conmemorarse este 30\u2026","rel":"","context":"En &quot;CINTILLO&quot;","block_context":{"text":"CINTILLO","link":"https:\/\/www.grieta.org.mx\/index.php\/category\/cintillo\/"},"img":{"alt_text":"","src":"https:\/\/i0.wp.com\/www.grieta.org.mx\/wp-content\/uploads\/2025\/08\/IMG-20250828-WA0024.webp?resize=350%2C200&ssl=1","width":350,"height":200,"srcset":"https:\/\/i0.wp.com\/www.grieta.org.mx\/wp-content\/uploads\/2025\/08\/IMG-20250828-WA0024.webp?resize=350%2C200&ssl=1 1x, https:\/\/i0.wp.com\/www.grieta.org.mx\/wp-content\/uploads\/2025\/08\/IMG-20250828-WA0024.webp?resize=525%2C300&ssl=1 1.5x, https:\/\/i0.wp.com\/www.grieta.org.mx\/wp-content\/uploads\/2025\/08\/IMG-20250828-WA0024.webp?resize=700%2C400&ssl=1 2x, https:\/\/i0.wp.com\/www.grieta.org.mx\/wp-content\/uploads\/2025\/08\/IMG-20250828-WA0024.webp?resize=1050%2C600&ssl=1 3x, https:\/\/i0.wp.com\/www.grieta.org.mx\/wp-content\/uploads\/2025\/08\/IMG-20250828-WA0024.webp?resize=1400%2C800&ssl=1 4x"},"classes":[]}],"_links":{"self":[{"href":"https:\/\/www.grieta.org.mx\/index.php\/wp-json\/wp\/v2\/posts\/70119","targetHints":{"allow":["GET"]}}],"collection":[{"href":"https:\/\/www.grieta.org.mx\/index.php\/wp-json\/wp\/v2\/posts"}],"about":[{"href":"https:\/\/www.grieta.org.mx\/index.php\/wp-json\/wp\/v2\/types\/post"}],"author":[{"embeddable":true,"href":"https:\/\/www.grieta.org.mx\/index.php\/wp-json\/wp\/v2\/users\/2"}],"replies":[{"embeddable":true,"href":"https:\/\/www.grieta.org.mx\/index.php\/wp-json\/wp\/v2\/comments?post=70119"}],"version-history":[{"count":1,"href":"https:\/\/www.grieta.org.mx\/index.php\/wp-json\/wp\/v2\/posts\/70119\/revisions"}],"predecessor-version":[{"id":70121,"href":"https:\/\/www.grieta.org.mx\/index.php\/wp-json\/wp\/v2\/posts\/70119\/revisions\/70121"}],"wp:featuredmedia":[{"embeddable":true,"href":"https:\/\/www.grieta.org.mx\/index.php\/wp-json\/wp\/v2\/media\/70120"}],"wp:attachment":[{"href":"https:\/\/www.grieta.org.mx\/index.php\/wp-json\/wp\/v2\/media?parent=70119"}],"wp:term":[{"taxonomy":"category","embeddable":true,"href":"https:\/\/www.grieta.org.mx\/index.php\/wp-json\/wp\/v2\/categories?post=70119"},{"taxonomy":"post_tag","embeddable":true,"href":"https:\/\/www.grieta.org.mx\/index.php\/wp-json\/wp\/v2\/tags?post=70119"}],"curies":[{"name":"wp","href":"https:\/\/api.w.org\/{rel}","templated":true}]}}