{"id":70116,"date":"2024-10-07T18:40:45","date_gmt":"2024-10-08T00:40:45","guid":{"rendered":"https:\/\/www.grieta.org.mx\/?p=70116"},"modified":"2024-10-14T19:07:41","modified_gmt":"2024-10-15T01:07:41","slug":"ignoran-hallazgos-de-los-colectivos-en-tlaquepaque-jalisco","status":"publish","type":"post","link":"https:\/\/www.grieta.org.mx\/index.php\/2024\/10\/07\/ignoran-hallazgos-de-los-colectivos-en-tlaquepaque-jalisco\/","title":{"rendered":"Ignoran hallazgos de los colectivos en Tlaquepaque (Jalisco)"},"content":{"rendered":"<p>Imagen: Especial<\/p>\n<p>Lauro Rodr\u00edguez \/ El Diario NTR<\/p>\n<p>El 29 de septiembre, alrededor de las 2 de la tarde, el colectivo Guerreros Buscadores de Jalisco hall\u00f3 un cuerpo enterrado a medio metro de profundidad en una finca de la colonia Buenos Aires, en San Pedro Tlaquepaque. El cad\u00e1ver, de un joven, fue preidentificado por su padre en el lugar gracias a un tatuaje en la espalda de la v\u00edctima con la palabra \u201cPartida\u201d.<\/p>\n<p>\u201cEst\u00e1bamos en transmisi\u00f3n cuando llega el pap\u00e1 de esta personita que fue encontrada. Al mostrarle el tatuaje confirma que es su hijo. Muy triste, momentos en los que no se sabe qu\u00e9 decir a las personas, no hay palabras\u201d, dijo una buscadora durante una transmisi\u00f3n en vivo en el sitio del hallazgo.\u00a0 El joven, de 24 a\u00f1os de edad, ten\u00eda reporte de desaparici\u00f3n desde julio de este a\u00f1o en esa misma colonia.<\/p>\n<p>A pesar de que el hallazgo de Guerreros Buscadores de Jalisco involucr\u00f3 un cuerpo enterrado, el sitio de inhumaci\u00f3n clandestina no fue incluido por la Fiscal\u00eda Especial en Personas Desaparecidas (FEPD) en el registro estatal de fosas, actualizado este fin de semana con datos al corte del 30 de septiembre.<\/p>\n<p>Seg\u00fan la FEPD, \u00fanicamente hubo dos fosas durante el mes de septiembre, pero una revisi\u00f3n hecha por NTR a las redes sociales de diversos colectivos de Jalisco arroj\u00f3 que al menos hubo cuatro hallazgos de este tipo, dos m\u00e1s que los reconocidos por la autoridad. Uno de ellos fue la fosa de San Pedro Tlaquepaque.<\/p>\n<p><a href=\"https:\/\/www.ntrguadalajara.com\/post.php?id_nota=220278\">https:\/\/www.ntrguadalajara.com\/post.php?id_nota=220278<\/a><\/p>\n","protected":false},"excerpt":{"rendered":"<p>Imagen: Especial Lauro Rodr\u00edguez \/ El Diario NTR El 29 de septiembre, alrededor de las 2 de la tarde, el colectivo Guerreros Buscadores de Jalisco hall\u00f3 un cuerpo enterrado a &hellip; <a href=\"https:\/\/www.grieta.org.mx\/index.php\/2024\/10\/07\/ignoran-hallazgos-de-los-colectivos-en-tlaquepaque-jalisco\/\" class=\"more-link\">Leer m\u00e1s<\/a><\/p>\n","protected":false},"author":2,"featured_media":70117,"comment_status":"closed","ping_status":"closed","sticky":false,"template":"","format":"standard","meta":{"ngg_post_thumbnail":0,"_jetpack_newsletter_access":"","_jetpack_dont_email_post_to_subs":false,"_jetpack_newsletter_tier_id":0,"_jetpack_memberships_contains_paywalled_content":false,"_jetpack_memberships_contains_paid_content":false,"footnotes":""},"categories":[80,87,1032,20,2,83],"tags":[1828,3018,121,1668,3660,856],"class_list":["post-70116","post","type-post","status-publish","format-standard","has-post-thumbnail","hentry","category-cintillo","category-desaparecidos","category-desaparecidos-en-jalisco","category-jalisco","category-noticias-nacionales","category-temas-nacionales","tag-busqueda-de-desaparecidos","tag-colectivos-de-busqueda-de-desaparecidos","tag-desaparecidos","tag-familiares-de-desaparecidos","tag-fiscalia","tag-fosas-clandestinas","entry"],"jetpack_featured_media_url":"https:\/\/www.grieta.org.mx\/wp-content\/uploads\/2024\/10\/2024-10-07_10-10-25___1845.jpg","jetpack_sharing_enabled":true,"jetpack_shortlink":"https:\/\/wp.me\/p7ZJR4-ieU","jetpack_likes_enabled":false,"jetpack-related-posts":[{"id":66320,"url":"https:\/\/www.grieta.org.mx\/index.php\/2023\/02\/17\/colectivos-de-busqueda-localizan-fosas-clandestinas-suman-cinco-en-lo-que-va-del-ano-jalisco\/","url_meta":{"origin":70116,"position":0},"title":"Colectivos de b\u00fasqueda localizan fosas clandestinas, suman cinco en lo que va del a\u00f1o (Jalisco)","author":"grieta","date":"17 febrero, 2023","format":false,"excerpt":"Imagen: Especial Lauro Rodr\u00edguez \/ El Diario NTR La fosa localizada en la colonia El Centinela por el colectivo Luz de Esperanza Desaparecidos Jalisco ser\u00eda la quinta en lo que va del a\u00f1o. Las otras cuatros est\u00e1n ubicadas en el municipio de Tlajomulco de Z\u00fa\u00f1iga. Las dos primeras en San\u2026","rel":"","context":"En &quot;CINTILLO&quot;","block_context":{"text":"CINTILLO","link":"https:\/\/www.grieta.org.mx\/index.php\/category\/cintillo\/"},"img":{"alt_text":"","src":"https:\/\/i0.wp.com\/www.grieta.org.mx\/wp-content\/uploads\/2023\/02\/2023-02-17_08-02-03___6146.jpg?resize=350%2C200&ssl=1","width":350,"height":200,"srcset":"https:\/\/i0.wp.com\/www.grieta.org.mx\/wp-content\/uploads\/2023\/02\/2023-02-17_08-02-03___6146.jpg?resize=350%2C200&ssl=1 1x, https:\/\/i0.wp.com\/www.grieta.org.mx\/wp-content\/uploads\/2023\/02\/2023-02-17_08-02-03___6146.jpg?resize=525%2C300&ssl=1 1.5x, https:\/\/i0.wp.com\/www.grieta.org.mx\/wp-content\/uploads\/2023\/02\/2023-02-17_08-02-03___6146.jpg?resize=700%2C400&ssl=1 2x"},"classes":[]},{"id":45603,"url":"https:\/\/www.grieta.org.mx\/index.php\/2020\/03\/04\/realizaran-jornada-de-busqueda-de-desaparecidos-en-10-municipios-de-jalisco\/","url_meta":{"origin":70116,"position":1},"title":"Realizar\u00e1n jornada de b\u00fasqueda de desaparecidos en 10 municipios de Jalisco","author":"grieta","date":"4 marzo, 2020","format":false,"excerpt":"Foto: B\u00fasqueda Nacional en Vida Redacci\u00f3n\/ Zona Docs Luego de que en el mes de diciembre de 2019 el colectivo de\u00a0B\u00fasqueda Nacional en Vida por Nuestros Desaparecidos\u00a0tuviera\u00a0que suspender sus acciones debido a que el Gobierno Federal\u00a0les negara el acompa\u00f1amiento de elementos de la Guardia Nacional para su resguardo durante las\u2026","rel":"","context":"En &quot;CINTILLO&quot;","block_context":{"text":"CINTILLO","link":"https:\/\/www.grieta.org.mx\/index.php\/category\/cintillo\/"},"img":{"alt_text":"","src":"https:\/\/i0.wp.com\/www.grieta.org.mx\/wp-content\/uploads\/2020\/03\/photo5116316071681435738-960x640.jpg?resize=350%2C200&ssl=1","width":350,"height":200,"srcset":"https:\/\/i0.wp.com\/www.grieta.org.mx\/wp-content\/uploads\/2020\/03\/photo5116316071681435738-960x640.jpg?resize=350%2C200&ssl=1 1x, https:\/\/i0.wp.com\/www.grieta.org.mx\/wp-content\/uploads\/2020\/03\/photo5116316071681435738-960x640.jpg?resize=525%2C300&ssl=1 1.5x, https:\/\/i0.wp.com\/www.grieta.org.mx\/wp-content\/uploads\/2020\/03\/photo5116316071681435738-960x640.jpg?resize=700%2C400&ssl=1 2x"},"classes":[]},{"id":64065,"url":"https:\/\/www.grieta.org.mx\/index.php\/2022\/04\/22\/suman-21-fosas-clandestinas-localizadas-en-jalisco-este-2022-jalisco\/","url_meta":{"origin":70116,"position":2},"title":"Suman 21 fosas clandestinas localizadas en Jalisco este 2022 (Jalisco)","author":"grieta","date":"22 abril, 2022","format":false,"excerpt":"Foto: Rom\u00e1n Ortega - El Occidental En lo que va del a\u00f1o colectivos que buscan a\u00a0personas desaparecidas\u00a0y la Fiscal\u00eda del Estado\u00a0han localizado\u00a021 fosas clandestinas, la mayor\u00eda de ellas en la\u00a0Zona Metropolitana de Guadalajara. Los puntos con mayor n\u00famero de v\u00edctimas se ubicaron en Chulavista, con 45 durante la primera jornada\u2026","rel":"","context":"En &quot;CINTILLO&quot;","block_context":{"text":"CINTILLO","link":"https:\/\/www.grieta.org.mx\/index.php\/category\/cintillo\/"},"img":{"alt_text":"","src":"https:\/\/i0.wp.com\/www.grieta.org.mx\/wp-content\/uploads\/2022\/04\/21-fosas-clandestinas-en-el-Estado.jpeg?resize=350%2C200&ssl=1","width":350,"height":200,"srcset":"https:\/\/i0.wp.com\/www.grieta.org.mx\/wp-content\/uploads\/2022\/04\/21-fosas-clandestinas-en-el-Estado.jpeg?resize=350%2C200&ssl=1 1x, https:\/\/i0.wp.com\/www.grieta.org.mx\/wp-content\/uploads\/2022\/04\/21-fosas-clandestinas-en-el-Estado.jpeg?resize=525%2C300&ssl=1 1.5x, https:\/\/i0.wp.com\/www.grieta.org.mx\/wp-content\/uploads\/2022\/04\/21-fosas-clandestinas-en-el-Estado.jpeg?resize=700%2C400&ssl=1 2x"},"classes":[]},{"id":63552,"url":"https:\/\/www.grieta.org.mx\/index.php\/2022\/02\/25\/impenden-que-colectivo-coloquen-manta-con-imagen-de-desaparecidos-jalisco\/","url_meta":{"origin":70116,"position":3},"title":"Impenden que colectivo coloquen manta con imagen de desaparecidos (Jalisco)","author":"grieta","date":"25 febrero, 2022","format":false,"excerpt":"Foto: Cortes\u00eda Colectivo Luz de Esperanza Redacci\u00f3n \/ El Diario NTR Por no contar con un permiso, autoridades jaliscienses les impidieron a los familiares de desaparecidos del Colectivo Luz de Esperanza que colocaran una manta con el rostro con afiche de b\u00fasqueda de su familiar afuera del Instituto Jalisciense de\u2026","rel":"","context":"En &quot;CINTILLO&quot;","block_context":{"text":"CINTILLO","link":"https:\/\/www.grieta.org.mx\/index.php\/category\/cintillo\/"},"img":{"alt_text":"","src":"https:\/\/i0.wp.com\/www.grieta.org.mx\/wp-content\/uploads\/2022\/03\/2022-02-25_05-02-56___922.jpg?resize=350%2C200&ssl=1","width":350,"height":200,"srcset":"https:\/\/i0.wp.com\/www.grieta.org.mx\/wp-content\/uploads\/2022\/03\/2022-02-25_05-02-56___922.jpg?resize=350%2C200&ssl=1 1x, https:\/\/i0.wp.com\/www.grieta.org.mx\/wp-content\/uploads\/2022\/03\/2022-02-25_05-02-56___922.jpg?resize=525%2C300&ssl=1 1.5x, https:\/\/i0.wp.com\/www.grieta.org.mx\/wp-content\/uploads\/2022\/03\/2022-02-25_05-02-56___922.jpg?resize=700%2C400&ssl=1 2x"},"classes":[]},{"id":64893,"url":"https:\/\/www.grieta.org.mx\/index.php\/2022\/08\/19\/colectivo-luz-de-esperanza-localiza-fosa-en-tlaquepaque-autoridades-habian-descartado-el-lugarjalisco\/","url_meta":{"origin":70116,"position":4},"title":"Colectivo Luz de Esperanza localiza fosa en Tlaquepaque, autoridades hab\u00edan descartado el lugar(Jalisco)","author":"grieta","date":"19 agosto, 2022","format":false,"excerpt":"Foto: Especia Lauro Rodr\u00edguez \/ El Diario NTR El Colectivo Luz de Esperanza continu\u00f3 hoy con sus actividades de b\u00fasqueda en campo, pero esta ocasi\u00f3n en el municipio de Tlaquepaque. En esta ocasi\u00f3n, localizaron una fosa clandestina en la colonia San Mart\u00edn de las Flores. El colectivo mencion\u00f3 que realizaron\u2026","rel":"","context":"En &quot;CINTILLO&quot;","block_context":{"text":"CINTILLO","link":"https:\/\/www.grieta.org.mx\/index.php\/category\/cintillo\/"},"img":{"alt_text":"","src":"https:\/\/i0.wp.com\/www.grieta.org.mx\/wp-content\/uploads\/2022\/08\/2022-08-19_05-08-52___2984.jpg?resize=350%2C200&ssl=1","width":350,"height":200,"srcset":"https:\/\/i0.wp.com\/www.grieta.org.mx\/wp-content\/uploads\/2022\/08\/2022-08-19_05-08-52___2984.jpg?resize=350%2C200&ssl=1 1x, https:\/\/i0.wp.com\/www.grieta.org.mx\/wp-content\/uploads\/2022\/08\/2022-08-19_05-08-52___2984.jpg?resize=525%2C300&ssl=1 1.5x, https:\/\/i0.wp.com\/www.grieta.org.mx\/wp-content\/uploads\/2022\/08\/2022-08-19_05-08-52___2984.jpg?resize=700%2C400&ssl=1 2x"},"classes":[]},{"id":64706,"url":"https:\/\/www.grieta.org.mx\/index.php\/2022\/08\/05\/jovenes-buscadores-acusan-a-autoridades-de-no-concluir-extraccion-de-cuerpos-en-fosas-jalisco\/","url_meta":{"origin":70116,"position":5},"title":"J\u00f3venes Buscadores acusan a autoridades de no concluir extracci\u00f3n de cuerpos en fosas (Jalisco)","author":"grieta","date":"5 agosto, 2022","format":false,"excerpt":"busFoto: Cortes\u00eda Madres Buscadoras de Sonora Lauro Rodr\u00edguez \/ El Diario NTR Los J\u00f3venes Buscadores de Jalisco acusaron que las autoridades del gobierno de Jalisco dejan inconclusa la extracci\u00f3n de cuerpos en las fosas clandestinas que son localizadas durante los trabajos de las brigadas de los colectivos. Precisaron que muestra\u2026","rel":"","context":"En &quot;CINTILLO&quot;","block_context":{"text":"CINTILLO","link":"https:\/\/www.grieta.org.mx\/index.php\/category\/cintillo\/"},"img":{"alt_text":"","src":"https:\/\/i0.wp.com\/www.grieta.org.mx\/wp-content\/uploads\/2022\/08\/2022-08-05_11-08-14___4667.jpg?resize=350%2C200&ssl=1","width":350,"height":200,"srcset":"https:\/\/i0.wp.com\/www.grieta.org.mx\/wp-content\/uploads\/2022\/08\/2022-08-05_11-08-14___4667.jpg?resize=350%2C200&ssl=1 1x, https:\/\/i0.wp.com\/www.grieta.org.mx\/wp-content\/uploads\/2022\/08\/2022-08-05_11-08-14___4667.jpg?resize=525%2C300&ssl=1 1.5x, https:\/\/i0.wp.com\/www.grieta.org.mx\/wp-content\/uploads\/2022\/08\/2022-08-05_11-08-14___4667.jpg?resize=700%2C400&ssl=1 2x"},"classes":[]}],"_links":{"self":[{"href":"https:\/\/www.grieta.org.mx\/index.php\/wp-json\/wp\/v2\/posts\/70116","targetHints":{"allow":["GET"]}}],"collection":[{"href":"https:\/\/www.grieta.org.mx\/index.php\/wp-json\/wp\/v2\/posts"}],"about":[{"href":"https:\/\/www.grieta.org.mx\/index.php\/wp-json\/wp\/v2\/types\/post"}],"author":[{"embeddable":true,"href":"https:\/\/www.grieta.org.mx\/index.php\/wp-json\/wp\/v2\/users\/2"}],"replies":[{"embeddable":true,"href":"https:\/\/www.grieta.org.mx\/index.php\/wp-json\/wp\/v2\/comments?post=70116"}],"version-history":[{"count":1,"href":"https:\/\/www.grieta.org.mx\/index.php\/wp-json\/wp\/v2\/posts\/70116\/revisions"}],"predecessor-version":[{"id":70118,"href":"https:\/\/www.grieta.org.mx\/index.php\/wp-json\/wp\/v2\/posts\/70116\/revisions\/70118"}],"wp:featuredmedia":[{"embeddable":true,"href":"https:\/\/www.grieta.org.mx\/index.php\/wp-json\/wp\/v2\/media\/70117"}],"wp:attachment":[{"href":"https:\/\/www.grieta.org.mx\/index.php\/wp-json\/wp\/v2\/media?parent=70116"}],"wp:term":[{"taxonomy":"category","embeddable":true,"href":"https:\/\/www.grieta.org.mx\/index.php\/wp-json\/wp\/v2\/categories?post=70116"},{"taxonomy":"post_tag","embeddable":true,"href":"https:\/\/www.grieta.org.mx\/index.php\/wp-json\/wp\/v2\/tags?post=70116"}],"curies":[{"name":"wp","href":"https:\/\/api.w.org\/{rel}","templated":true}]}}