{"id":70100,"date":"2024-10-19T11:45:30","date_gmt":"2024-10-19T17:45:30","guid":{"rendered":"https:\/\/www.grieta.org.mx\/?p=70100"},"modified":"2024-11-11T17:25:26","modified_gmt":"2024-11-11T23:25:26","slug":"la-lucha-de-pueblos-unidos-de-la-region-cholulteca-y-los-volcanes-amlo-se-fue-las-resistencias-se-quedan","status":"publish","type":"post","link":"https:\/\/www.grieta.org.mx\/index.php\/2024\/10\/19\/la-lucha-de-pueblos-unidos-de-la-region-cholulteca-y-los-volcanes-amlo-se-fue-las-resistencias-se-quedan\/","title":{"rendered":"La lucha de Pueblos Unidos de la Regi\u00f3n Cholulteca y los Volcanes. AMLO se fue, las resistencias se quedan\u2026"},"content":{"rendered":"<p><strong>La lucha de Pueblos Unidos de la Regi\u00f3n Cholulteca y los Volcanes.<\/strong><\/p>\n<p><strong>AMLO se fue, las resistencias se quedan\u2026<\/strong><\/p>\n<p><strong>Colectivo Grieta<\/strong><\/p>\n<p>El pasado 21 de septiembre del 2024, a solo unos d\u00edas del t\u00e9rmino del sexenio de Andr\u00e9s Manuel L\u00f3pez Obrador, los Pueblos Unidos de la Regi\u00f3n Cholulteca y de los Volcanes dieron a conocer una denuncia sobre el intento de desalojo, por parte de la CFE y de la polic\u00eda estatal, del plant\u00f3n que mantienen a las afueras del basurero de San Pedro Cholula. Un d\u00eda despu\u00e9s los Pueblos organizaron una faena de reforestaci\u00f3n alrededor del basurero \u201ccon la finalidad de ir sanando la tierra tan lastimada por los malos gobiernos y empresarios\u201d. En estas acciones se resume no s\u00f3lo la lucha de los Pueblos Unidos sino tambi\u00e9n el significado del slogan \u201cprimero los pobres\u201d con el que AMLO gobern\u00f3 durante seis a\u00f1os. Estas acciones desnudan c\u00f3mo en el arriba contin\u00faan y se intensifican las pol\u00edticas de explotaci\u00f3n, despojo, desprecio y represi\u00f3n para tratar de asegurar las ganancias del gran capital, en una palabra, la tormenta, mientras en el abajo, las resistencias de los pueblos, en silencio y con paciencia, defienden de manera colectiva sus diversas formas de existencia, es decir, luchan por la vida.<\/p>\n<p><strong>Frente a la imposici\u00f3n y la represi\u00f3n de arriba, la resistencia de abajo<\/strong><\/p>\n<p>En el a\u00f1o 2019 veinte pueblos nahuas del estado de Puebla articulados en la organizaci\u00f3n Pueblos Unidos de la Regi\u00f3n Cholulteca y los Volcanes comenzaron una lucha para resistir frente a la imposici\u00f3n de un recolector de aguas t\u00f3xicas de 28 empresas de la Ciudad textil en Huejotzingo que desembocar\u00eda en el r\u00edo Metlapanapa. Esto llev\u00f3 a la criminalizaci\u00f3n de la lucha de los pueblos y al encarcelamiento de Miguel L\u00f3pez Vega primer preso pol\u00edtico del sexenio de AMLO, as\u00ed como a la imputaci\u00f3n de los mismos cargos en contra de Alejandro Torres Chocolatl, A trav\u00e9s de la organizaci\u00f3n de Pueblos Unidos se logr\u00f3 la liberaci\u00f3n del compa\u00f1ero, as\u00ed como detener el megaproyecto asociado al Proyecto Integral Morelos. Sin embargo, la devastaci\u00f3n del r\u00edo estaba ya en marcha debido a la contaminaci\u00f3n generada por granjas porc\u00edcolas de la regi\u00f3n, as\u00ed como por ser afluente del r\u00edo Atoyac (uno de los m\u00e1s contaminados del pa\u00eds), lo que ha generado casos de leucemia entre la poblaci\u00f3n, por lo que la lucha por la cancelaci\u00f3n total de recolector, as\u00ed como por limpiar el r\u00edo contin\u00faa.<\/p>\n<p><a href=\"https:\/\/www.grieta.org.mx\/index.php\/2020\/04\/11\/el-horizonte-es-la-autonomia-companeros-del-municipio-rebelde-juan-c-bonilla-de-puebla-hablan-de-su-lucha-i-de-ii\/\" target=\"_blank\" rel=\"noopener\"> Tambi\u00e9n te puede interesar leer: El horizonte es la autonom\u00eda: Compa\u00f1eros del municipio rebelde Juan C. Bonilla de Puebla hablan de su lucha (I de II)<\/a>;<br \/>\n<a href=\"https:\/\/www.grieta.org.mx\/index.php\/2020\/04\/11\/el-horizonte-es-la-autonomia-companeros-del-municipio-rebelde-juan-c-bonilla-de-puebla-hablan-de-su-lucha-ii-de-ii\/\" target=\"_blank\" rel=\"noopener\">El horizonte es la autonom\u00eda: Compa\u00f1eros del municipio rebelde Juan C. Bonilla de Puebla hablan de su lucha (II de II)<\/a><\/p>\n<p>Posteriormente, en 2021 Pueblos Unidos, ejercieron su derecho a la autodeterminaci\u00f3n como pueblos originarios y el 22 de marzo decidieron cerrar la planta embotelladora de la Bonafont que durante veintinueve a\u00f1os se dedic\u00f3 al saqueo del agua de la regi\u00f3n producto del deshielo de los volcanes. Con un plat\u00f3n a las afueras de la planta, impidieron la extracci\u00f3n de los 20 litros de agua por segundo que realizaba la empresa, que hab\u00eda secado los mantos acu\u00edferos y pozos de los que se abastecen los pueblos nahuas. Desde el primer d\u00eda del cierre de la planta los pozos comenzaron a volver a llenarse.<\/p>\n<p>Tras cinco meses, los Pueblos tomaron las instalaciones el 8 de agosto y la antigua planta de saqueo fue convertida en la Casa de los Pueblos Altepelmecalli, en donde mantuvieron diferentes proyectos comunitarios como una biblioteca, una casa de salud, un centro cultural y diferentes trabajos agroecol\u00f3gicos, as\u00ed como un di\u00e1logo permanente con personas que luchan por la vida de todo el mundo. Entre otras actividades organizaron el 15 y 16 de enero del 2022 el \u201cEncuentro nacional contra gasoductos y proyectos de muerte\u201d. Apenas a un mes de celebrado el Encuentro, en la madrugada del 15 de febrero, la Guardia Nacional junto con la polic\u00eda estatal y municipal bajo las \u00f3rdenes morenistas, desalojaron violentamente la Casa de los Pueblos y devolvieron las instalaciones a la Bonafont. Las corporaciones policiaco-militares de la 4T defendieron, una vez m\u00e1s, los intereses de los capitalistas. A pesar de esta agresi\u00f3n, los pueblos mantuvieron la resistencia para evitar la continuaci\u00f3n del saqueo por parte de la empresa trasnacional.<\/p>\n<p>La Casa de los Pueblos fue destruida pero la resistencia y organizaci\u00f3n continu\u00f3, y tan solo un mes despu\u00e9s del desalojo, los Pueblos participaron en la Caravana por la Vida y la Madre Tierra y continuaron la defensa de su territorio. Esta continuaci\u00f3n del proceso organizativo llev\u00f3 a la reactivaci\u00f3n de los cargos en contra de Alejandro Torres Chocolatl, quien en 2023 fue levantado y desaparecido por unas horas para ser presentado posteriormente en la Fiscal\u00eda del estado. La organizaci\u00f3n de los Pueblos logr\u00f3 que Alejandro no pisara la c\u00e1rcel y que se retiraran los cargos en su contra. Finalmente, a partir del 21 de marzo del 2024 Pueblos Unidos junto con la organizaci\u00f3n Fraccionamientos contra el relleno sanitario y en Defensa de la Vida, comenzaron un plant\u00f3n a las afueras del basurero intermunicipal de Cholula, el cual, a trav\u00e9s de sus lixiviados contamina los mantos acu\u00edferos, tierras y aire de los pueblos.<\/p>\n<p><a href=\"http:\/\/www.grieta.org.mx\/wp-content\/uploads\/2024\/10\/61910ddc-6290-44d1-8898-90d42a1e5acf.jpeg\"><img decoding=\"async\" data-attachment-id=\"70184\" data-permalink=\"https:\/\/www.grieta.org.mx\/index.php\/2024\/10\/19\/la-lucha-de-pueblos-unidos-de-la-region-cholulteca-y-los-volcanes-amlo-se-fue-las-resistencias-se-quedan\/61910ddc-6290-44d1-8898-90d42a1e5acf\/\" data-orig-file=\"https:\/\/www.grieta.org.mx\/wp-content\/uploads\/2024\/10\/61910ddc-6290-44d1-8898-90d42a1e5acf.jpeg\" data-orig-size=\"1280,853\" data-comments-opened=\"0\" data-image-meta=\"{&quot;aperture&quot;:&quot;0&quot;,&quot;credit&quot;:&quot;&quot;,&quot;camera&quot;:&quot;&quot;,&quot;caption&quot;:&quot;&quot;,&quot;created_timestamp&quot;:&quot;0&quot;,&quot;copyright&quot;:&quot;&quot;,&quot;focal_length&quot;:&quot;0&quot;,&quot;iso&quot;:&quot;0&quot;,&quot;shutter_speed&quot;:&quot;0&quot;,&quot;title&quot;:&quot;&quot;,&quot;orientation&quot;:&quot;0&quot;}\" data-image-title=\"61910ddc-6290-44d1-8898-90d42a1e5acf\" data-image-description=\"\" data-image-caption=\"\" data-medium-file=\"https:\/\/www.grieta.org.mx\/wp-content\/uploads\/2024\/10\/61910ddc-6290-44d1-8898-90d42a1e5acf-300x200.jpeg\" data-large-file=\"https:\/\/www.grieta.org.mx\/wp-content\/uploads\/2024\/10\/61910ddc-6290-44d1-8898-90d42a1e5acf-1024x682.jpeg\" class=\"alignright size-full wp-image-70184\" src=\"http:\/\/www.grieta.org.mx\/wp-content\/uploads\/2024\/10\/61910ddc-6290-44d1-8898-90d42a1e5acf.jpeg\" alt=\"\" width=\"100%\" srcset=\"https:\/\/www.grieta.org.mx\/wp-content\/uploads\/2024\/10\/61910ddc-6290-44d1-8898-90d42a1e5acf.jpeg 1280w, https:\/\/www.grieta.org.mx\/wp-content\/uploads\/2024\/10\/61910ddc-6290-44d1-8898-90d42a1e5acf-300x200.jpeg 300w, https:\/\/www.grieta.org.mx\/wp-content\/uploads\/2024\/10\/61910ddc-6290-44d1-8898-90d42a1e5acf-1024x682.jpeg 1024w, https:\/\/www.grieta.org.mx\/wp-content\/uploads\/2024\/10\/61910ddc-6290-44d1-8898-90d42a1e5acf-768x512.jpeg 768w\" sizes=\"(max-width: 1280px) 100vw, 1280px\" \/><\/a><br \/>\nFotos: Archivo Pueblos Unidos de la Regi\u00f3n Cholulteca y los Volcanes<\/p>\n<p><strong>La lucha contra la \u201cmonta\u00f1a de muerte\u201d. <\/strong><\/p>\n<p>\u201cNuestra lucha en la actualidad es contra un basurero de muerte, una monta\u00f1a de muerte, un cerro de muerte, que son m\u00e1s de 600 mil toneladas de basura que fueron a echarnos a un lugar agr\u00edcola, donde hay casas, donde el agua que sale del subsuelo la utilizamos para la vida. Utilizamos herramientas tradicionales para hacer pozos noria y esa es el agua que tienen las comunidades, que tienen los pueblos y es la misma que recuperamos de la empresa Bonafont y que ahora est\u00e1 dando vida a los pueblos y de cualquier forma el Estado junto con las empresas la siguen contaminando\u201d afirma un integrante de Pueblos Unidos.<\/p>\n<p>Y contin\u00faa con su relato: \u201cAnteriormente en las comunidades no necesit\u00e1bamos de ir a la tienda para que te dieran bolsas sino como pueblos \u00edbamos a la tienda y te daban papel de estraza, no estaba este rollo de los pa\u00f1ales, porque las familias, por ejemplo, en mi caso crec\u00ed con pa\u00f1ales de tela que se lavaban y se volv\u00edan a poner, y si iban al mercado se llevaban la canasta, la bolsa de costal y s\u00ed hab\u00eda basura pero era m\u00ednima pero como fue creciendo el desmadre de los corredores industriales, de los trabajadores obreros que ya van a las tiendas de Walmart y todo ese rollo, pues ya la situaci\u00f3n es que hay un chingo de basura, principalmente en la ciudad, y esa nos la mandan al campo en la zona agr\u00edcola y contaminan tanto el aire, como la tierra y el agua, que es los que nos mantiene vivos\u201d.<\/p>\n<p>\u201cEntonces desde que llega el basurero a nuestras comunidades, llega de una manera mentirosa porque nos dijeron que iba a ser una recicladora, que iban a separar y lo que era basura la iban a triturar e iban a formar unas bolitas de pl\u00e1stico y se las iban a llevar para CEMEX, pero cuando nos dimos cuenta que se fue ampliando, ampliando, ampliando y despu\u00e9s hace como unos cuatro, cinco o seis a\u00f1os, ya estaban recibiendo cientos de toneladas o sea 500, 600 toneladas al d\u00eda, entonces la monta\u00f1a de basura iba creciendo, creciendo, creciendo tanto, que lo que es el cerrito de los Remedios d\u00f3nde est\u00e1n las pir\u00e1mides que tienen una base m\u00e1s amplia a nivel mundial, la comparamos y la monta\u00f1a de basura ya es m\u00e1s grande que la misma pir\u00e1mide\u201d.<\/p>\n<p>\u201cEntonces pues vemos que desde hace 15 a\u00f1os, desde el inicio no cumplieron con lo que marca sus mismas normas de SEMARNAT pero se agudiz\u00f3 hace 8 a\u00f1os, y de hecho ya hicimos la revisi\u00f3n de la informaci\u00f3n y vemos que desde hace ya tiempo el basurero estaba saturado. Entonces hicimos un reporte hacia la Secretar\u00eda del Medio Ambiente, hacia la PROFEPA y pues ellos dan la raz\u00f3n, dicen pues que ciertamente est\u00e1 colapsado, que no cumple con las normas y hacen una clausura, pero una clausura que en poco tiempo presion\u00f3 el empresario Cuauht\u00e9moc Ochoa, que por cierto acaba de ganar una senadur\u00eda por el estado de Hidalgo, y junto con el gobernador del estado Salom\u00f3n C\u00e9spedes y el Secretario de Gobernaci\u00f3n Javier Aquino Lim\u00f3n [todos pertenecientes a MORENA], citan a presidentes municipales, presionan a la misma SEMARNAT y retiran el sello de la clausura\u201d.<\/p>\n<p>\u201cVemos que hay una irregularidad, ya que se clausur\u00f3 el 15 de abril y el 29 de abril quitan los sellos en la madrugada, y quitan los sellos, no la PROFEPA que no da informaci\u00f3n de por qu\u00e9 los quitan, sino los trabajadores de la misma empresa Pro Faj hidro limpieza. Son los trabajadores quienes retiran los sellos de clausura y al otro d\u00eda viene la represi\u00f3n o sea quieren entrar los carros de basura junto con la polic\u00eda y vienen armados y nos disparan y fue as\u00ed la represi\u00f3n del 30 de abril y pues ahora lo que estamos pidiendo es la clausura total por parte de la PROFEPA. Y tambi\u00e9n por parte de nosotros, por una cuesti\u00f3n auton\u00f3mica, por asamblea, por autodeterminaci\u00f3n, por la ley de los pueblos pues decidimos que ese basurero ya est\u00e1 clausurado, no vamos a permitir un kilo de basura m\u00e1s, ese es el lema de los pueblos, \u00b4ni un kilo de basura m\u00e1s, clausura total\u00b4, que haya un abandono consciente a favor de los pueblos, que no nos dejen esa porquer\u00eda all\u00e1 en las comunicades porque los lixiviados van a llegar a los mantos acu\u00edferos, y estamos pidiendo tambi\u00e9n a trav\u00e9s de la PROFEPA que la empresa se haga responsable del gran da\u00f1o ambiental que tenemos y que haya el pago de una indemnizaci\u00f3n a las comunidades\u201d.<\/p>\n<p>A unos d\u00edas de que termin\u00f3 el sexenio de AMLO y de que empez\u00f3 el de Claudia Sheinbaum la lucha de los Pueblos Unidos de la Regi\u00f3n Cholulteca y de los Volcanes por la defensa de su territorio y el ejercicio de su autonom\u00eda como pueblos originarios contin\u00faa, actualmente contra el basurero intermunicipal de Cholula. Ellos tienen claro el proyecto de gobierno de la 4T y que frente a \u00e9ste las resistencias son la \u00fanica v\u00eda, como se\u00f1ala uno de sus integrantes:<\/p>\n<p>&nbsp;<\/p>\n<blockquote><p><em>\u201c(&#8230;)para mi el capital y esta tormenta siguen, no importando el color, no importando el gobierno, pues estamos sufriendo esta tormenta anunciada por nuestros hermanos zapatistas, pertenecientes al Congreso Nacional Ind\u00edgena, nuestros hermanos mayores, que abren el camino y que nos muestran el horizonte hacia donde podemos caminar organizadamente como pueblos originarios y as\u00ed estamos resistiendo en nuestras comunidades\u201d.<\/em><\/p><\/blockquote>\n<p>&nbsp;<\/p>\n","protected":false},"excerpt":{"rendered":"<p>La lucha de Pueblos Unidos de la Regi\u00f3n Cholulteca y los Volcanes. AMLO se fue, las resistencias se quedan\u2026 Colectivo Grieta El pasado 21 de septiembre del 2024, a solo &hellip; <a href=\"https:\/\/www.grieta.org.mx\/index.php\/2024\/10\/19\/la-lucha-de-pueblos-unidos-de-la-region-cholulteca-y-los-volcanes-amlo-se-fue-las-resistencias-se-quedan\/\" class=\"more-link\">Leer m\u00e1s<\/a><\/p>\n","protected":false},"author":2,"featured_media":70183,"comment_status":"closed","ping_status":"closed","sticky":false,"template":"","format":"standard","meta":{"ngg_post_thumbnail":0,"_jetpack_newsletter_access":"","_jetpack_dont_email_post_to_subs":false,"_jetpack_newsletter_tier_id":0,"_jetpack_memberships_contains_paywalled_content":false,"_jetpack_memberships_contains_paid_content":false,"footnotes":""},"categories":[3167,80,1775,1255,3037,2,26,3165],"tags":[463,628,4219,486,2947],"class_list":["post-70100","post","type-post","status-publish","format-standard","has-post-thumbnail","hentry","category-autonomias","category-cintillo","category-colectivo-grieta","category-contaminacion-del-agua-por-industria-en-puebla","category-lucha-por-la-autonomia-en-puebla","category-noticias-nacionales","category-puebla","category-resistencias","tag-defensa-del-agua","tag-defensa-del-territorio","tag-pueblos-unidos-de-la-region-cholulteca-y-los-volcanes","tag-rio-atoyac","tag-rio-metlapanapa","entry"],"jetpack_featured_media_url":"https:\/\/www.grieta.org.mx\/wp-content\/uploads\/2024\/10\/fe23d91d-1e02-456d-992e-c1ac63085f5a.jpeg","jetpack_sharing_enabled":true,"jetpack_shortlink":"https:\/\/wp.me\/p7ZJR4-ieE","jetpack_likes_enabled":false,"jetpack-related-posts":[{"id":71510,"url":"https:\/\/www.grieta.org.mx\/index.php\/2025\/04\/05\/cerramos-bonafont-y-el-agua-volvio-a-nuestras-casas-y-campos-pueblos-unidos-de-la-region-cholulteca-y-los-volcanes-defienden-el-territorio-puebla\/","url_meta":{"origin":70100,"position":0},"title":"&#8220;Cerramos Bonafont y el agua volvi\u00f3 a nuestras casas y campos&#8221;: Pueblos Unidos de la Regi\u00f3n Cholulteca y los Volcanes defienden el territorio. (Puebla)","author":"grieta","date":"5 abril, 2025","format":false,"excerpt":"Colectivo Grieta 01 de abril de 2025 Ciudad de M\u00e9xico.- En el marco de la presentaci\u00f3n del documental \"El origen de la lluvia\", compa\u00f1eras integrantes de Pueblos Unidos de la Regi\u00f3n Cholulteca y los Volcanes, compartieron su historia de defensa del territorio. Contaron c\u00f3mo frente al saqueo del agua por\u2026","rel":"","context":"En &quot;CINTILLO&quot;","block_context":{"text":"CINTILLO","link":"https:\/\/www.grieta.org.mx\/index.php\/category\/cintillo\/"},"img":{"alt_text":"","src":"https:\/\/i0.wp.com\/www.grieta.org.mx\/wp-content\/uploads\/2025\/03\/Diapositiva1.jpeg?resize=350%2C200&ssl=1","width":350,"height":200,"srcset":"https:\/\/i0.wp.com\/www.grieta.org.mx\/wp-content\/uploads\/2025\/03\/Diapositiva1.jpeg?resize=350%2C200&ssl=1 1x, https:\/\/i0.wp.com\/www.grieta.org.mx\/wp-content\/uploads\/2025\/03\/Diapositiva1.jpeg?resize=525%2C300&ssl=1 1.5x, https:\/\/i0.wp.com\/www.grieta.org.mx\/wp-content\/uploads\/2025\/03\/Diapositiva1.jpeg?resize=700%2C400&ssl=1 2x"},"classes":[]},{"id":61084,"url":"https:\/\/www.grieta.org.mx\/index.php\/2021\/08\/10\/pueblos-unidos-vamos-a-respetar-la-ley-pero-solo-la-ley-de-los-pueblos-puebla\/","url_meta":{"origin":70100,"position":1},"title":"Pueblos Unidos: \u201cVamos a respetar la ley pero solo la ley de los pueblos.\u201d (Puebla)","author":"Admin","date":"10 agosto, 2021","format":false,"excerpt":"En conferencia de prensa, los Pueblos Unidos exigieron a Barbosa, frenar la criminalizaci\u00f3n y castigar a las empresas responsables por la destrucci\u00f3n ambiental en sus territorios. Por Karen Castillo \/ Somoselmedio El d\u00eda 8 de agosto, los Pueblos Unidos de la regi\u00f3n Cholulteca y de los Volcanes tomaron las instalaciones\u2026","rel":"","context":"En &quot;Crisis del agua&quot;","block_context":{"text":"Crisis del agua","link":"https:\/\/www.grieta.org.mx\/index.php\/category\/temas-nacionales\/privatizacion-del-agua\/"},"img":{"alt_text":"","src":"https:\/\/i0.wp.com\/www.grieta.org.mx\/wp-content\/uploads\/2021\/08\/Pastel-9-1536x1121-1.jpg?resize=350%2C200&ssl=1","width":350,"height":200,"srcset":"https:\/\/i0.wp.com\/www.grieta.org.mx\/wp-content\/uploads\/2021\/08\/Pastel-9-1536x1121-1.jpg?resize=350%2C200&ssl=1 1x, https:\/\/i0.wp.com\/www.grieta.org.mx\/wp-content\/uploads\/2021\/08\/Pastel-9-1536x1121-1.jpg?resize=525%2C300&ssl=1 1.5x, https:\/\/i0.wp.com\/www.grieta.org.mx\/wp-content\/uploads\/2021\/08\/Pastel-9-1536x1121-1.jpg?resize=700%2C400&ssl=1 2x, https:\/\/i0.wp.com\/www.grieta.org.mx\/wp-content\/uploads\/2021\/08\/Pastel-9-1536x1121-1.jpg?resize=1050%2C600&ssl=1 3x, https:\/\/i0.wp.com\/www.grieta.org.mx\/wp-content\/uploads\/2021\/08\/Pastel-9-1536x1121-1.jpg?resize=1400%2C800&ssl=1 4x"},"classes":[]},{"id":63378,"url":"https:\/\/www.grieta.org.mx\/index.php\/2022\/02\/15\/guardia-nacional-y-policia-estatal-toman-altepelmecalli-la-casa-de-los-pueblos-puebla\/","url_meta":{"origin":70100,"position":2},"title":"Guardia Nacional y Polic\u00eda Estatal toman Altepelmecalli: La Casa de los Pueblos (Puebla)","author":"Admin","date":"15 febrero, 2022","format":false,"excerpt":"Convocan a los pueblos, organizaciones y colectivos de M\u00e9xico a realizar acciones de protesta para denunciar la represi\u00f3n que se vive hoy en d\u00eda, en recintos de CONAGUA, SEMARNAT, INPI, gobierno municipal, estatal y nacional, en la embajada de Francia (pa\u00eds de origen de la empresa Bonafont), y en instalaciones\u2026","rel":"","context":"En &quot;Crisis del agua&quot;","block_context":{"text":"Crisis del agua","link":"https:\/\/www.grieta.org.mx\/index.php\/category\/temas-nacionales\/privatizacion-del-agua\/"},"img":{"alt_text":"","src":"https:\/\/i0.wp.com\/www.grieta.org.mx\/wp-content\/uploads\/2022\/02\/FLqx59MXwAMyoTh.jpg?resize=350%2C200&ssl=1","width":350,"height":200,"srcset":"https:\/\/i0.wp.com\/www.grieta.org.mx\/wp-content\/uploads\/2022\/02\/FLqx59MXwAMyoTh.jpg?resize=350%2C200&ssl=1 1x, https:\/\/i0.wp.com\/www.grieta.org.mx\/wp-content\/uploads\/2022\/02\/FLqx59MXwAMyoTh.jpg?resize=525%2C300&ssl=1 1.5x, https:\/\/i0.wp.com\/www.grieta.org.mx\/wp-content\/uploads\/2022\/02\/FLqx59MXwAMyoTh.jpg?resize=700%2C400&ssl=1 2x"},"classes":[]},{"id":59913,"url":"https:\/\/www.grieta.org.mx\/index.php\/2021\/06\/23\/la-verdadera-historia-del-socavon-puebla\/","url_meta":{"origin":70100,"position":3},"title":"La verdadera historia del Socav\u00f3n (Puebla)","author":"Admin","date":"23 junio, 2021","format":false,"excerpt":"La historia del socav\u00f3n en Juan C. Bonilla es la de la extracci\u00f3n masiva de agua en pueblos nahuas de la regi\u00f3n cholulteca, Puebla. Ah\u00ed, las defensoras de la tierra impiden un desastre mayor con un plant\u00f3n que cerr\u00f3 la empresa Bonafont. Daliri Oropeza \/ Pie de p\u00e1gina Una mujer\u2026","rel":"","context":"En &quot;Crisis del agua&quot;","block_context":{"text":"Crisis del agua","link":"https:\/\/www.grieta.org.mx\/index.php\/category\/temas-nacionales\/privatizacion-del-agua\/"},"img":{"alt_text":"","src":"https:\/\/i0.wp.com\/www.grieta.org.mx\/wp-content\/uploads\/2021\/06\/microfilme-socavon-pueblos-nahuas-cholultecas.jpg?resize=350%2C200&ssl=1","width":350,"height":200,"srcset":"https:\/\/i0.wp.com\/www.grieta.org.mx\/wp-content\/uploads\/2021\/06\/microfilme-socavon-pueblos-nahuas-cholultecas.jpg?resize=350%2C200&ssl=1 1x, https:\/\/i0.wp.com\/www.grieta.org.mx\/wp-content\/uploads\/2021\/06\/microfilme-socavon-pueblos-nahuas-cholultecas.jpg?resize=525%2C300&ssl=1 1.5x"},"classes":[]},{"id":63388,"url":"https:\/\/www.grieta.org.mx\/index.php\/2022\/02\/16\/alto-a-la-represion-en-contra-de-los-pueblos-originarios-en-mexico\/","url_meta":{"origin":70100,"position":4},"title":"ALTO A LA REPRESI\u00d3N EN CONTRA DE LOS PUEBLOS ORIGINARIOS EN M\u00c9XICO","author":"grieta","date":"16 febrero, 2022","format":false,"excerpt":"ALTO A LA REPRESI\u00d3N EN CONTRA DE LOS PUEBLOS ORIGINARIOS EN M\u00c9XICO Al pueblo de M\u00e9xico, A los pueblos del mundo, A la Sexta Nacional e Internacional, A los medios de comunicaci\u00f3n Denunciamos que el d\u00eda 15 de febrero alrededor de las 1:20 horas, los cuerpos represivos del mal gobierno\u2026","rel":"","context":"En &quot;CINTILLO&quot;","block_context":{"text":"CINTILLO","link":"https:\/\/www.grieta.org.mx\/index.php\/category\/cintillo\/"},"img":{"alt_text":"","src":"https:\/\/i0.wp.com\/www.grieta.org.mx\/wp-content\/uploads\/2022\/02\/alto-represion.png?resize=350%2C200&ssl=1","width":350,"height":200,"srcset":"https:\/\/i0.wp.com\/www.grieta.org.mx\/wp-content\/uploads\/2022\/02\/alto-represion.png?resize=350%2C200&ssl=1 1x, https:\/\/i0.wp.com\/www.grieta.org.mx\/wp-content\/uploads\/2022\/02\/alto-represion.png?resize=525%2C300&ssl=1 1.5x, https:\/\/i0.wp.com\/www.grieta.org.mx\/wp-content\/uploads\/2022\/02\/alto-represion.png?resize=700%2C400&ssl=1 2x"},"classes":[]},{"id":63096,"url":"https:\/\/www.grieta.org.mx\/index.php\/2022\/01\/17\/se-lleva-a-cabo-el-encuentro-nacional-de-luchas-contra-gaseoductos-y-proyectos-de-muerte-en-la-casa-de-los-pueblos\/","url_meta":{"origin":70100,"position":5},"title":"Se lleva a cabo el Encuentro Nacional de Luchas Contra Gaseoductos y Proyectos de Muerte en la casa de los pueblos","author":"grieta","date":"17 enero, 2022","format":false,"excerpt":"Cristian Jim\u00e9nez Machorro \/ Somos el medio El pasado s\u00e1bado 15 y domingo 16 de enero, se llev\u00f3 a cabo el \u00abEncuentro Nacional de luchas contra Gaseoductos y Proyectos de Muerte\u00ab, en las instalaciones de \u00abAltepelmecalli, la Casa de los Pueblos\u00bb en Juan C. Bonilla, Puebla; en dicho evento participaron\u2026","rel":"","context":"En &quot;CINTILLO&quot;","block_context":{"text":"CINTILLO","link":"https:\/\/www.grieta.org.mx\/index.php\/category\/cintillo\/"},"img":{"alt_text":"","src":"https:\/\/i0.wp.com\/www.grieta.org.mx\/wp-content\/uploads\/2022\/01\/DSC5783-1024x688-1.png?resize=350%2C200&ssl=1","width":350,"height":200,"srcset":"https:\/\/i0.wp.com\/www.grieta.org.mx\/wp-content\/uploads\/2022\/01\/DSC5783-1024x688-1.png?resize=350%2C200&ssl=1 1x, https:\/\/i0.wp.com\/www.grieta.org.mx\/wp-content\/uploads\/2022\/01\/DSC5783-1024x688-1.png?resize=525%2C300&ssl=1 1.5x, https:\/\/i0.wp.com\/www.grieta.org.mx\/wp-content\/uploads\/2022\/01\/DSC5783-1024x688-1.png?resize=700%2C400&ssl=1 2x"},"classes":[]}],"_links":{"self":[{"href":"https:\/\/www.grieta.org.mx\/index.php\/wp-json\/wp\/v2\/posts\/70100","targetHints":{"allow":["GET"]}}],"collection":[{"href":"https:\/\/www.grieta.org.mx\/index.php\/wp-json\/wp\/v2\/posts"}],"about":[{"href":"https:\/\/www.grieta.org.mx\/index.php\/wp-json\/wp\/v2\/types\/post"}],"author":[{"embeddable":true,"href":"https:\/\/www.grieta.org.mx\/index.php\/wp-json\/wp\/v2\/users\/2"}],"replies":[{"embeddable":true,"href":"https:\/\/www.grieta.org.mx\/index.php\/wp-json\/wp\/v2\/comments?post=70100"}],"version-history":[{"count":1,"href":"https:\/\/www.grieta.org.mx\/index.php\/wp-json\/wp\/v2\/posts\/70100\/revisions"}],"predecessor-version":[{"id":70443,"href":"https:\/\/www.grieta.org.mx\/index.php\/wp-json\/wp\/v2\/posts\/70100\/revisions\/70443"}],"wp:featuredmedia":[{"embeddable":true,"href":"https:\/\/www.grieta.org.mx\/index.php\/wp-json\/wp\/v2\/media\/70183"}],"wp:attachment":[{"href":"https:\/\/www.grieta.org.mx\/index.php\/wp-json\/wp\/v2\/media?parent=70100"}],"wp:term":[{"taxonomy":"category","embeddable":true,"href":"https:\/\/www.grieta.org.mx\/index.php\/wp-json\/wp\/v2\/categories?post=70100"},{"taxonomy":"post_tag","embeddable":true,"href":"https:\/\/www.grieta.org.mx\/index.php\/wp-json\/wp\/v2\/tags?post=70100"}],"curies":[{"name":"wp","href":"https:\/\/api.w.org\/{rel}","templated":true}]}}