{"id":7006,"date":"2016-05-04T05:57:58","date_gmt":"2016-05-04T05:57:58","guid":{"rendered":"http:\/\/50.22.11.12\/~grietaor\/?p=7006"},"modified":"2016-05-05T05:26:18","modified_gmt":"2016-05-05T05:26:18","slug":"feminicidios-en-baja-california","status":"publish","type":"post","link":"https:\/\/www.grieta.org.mx\/index.php\/2016\/05\/04\/feminicidios-en-baja-california\/","title":{"rendered":"Feminicidios en Baja California"},"content":{"rendered":"<hr \/>\n<p><subtit>Movilizaciones en contra de feminicidios<\/subtit><\/p>\n<hr \/>\n<p><strong>04\/05\/16. <\/strong><a href=\"http:\/\/www.grieta.org.mx\/index.php\/2016\/05\/04\/hacen-planton-por-muerte-de-eneyda\/\">Hacen plant\u00f3n por muerte de Eneyda<\/a><br \/>\n<em>El Vig\u00eda<\/em><\/p>\n<p><strong>04\/05\/16. <\/strong><a href=\"http:\/\/www.grieta.org.mx\/index.php\/2016\/05\/04\/video-piden-justicia-para-eneyda\/\">[VIDEO] Piden justicia para Eneyda<\/a><br \/>\n<em>Zeta<\/em><\/p>\n<p><strong>04\/05\/16. <\/strong><a href=\"http:\/\/www.grieta.org.mx\/index.php\/2016\/05\/04\/ni-una-mas-advierten-companeros-de-eneyda\/\">&#8220;Ni una m\u00e1s&#8221;, advierten compa\u00f1eros de Eneyda<\/a><br \/>\n<em>La Jornada BC<\/em><\/p>\n<p><strong>06\/01\/16. <\/strong><a href=\"http:\/\/grieta.org.mx\/index.php\/2016\/01\/06\/alto-al-feminicidio-exigen-en-ensenada\/\">\u201c\u00a1Alto al feminicidio!\u201d, exigen en Ensenada<\/a><br \/>\n<em>La Jornada BC<\/em><\/p>\n<p><strong>21\/12\/15. <\/strong><a href=\"http:\/\/grieta.org.mx\/index.php\/2015\/12\/21\/exigen-justicia-por-asesinatos-de-mujeres\/\">Exigen justicia por asesinatos de mujeres<\/a><br \/>\n<em>Plex Mx<\/em><\/p>\n<p><strong>11\/10\/15. <\/strong><a href=\"http:\/\/grieta.org.mx\/index.php\/2015\/10\/11\/mujeres-abren-caja-de-pandora-en-bc-protestan-por-feminicidios\/\">Mujeres abren caja de Pandora en BC: protestan por feminicidios<\/a><br \/>\n<em>Lindero Norte<\/em><\/p>\n<hr \/>\n<p><subtit>Feminicidios en Baja California<\/subtit><\/p>\n<hr \/>\n<p><strong>24\/11\/15. <\/strong><a href=\"http:\/\/grieta.org.mx\/index.php\/2015\/11\/24\/pgje-sin-perspectiva-de-genero-al-indagar-homicidios\/\">PGJE, sin perspectiva de g\u00e9nero al indagar homicidios<\/a><br \/>\n<em>La Jornada BC<\/em><\/p>\n<p><strong>30\/07\/15. <\/strong><a href=\"http:\/\/grieta.org.mx\/index.php\/2015\/07\/30\/alerta-de-genero-congelada-en-guanajuato-morelos-michoacan-colima-y-baja-california-2\/\">Alerta de g\u00e9nero congelada en Guanajuato, Morelos, Michoac\u00e1n, Colima y Baja California<\/a><br \/>\n<em>Revoluci\u00f3n tres punto cero<\/em><\/p>\n<p><strong>02\/04\/15. <\/strong><a href=\"http:\/\/grieta.org.mx\/index.php\/2015\/04\/02\/consignan-en-tijuana-el-primer-caso-de-feminicidio-en-baja-california\/\">Consignan en Tijuana el primer caso de feminicidio en Baja California<\/a><br \/>\n<em>Lindero Norte<\/em><\/p>\n<p><strong>30\/03\/15. <\/strong><a href=\"http:\/\/grieta.org.mx\/index.php\/2015\/03\/30\/asesinan-a-la-decima-mujer-en-mexicali-en-2015\/\">Asesinan a la d\u00e9cima mujer en Mexicali en 2015<\/a><br \/>\n<em>La Jornada BC<\/em><\/p>\n<p><strong>25\/03\/15. <\/strong><a href=\"http:\/\/grieta.org.mx\/index.php\/2015\/03\/25\/se-incrementan-feminicidios-en-baja-california-y-guanajuato\/\">Se incrementan feminicidios en Baja California y Guanajuato<\/a><br \/>\n<em>La Jornada<\/em><\/p>\n","protected":false},"excerpt":{"rendered":"<p>Movilizaciones en contra de feminicidios 04\/05\/16. Hacen plant\u00f3n por muerte de Eneyda El Vig\u00eda 04\/05\/16. [VIDEO] Piden justicia para Eneyda Zeta 04\/05\/16. &#8220;Ni una m\u00e1s&#8221;, advierten compa\u00f1eros de Eneyda La &hellip; <a href=\"https:\/\/www.grieta.org.mx\/index.php\/2016\/05\/04\/feminicidios-en-baja-california\/\" class=\"more-link\">Leer m\u00e1s<\/a><\/p>\n","protected":false},"author":2,"featured_media":21928,"comment_status":"closed","ping_status":"open","sticky":false,"template":"","format":"standard","meta":{"ngg_post_thumbnail":0,"_jetpack_newsletter_access":"","_jetpack_dont_email_post_to_subs":false,"_jetpack_newsletter_tier_id":0,"_jetpack_memberships_contains_paywalled_content":false,"_jetpack_memberships_contains_paid_content":false,"footnotes":""},"categories":[5,84,83],"tags":[],"class_list":["post-7006","post","type-post","status-publish","format-standard","has-post-thumbnail","hentry","category-baja-california","category-feminicidios","category-temas-nacionales","entry"],"jetpack_featured_media_url":"https:\/\/www.grieta.org.mx\/wp-content\/uploads\/2018\/03\/14524434_1106112876131411_958039263622046936_o.jpg","jetpack_sharing_enabled":true,"jetpack_shortlink":"https:\/\/wp.me\/p7ZJR4-1P0","jetpack_likes_enabled":false,"jetpack-related-posts":[{"id":11723,"url":"https:\/\/www.grieta.org.mx\/index.php\/2016\/05\/04\/ni-una-mas-advierten-companeros-de-eneyda\/","url_meta":{"origin":7006,"position":0},"title":"&#8220;Ni una m\u00e1s&#8221;, advierten compa\u00f1eros de Eneyda","author":"grieta","date":"4 mayo, 2016","format":false,"excerpt":"Por Hamlet Alc\u00e1ntara Tijuana, 4 de mayo.- Al grito \"Somos la voz de Eneyda\", alrededor de 200 estudiantes de Medicina de la Universidad Aut\u00f3noma de Baja California (UABC) frente a las instalaciones de la Procuradur\u00eda General de Justicia del Estado (PGJE) para exigir justicia por el asesinato de la joven\u2026","rel":"","context":"En &quot;CINTILLO&quot;","block_context":{"text":"CINTILLO","link":"https:\/\/www.grieta.org.mx\/index.php\/category\/cintillo\/"},"img":{"alt_text":"","src":"https:\/\/i0.wp.com\/www.grieta.org.mx\/wp-content\/uploads\/2018\/03\/14524434_1106112876131411_958039263622046936_o.jpg?resize=350%2C200&ssl=1","width":350,"height":200,"srcset":"https:\/\/i0.wp.com\/www.grieta.org.mx\/wp-content\/uploads\/2018\/03\/14524434_1106112876131411_958039263622046936_o.jpg?resize=350%2C200&ssl=1 1x, https:\/\/i0.wp.com\/www.grieta.org.mx\/wp-content\/uploads\/2018\/03\/14524434_1106112876131411_958039263622046936_o.jpg?resize=525%2C300&ssl=1 1.5x, https:\/\/i0.wp.com\/www.grieta.org.mx\/wp-content\/uploads\/2018\/03\/14524434_1106112876131411_958039263622046936_o.jpg?resize=700%2C400&ssl=1 2x"},"classes":[]},{"id":11734,"url":"https:\/\/www.grieta.org.mx\/index.php\/2016\/05\/04\/hacen-planton-por-muerte-de-eneyda\/","url_meta":{"origin":7006,"position":1},"title":"Hacen plant\u00f3n por muerte de Eneyda","author":"grieta","date":"4 mayo, 2016","format":false,"excerpt":"Decenas de estudiantes de la Facultad de Medicina de la UABC, as\u00ed como familiares de Eneyda Ramos Noriega, iniciaron este martes un \"plant\u00f3n permanente\u201d que mantendr\u00e1n hasta que se resuelva el crimen. Lo realizan afuera de las oficinas del Ministerio P\u00fablico de Homicidios Dolosos. Pidieron que sea que presentado ante\u2026","rel":"","context":"En &quot;CINTILLO&quot;","block_context":{"text":"CINTILLO","link":"https:\/\/www.grieta.org.mx\/index.php\/category\/cintillo\/"},"img":{"alt_text":"","src":"https:\/\/i0.wp.com\/www.grieta.org.mx\/wp-content\/uploads\/2018\/03\/14524434_1106112876131411_958039263622046936_o.jpg?resize=350%2C200&ssl=1","width":350,"height":200,"srcset":"https:\/\/i0.wp.com\/www.grieta.org.mx\/wp-content\/uploads\/2018\/03\/14524434_1106112876131411_958039263622046936_o.jpg?resize=350%2C200&ssl=1 1x, https:\/\/i0.wp.com\/www.grieta.org.mx\/wp-content\/uploads\/2018\/03\/14524434_1106112876131411_958039263622046936_o.jpg?resize=525%2C300&ssl=1 1.5x, https:\/\/i0.wp.com\/www.grieta.org.mx\/wp-content\/uploads\/2018\/03\/14524434_1106112876131411_958039263622046936_o.jpg?resize=700%2C400&ssl=1 2x"},"classes":[]},{"id":11729,"url":"https:\/\/www.grieta.org.mx\/index.php\/2016\/05\/04\/video-piden-justicia-para-eneyda\/","url_meta":{"origin":7006,"position":2},"title":"[VIDEO] Piden justicia para Eneyda","author":"grieta","date":"4 mayo, 2016","format":false,"excerpt":"Familiares y amigos de la estudiante Eneyda Ramos Noriega, encontrada muerta el s\u00e1bado 30 de abril, acudieron esta tarde a la agencia del Ministerio P\u00fablico de Homicidios Dolosos, exigiendo justicia para el caso de la joven. \u201cQueremos justicia\u201d, \u201cQue pague el culpable\u201d, \u201cQueremos justicia para mi hija\u201d ; eran las\u2026","rel":"","context":"En &quot;CINTILLO&quot;","block_context":{"text":"CINTILLO","link":"https:\/\/www.grieta.org.mx\/index.php\/category\/cintillo\/"},"img":{"alt_text":"","src":"https:\/\/i0.wp.com\/www.grieta.org.mx\/wp-content\/uploads\/2018\/03\/14524434_1106112876131411_958039263622046936_o.jpg?resize=350%2C200&ssl=1","width":350,"height":200,"srcset":"https:\/\/i0.wp.com\/www.grieta.org.mx\/wp-content\/uploads\/2018\/03\/14524434_1106112876131411_958039263622046936_o.jpg?resize=350%2C200&ssl=1 1x, https:\/\/i0.wp.com\/www.grieta.org.mx\/wp-content\/uploads\/2018\/03\/14524434_1106112876131411_958039263622046936_o.jpg?resize=525%2C300&ssl=1 1.5x, https:\/\/i0.wp.com\/www.grieta.org.mx\/wp-content\/uploads\/2018\/03\/14524434_1106112876131411_958039263622046936_o.jpg?resize=700%2C400&ssl=1 2x"},"classes":[]},{"id":36875,"url":"https:\/\/www.grieta.org.mx\/index.php\/2019\/07\/22\/han-asesinado-a-117-mujeres-en-baja-california-solo-8-han-sido-tipificados-como-feminicidios\/","url_meta":{"origin":7006,"position":3},"title":"Han asesinado a 117 mujeres en Baja California; s\u00f3lo 8 han sido tipificados como Feminicidios","author":"grieta","date":"22 julio, 2019","format":false,"excerpt":"Antonio Heras \/ Lindero Norte Mexicali.- Primero se escucharon detonaciones de arma de fuego, despu\u00e9s silencio. Los vecinos del fraccionamiento Los Encinas del puerto de Ensenada descubrieron el cuerpo sin vida de una mujer en la avenida Fresnos. Se encuentra sin ser reconocida, aunque se le identific\u00f3 en las estad\u00edsticas\u2026","rel":"","context":"En &quot;Baja California&quot;","block_context":{"text":"Baja California","link":"https:\/\/www.grieta.org.mx\/index.php\/category\/noticias-nacionales\/baja-california\/"},"img":{"alt_text":"","src":"https:\/\/i0.wp.com\/www.grieta.org.mx\/wp-content\/uploads\/2019\/07\/images-100-1.jpeg?resize=350%2C200&ssl=1","width":350,"height":200,"srcset":"https:\/\/i0.wp.com\/www.grieta.org.mx\/wp-content\/uploads\/2019\/07\/images-100-1.jpeg?resize=350%2C200&ssl=1 1x, https:\/\/i0.wp.com\/www.grieta.org.mx\/wp-content\/uploads\/2019\/07\/images-100-1.jpeg?resize=525%2C300&ssl=1 1.5x, https:\/\/i0.wp.com\/www.grieta.org.mx\/wp-content\/uploads\/2019\/07\/images-100-1.jpeg?resize=700%2C400&ssl=1 2x"},"classes":[]},{"id":11741,"url":"https:\/\/www.grieta.org.mx\/index.php\/2016\/08\/31\/conflictos-laborales-en-baja-california\/","url_meta":{"origin":7006,"position":4},"title":"Movilizaciones de transportistas en Baja California","author":"grieta","date":"31 agosto, 2016","format":false,"excerpt":"31\/08\/16. Exigen taxistas m\u00e1s permisos a cambio de retirar propuesta de aumento de tarifa La Jornada BC 29\/07\/16. Detienen a l\u00edder de taxistas en huelga por manifestaci\u00f3n contra el alcalde Astiazar\u00e1n La Jornada BC 21\/07\/16. En huelga de hambre, 20 taxistas que exigen placas La Jornada BC 03\/05\/16. Protestan transportistas\u2026","rel":"","context":"En &quot;Baja California&quot;","block_context":{"text":"Baja California","link":"https:\/\/www.grieta.org.mx\/index.php\/category\/noticias-nacionales\/baja-california\/"},"img":{"alt_text":"","src":"https:\/\/i0.wp.com\/www.grieta.org.mx\/wp-content\/uploads\/2018\/03\/14524434_1106112876131411_958039263622046936_o.jpg?resize=350%2C200&ssl=1","width":350,"height":200,"srcset":"https:\/\/i0.wp.com\/www.grieta.org.mx\/wp-content\/uploads\/2018\/03\/14524434_1106112876131411_958039263622046936_o.jpg?resize=350%2C200&ssl=1 1x, https:\/\/i0.wp.com\/www.grieta.org.mx\/wp-content\/uploads\/2018\/03\/14524434_1106112876131411_958039263622046936_o.jpg?resize=525%2C300&ssl=1 1.5x, https:\/\/i0.wp.com\/www.grieta.org.mx\/wp-content\/uploads\/2018\/03\/14524434_1106112876131411_958039263622046936_o.jpg?resize=700%2C400&ssl=1 2x"},"classes":[]},{"id":9280,"url":"https:\/\/www.grieta.org.mx\/index.php\/2015\/10\/25\/feminicidios-en-guerrero\/","url_meta":{"origin":7006,"position":5},"title":"Feminicidios en Guerrero","author":"grieta","date":"25 octubre, 2015","format":false,"excerpt":"25\/10\/15. Aumentan los asesinatos de mujeres en Guerrero, las autoridades solo los consideran homicidio calificado Agencia Informativa Guerrero 04\/10\/15. Se agudizan feminicidios en el municipio de Chilapa Agencia Informativa Guerrero 03\/09\/15. Exigen justicia mujeres ind\u00edgenas de La Monta\u00f1a por feminicidios La Jornada 28\/08\/15. Alertan sobre el alto n\u00famero de feminicidios\u2026","rel":"","context":"En &quot;CINTILLO&quot;","block_context":{"text":"CINTILLO","link":"https:\/\/www.grieta.org.mx\/index.php\/category\/cintillo\/"},"img":{"alt_text":"","src":"https:\/\/i0.wp.com\/www.grieta.org.mx\/wp-content\/uploads\/2018\/03\/14524434_1106112876131411_958039263622046936_o.jpg?resize=350%2C200&ssl=1","width":350,"height":200,"srcset":"https:\/\/i0.wp.com\/www.grieta.org.mx\/wp-content\/uploads\/2018\/03\/14524434_1106112876131411_958039263622046936_o.jpg?resize=350%2C200&ssl=1 1x, https:\/\/i0.wp.com\/www.grieta.org.mx\/wp-content\/uploads\/2018\/03\/14524434_1106112876131411_958039263622046936_o.jpg?resize=525%2C300&ssl=1 1.5x, https:\/\/i0.wp.com\/www.grieta.org.mx\/wp-content\/uploads\/2018\/03\/14524434_1106112876131411_958039263622046936_o.jpg?resize=700%2C400&ssl=1 2x"},"classes":[]}],"_links":{"self":[{"href":"https:\/\/www.grieta.org.mx\/index.php\/wp-json\/wp\/v2\/posts\/7006","targetHints":{"allow":["GET"]}}],"collection":[{"href":"https:\/\/www.grieta.org.mx\/index.php\/wp-json\/wp\/v2\/posts"}],"about":[{"href":"https:\/\/www.grieta.org.mx\/index.php\/wp-json\/wp\/v2\/types\/post"}],"author":[{"embeddable":true,"href":"https:\/\/www.grieta.org.mx\/index.php\/wp-json\/wp\/v2\/users\/2"}],"replies":[{"embeddable":true,"href":"https:\/\/www.grieta.org.mx\/index.php\/wp-json\/wp\/v2\/comments?post=7006"}],"version-history":[{"count":1,"href":"https:\/\/www.grieta.org.mx\/index.php\/wp-json\/wp\/v2\/posts\/7006\/revisions"}],"predecessor-version":[{"id":11740,"href":"https:\/\/www.grieta.org.mx\/index.php\/wp-json\/wp\/v2\/posts\/7006\/revisions\/11740"}],"wp:featuredmedia":[{"embeddable":true,"href":"https:\/\/www.grieta.org.mx\/index.php\/wp-json\/wp\/v2\/media\/21928"}],"wp:attachment":[{"href":"https:\/\/www.grieta.org.mx\/index.php\/wp-json\/wp\/v2\/media?parent=7006"}],"wp:term":[{"taxonomy":"category","embeddable":true,"href":"https:\/\/www.grieta.org.mx\/index.php\/wp-json\/wp\/v2\/categories?post=7006"},{"taxonomy":"post_tag","embeddable":true,"href":"https:\/\/www.grieta.org.mx\/index.php\/wp-json\/wp\/v2\/tags?post=7006"}],"curies":[{"name":"wp","href":"https:\/\/api.w.org\/{rel}","templated":true}]}}