{"id":70030,"date":"2024-09-30T11:28:18","date_gmt":"2024-09-30T17:28:18","guid":{"rendered":"https:\/\/www.grieta.org.mx\/?p=70030"},"modified":"2024-10-06T11:31:42","modified_gmt":"2024-10-06T17:31:42","slug":"ley-de-ausentes-sin-cumplimiento-jalisco","status":"publish","type":"post","link":"https:\/\/www.grieta.org.mx\/index.php\/2024\/09\/30\/ley-de-ausentes-sin-cumplimiento-jalisco\/","title":{"rendered":"Ley de ausentes, sin cumplimiento (Jalisco)"},"content":{"rendered":"<p>Imagen: \u00a0Michelle V\u00e1zquez<\/p>\n<p>Lauro Rodr\u00edguez &#8211; Jessica Pilar P\u00e9rez \/ Noticias NTR<\/p>\n<p>Como parte de la campa\u00f1a El Sexenio de las Desapariciones, el colectivo Por Amor a Ellxs y el Centro de Justicia para la Paz y el Desarrollo (Cepad), con el apoyo de Zona Docs, recriminaron al gobierno de Jalisco el desd\u00e9n hacia la Ley de Personas Desaparecidas del Estado de Jalisco.<\/p>\n<p>Integrantes del colectivo, molestas, se\u00f1alaron que pese al trabajo que realizaron las familias en conjunto con las autoridades para crear la ley, actualmente \u00e9sta es letra muerta, pues a los funcionarios encargados de las \u00e1reas de b\u00fasqueda e investigaci\u00f3n no les interesa su cumplimiento.<\/p>\n<p>La ley, avalada en febrero de 2021, es calificada como ejemplar a nivel nacional. Los colectivos, entre los que est\u00e1 Por Amor a Ellxs, rechazaron la propuesta de ley del gobernador Enrique Alfaro Ram\u00edrez y con base en protestas, incluida una clausura del Congreso del Estado, consiguieron que se les incluyera en el proceso.<\/p>\n<p>Tras meses de reuniones de trabajo con el gobierno estatal y legisladores, crearon un proyecto con el que las familias estuvieron conformes, pero ahora, pese a las exigencias, las autoridades ignoran el documento.<\/p>\n<p>El pretexto que los funcionarios les dan a las familias para no apegarse a la legislaci\u00f3n es que est\u00e1n saturados de trabajo, pues la crisis los rebasa y les es imposible generar acciones de b\u00fasqueda inmediata, investigaci\u00f3n y participaci\u00f3n conjunta.<\/p>\n<p>La campa\u00f1a El Sexenio de las Desapariciones inici\u00f3 hace tres semanas y su objetivo es evidenciar c\u00f3mo el mandatario estatal les fall\u00f3 a las familias de personas desaparecidas al incumplir sus promesas de campa\u00f1a.<\/p>\n<h2>PEGAS: TRES A\u00d1OS Y CONTINUAR\u00c1N<\/h2>\n<p>El colectivo Luz de Esperanza cumplir\u00e1 este 3 de octubre tres a\u00f1os de pegar, cada fin de semana, fichas de desaparecidos. Previo al aniversario, ayer se realiz\u00f3 una jornada en el Parque Revoluci\u00f3n y la avenida Ju\u00e1rez.<\/p>\n<p>El vocero de la agrupaci\u00f3n, H\u00e9ctor Flores Gonz\u00e1lez, mencion\u00f3 que \u00e9sta lleva 156 actos de pega de fichas, incluido el de ayer, cuando colocaron 2 mil 800.<\/p>\n<p>\u201cSiempre (las jornadas son) con la misma intenci\u00f3n: que (los tapat\u00edos) puedan reconocer a alguien, alguno de los rostros que pegamos y darnos informaci\u00f3n de manera an\u00f3nima para lograr su identificaci\u00f3n, y tambi\u00e9n para visibilizar c\u00f3mo est\u00e1 el problema\u201d, afirm\u00f3.<\/p>\n<p>Anticip\u00f3 que acciones de difusi\u00f3n como \u00e9sta continuar\u00e1n hasta que los gobiernos municipales y estatal cumplan con su obligaci\u00f3n de buscar a las miles de personas desaparecidas en la entidad.<\/p>\n<p><a href=\"https:\/\/www.ntrguadalajara.com\/post.php?id_nota=219944\">https:\/\/www.ntrguadalajara.com\/post.php?id_nota=219944<\/a><\/p>\n","protected":false},"excerpt":{"rendered":"<p>Imagen: \u00a0Michelle V\u00e1zquez Lauro Rodr\u00edguez &#8211; Jessica Pilar P\u00e9rez \/ Noticias NTR Como parte de la campa\u00f1a El Sexenio de las Desapariciones, el colectivo Por Amor a Ellxs y el &hellip; <a href=\"https:\/\/www.grieta.org.mx\/index.php\/2024\/09\/30\/ley-de-ausentes-sin-cumplimiento-jalisco\/\" class=\"more-link\">Leer m\u00e1s<\/a><\/p>\n","protected":false},"author":2,"featured_media":70031,"comment_status":"closed","ping_status":"closed","sticky":false,"template":"","format":"standard","meta":{"ngg_post_thumbnail":0,"_jetpack_newsletter_access":"","_jetpack_dont_email_post_to_subs":false,"_jetpack_newsletter_tier_id":0,"_jetpack_memberships_contains_paywalled_content":false,"_jetpack_memberships_contains_paid_content":false,"footnotes":""},"categories":[80,87,1032,20,2,83],"tags":[3791,1828,3018,121,1668,3975,1228],"class_list":["post-70030","post","type-post","status-publish","format-standard","has-post-thumbnail","hentry","category-cintillo","category-desaparecidos","category-desaparecidos-en-jalisco","category-jalisco","category-noticias-nacionales","category-temas-nacionales","tag-acciones-por-desaparecidos","tag-busqueda-de-desaparecidos","tag-colectivos-de-busqueda-de-desaparecidos","tag-desaparecidos","tag-familiares-de-desaparecidos","tag-madres-de-desaparecidos","tag-protestas-por-desaparecidos","entry"],"jetpack_featured_media_url":"https:\/\/www.grieta.org.mx\/wp-content\/uploads\/2024\/10\/2024-09-29_10-09-17___6421.jpg","jetpack_sharing_enabled":true,"jetpack_shortlink":"https:\/\/wp.me\/p7ZJR4-idw","jetpack_likes_enabled":false,"jetpack-related-posts":[{"id":41484,"url":"https:\/\/www.grieta.org.mx\/index.php\/2019\/11\/19\/muy-grave-el-retraso-en-la-elaboracion-de-leyes-par-desaparecidos-en-jalisco-cepad\/","url_meta":{"origin":70030,"position":0},"title":"Muy grave, el retraso en la elaboraci\u00f3n de leyes par desaparecidos en Jalisco: Cepad","author":"grieta","date":"19 noviembre, 2019","format":false,"excerpt":"Foto: UDGTV Radio UdeG Guadalajara \/ UDGTV Ha pasado m\u00e1s de un mes desde que el gobernador Enrique Alfaro present\u00f3 p\u00fablicamente, el 7 de octubre, las tres iniciativas de ley pendientes en materia de desaparecidos (Ley de Personas Desaparecidas del estado de Jalisco, Ley para la Declaraci\u00f3n Especial de Ausencia\u2026","rel":"","context":"En &quot;CINTILLO&quot;","block_context":{"text":"CINTILLO","link":"https:\/\/www.grieta.org.mx\/index.php\/category\/cintillo\/"},"img":{"alt_text":"","src":"https:\/\/i0.wp.com\/www.grieta.org.mx\/wp-content\/uploads\/2019\/11\/Marcha-desaparecidos-26-abril-Celia-Ni%C3%B1o-1-1068x801.jpg?resize=350%2C200&ssl=1","width":350,"height":200,"srcset":"https:\/\/i0.wp.com\/www.grieta.org.mx\/wp-content\/uploads\/2019\/11\/Marcha-desaparecidos-26-abril-Celia-Ni%C3%B1o-1-1068x801.jpg?resize=350%2C200&ssl=1 1x, https:\/\/i0.wp.com\/www.grieta.org.mx\/wp-content\/uploads\/2019\/11\/Marcha-desaparecidos-26-abril-Celia-Ni%C3%B1o-1-1068x801.jpg?resize=525%2C300&ssl=1 1.5x, https:\/\/i0.wp.com\/www.grieta.org.mx\/wp-content\/uploads\/2019\/11\/Marcha-desaparecidos-26-abril-Celia-Ni%C3%B1o-1-1068x801.jpg?resize=700%2C400&ssl=1 2x, https:\/\/i0.wp.com\/www.grieta.org.mx\/wp-content\/uploads\/2019\/11\/Marcha-desaparecidos-26-abril-Celia-Ni%C3%B1o-1-1068x801.jpg?resize=1050%2C600&ssl=1 3x"},"classes":[]},{"id":52662,"url":"https:\/\/www.grieta.org.mx\/index.php\/2020\/08\/11\/https-www-proceso-com-mx-642817-familiares-de-desaparecidos-rechazan-plazo-del-congreso-de-jalisco-para-discutir-iniciativas-de-ley\/","url_meta":{"origin":70030,"position":1},"title":"Familiares de desaparecidos rechazan plazo del Congreso de Jalisco para discutir iniciativas de ley (Jalisco)","author":"grieta","date":"11 agosto, 2020","format":false,"excerpt":"Foto: Twitter Gloria Reza M. \/ Proceso GUADALAJARA, Jal. (apro).- Ocho organizaciones y familias de desaparecidos rechazaron el plazo que estableci\u00f3 el Congreso local para discutir tres iniciativas de ley: de Personas Desaparecidas, de Declaraci\u00f3n Especial de Ausencia por Desaparici\u00f3n y de V\u00edctimas del Estado de Jalisco. Calificaron como una\u2026","rel":"","context":"En &quot;CINTILLO&quot;","block_context":{"text":"CINTILLO","link":"https:\/\/www.grieta.org.mx\/index.php\/category\/cintillo\/"},"img":{"alt_text":"","src":"https:\/\/i0.wp.com\/www.grieta.org.mx\/wp-content\/uploads\/2018\/03\/14524434_1106112876131411_958039263622046936_o.jpg?resize=350%2C200&ssl=1","width":350,"height":200,"srcset":"https:\/\/i0.wp.com\/www.grieta.org.mx\/wp-content\/uploads\/2018\/03\/14524434_1106112876131411_958039263622046936_o.jpg?resize=350%2C200&ssl=1 1x, https:\/\/i0.wp.com\/www.grieta.org.mx\/wp-content\/uploads\/2018\/03\/14524434_1106112876131411_958039263622046936_o.jpg?resize=525%2C300&ssl=1 1.5x, https:\/\/i0.wp.com\/www.grieta.org.mx\/wp-content\/uploads\/2018\/03\/14524434_1106112876131411_958039263622046936_o.jpg?resize=700%2C400&ssl=1 2x"},"classes":[]},{"id":49366,"url":"https:\/\/www.grieta.org.mx\/index.php\/2020\/05\/09\/madres-de-desaparecidos-se-manifestaron-para-exigir-su-localizacion-jalisco\/","url_meta":{"origin":70030,"position":2},"title":"Madres de desaparecidos se manifestaron para exigir su localizaci\u00f3n (Jalisco)","author":"grieta","date":"9 mayo, 2020","format":false,"excerpt":"Foto: Cortes\u00eda Fundej Elizabeth Ibal \/ El Occidental Para decenas de mujeres no hay nada qu\u00e9 festejar en este D\u00eda de las Madres, ya que sus hijos les fueron arrebatados y hasta ahora nada se sabe de su paradero. Para que su causa no sea olvidada, madres de familia de\u2026","rel":"","context":"En &quot;CINTILLO&quot;","block_context":{"text":"CINTILLO","link":"https:\/\/www.grieta.org.mx\/index.php\/category\/cintillo\/"},"img":{"alt_text":"","src":"https:\/\/i0.wp.com\/www.grieta.org.mx\/wp-content\/uploads\/2020\/05\/Madres-de-manifestaci%C3%B3n.jpg?resize=350%2C200&ssl=1","width":350,"height":200,"srcset":"https:\/\/i0.wp.com\/www.grieta.org.mx\/wp-content\/uploads\/2020\/05\/Madres-de-manifestaci%C3%B3n.jpg?resize=350%2C200&ssl=1 1x, https:\/\/i0.wp.com\/www.grieta.org.mx\/wp-content\/uploads\/2020\/05\/Madres-de-manifestaci%C3%B3n.jpg?resize=525%2C300&ssl=1 1.5x, https:\/\/i0.wp.com\/www.grieta.org.mx\/wp-content\/uploads\/2020\/05\/Madres-de-manifestaci%C3%B3n.jpg?resize=700%2C400&ssl=1 2x"},"classes":[]},{"id":39368,"url":"https:\/\/www.grieta.org.mx\/index.php\/2019\/09\/13\/espera-colectivo-desaparecidos-de-colima-localizar-a-sus-familiares-en-jalisco\/","url_meta":{"origin":70030,"position":3},"title":"Espera colectivo Desaparecidos de Colima localizar a sus familiares en Jalisco","author":"grieta","date":"13 septiembre, 2019","format":false,"excerpt":"Foto: El Comentario Juan Ram\u00f3n Jim\u00e9nez Fuentes \/ El Comentario La representante del\u00a0colectivo Desaparecidos de Colima, Carmen Sep\u00falveda, dio a conocer que\u00a0familiares\u00a0de personas desaparecidas\u00a0viajar\u00e1n\u00a0 al estado de Jalisco, luego de que se dio a conocer el\u00a0hallazgo de m\u00e1s de 115 bolsas\u00a0que conten\u00edan\u00a0restos humanos\u00a0en el municipio de\u00a0Zapopan. De acuerdo a lo\u2026","rel":"","context":"En &quot;CINTILLO&quot;","block_context":{"text":"CINTILLO","link":"https:\/\/www.grieta.org.mx\/index.php\/category\/cintillo\/"},"img":{"alt_text":"","src":"https:\/\/i0.wp.com\/www.grieta.org.mx\/wp-content\/uploads\/2019\/09\/11ad6d8c109d4d0d3718085ea877bbc8-6.jpg?resize=350%2C200&ssl=1","width":350,"height":200,"srcset":"https:\/\/i0.wp.com\/www.grieta.org.mx\/wp-content\/uploads\/2019\/09\/11ad6d8c109d4d0d3718085ea877bbc8-6.jpg?resize=350%2C200&ssl=1 1x, https:\/\/i0.wp.com\/www.grieta.org.mx\/wp-content\/uploads\/2019\/09\/11ad6d8c109d4d0d3718085ea877bbc8-6.jpg?resize=525%2C300&ssl=1 1.5x, https:\/\/i0.wp.com\/www.grieta.org.mx\/wp-content\/uploads\/2019\/09\/11ad6d8c109d4d0d3718085ea877bbc8-6.jpg?resize=700%2C400&ssl=1 2x"},"classes":[]},{"id":64600,"url":"https:\/\/www.grieta.org.mx\/index.php\/2022\/07\/20\/condiciona-fiscalia-busqueda-de-desaparecidos-no-quieren-la-participacion-de-colectivos-denuncian-madres-buscadoras-jalisco\/","url_meta":{"origin":70030,"position":4},"title":"Condiciona Fiscal\u00eda b\u00fasqueda de desaparecidos; no quieren la participaci\u00f3n de colectivos denuncian madres buscadoras (Jalisco, Sonora)","author":"grieta","date":"20 julio, 2022","format":false,"excerpt":"Imagen: Especial Lauro Rodr\u00edguez \/ El Diario NTR Las Madres Buscadoras de Sonora acusaron que la Fiscal\u00eda del Estado condicion\u00f3 la b\u00fasqueda en campo. Mencion\u00f3 que se niegan a acompa\u00f1ar acciones colectivas. Ceci Patricia Flores Armenta, lideresa del colectivo Madres Buscadoras de Sonora, mencion\u00f3 que extendieron su estancia en Jalisco\u2026","rel":"","context":"En &quot;CINTILLO&quot;","block_context":{"text":"CINTILLO","link":"https:\/\/www.grieta.org.mx\/index.php\/category\/cintillo\/"},"img":{"alt_text":"","src":"https:\/\/i0.wp.com\/www.grieta.org.mx\/wp-content\/uploads\/2022\/07\/2022-07-20_10-07-27___612.png?resize=350%2C200&ssl=1","width":350,"height":200,"srcset":"https:\/\/i0.wp.com\/www.grieta.org.mx\/wp-content\/uploads\/2022\/07\/2022-07-20_10-07-27___612.png?resize=350%2C200&ssl=1 1x, https:\/\/i0.wp.com\/www.grieta.org.mx\/wp-content\/uploads\/2022\/07\/2022-07-20_10-07-27___612.png?resize=525%2C300&ssl=1 1.5x, https:\/\/i0.wp.com\/www.grieta.org.mx\/wp-content\/uploads\/2022\/07\/2022-07-20_10-07-27___612.png?resize=700%2C400&ssl=1 2x"},"classes":[]},{"id":60069,"url":"https:\/\/www.grieta.org.mx\/index.php\/2021\/06\/17\/familias-urgen-al-ejecutivo-a-garantizar-recursos-para-implementar-ley-de-desaparecidos-jalisco\/","url_meta":{"origin":70030,"position":5},"title":"Familias urgen al Ejecutivo a garantizar recursos para implementar Ley de Desaparecidos (Jalisco)","author":"grieta","date":"17 junio, 2021","format":false,"excerpt":"Foto: F\u00e1tima Aguilar (Archivo) Guadalajara, Jalisco.\u00a0Las familias cumplieron con su parte al trabajar para construir la mejor Ley Estatal de Desaparecidos en el pa\u00eds, as\u00ed como una m\u00e1s sobre Declaraci\u00f3n Especial de Ausencia, pero el gobierno no hace su parte al dejar la implementaci\u00f3n de las mismas sin presupuesto suficiente,\u2026","rel":"","context":"En &quot;CINTILLO&quot;","block_context":{"text":"CINTILLO","link":"https:\/\/www.grieta.org.mx\/index.php\/category\/cintillo\/"},"img":{"alt_text":"","src":"https:\/\/i0.wp.com\/www.grieta.org.mx\/wp-content\/uploads\/2021\/06\/Madres-de-desaparecidos-Fatima-Aguilar-560x420-1.jpeg?resize=350%2C200&ssl=1","width":350,"height":200,"srcset":"https:\/\/i0.wp.com\/www.grieta.org.mx\/wp-content\/uploads\/2021\/06\/Madres-de-desaparecidos-Fatima-Aguilar-560x420-1.jpeg?resize=350%2C200&ssl=1 1x, https:\/\/i0.wp.com\/www.grieta.org.mx\/wp-content\/uploads\/2021\/06\/Madres-de-desaparecidos-Fatima-Aguilar-560x420-1.jpeg?resize=525%2C300&ssl=1 1.5x"},"classes":[]}],"_links":{"self":[{"href":"https:\/\/www.grieta.org.mx\/index.php\/wp-json\/wp\/v2\/posts\/70030","targetHints":{"allow":["GET"]}}],"collection":[{"href":"https:\/\/www.grieta.org.mx\/index.php\/wp-json\/wp\/v2\/posts"}],"about":[{"href":"https:\/\/www.grieta.org.mx\/index.php\/wp-json\/wp\/v2\/types\/post"}],"author":[{"embeddable":true,"href":"https:\/\/www.grieta.org.mx\/index.php\/wp-json\/wp\/v2\/users\/2"}],"replies":[{"embeddable":true,"href":"https:\/\/www.grieta.org.mx\/index.php\/wp-json\/wp\/v2\/comments?post=70030"}],"version-history":[{"count":1,"href":"https:\/\/www.grieta.org.mx\/index.php\/wp-json\/wp\/v2\/posts\/70030\/revisions"}],"predecessor-version":[{"id":70032,"href":"https:\/\/www.grieta.org.mx\/index.php\/wp-json\/wp\/v2\/posts\/70030\/revisions\/70032"}],"wp:featuredmedia":[{"embeddable":true,"href":"https:\/\/www.grieta.org.mx\/index.php\/wp-json\/wp\/v2\/media\/70031"}],"wp:attachment":[{"href":"https:\/\/www.grieta.org.mx\/index.php\/wp-json\/wp\/v2\/media?parent=70030"}],"wp:term":[{"taxonomy":"category","embeddable":true,"href":"https:\/\/www.grieta.org.mx\/index.php\/wp-json\/wp\/v2\/categories?post=70030"},{"taxonomy":"post_tag","embeddable":true,"href":"https:\/\/www.grieta.org.mx\/index.php\/wp-json\/wp\/v2\/tags?post=70030"}],"curies":[{"name":"wp","href":"https:\/\/api.w.org\/{rel}","templated":true}]}}