{"id":70009,"date":"2024-09-30T16:40:50","date_gmt":"2024-09-30T22:40:50","guid":{"rendered":"https:\/\/www.grieta.org.mx\/?p=70009"},"modified":"2024-10-05T16:59:07","modified_gmt":"2024-10-05T22:59:07","slug":"retienen-dos-autobuses-y-cierran-calles-en-chuburna-yucatan","status":"publish","type":"post","link":"https:\/\/www.grieta.org.mx\/index.php\/2024\/09\/30\/retienen-dos-autobuses-y-cierran-calles-en-chuburna-yucatan\/","title":{"rendered":"Retienen dos autobuses y cierran calles en Chuburn\u00e1 (Yucat\u00e1n)"},"content":{"rendered":"<p>Por Herbeth Escalante \/ Fotos de Lorenzo Hern\u00e1ndez \/ Haz Ruido<\/p>\n<blockquote><p>Las y los vecinos intensificaron sus protestas porque llevan cuatro d\u00edas sin energ\u00eda el\u00e9ctrica<\/p><\/blockquote>\n<p>M\u00e9rida, Yucat\u00e1n, 30 de septiembre de 2024.- Vecinas y vecinos de la colonia Chuburn\u00e1 Inn bloquearon diversas calles de acceso y retuvieron dos camiones de transporte urbano Va y Ven, debido a que desde hace cuatro d\u00edas sin energ\u00eda el\u00e9ctrica.<\/p>\n<p>Recalcaron que intensificar\u00e1n sus manifestaciones y tomar medidas m\u00e1s dr\u00e1sticas hasta que la Comisi\u00f3n Federal de Electricidad (CFE) restablezca el servicio el\u00e9ctrico.<\/p>\n<p>https:\/\/x.com\/HazRuidoYuc\/status\/1840782478354633078?ref_src=twsrc%5Etfw%7Ctwcamp%5Etweetembed%7Ctwterm%5E1840782478354633078%7Ctwgr%5E746960844216be056b73bce1e13bab4574c777ac%7Ctwcon%5Es1_c10&#038;ref_url=https%3A%2F%2Fwww.hazruido.mx%2Freportes%2Fretienen-dos-autobuses-y-cierran-calles-en-chuburna%2F<\/p>\n<p>\u201cYa estamos hartos de que siempre nosotros somos lo que estamos padeciendo, toda la manzana se est\u00e1 sin luz desde el viernes, son m\u00e1s de 40 vivienda sin luz\u201d, precis\u00f3 uno de los afectados.<\/p>\n<p>La protesta ha generado afectaciones viales en colonias cercanas, ya que est\u00e1n cerradas al menos cinco calles de Chuburn\u00e1 Inn.<\/p>\n<a href=\"http:\/\/www.grieta.org.mx\/wp-content\/uploads\/2024\/10\/Retienen2-e1728168951181.jpg\"><img loading=\"lazy\" decoding=\"async\" data-attachment-id=\"70011\" data-permalink=\"https:\/\/www.grieta.org.mx\/index.php\/2024\/09\/30\/retienen-dos-autobuses-y-cierran-calles-en-chuburna-yucatan\/screenshot-163\/\" data-orig-file=\"https:\/\/www.grieta.org.mx\/wp-content\/uploads\/2024\/10\/Retienen2-e1728168951181.jpg\" data-orig-size=\"800,526\" data-comments-opened=\"0\" data-image-meta=\"{&quot;aperture&quot;:&quot;0&quot;,&quot;credit&quot;:&quot;&quot;,&quot;camera&quot;:&quot;&quot;,&quot;caption&quot;:&quot;Screenshot&quot;,&quot;created_timestamp&quot;:&quot;0&quot;,&quot;copyright&quot;:&quot;&quot;,&quot;focal_length&quot;:&quot;0&quot;,&quot;iso&quot;:&quot;0&quot;,&quot;shutter_speed&quot;:&quot;0&quot;,&quot;title&quot;:&quot;Screenshot&quot;,&quot;orientation&quot;:&quot;1&quot;}\" data-image-title=\"Screenshot\" data-image-description=\"\" data-image-caption=\"&lt;p&gt;Screenshot&lt;\/p&gt;\n\" data-medium-file=\"https:\/\/www.grieta.org.mx\/wp-content\/uploads\/2024\/10\/Retienen2-300x197.jpg\" data-large-file=\"https:\/\/www.grieta.org.mx\/wp-content\/uploads\/2024\/10\/Retienen2-1024x674.jpg\" src=\"http:\/\/www.grieta.org.mx\/wp-content\/uploads\/2024\/10\/Retienen2-e1728168951181.jpg\" alt=\"\" width=\"800\" height=\"526\" class=\"size-full wp-image-70011\" \/><\/a>\n<p>Al inicio de la manifestaci\u00f3n se vivieron momentos tensos, ya que una conductora avent\u00f3 su veh\u00edculo a los vecinos que ten\u00edan cerrada una vialidad y, en respuesta, le aventaron piedras a sus vidrios.<\/p>\n<p>Y en la ma\u00f1ana, retuvieron dos unidades de transporte de la Ruta 79, a quienes le colocaron bolsas de basura y piedras en los neum\u00e1ticos para que no puedan avanzar.<\/p>\n<p>De hecho advirtieron que si la CFE no se presenta a conectar nueva la electriciad, incendiaron dichos autobuses.<\/p>\n<p>Las y los inconformes lamentaron que debido a la falta de luz, los alimentos en sus refrigerados se echaron a perder y personas que dedican a oficios como la panader\u00eda no pueden trabajar.<\/p>\n<p><a href=\"https:\/\/www.hazruido.mx\/reportes\/retienen-dos-autobuses-y-cierran-calles-en-chuburna\/\" rel=\"noopener\" target=\"_blank\">https:\/\/www.hazruido.mx\/reportes\/retienen-dos-autobuses-y-cierran-calles-en-chuburna\/<\/a><\/p>\n","protected":false},"excerpt":{"rendered":"<p>Por Herbeth Escalante \/ Fotos de Lorenzo Hern\u00e1ndez \/ Haz Ruido Las y los vecinos intensificaron sus protestas porque llevan cuatro d\u00edas sin energ\u00eda el\u00e9ctrica M\u00e9rida, Yucat\u00e1n, 30 de septiembre &hellip; <a href=\"https:\/\/www.grieta.org.mx\/index.php\/2024\/09\/30\/retienen-dos-autobuses-y-cierran-calles-en-chuburna-yucatan\/\" class=\"more-link\">Leer m\u00e1s<\/a><\/p>\n","protected":false},"author":2,"featured_media":70010,"comment_status":"closed","ping_status":"closed","sticky":false,"template":"","format":"standard","meta":{"ngg_post_thumbnail":0,"_jetpack_newsletter_access":"","_jetpack_dont_email_post_to_subs":false,"_jetpack_newsletter_tier_id":0,"_jetpack_memberships_contains_paywalled_content":false,"_jetpack_memberships_contains_paid_content":false,"footnotes":""},"categories":[80,2659,2,36],"tags":[354,291,2849,3288],"class_list":["post-70009","post","type-post","status-publish","format-standard","has-post-thumbnail","hentry","category-cintillo","category-conflictos-con-la-cfe-en-yucatan","category-noticias-nacionales","category-yucatan","tag-bloqueo","tag-cfe","tag-conflictos-con-la-cfe","tag-protesta-vecinal","entry"],"jetpack_featured_media_url":"https:\/\/www.grieta.org.mx\/wp-content\/uploads\/2024\/10\/Retienen-e1728168664844.jpg","jetpack_sharing_enabled":true,"jetpack_shortlink":"https:\/\/wp.me\/p7ZJR4-idb","jetpack_likes_enabled":false,"jetpack-related-posts":[{"id":67816,"url":"https:\/\/www.grieta.org.mx\/index.php\/2023\/09\/24\/caceria-de-trabajadores-de-cfe-sino-regresa-energia-electrica-al-sur-de-merida-yucatan\/","url_meta":{"origin":70009,"position":0},"title":"\u201cCacer\u00eda\u201d de trabajadores de CFE, sino regresa energ\u00eda el\u00e9ctrica al sur de M\u00e9rida (Yucat\u00e1n)","author":"grieta","date":"24 septiembre, 2023","format":false,"excerpt":"JHM \/ La Verdad Despu\u00e9s de tener casi 100 horas sin energ\u00eda el\u00e9ctrica, vecinos de la colonia San Jos\u00e9 Tecoh ubicado al sur de la ciudad de M\u00e9rida, advirtieron a la Comisi\u00f3n Federal de Electricidad (CFE) que de no dar soluci\u00f3n al apag\u00f3n que vive dicha colonia desde hace cuatro\u2026","rel":"","context":"En &quot;CINTILLO&quot;","block_context":{"text":"CINTILLO","link":"https:\/\/www.grieta.org.mx\/index.php\/category\/cintillo\/"},"img":{"alt_text":"","src":"https:\/\/i0.wp.com\/www.grieta.org.mx\/wp-content\/uploads\/2023\/10\/CFE-e1696293393498.jpg?resize=350%2C200&ssl=1","width":350,"height":200,"srcset":"https:\/\/i0.wp.com\/www.grieta.org.mx\/wp-content\/uploads\/2023\/10\/CFE-e1696293393498.jpg?resize=350%2C200&ssl=1 1x, https:\/\/i0.wp.com\/www.grieta.org.mx\/wp-content\/uploads\/2023\/10\/CFE-e1696293393498.jpg?resize=525%2C300&ssl=1 1.5x, https:\/\/i0.wp.com\/www.grieta.org.mx\/wp-content\/uploads\/2023\/10\/CFE-e1696293393498.jpg?resize=700%2C400&ssl=1 2x"},"classes":[]},{"id":63964,"url":"https:\/\/www.grieta.org.mx\/index.php\/2022\/04\/07\/queman-llantas-en-protesta-contra-apagones-del-sur-de-merida-yucatan\/","url_meta":{"origin":70009,"position":1},"title":"Queman llantas en protesta contra apagones del sur de M\u00e9rida (Yucat\u00e1n)","author":"grieta","date":"7 abril, 2022","format":false,"excerpt":"Herbeth Escalante \/ Haz Ruido Vecinas y vecinos de San Antonio Xluch est\u00e1n hartos de quedarse sin energ\u00eda el\u00e9ctrica durante horas en esta \u00e9poca de calor. M\u00e9rida, Yucat\u00e1n, 7 de abril de 2022.- Anoche, vecinas y vecinos de la colonia San Antonio Xluch protestaron en contra de los apagones de\u2026","rel":"","context":"En &quot;CINTILLO&quot;","block_context":{"text":"CINTILLO","link":"https:\/\/www.grieta.org.mx\/index.php\/category\/cintillo\/"},"img":{"alt_text":"","src":"https:\/\/i0.wp.com\/www.grieta.org.mx\/wp-content\/uploads\/2022\/04\/Apagones-e1649692830589.png?resize=350%2C200&ssl=1","width":350,"height":200,"srcset":"https:\/\/i0.wp.com\/www.grieta.org.mx\/wp-content\/uploads\/2022\/04\/Apagones-e1649692830589.png?resize=350%2C200&ssl=1 1x, https:\/\/i0.wp.com\/www.grieta.org.mx\/wp-content\/uploads\/2022\/04\/Apagones-e1649692830589.png?resize=525%2C300&ssl=1 1.5x, https:\/\/i0.wp.com\/www.grieta.org.mx\/wp-content\/uploads\/2022\/04\/Apagones-e1649692830589.png?resize=700%2C400&ssl=1 2x"},"classes":[]},{"id":38412,"url":"https:\/\/www.grieta.org.mx\/index.php\/2019\/08\/27\/vecinos-cierran-circulacion-como-protesta-por-servicio-de-la-cfe-yucatan\/","url_meta":{"origin":70009,"position":2},"title":"Vecinos cierran circulaci\u00f3n como protesta por servicio de la CFE (Yucat\u00e1n)","author":"grieta","date":"27 agosto, 2019","format":false,"excerpt":"Ernesto Pinz\u00f3n Franco\/Diario de Yucat\u00e1n M\u00c9RIDA.- Vecinos de los fraccionamientos San Jos\u00e9 Tzal, Bellavista y Las Perlas del Sur, cerraron la circulaci\u00f3n sobre la avenida 50, en protesta por el mal servicio que, dijeron, reciben de la Comisi\u00f3n Federal de Electricidad (CFE). La noche del lunes, los vecinos cerraron la\u2026","rel":"","context":"En &quot;CINTILLO&quot;","block_context":{"text":"CINTILLO","link":"https:\/\/www.grieta.org.mx\/index.php\/category\/cintillo\/"},"img":{"alt_text":"","src":"https:\/\/i0.wp.com\/www.grieta.org.mx\/wp-content\/uploads\/2019\/08\/CfeMerida.png?resize=350%2C200&ssl=1","width":350,"height":200,"srcset":"https:\/\/i0.wp.com\/www.grieta.org.mx\/wp-content\/uploads\/2019\/08\/CfeMerida.png?resize=350%2C200&ssl=1 1x, https:\/\/i0.wp.com\/www.grieta.org.mx\/wp-content\/uploads\/2019\/08\/CfeMerida.png?resize=525%2C300&ssl=1 1.5x, https:\/\/i0.wp.com\/www.grieta.org.mx\/wp-content\/uploads\/2019\/08\/CfeMerida.png?resize=700%2C400&ssl=1 2x"},"classes":[]},{"id":69375,"url":"https:\/\/www.grieta.org.mx\/index.php\/2024\/08\/02\/tuvieron-que-bloquear-la-carretera-para-que-la-cfe-les-devolviera-la-luz-yucatan\/","url_meta":{"origin":70009,"position":3},"title":"Tuvieron que bloquear la carretera para que la CFE les devolviera la luz (Yucat\u00e1n)","author":"grieta","date":"2 agosto, 2024","format":false,"excerpt":"Haz Ruido Pobladores de X-Calakoop ten\u00edan 15 d\u00edas sin energ\u00eda el\u00e9ctrica. No es la primera vez que la ciudadan\u00eda recurre al cierre de calles para exigir la presencia de la paraestatal. Tinum, Yucat\u00e1n, 2 de agosto de 2024.-Habitantes de la comisar\u00eda de X-Calakoop ubicada en Tinum tuvieron que recurrir a\u2026","rel":"","context":"En &quot;CINTILLO&quot;","block_context":{"text":"CINTILLO","link":"https:\/\/www.grieta.org.mx\/index.php\/category\/cintillo\/"},"img":{"alt_text":"","src":"https:\/\/i0.wp.com\/www.grieta.org.mx\/wp-content\/uploads\/2024\/08\/Xcalakoop-e1722883180455.jpg?resize=350%2C200&ssl=1","width":350,"height":200,"srcset":"https:\/\/i0.wp.com\/www.grieta.org.mx\/wp-content\/uploads\/2024\/08\/Xcalakoop-e1722883180455.jpg?resize=350%2C200&ssl=1 1x, https:\/\/i0.wp.com\/www.grieta.org.mx\/wp-content\/uploads\/2024\/08\/Xcalakoop-e1722883180455.jpg?resize=525%2C300&ssl=1 1.5x, https:\/\/i0.wp.com\/www.grieta.org.mx\/wp-content\/uploads\/2024\/08\/Xcalakoop-e1722883180455.jpg?resize=700%2C400&ssl=1 2x"},"classes":[]},{"id":68912,"url":"https:\/\/www.grieta.org.mx\/index.php\/2024\/05\/10\/siguen-los-bloqueos-en-merida-por-los-apagones-yucatan\/","url_meta":{"origin":70009,"position":4},"title":"Siguen los bloqueos en M\u00e9rida por los apagones (Yucat\u00e1n)","author":"grieta","date":"10 mayo, 2024","format":false,"excerpt":"Haz Ruido Vecinas y vecinos de la Nueva Kukulc\u00e1n cerraron Circuito Colonias porque llevan cinco d\u00edas sin energ\u00eda el\u00e9ctrica M\u00e9rida, Yucat\u00e1n, 10 de mayo de 2024.- Vecinas y vecinos del fraccionamiento Nueva Kukulc\u00e1n, ubicado en el suroriente de M\u00e9rida, mantienen bloqueada la avenida Circuito Colonias a manera de protesta, porque\u2026","rel":"","context":"En &quot;CINTILLO&quot;","block_context":{"text":"CINTILLO","link":"https:\/\/www.grieta.org.mx\/index.php\/category\/cintillo\/"},"img":{"alt_text":"","src":"https:\/\/i0.wp.com\/www.grieta.org.mx\/wp-content\/uploads\/2024\/05\/Apagones-e1715555418469.jpg?resize=350%2C200&ssl=1","width":350,"height":200,"srcset":"https:\/\/i0.wp.com\/www.grieta.org.mx\/wp-content\/uploads\/2024\/05\/Apagones-e1715555418469.jpg?resize=350%2C200&ssl=1 1x, https:\/\/i0.wp.com\/www.grieta.org.mx\/wp-content\/uploads\/2024\/05\/Apagones-e1715555418469.jpg?resize=525%2C300&ssl=1 1.5x, https:\/\/i0.wp.com\/www.grieta.org.mx\/wp-content\/uploads\/2024\/05\/Apagones-e1715555418469.jpg?resize=700%2C400&ssl=1 2x"},"classes":[]},{"id":70515,"url":"https:\/\/www.grieta.org.mx\/index.php\/2024\/11\/20\/vecinos-bloquean-la-carretera-merida-uman-por-falta-de-electricidad-yucatan\/","url_meta":{"origin":70009,"position":5},"title":"Vecinos bloquean la carretera M\u00e9rida-Um\u00e1n por falta de electricidad (Yucat\u00e1n)","author":"grieta","date":"20 noviembre, 2024","format":false,"excerpt":"Gerardo Castro \/ Por Esto! Un grupo de vecinos del fraccionamiento Paseos de Itzincab, bloque\u00f3 la carretera M\u00e9rida-Um\u00e1n, como medida de presi\u00f3n por la falta del servicio de electricidad. Y es que los vecinos manifestaron que desde hace tres d\u00edas se quedaron sin el servicio, sin que la Comisi\u00f3n Federal\u2026","rel":"","context":"En &quot;CINTILLO&quot;","block_context":{"text":"CINTILLO","link":"https:\/\/www.grieta.org.mx\/index.php\/category\/cintillo\/"},"img":{"alt_text":"","src":"https:\/\/i0.wp.com\/www.grieta.org.mx\/wp-content\/uploads\/2024\/11\/Bloqueo-e1732359813537.jpg?resize=350%2C200&ssl=1","width":350,"height":200,"srcset":"https:\/\/i0.wp.com\/www.grieta.org.mx\/wp-content\/uploads\/2024\/11\/Bloqueo-e1732359813537.jpg?resize=350%2C200&ssl=1 1x, https:\/\/i0.wp.com\/www.grieta.org.mx\/wp-content\/uploads\/2024\/11\/Bloqueo-e1732359813537.jpg?resize=525%2C300&ssl=1 1.5x, https:\/\/i0.wp.com\/www.grieta.org.mx\/wp-content\/uploads\/2024\/11\/Bloqueo-e1732359813537.jpg?resize=700%2C400&ssl=1 2x"},"classes":[]}],"_links":{"self":[{"href":"https:\/\/www.grieta.org.mx\/index.php\/wp-json\/wp\/v2\/posts\/70009","targetHints":{"allow":["GET"]}}],"collection":[{"href":"https:\/\/www.grieta.org.mx\/index.php\/wp-json\/wp\/v2\/posts"}],"about":[{"href":"https:\/\/www.grieta.org.mx\/index.php\/wp-json\/wp\/v2\/types\/post"}],"author":[{"embeddable":true,"href":"https:\/\/www.grieta.org.mx\/index.php\/wp-json\/wp\/v2\/users\/2"}],"replies":[{"embeddable":true,"href":"https:\/\/www.grieta.org.mx\/index.php\/wp-json\/wp\/v2\/comments?post=70009"}],"version-history":[{"count":1,"href":"https:\/\/www.grieta.org.mx\/index.php\/wp-json\/wp\/v2\/posts\/70009\/revisions"}],"predecessor-version":[{"id":70012,"href":"https:\/\/www.grieta.org.mx\/index.php\/wp-json\/wp\/v2\/posts\/70009\/revisions\/70012"}],"wp:featuredmedia":[{"embeddable":true,"href":"https:\/\/www.grieta.org.mx\/index.php\/wp-json\/wp\/v2\/media\/70010"}],"wp:attachment":[{"href":"https:\/\/www.grieta.org.mx\/index.php\/wp-json\/wp\/v2\/media?parent=70009"}],"wp:term":[{"taxonomy":"category","embeddable":true,"href":"https:\/\/www.grieta.org.mx\/index.php\/wp-json\/wp\/v2\/categories?post=70009"},{"taxonomy":"post_tag","embeddable":true,"href":"https:\/\/www.grieta.org.mx\/index.php\/wp-json\/wp\/v2\/tags?post=70009"}],"curies":[{"name":"wp","href":"https:\/\/api.w.org\/{rel}","templated":true}]}}