{"id":70000,"date":"2024-10-07T21:53:12","date_gmt":"2024-10-08T03:53:12","guid":{"rendered":"https:\/\/www.grieta.org.mx\/?p=70000"},"modified":"2024-11-11T17:27:09","modified_gmt":"2024-11-11T23:27:09","slug":"la-lucha-de-san-gregorio-atlapulco-por-la-tlamachtiloyan-un-espacio-seguro-donde-tenemos-el-derecho-a-disfrutar","status":"publish","type":"post","link":"https:\/\/www.grieta.org.mx\/index.php\/2024\/10\/07\/la-lucha-de-san-gregorio-atlapulco-por-la-tlamachtiloyan-un-espacio-seguro-donde-tenemos-el-derecho-a-disfrutar\/","title":{"rendered":"La lucha de San Gregorio Atlapulco por la Tlamachtiloyan: &#8220;Un espacio seguro, donde tenemos el derecho a disfrutar&#8221;"},"content":{"rendered":"<p><strong>La lucha de un pueblo originario de la Ciudad de M\u00e9xico en defensa del agua y el territorio frente al acoso de la 4T<\/strong><\/p>\n<p>Colectivo Grieta \/ 24 de septiembre de 2024<\/p>\n<p>Ciudad de M\u00e9xico.- El pasado 05 de septiembre, pobladores de San Gregorio Atlapulco y de colectivos, pueblos y organizaciones solidarias <a href=\"https:\/\/www.grieta.org.mx\/index.php\/2024\/09\/07\/decenas-de-heridos-y-detenidos-saldo-de-una-protesta-en-xochimilco-en-solidaridad-con-vecina-acusada-de-reabrir-biblioteca\/\">fueron brutalmente atacados<\/a> en dos ocasiones por grupos de choque al servicio de la Alcald\u00eda morenista de Xochimilco. Estos hechos represivos son el m\u00e1s reciente eslab\u00f3n de una cadena de ataques que los defensores del territorio del pueblo de San Gregorio Atlapulco han sufrido a manos del gobierno. Esta represi\u00f3n parece expresar la ira que a los gobernantes de cualquier signo les genera un proceso de lucha y organizaci\u00f3n que incluye la defensa del agua, de las econom\u00edas campesinas y del medio ambiente, as\u00ed como la recuperaci\u00f3n de una biblioteca que se ha convertido en un Centro Educativo y Cultural aut\u00f3nomo para la comunidad de San Gregorio Atlapulco.<\/p>\n<figure id=\"attachment_70034\" aria-describedby=\"caption-attachment-70034\" style=\"width: 720px\" class=\"wp-caption aligncenter\"><a href=\"http:\/\/www.grieta.org.mx\/wp-content\/uploads\/2024\/10\/Diapositiva3.jpeg\"><img loading=\"lazy\" decoding=\"async\" data-attachment-id=\"70034\" data-permalink=\"https:\/\/www.grieta.org.mx\/index.php\/2024\/10\/07\/la-lucha-de-san-gregorio-atlapulco-por-la-tlamachtiloyan-un-espacio-seguro-donde-tenemos-el-derecho-a-disfrutar\/diapositiva3-5\/\" data-orig-file=\"https:\/\/www.grieta.org.mx\/wp-content\/uploads\/2024\/10\/Diapositiva3.jpeg\" data-orig-size=\"720,405\" data-comments-opened=\"0\" data-image-meta=\"{&quot;aperture&quot;:&quot;0&quot;,&quot;credit&quot;:&quot;&quot;,&quot;camera&quot;:&quot;&quot;,&quot;caption&quot;:&quot;&quot;,&quot;created_timestamp&quot;:&quot;0&quot;,&quot;copyright&quot;:&quot;&quot;,&quot;focal_length&quot;:&quot;0&quot;,&quot;iso&quot;:&quot;0&quot;,&quot;shutter_speed&quot;:&quot;0&quot;,&quot;title&quot;:&quot;&quot;,&quot;orientation&quot;:&quot;1&quot;}\" data-image-title=\"Diapositiva3\" data-image-description=\"\" data-image-caption=\"&lt;p&gt;Represi\u00f3n. Tanto el gobiernode la alcald\u00eda como el gobierno dela Ciudad de M\u00e9xico han operado  la represi\u00f3n contra la lucha de los habitantes de San Gregorio Atlapulco. Foto: Colectivo Grieta&lt;\/p&gt;\n\" data-medium-file=\"https:\/\/www.grieta.org.mx\/wp-content\/uploads\/2024\/10\/Diapositiva3-300x169.jpeg\" data-large-file=\"https:\/\/www.grieta.org.mx\/wp-content\/uploads\/2024\/10\/Diapositiva3.jpeg\" class=\"size-full wp-image-70034\" src=\"http:\/\/www.grieta.org.mx\/wp-content\/uploads\/2024\/10\/Diapositiva3.jpeg\" alt=\"\" width=\"720\" height=\"405\" srcset=\"https:\/\/www.grieta.org.mx\/wp-content\/uploads\/2024\/10\/Diapositiva3.jpeg 720w, https:\/\/www.grieta.org.mx\/wp-content\/uploads\/2024\/10\/Diapositiva3-300x169.jpeg 300w\" sizes=\"auto, (max-width: 720px) 100vw, 720px\" \/><\/a><figcaption id=\"caption-attachment-70034\" class=\"wp-caption-text\">Represi\u00f3n. Tanto el gobierno de la alcald\u00eda como el gobierno de la Ciudad de M\u00e9xico han operado la represi\u00f3n contra la lucha de los habitantes de San Gregorio Atlapulco. Foto: Colectivo Grieta<\/figcaption><\/figure>\n<p>La represi\u00f3n del gobierno de Batres <a href=\"https:\/\/www.grieta.org.mx\/index.php\/2021\/07\/23\/policias-agreden-a-manifestantes-durante-protesta-yoprotejoelhumedal-de-xochimilco\/\">no es un hecho aislado<\/a>, sino la demostraci\u00f3n de fuerza de un estado de derecho que opera en contra de un pueblo que se ha organizado y ha luchado por su territorio; un territorio estrat\u00e9gico que busca ser subsumido por la avaricia inmobiliaria, y para las ganancias privadas, debido a su abundancia en agua; pero cuyos habitantes hist\u00f3ricamente se han organizado en resistencia para defender su forma de vida.<\/p>\n<p>La Tlamachtiloyan, casa donde se comparten saberes, est\u00e1 ubicada en el cerro de Moyotepec, en las tierras comunales de San Gregorio Atlapulco, Xochimilco, Cd. Mx. Algunos compa\u00f1eros de la Asamblea Permanente del San Gregorio hablaron sobre su trabajo comunitario y dieron testimonio de su participaci\u00f3n en esta lucha.<\/p>\n<p><strong>La larga historia de despojo y luchas por el agua. <\/strong><\/p>\n<p>San Gregorio Atlapulco es uno de los 14 pueblos originarios de la alcald\u00eda de Xochimilco. El nombre Atlapulco, que en n\u00e1huatl significa &#8220;donde revolotea el agua&#8221;, refleja la profunda conexi\u00f3n hist\u00f3rica, cultural, econ\u00f3mica y de lucha de este pueblo en la protecci\u00f3n y defensa del agua.<\/p>\n<p>La compa\u00f1era Hortensia Tel\u00e9sforo, contra quien el gobierno tiene una carpeta de investigaci\u00f3n por el \u201cterrible delito\u201d de reabrir el espacio de la biblioteca (rebautizada Tlamachtiloyan) para la comunidad, cont\u00f3 parte de este proceso de lucha.<br \/>\nSan Gregorio Atlapulco enfrenta diversos problemas. Por una parte, el Gobierno de la Ciudad de M\u00e9xico se ha negado a reconocer a San Gregorio como un Pueblo Originario de la Ciudad de M\u00e9xico, tanto en el contexto de la redacci\u00f3n y aprobaci\u00f3n de la Constituci\u00f3n de la Cd. Mx., como en el llamado &#8220;Programa General de Ordenamiento Territorial de la Ciudad de M\u00e9xico&#8221;. Reconocer a San Gregorio como Pueblo Originario de la Ciudad de M\u00e9xico implicar\u00eda que el gobierno tendr\u00eda que que consultarlo sobre varias de las obras que se hacen en su territorio y dificultar\u00eda la intenci\u00f3n del propio gobierno de convertirlo en parada tur\u00edstica a trav\u00e9s de la categor\u00eda de &#8220;Barrio M\u00e1gico&#8221; con las consecuencias de gentrificaci\u00f3n que esto traer\u00eda.<\/p>\n<p>Pero sobre todo, el pueblo de San Gregorio lucha desde hace a\u00f1os por dos problemas fundamentales: la defensa del agua y la urgencia que tienen para impedir que se sigan vertiendo aguas negras sobre su zona chinampera.<\/p>\n<p>Las chinampas y humedales de San Gregorio son importantes \u00e1reas de conservaci\u00f3n ambiental y patrimonio agr\u00edcola que ha sido reconocido por diferentes instancias internacionales. En esta regi\u00f3n sigue latiendo la centralidad de la producci\u00f3n agr\u00edcola de hortalizas, flores ornamentales y tub\u00e9rculos con m\u00e9todos de cultivo tradicionales. Todos estos sistemas giran en torno al agua.<\/p>\n<figure id=\"attachment_70035\" aria-describedby=\"caption-attachment-70035\" style=\"width: 720px\" class=\"wp-caption aligncenter\"><a href=\"http:\/\/www.grieta.org.mx\/wp-content\/uploads\/2024\/10\/Diapositiva6.jpeg\"><img loading=\"lazy\" decoding=\"async\" data-attachment-id=\"70035\" data-permalink=\"https:\/\/www.grieta.org.mx\/index.php\/2024\/10\/07\/la-lucha-de-san-gregorio-atlapulco-por-la-tlamachtiloyan-un-espacio-seguro-donde-tenemos-el-derecho-a-disfrutar\/diapositiva6-2\/\" data-orig-file=\"https:\/\/www.grieta.org.mx\/wp-content\/uploads\/2024\/10\/Diapositiva6.jpeg\" data-orig-size=\"720,405\" data-comments-opened=\"0\" data-image-meta=\"{&quot;aperture&quot;:&quot;0&quot;,&quot;credit&quot;:&quot;&quot;,&quot;camera&quot;:&quot;&quot;,&quot;caption&quot;:&quot;&quot;,&quot;created_timestamp&quot;:&quot;0&quot;,&quot;copyright&quot;:&quot;&quot;,&quot;focal_length&quot;:&quot;0&quot;,&quot;iso&quot;:&quot;0&quot;,&quot;shutter_speed&quot;:&quot;0&quot;,&quot;title&quot;:&quot;&quot;,&quot;orientation&quot;:&quot;1&quot;}\" data-image-title=\"Diapositiva6\" data-image-description=\"\" data-image-caption=\"&lt;p&gt;Humedales y chinampas. Desde lo alto del cerro Moyotepec, desde una de las terrazas de la Tlamachtiltoyan, se observan hacia el horizonte algunos de los parajes chinamperos que pertencen a San Gregorio Atlapulco. Foto: Colectivo Grieta&lt;\/p&gt;\n\" data-medium-file=\"https:\/\/www.grieta.org.mx\/wp-content\/uploads\/2024\/10\/Diapositiva6-300x169.jpeg\" data-large-file=\"https:\/\/www.grieta.org.mx\/wp-content\/uploads\/2024\/10\/Diapositiva6.jpeg\" class=\"wp-image-70035 size-full\" src=\"http:\/\/www.grieta.org.mx\/wp-content\/uploads\/2024\/10\/Diapositiva6.jpeg\" alt=\"\" width=\"720\" height=\"405\" srcset=\"https:\/\/www.grieta.org.mx\/wp-content\/uploads\/2024\/10\/Diapositiva6.jpeg 720w, https:\/\/www.grieta.org.mx\/wp-content\/uploads\/2024\/10\/Diapositiva6-300x169.jpeg 300w\" sizes=\"auto, (max-width: 720px) 100vw, 720px\" \/><\/a><figcaption id=\"caption-attachment-70035\" class=\"wp-caption-text\">Humedales y chinampas. Desde lo alto del cerro Moyotepec, desde una de las terrazas de la Tlamachtiloyan, se observan hacia el horizonte algunos de los parajes chinamperos que pertenecen a San Gregorio Atlapulco. Foto: Colectivo Grieta<\/figcaption><\/figure>\n<figure id=\"attachment_70044\" aria-describedby=\"caption-attachment-70044\" style=\"width: 720px\" class=\"wp-caption aligncenter\"><a href=\"http:\/\/www.grieta.org.mx\/wp-content\/uploads\/2024\/10\/Diapositiva1.jpeg\"><img loading=\"lazy\" decoding=\"async\" data-attachment-id=\"70044\" data-permalink=\"https:\/\/www.grieta.org.mx\/index.php\/2024\/10\/07\/la-lucha-de-san-gregorio-atlapulco-por-la-tlamachtiloyan-un-espacio-seguro-donde-tenemos-el-derecho-a-disfrutar\/diapositiva1-8\/\" data-orig-file=\"https:\/\/www.grieta.org.mx\/wp-content\/uploads\/2024\/10\/Diapositiva1.jpeg\" data-orig-size=\"720,405\" data-comments-opened=\"0\" data-image-meta=\"{&quot;aperture&quot;:&quot;0&quot;,&quot;credit&quot;:&quot;&quot;,&quot;camera&quot;:&quot;&quot;,&quot;caption&quot;:&quot;&quot;,&quot;created_timestamp&quot;:&quot;0&quot;,&quot;copyright&quot;:&quot;&quot;,&quot;focal_length&quot;:&quot;0&quot;,&quot;iso&quot;:&quot;0&quot;,&quot;shutter_speed&quot;:&quot;0&quot;,&quot;title&quot;:&quot;&quot;,&quot;orientation&quot;:&quot;1&quot;}\" data-image-title=\"Diapositiva1\" data-image-description=\"\" data-image-caption=\"&lt;p&gt;Moyotepec. En lo alto de este cerro, representado en una maqueta, se ubica la Tlamachtiltoyan de San Gregorio atlapulco.&lt;\/p&gt;\n\" data-medium-file=\"https:\/\/www.grieta.org.mx\/wp-content\/uploads\/2024\/10\/Diapositiva1-300x169.jpeg\" data-large-file=\"https:\/\/www.grieta.org.mx\/wp-content\/uploads\/2024\/10\/Diapositiva1.jpeg\" class=\"wp-image-70044 size-full\" src=\"http:\/\/www.grieta.org.mx\/wp-content\/uploads\/2024\/10\/Diapositiva1.jpeg\" alt=\"\" width=\"720\" height=\"405\" srcset=\"https:\/\/www.grieta.org.mx\/wp-content\/uploads\/2024\/10\/Diapositiva1.jpeg 720w, https:\/\/www.grieta.org.mx\/wp-content\/uploads\/2024\/10\/Diapositiva1-300x169.jpeg 300w\" sizes=\"auto, (max-width: 720px) 100vw, 720px\" \/><\/a><figcaption id=\"caption-attachment-70044\" class=\"wp-caption-text\">Moyotepec. En lo alto de este cerro, representado en una maqueta, se ubica la Tlamachtiloyan de San Gregorio Atlapulco. Foto: Colectivo Grieta<\/figcaption><\/figure>\n<p>A pesar de la importancia que tiene el agua para su historia ancestral, el pueblo de San Gregorio Atlapulco ha tenido que enfrentar el despojo sistem\u00e1tico del agua debido a una administraci\u00f3n desigual del agua en la ciudad de M\u00e9xico. Xochimilco es una reserva de agua potable que ha sido sobreexplotada para abastecer el consumo desenfrenado y desigual de agua potable de la Ciudad de M\u00e9xico. Pero los pueblos de la regi\u00f3n de Xochimilco poco se han beneficiado de este proceso de saqueo, pues el agua potable escasea para los pueblos de la regi\u00f3n. Lejos de recibir protecci\u00f3n y respeto a la producci\u00f3n ancestral, la zona chinampera de San Gregorio ha sido utilizada como dep\u00f3sito de aguas residuales.<\/p>\n<p>Hortensia cont\u00f3 que en diciembre de 2022, pobladoras de San Gregorio organizaron un plant\u00f3n para detener obras hidr\u00e1ulicas que el gobierno de la Ciudad realizaba para llevarse el agua de los pozos de la zona a otras colonias. Fueron brutalmente <a href=\"https:\/\/www.grieta.org.mx\/index.php\/2022\/12\/03\/con-300-policias-gobierno-de-la-ciudad-reprime-planton-de-vecinos-de-san-gregorio-en-xochimilco-cdmx\/\">reprimidos por 300 polic\u00edas<\/a>, lo que devino en un enfrentamiento en el que los vecinos de la zona salieron a defender a las manifestantes. La preocupaci\u00f3n de los vecinos de San Gregorio no era gratuita, actualmente existen 77 pozos de extracci\u00f3n de agua operados por SACMEX en la alcald\u00eda de Xochimilco que extraen agua de la zona para alimentar agua potable a la Cd. Mx., amenazando as\u00ed tanto la viabilidad de las chinampas como el abasto local del agua.<\/p>\n<figure id=\"attachment_70045\" aria-describedby=\"caption-attachment-70045\" style=\"width: 750px\" class=\"wp-caption aligncenter\"><a href=\"http:\/\/www.grieta.org.mx\/wp-content\/uploads\/2024\/10\/Geografia-scaled.jpg\"><img loading=\"lazy\" decoding=\"async\" data-attachment-id=\"70045\" data-permalink=\"https:\/\/www.grieta.org.mx\/index.php\/2024\/10\/07\/la-lucha-de-san-gregorio-atlapulco-por-la-tlamachtiloyan-un-espacio-seguro-donde-tenemos-el-derecho-a-disfrutar\/geografia\/\" data-orig-file=\"https:\/\/www.grieta.org.mx\/wp-content\/uploads\/2024\/10\/Geografia-scaled.jpg\" data-orig-size=\"2560,1439\" data-comments-opened=\"0\" data-image-meta=\"{&quot;aperture&quot;:&quot;0&quot;,&quot;credit&quot;:&quot;&quot;,&quot;camera&quot;:&quot;&quot;,&quot;caption&quot;:&quot;&quot;,&quot;created_timestamp&quot;:&quot;0&quot;,&quot;copyright&quot;:&quot;&quot;,&quot;focal_length&quot;:&quot;0&quot;,&quot;iso&quot;:&quot;0&quot;,&quot;shutter_speed&quot;:&quot;0&quot;,&quot;title&quot;:&quot;&quot;,&quot;orientation&quot;:&quot;1&quot;}\" data-image-title=\"Geografi\u0301a\" data-image-description=\"\" data-image-caption=\"&lt;p&gt;Geograf\u00eda comunitaria. A partir precisas curvas de nivel, de una colaboraci\u00b4pon con Geocomunes y del trabajo de los pobladores locales, la Tlamachtiltoyan ha generado una imprsionante maqueta para representar los escurrimientos de agua desde la zona errana hacia los humedaes y chinampas de Xochimilco. La defensa del territorio ha generado conocimiento  y represntaciones dle territorio. Foto: Colectivo Grieta.&lt;\/p&gt;\n\" data-medium-file=\"https:\/\/www.grieta.org.mx\/wp-content\/uploads\/2024\/10\/Geografia-300x169.jpg\" data-large-file=\"https:\/\/www.grieta.org.mx\/wp-content\/uploads\/2024\/10\/Geografia-1024x576.jpg\" class=\"wp-image-70045\" src=\"http:\/\/www.grieta.org.mx\/wp-content\/uploads\/2024\/10\/Geografia-scaled.jpg\" alt=\"\" width=\"750\" height=\"422\" srcset=\"https:\/\/www.grieta.org.mx\/wp-content\/uploads\/2024\/10\/Geografia-scaled.jpg 2560w, https:\/\/www.grieta.org.mx\/wp-content\/uploads\/2024\/10\/Geografia-300x169.jpg 300w, https:\/\/www.grieta.org.mx\/wp-content\/uploads\/2024\/10\/Geografia-1024x576.jpg 1024w, https:\/\/www.grieta.org.mx\/wp-content\/uploads\/2024\/10\/Geografia-768x432.jpg 768w, https:\/\/www.grieta.org.mx\/wp-content\/uploads\/2024\/10\/Geografia-1536x863.jpg 1536w, https:\/\/www.grieta.org.mx\/wp-content\/uploads\/2024\/10\/Geografia-2048x1151.jpg 2048w\" sizes=\"auto, (max-width: 750px) 100vw, 750px\" \/><\/a><figcaption id=\"caption-attachment-70045\" class=\"wp-caption-text\">Geograf\u00eda comunitaria. A partir de precisas curvas de nivel, de una colaboraci\u00f3n con Geocomunes y del trabajo de los pobladores locales, la Tlamachtiloyan ha generado una impresionante maqueta para representar los escurrimientos de agua desde la zona serrana hacia los humedales y chinampas de Xochimilco. La defensa del territorio ha generado conocimiento y representaciones del territorio. Foto: Colectivo Grieta.<\/figcaption><\/figure>\n<p>Hortensia cont\u00f3 tambi\u00e9n c\u00f3mo la respuesta lleg\u00f3 meses despu\u00e9s cuando en agosto de 2023 Claudia Sheinbaum present\u00f3 el programa &#8220;Xochimilco Seguro&#8221;, que consist\u00eda b\u00e1sicamente en un intenso proceso de militarizaci\u00f3n la zona.<\/p>\n<blockquote><p><em>&#8220;En junio de 2023 llega Sheinbaum y militariza Xochimilco, y dice que trae un programa de Xochimilco seguro, y en su discurso, ella dice &#8216;\u00bfdonde est\u00e1n los que quer\u00edan la revocaci\u00f3n si ni juntaron las firmas?&#8217; y le da el espaldarazo al alcalde Acosta.&#8221;<\/em><\/p><\/blockquote>\n<p>Hortensia cont\u00f3 c\u00f3mo a partir de este operativo &#8220;Xochimilco Seguro&#8221;, lleg\u00f3 a la zona la Guardia Nacional y el Ej\u00e9rcito, con las consecuencias cl\u00e1sicas: un mes despu\u00e9s de iniciado el operativo ya hab\u00eda balaceras entre grupos de narcotraficantes y muertos en los pueblos y comunidades de Xochimilco. Como en otras regiones del pa\u00eds, la militarizaci\u00f3n no parece haber contenido al narcotr\u00e1fico, sino m\u00e1s bien parece haber abierto paso a la disputa entre los c\u00e1rteles por el territorio.<\/p>\n<p>Pero este pueblo ha sido ejemplar en la defensa del territorio. Aunado a una estructura de cargos comunitarios que ha pervivido a trav\u00e9s del paso de los siglos, hoy este pueblo se ha convertido en un enclave de la resistencia y de la defensa de los bienes comunes que se contrapone a la avaricia de los proyectos inmobiliarios, a la sobreexplotaci\u00f3n del agua y a la expansi\u00f3n urbana.<\/p>\n<p><strong>&#8220;Un espacio seguro, donde tenemos el derecho a disfrutar&#8221;<\/strong><\/p>\n<p>&#8220;La verdad y la justicia nos sacar\u00e1n de todo esto, porque estamos hablando con la verdad&#8221;<\/p>\n<p>Tlamachtiloyan, casa donde se comparten saberes, es el nombre que la Asamblea General Permanente del Pueblo de San Gregorio Atlapulco ha dado al espacio recuperado. La construcci\u00f3n se ubica en lo alto del cerro de Moyotepec, justo en medio de las Tierras Comunales de San Gregorio Atlapulco, en medio de un complejo que incluye un centro deportivo, una escuela primaria y una secundaria p\u00fablicas. Gracias a la recuperaci\u00f3n del espacio, la Tlamachtiloyan brinda decenas de cursos y actividades culturales para la poblaci\u00f3n local. Hace muchos a\u00f1os que el pueblo destin\u00f3 esas tres hect\u00e1reas de tierra comunal a la edificaci\u00f3n de servicios para el bienestar colectivo.<\/p>\n<p>&nbsp;<\/p>\n<figure id=\"attachment_70036\" aria-describedby=\"caption-attachment-70036\" style=\"width: 720px\" class=\"wp-caption aligncenter\"><a href=\"http:\/\/www.grieta.org.mx\/wp-content\/uploads\/2024\/10\/Diapositiva8.jpeg\"><img loading=\"lazy\" decoding=\"async\" data-attachment-id=\"70036\" data-permalink=\"https:\/\/www.grieta.org.mx\/index.php\/2024\/10\/07\/la-lucha-de-san-gregorio-atlapulco-por-la-tlamachtiloyan-un-espacio-seguro-donde-tenemos-el-derecho-a-disfrutar\/diapositiva8\/\" data-orig-file=\"https:\/\/www.grieta.org.mx\/wp-content\/uploads\/2024\/10\/Diapositiva8.jpeg\" data-orig-size=\"720,405\" data-comments-opened=\"0\" data-image-meta=\"{&quot;aperture&quot;:&quot;0&quot;,&quot;credit&quot;:&quot;&quot;,&quot;camera&quot;:&quot;&quot;,&quot;caption&quot;:&quot;&quot;,&quot;created_timestamp&quot;:&quot;0&quot;,&quot;copyright&quot;:&quot;&quot;,&quot;focal_length&quot;:&quot;0&quot;,&quot;iso&quot;:&quot;0&quot;,&quot;shutter_speed&quot;:&quot;0&quot;,&quot;title&quot;:&quot;&quot;,&quot;orientation&quot;:&quot;1&quot;}\" data-image-title=\"Diapositiva8\" data-image-description=\"\" data-image-caption=\"&lt;p&gt;A la entrada de la biblioteca, convertida en casa de la cultura popular, el pueblo de San Gregorio reivindica para s\u00ed el espacio y se reivindica a s\u00ed mismo. Foto: Colectivo Grieta&lt;\/p&gt;\n\" data-medium-file=\"https:\/\/www.grieta.org.mx\/wp-content\/uploads\/2024\/10\/Diapositiva8-300x169.jpeg\" data-large-file=\"https:\/\/www.grieta.org.mx\/wp-content\/uploads\/2024\/10\/Diapositiva8.jpeg\" class=\"wp-image-70036 size-full\" src=\"http:\/\/www.grieta.org.mx\/wp-content\/uploads\/2024\/10\/Diapositiva8.jpeg\" alt=\"\" width=\"720\" height=\"405\" srcset=\"https:\/\/www.grieta.org.mx\/wp-content\/uploads\/2024\/10\/Diapositiva8.jpeg 720w, https:\/\/www.grieta.org.mx\/wp-content\/uploads\/2024\/10\/Diapositiva8-300x169.jpeg 300w\" sizes=\"auto, (max-width: 720px) 100vw, 720px\" \/><\/a><figcaption id=\"caption-attachment-70036\" class=\"wp-caption-text\">A la entrada de la biblioteca, convertida en casa de la cultura popular, el pueblo de San Gregorio reivindica para s\u00ed el espacio y se reivindica a s\u00ed mismo. Foto: Colectivo Grieta<\/figcaption><\/figure>\n<p>En este lugar operaba una biblioteca p\u00fablica que result\u00f3 da\u00f1ada por los sismos de 2017. El Gobierno de la Ciudad emprendi\u00f3 despu\u00e9s de ese evento la reconstrucci\u00f3n que supuestamente cost\u00f3 18 millones de pesos. Pero los a\u00f1os pasaron y el espacio no abr\u00eda ni se entregaba a la comunidad que es due\u00f1a del terreno sobre el que se asienta la biblioteca. Mientras tanto, la comunidad ve\u00eda con asombro y rabia c\u00f3mo desde el a\u00f1o 2021 funcionarios de la alcald\u00eda y del gobierno de la Ciudad organizaban fiestas y eventos privados dentro de la biblioteca. Las luces tipo discoteca se ve\u00edan a cientos de metros de distancia.<\/p>\n<p>En diciembre de 2022, Mart\u00ed Batres, a nombre del gobierno de la Cd. Mx. firm\u00f3 una minuta en la que se comprometi\u00f3 a entregar las instalaciones de la biblioteca al pueblo de San Gregorio Atlapulco para su uso y resguardo. Un a\u00f1o despu\u00e9s, el gobierno no hab\u00eda cumplido su palabra.<\/p>\n<figure id=\"attachment_70037\" aria-describedby=\"caption-attachment-70037\" style=\"width: 511px\" class=\"wp-caption aligncenter\"><a href=\"http:\/\/www.grieta.org.mx\/wp-content\/uploads\/2024\/10\/Terraza-scaled.jpg\"><img loading=\"lazy\" decoding=\"async\" data-attachment-id=\"70037\" data-permalink=\"https:\/\/www.grieta.org.mx\/index.php\/2024\/10\/07\/la-lucha-de-san-gregorio-atlapulco-por-la-tlamachtiloyan-un-espacio-seguro-donde-tenemos-el-derecho-a-disfrutar\/terraza\/\" data-orig-file=\"https:\/\/www.grieta.org.mx\/wp-content\/uploads\/2024\/10\/Terraza-scaled.jpg\" data-orig-size=\"1721,2560\" data-comments-opened=\"0\" data-image-meta=\"{&quot;aperture&quot;:&quot;0&quot;,&quot;credit&quot;:&quot;&quot;,&quot;camera&quot;:&quot;&quot;,&quot;caption&quot;:&quot;&quot;,&quot;created_timestamp&quot;:&quot;0&quot;,&quot;copyright&quot;:&quot;&quot;,&quot;focal_length&quot;:&quot;0&quot;,&quot;iso&quot;:&quot;0&quot;,&quot;shutter_speed&quot;:&quot;0&quot;,&quot;title&quot;:&quot;&quot;,&quot;orientation&quot;:&quot;1&quot;}\" data-image-title=\"Terraza\" data-image-description=\"\" data-image-caption=\"&lt;p&gt;En las elegantes terrazas, que reposnd\u00edan m\u00e1s a la l\u00f3gica de la folcorizaic\u00f3n tur\u00edstica de Xochimilco que al servicio p\u00fablico, ahora ondea la bandera nacional. La demanda del cesde a la represi\u00f3n est\u00e1 siempre presente. Foto: Colectivo Grieta&lt;\/p&gt;\n\" data-medium-file=\"https:\/\/www.grieta.org.mx\/wp-content\/uploads\/2024\/10\/Terraza-202x300.jpg\" data-large-file=\"https:\/\/www.grieta.org.mx\/wp-content\/uploads\/2024\/10\/Terraza-688x1024.jpg\" class=\"wp-image-70037\" src=\"http:\/\/www.grieta.org.mx\/wp-content\/uploads\/2024\/10\/Terraza-scaled.jpg\" alt=\"\" width=\"511\" height=\"760\" srcset=\"https:\/\/www.grieta.org.mx\/wp-content\/uploads\/2024\/10\/Terraza-scaled.jpg 1721w, https:\/\/www.grieta.org.mx\/wp-content\/uploads\/2024\/10\/Terraza-202x300.jpg 202w, https:\/\/www.grieta.org.mx\/wp-content\/uploads\/2024\/10\/Terraza-688x1024.jpg 688w, https:\/\/www.grieta.org.mx\/wp-content\/uploads\/2024\/10\/Terraza-768x1142.jpg 768w, https:\/\/www.grieta.org.mx\/wp-content\/uploads\/2024\/10\/Terraza-1033x1536.jpg 1033w, https:\/\/www.grieta.org.mx\/wp-content\/uploads\/2024\/10\/Terraza-1377x2048.jpg 1377w\" sizes=\"auto, (max-width: 511px) 100vw, 511px\" \/><\/a><figcaption id=\"caption-attachment-70037\" class=\"wp-caption-text\">En las elegantes terrazas, que respond\u00edan m\u00e1s a la l\u00f3gica de la folclorizaci\u00f3n tur\u00edstica de Xochimilco que al servicio p\u00fablico, ahora ondea la bandera nacional. La demanda del cese a la represi\u00f3n est\u00e1 siempre presente. Foto: Colectivo Grieta<\/figcaption><\/figure>\n<p>Hortensia cuenta que los vecinos de San Gregorio organizados en la Asamblea General Permanente ten\u00edan un plant\u00f3n a la entrada de la biblioteca exigiendo su devoluci\u00f3n por parte del gobierno cuando a finales de noviembre de 2023 comenz\u00f3 a pasar el Turib\u00fas por la zona. El plan del gobierno qued\u00f3 al desnudo cuando los operadores del mismo mencionaban a los turistas que pr\u00f3ximamente ah\u00ed habr\u00eda una parada tur\u00edstica.<br \/>\nEsto los llev\u00f3 a decidirse a pasar a la acci\u00f3n, a recuperar el espacio para la comunidad y a echarlo andar para el bienestar colectivo.<\/p>\n<p>El espacio se rige por cuatro principios:<br \/>\n&#8211; Anti-partidista. La gente que participa en la organizaci\u00f3n no pertenece a ning\u00fan partido pol\u00edtico y rechaza la divisi\u00f3n que los partidos introducen en la comunidad.<br \/>\n&#8211; Sin fines de lucro. Las actividades no se hacen con fines de negocio o ganancia econ\u00f3mica.<br \/>\n&#8211; Nada para la funci\u00f3n p\u00fablica. El espacio no es un trampol\u00edn para obtener un puesto p\u00fablico en la burocracia de la alcald\u00eda o de la Cd. Mx.<br \/>\n&#8211; Se viene a la lucha dando lo mejor que se tiene, sabiendo que no se va a llevar nada.<\/p>\n<p>Estos principios responden y protegen al espacio en contra de las estrategias que ha empleado el gobierno de la 4T para dividir y desmovilizar al pueblo. En el pasado, en las movilizaciones, la alcald\u00eda, Morena o el Gobierno de la Ciudad, hab\u00eda operado ubicando a participantes destacados en las asambleas o en los barrios, ofreci\u00e9ndoles puestos dentro de la estructura de gobierno, muchas veces como &#8220;coordinadores territoriales&#8221;. Con ello han contaminado el sistema de cargos y la estructura comunitaria, introduciendo el dinero y la aspiraci\u00f3n a puestos asalariados. Al mismo tiempo, se ha generado desconfianza entre los vecinos pues quienes ocupan puestos en la estructura de la alcald\u00eda operan en funci\u00f3n de \u00e9sta y no del inter\u00e9s de la comunidad.<\/p>\n<p>&nbsp;<\/p>\n<figure id=\"attachment_70046\" aria-describedby=\"caption-attachment-70046\" style=\"width: 720px\" class=\"wp-caption aligncenter\"><a href=\"http:\/\/www.grieta.org.mx\/wp-content\/uploads\/2024\/10\/CartelSnGregorio-scaled.jpg\"><img loading=\"lazy\" decoding=\"async\" data-attachment-id=\"70046\" data-permalink=\"https:\/\/www.grieta.org.mx\/index.php\/2024\/10\/07\/la-lucha-de-san-gregorio-atlapulco-por-la-tlamachtiloyan-un-espacio-seguro-donde-tenemos-el-derecho-a-disfrutar\/cartelsngregorio\/\" data-orig-file=\"https:\/\/www.grieta.org.mx\/wp-content\/uploads\/2024\/10\/CartelSnGregorio-scaled.jpg\" data-orig-size=\"2560,1675\" data-comments-opened=\"0\" data-image-meta=\"{&quot;aperture&quot;:&quot;0&quot;,&quot;credit&quot;:&quot;&quot;,&quot;camera&quot;:&quot;&quot;,&quot;caption&quot;:&quot;&quot;,&quot;created_timestamp&quot;:&quot;0&quot;,&quot;copyright&quot;:&quot;&quot;,&quot;focal_length&quot;:&quot;0&quot;,&quot;iso&quot;:&quot;0&quot;,&quot;shutter_speed&quot;:&quot;0&quot;,&quot;title&quot;:&quot;&quot;,&quot;orientation&quot;:&quot;1&quot;}\" data-image-title=\"CartelSnGregorio\" data-image-description=\"\" data-image-caption=\"&lt;p&gt;Recuento de la lucha. En un cartel,  la Asamblea General Permanente del Pueblo de San  Gregorio Atlapulco, narra la cadena de arbitrariedades y la organizaci\u00f3n para recuperar el espacio.&lt;\/p&gt;\n\" data-medium-file=\"https:\/\/www.grieta.org.mx\/wp-content\/uploads\/2024\/10\/CartelSnGregorio-300x196.jpg\" data-large-file=\"https:\/\/www.grieta.org.mx\/wp-content\/uploads\/2024\/10\/CartelSnGregorio-1024x670.jpg\" class=\"wp-image-70046\" src=\"http:\/\/www.grieta.org.mx\/wp-content\/uploads\/2024\/10\/CartelSnGregorio-scaled.jpg\" alt=\"\" width=\"720\" height=\"471\" srcset=\"https:\/\/www.grieta.org.mx\/wp-content\/uploads\/2024\/10\/CartelSnGregorio-scaled.jpg 2560w, https:\/\/www.grieta.org.mx\/wp-content\/uploads\/2024\/10\/CartelSnGregorio-300x196.jpg 300w, https:\/\/www.grieta.org.mx\/wp-content\/uploads\/2024\/10\/CartelSnGregorio-1024x670.jpg 1024w, https:\/\/www.grieta.org.mx\/wp-content\/uploads\/2024\/10\/CartelSnGregorio-768x502.jpg 768w, https:\/\/www.grieta.org.mx\/wp-content\/uploads\/2024\/10\/CartelSnGregorio-1536x1005.jpg 1536w, https:\/\/www.grieta.org.mx\/wp-content\/uploads\/2024\/10\/CartelSnGregorio-2048x1340.jpg 2048w, https:\/\/www.grieta.org.mx\/wp-content\/uploads\/2024\/10\/CartelSnGregorio-765x500.jpg 765w\" sizes=\"auto, (max-width: 720px) 100vw, 720px\" \/><\/a><figcaption id=\"caption-attachment-70046\" class=\"wp-caption-text\">Recuento de la lucha. En un cartel, la Asamblea General Permanente del Pueblo de San Gregorio Atlapulco, narra la cadena de arbitrariedades y la organizaci\u00f3n para recuperar el espacio.<\/figcaption><\/figure>\n<p>En total contraste con lo anterior, el trabajo en la Tlamachtiloyan es autogestivo y a partir de contribuciones econ\u00f3micas y en especie que los propios vecinos y colectivos solidarios han hecho. Hortensia se\u00f1ala c\u00f3mo la corrupci\u00f3n del gobierno morenista se hace evidente en la construcci\u00f3n:<\/p>\n<blockquote><p><em>&#8220;(&#8230;) gast\u00e1ndose 18 millones de pesos, resulta que no hab\u00edan podido instalar el agua, est\u00e1 la cisterna, pero no est\u00e1 conectada a la tuber\u00eda de la biblioteca. Est\u00e1 la luz, pero la instalaci\u00f3n tiene muchas broncas, donde se quemaron la computadoras del compa\u00f1erito que iba dar computaci\u00f3n (&#8230;) Para subir el agua los chinamperos han tra\u00eddo las bombas con las que ellos riegan y con eso cada que necesitamos nos hacen favor de prestar las bombas para poder subir el agua a los tinacos&#8221;.<\/em><\/p><\/blockquote>\n<p>Hortensia se\u00f1ala tambi\u00e9n c\u00f3mo detr\u00e1s del &#8220;reclamo&#8221; del gobierno se esconde la l\u00f3gica del despojo: el gobierno, tanto a nivel de la alcald\u00eda como de la Cd. Mx., se queja de que &#8220;invirti\u00f3&#8221; 18 millones de pesos en la reconstrucci\u00f3n de la biblioteca y funda en ello el reclamo al pueblo de San Gregorio Atlapulco. El gobierno omite en ese relato que la biblioteca, hoy casa donde se comparten saberes, se ubica dentro de las \u00faltimas 3 hect\u00e1reas de tierra comunal de San Gregorio, las cuales fueron destinadas, desde hace m\u00e1s de 50 a\u00f1os, a la construcci\u00f3n de infraestructura de y para la comunidad. No en balde dentro de estas tres hect\u00e1reas est\u00e1n, adem\u00e1s de la biblioteca, dos escuelas y un deportivo comunitario. Por lo dem\u00e1s, se debe recordar que el dinero que se gast\u00f3 el gobierno en la construcci\u00f3n, proviene en \u00faltima instancia, de la riqueza que generan los trabajadores, no se trata de un regalo, sino del retorno de algo que le pertenece leg\u00edtimamente a la comunidad.<\/p>\n<figure id=\"attachment_70038\" aria-describedby=\"caption-attachment-70038\" style=\"width: 720px\" class=\"wp-caption aligncenter\"><a href=\"http:\/\/www.grieta.org.mx\/wp-content\/uploads\/2024\/10\/Diapositiva2.jpeg\"><img loading=\"lazy\" decoding=\"async\" data-attachment-id=\"70038\" data-permalink=\"https:\/\/www.grieta.org.mx\/index.php\/2024\/10\/07\/la-lucha-de-san-gregorio-atlapulco-por-la-tlamachtiloyan-un-espacio-seguro-donde-tenemos-el-derecho-a-disfrutar\/diapositiva2-5\/\" data-orig-file=\"https:\/\/www.grieta.org.mx\/wp-content\/uploads\/2024\/10\/Diapositiva2.jpeg\" data-orig-size=\"720,405\" data-comments-opened=\"0\" data-image-meta=\"{&quot;aperture&quot;:&quot;0&quot;,&quot;credit&quot;:&quot;&quot;,&quot;camera&quot;:&quot;&quot;,&quot;caption&quot;:&quot;&quot;,&quot;created_timestamp&quot;:&quot;0&quot;,&quot;copyright&quot;:&quot;&quot;,&quot;focal_length&quot;:&quot;0&quot;,&quot;iso&quot;:&quot;0&quot;,&quot;shutter_speed&quot;:&quot;0&quot;,&quot;title&quot;:&quot;&quot;,&quot;orientation&quot;:&quot;1&quot;}\" data-image-title=\"Diapositiva2\" data-image-description=\"\" data-image-caption=\"&lt;p&gt;Biblioteca autogestiva. El gobierno no devolvi\u00f3 el acervo de la biblioteca p\u00fablica, por lo que \u00e9sta se ha ido reocnstruyendo a partir de donaciones. A\u00fan falta a a\u00f1adir mobiliario, pero la comunidad ya la ech\u00f3 a andar. Foto: Colectivo Grieta&lt;\/p&gt;\n\" data-medium-file=\"https:\/\/www.grieta.org.mx\/wp-content\/uploads\/2024\/10\/Diapositiva2-300x169.jpeg\" data-large-file=\"https:\/\/www.grieta.org.mx\/wp-content\/uploads\/2024\/10\/Diapositiva2.jpeg\" class=\"wp-image-70038 size-full\" src=\"http:\/\/www.grieta.org.mx\/wp-content\/uploads\/2024\/10\/Diapositiva2.jpeg\" alt=\"\" width=\"720\" height=\"405\" srcset=\"https:\/\/www.grieta.org.mx\/wp-content\/uploads\/2024\/10\/Diapositiva2.jpeg 720w, https:\/\/www.grieta.org.mx\/wp-content\/uploads\/2024\/10\/Diapositiva2-300x169.jpeg 300w\" sizes=\"auto, (max-width: 720px) 100vw, 720px\" \/><\/a><figcaption id=\"caption-attachment-70038\" class=\"wp-caption-text\">Biblioteca autogestiva. El gobierno no devolvi\u00f3 el acervo de la biblioteca p\u00fablica, por lo que \u00e9sta se ha ido reconstruyendo a partir de donaciones. A\u00fan falta a\u00f1adir mobiliario, pero la comunidad ya la ech\u00f3 a andar. Foto: Colectivo Grieta<\/figcaption><\/figure>\n<p>Cuando recuperaron el espacio, los compa\u00f1eros de la Asamblea Permanente de San Gregorio hicieron valer las palabras de Hortensia, profesora de primaria con formaci\u00f3n en educaci\u00f3n especial, jubilada y de 60 a\u00f1os, a quien el gobierno persigue y acosa: &#8220;el gobierno no nos ve, porque no nos quieren ver, est\u00e1 bien. Pero nosotros no puede ser que no nos veamos s\u00f3lo porque ellos no nos ven. Nosotros s\u00ed nos vemos, s\u00ed existimos a pesar de ellos&#8221;. E iniciaron un trabajo de consulta con la comunidad sobre las necesidades que se tienen y para las que podr\u00eda utilizarse la enorme construcci\u00f3n que como castillo medieval levant\u00f3 el gobierno en la cima del cerro de Moyotepec. Se voltearon a ver y ubicaron que la gente del pueblo ubicaba las necesidades educativas y culturales como dos de las m\u00e1s importantes a ser atendidas. Y actuaron en consecuencia.<\/p>\n<p>El trabajo de la Tlamachtiloyan se estructura en 4 ejes principales: el educativo, el cultural, el art\u00edstico y el de los oficios locales.<\/p>\n<p>El espacio se ha echado a andar, con talleres, clases de idiomas, espacios l\u00fadicos y culturales ocupados por los ni\u00f1os y vecinos. Han recibido donaciones de libros, con los que han vuelto a echar a andar el servicio de la biblioteca. Organizan exposiciones, talleres de arte, de recuperaci\u00f3n de la lengua n\u00e1huatl. Las ciencias y las artes se hacen presentes: el espacio ha organizado ciclos de conferencias sobre astronom\u00eda y grupos de educaci\u00f3n musical. Y la comunidad tambi\u00e9n recupera su propia historia y la representa a trav\u00e9s de ejercicios de cartograf\u00eda social que han producido una enorme maqueta que permite entender que San Gregorio Atlapulco es un punto clave para el escurrimiento del agua hacia la zona chinampera. En meses pasados, las elegantes terrazas que el gobierno construy\u00f3 en la biblioteca para fines tur\u00edsticos, sirvieron tambi\u00e9n para encuentros de medios libres y de redes de trabajo colectivo de la propia comunidad.<\/p>\n<p>Para Hortensia es muy importante que la comunidad cuente con un espacio propio para trabajar autogestivamente como parte de su derecho a disfrutar y a crecer, as\u00ed la Tlamachtiloyan se ha convertido en &#8220;Un espacio seguro, donde tenemos el derecho a disfrutar.&#8221;<\/p>\n<blockquote><p><em>&#8220;El gobierno no respet\u00f3 su palabra, pero nosotros no podemos dejar de respetar nuestra palabra hacia el pueblo porque vivimos aqu\u00ed&#8221;, resum\u00eda Hortensia mientras mostraba los distintos espacios de trabajo.<\/em><\/p><\/blockquote>\n<p>En el espacio de la biblioteca un joven le\u00eda con avidez &#8220;El Ingenioso Hidalgo, Don Quijote de la Mancha&#8221;, mientras que en otra \u00e1rea, un grupo de ni\u00f1os de la comunidad tomaba una clase de pintura. En otro espacio, chinamperos, vecinas, j\u00f3venes y viejos ten\u00edan una reuni\u00f3n organizativa. Se trata de un espacio vivo, al que da vida el trabajo colectivo, pues no reciben subsidio de ning\u00fan gobierno y todos los materiales y recursos econ\u00f3micos los obtienen del propio trabajo organizativo y de donaciones. De igual manera, los talleres, clases charlas y exposiciones se organizan sin la intervenci\u00f3n de las instancias gubernamentales, a partir de las iniciativas de distintas personas y colectivos.<\/p>\n<figure id=\"attachment_70039\" aria-describedby=\"caption-attachment-70039\" style=\"width: 720px\" class=\"wp-caption aligncenter\"><a href=\"http:\/\/www.grieta.org.mx\/wp-content\/uploads\/2024\/10\/Sin-titulo-scaled.jpg\"><img loading=\"lazy\" decoding=\"async\" data-attachment-id=\"70039\" data-permalink=\"https:\/\/www.grieta.org.mx\/index.php\/2024\/10\/07\/la-lucha-de-san-gregorio-atlapulco-por-la-tlamachtiloyan-un-espacio-seguro-donde-tenemos-el-derecho-a-disfrutar\/sin-titulo-5\/\" data-orig-file=\"https:\/\/www.grieta.org.mx\/wp-content\/uploads\/2024\/10\/Sin-titulo-scaled.jpg\" data-orig-size=\"1582,2560\" data-comments-opened=\"0\" data-image-meta=\"{&quot;aperture&quot;:&quot;0&quot;,&quot;credit&quot;:&quot;&quot;,&quot;camera&quot;:&quot;&quot;,&quot;caption&quot;:&quot;&quot;,&quot;created_timestamp&quot;:&quot;0&quot;,&quot;copyright&quot;:&quot;&quot;,&quot;focal_length&quot;:&quot;0&quot;,&quot;iso&quot;:&quot;0&quot;,&quot;shutter_speed&quot;:&quot;0&quot;,&quot;title&quot;:&quot;&quot;,&quot;orientation&quot;:&quot;1&quot;}\" data-image-title=\"Sin ti\u0301tulo\" data-image-description=\"\" data-image-caption=\"&lt;p&gt;Espacio de lectura. En tradicionales petates, la poblaci\u00f3n de San Gregorio tiene ahora un espacio propio para acercarse a los libros. Foto: Colectivo Grieta.&lt;\/p&gt;\n\" data-medium-file=\"https:\/\/www.grieta.org.mx\/wp-content\/uploads\/2024\/10\/Sin-titulo-185x300.jpg\" data-large-file=\"https:\/\/www.grieta.org.mx\/wp-content\/uploads\/2024\/10\/Sin-titulo-633x1024.jpg\" class=\"wp-image-70039\" src=\"http:\/\/www.grieta.org.mx\/wp-content\/uploads\/2024\/10\/Sin-titulo-scaled.jpg\" alt=\"\" width=\"720\" height=\"1165\" srcset=\"https:\/\/www.grieta.org.mx\/wp-content\/uploads\/2024\/10\/Sin-titulo-scaled.jpg 1582w, https:\/\/www.grieta.org.mx\/wp-content\/uploads\/2024\/10\/Sin-titulo-185x300.jpg 185w, https:\/\/www.grieta.org.mx\/wp-content\/uploads\/2024\/10\/Sin-titulo-633x1024.jpg 633w, https:\/\/www.grieta.org.mx\/wp-content\/uploads\/2024\/10\/Sin-titulo-768x1243.jpg 768w, https:\/\/www.grieta.org.mx\/wp-content\/uploads\/2024\/10\/Sin-titulo-949x1536.jpg 949w, https:\/\/www.grieta.org.mx\/wp-content\/uploads\/2024\/10\/Sin-titulo-1266x2048.jpg 1266w\" sizes=\"auto, (max-width: 720px) 100vw, 720px\" \/><\/a><figcaption id=\"caption-attachment-70039\" class=\"wp-caption-text\">Espacio de lectura. En tradicionales petates, la poblaci\u00f3n de San Gregorio tiene ahora un espacio propio para acercarse a los libros. Foto: Colectivo Grieta.<\/figcaption><\/figure>\n<figure id=\"attachment_70040\" aria-describedby=\"caption-attachment-70040\" style=\"width: 720px\" class=\"wp-caption aligncenter\"><a href=\"http:\/\/www.grieta.org.mx\/wp-content\/uploads\/2024\/10\/Diapositiva5.jpeg\"><img loading=\"lazy\" decoding=\"async\" data-attachment-id=\"70040\" data-permalink=\"https:\/\/www.grieta.org.mx\/index.php\/2024\/10\/07\/la-lucha-de-san-gregorio-atlapulco-por-la-tlamachtiloyan-un-espacio-seguro-donde-tenemos-el-derecho-a-disfrutar\/diapositiva5-4\/\" data-orig-file=\"https:\/\/www.grieta.org.mx\/wp-content\/uploads\/2024\/10\/Diapositiva5.jpeg\" data-orig-size=\"720,405\" data-comments-opened=\"0\" data-image-meta=\"{&quot;aperture&quot;:&quot;0&quot;,&quot;credit&quot;:&quot;&quot;,&quot;camera&quot;:&quot;&quot;,&quot;caption&quot;:&quot;&quot;,&quot;created_timestamp&quot;:&quot;0&quot;,&quot;copyright&quot;:&quot;&quot;,&quot;focal_length&quot;:&quot;0&quot;,&quot;iso&quot;:&quot;0&quot;,&quot;shutter_speed&quot;:&quot;0&quot;,&quot;title&quot;:&quot;&quot;,&quot;orientation&quot;:&quot;1&quot;}\" data-image-title=\"Diapositiva5\" data-image-description=\"\" data-image-caption=\"&lt;p&gt;Clases de pintura. Ni\u00f1os pasan una ma\u00f1ana en la Tlamachtiltoyan de San Gregorio Atlapulco tomando una clase de pintura. Al igual que otras actividades, se trata de un trabajo autogetsivo al margen del gobierno. El cultivo de las artes como parte de la lucha anticapitalista no reclama subsidios dle gobierno, sino organizaci\u00f3n.&lt;\/p&gt;\n\" data-medium-file=\"https:\/\/www.grieta.org.mx\/wp-content\/uploads\/2024\/10\/Diapositiva5-300x169.jpeg\" data-large-file=\"https:\/\/www.grieta.org.mx\/wp-content\/uploads\/2024\/10\/Diapositiva5.jpeg\" class=\"wp-image-70040 size-full\" src=\"http:\/\/www.grieta.org.mx\/wp-content\/uploads\/2024\/10\/Diapositiva5.jpeg\" alt=\"\" width=\"720\" height=\"405\" srcset=\"https:\/\/www.grieta.org.mx\/wp-content\/uploads\/2024\/10\/Diapositiva5.jpeg 720w, https:\/\/www.grieta.org.mx\/wp-content\/uploads\/2024\/10\/Diapositiva5-300x169.jpeg 300w\" sizes=\"auto, (max-width: 720px) 100vw, 720px\" \/><\/a><figcaption id=\"caption-attachment-70040\" class=\"wp-caption-text\">Clases de pintura. Ni\u00f1os pasan una ma\u00f1ana en la Tlamachtiloyan de San Gregorio Atlapulco tomando una clase de pintura. Al igual que otras actividades, se trata de un trabajo autogestivo al margen del gobierno. El cultivo de las artes como parte de la lucha anticapitalista no reclama subsidios del gobierno, sino organizaci\u00f3n.<\/figcaption><\/figure>\n<figure id=\"attachment_70041\" aria-describedby=\"caption-attachment-70041\" style=\"width: 720px\" class=\"wp-caption aligncenter\"><a href=\"http:\/\/www.grieta.org.mx\/wp-content\/uploads\/2024\/10\/Diapositiva9.jpeg\"><img loading=\"lazy\" decoding=\"async\" data-attachment-id=\"70041\" data-permalink=\"https:\/\/www.grieta.org.mx\/index.php\/2024\/10\/07\/la-lucha-de-san-gregorio-atlapulco-por-la-tlamachtiloyan-un-espacio-seguro-donde-tenemos-el-derecho-a-disfrutar\/diapositiva9\/\" data-orig-file=\"https:\/\/www.grieta.org.mx\/wp-content\/uploads\/2024\/10\/Diapositiva9.jpeg\" data-orig-size=\"720,405\" data-comments-opened=\"0\" data-image-meta=\"{&quot;aperture&quot;:&quot;0&quot;,&quot;credit&quot;:&quot;&quot;,&quot;camera&quot;:&quot;&quot;,&quot;caption&quot;:&quot;&quot;,&quot;created_timestamp&quot;:&quot;0&quot;,&quot;copyright&quot;:&quot;&quot;,&quot;focal_length&quot;:&quot;0&quot;,&quot;iso&quot;:&quot;0&quot;,&quot;shutter_speed&quot;:&quot;0&quot;,&quot;title&quot;:&quot;&quot;,&quot;orientation&quot;:&quot;1&quot;}\" data-image-title=\"Diapositiva9\" data-image-description=\"\" data-image-caption=\"&lt;p&gt;Y tambi\u00e9n las ciencias. En colaboraci\u00f3n con estudiantes y profesores que cultivan la astronom\u00eda, la Tlamachtiltoyan ha acercado el concimiento del universo a la gente de San Gregorio.&lt;\/p&gt;\n\" data-medium-file=\"https:\/\/www.grieta.org.mx\/wp-content\/uploads\/2024\/10\/Diapositiva9-300x169.jpeg\" data-large-file=\"https:\/\/www.grieta.org.mx\/wp-content\/uploads\/2024\/10\/Diapositiva9.jpeg\" class=\"wp-image-70041 size-full\" src=\"http:\/\/www.grieta.org.mx\/wp-content\/uploads\/2024\/10\/Diapositiva9.jpeg\" alt=\"\" width=\"720\" height=\"405\" srcset=\"https:\/\/www.grieta.org.mx\/wp-content\/uploads\/2024\/10\/Diapositiva9.jpeg 720w, https:\/\/www.grieta.org.mx\/wp-content\/uploads\/2024\/10\/Diapositiva9-300x169.jpeg 300w\" sizes=\"auto, (max-width: 720px) 100vw, 720px\" \/><\/a><figcaption id=\"caption-attachment-70041\" class=\"wp-caption-text\">Y tambi\u00e9n las ciencias. En colaboraci\u00f3n con estudiantes y profesores que cultivan la astronom\u00eda, la Tlamachtiloyan ha acercado el conocimiento del universo a la gente de San Gregorio.<\/figcaption><\/figure>\n<p>Esos son los &#8220;cr\u00edmenes&#8221; que el jefe de Gobierno Batres, el alcalde morenista Jos\u00e9 Carlos Acosta y la 4T en general, como antes el pri\u00edsmo, no pueden perdonar a la Asamblea, &#8220;respetar la palabra&#8221; y trabajar para el colectivo. Por eso la represi\u00f3n, legal y paramilitar, se ha cebado sobre Hortensia y otros compa\u00f1eros.<\/p>\n<p>&nbsp;<\/p>\n<figure id=\"attachment_70042\" aria-describedby=\"caption-attachment-70042\" style=\"width: 699px\" class=\"wp-caption aligncenter\"><a href=\"http:\/\/www.grieta.org.mx\/wp-content\/uploads\/2024\/10\/NoalaCriminalizacion-scaled.jpg\"><img loading=\"lazy\" decoding=\"async\" data-attachment-id=\"70042\" data-permalink=\"https:\/\/www.grieta.org.mx\/index.php\/2024\/10\/07\/la-lucha-de-san-gregorio-atlapulco-por-la-tlamachtiloyan-un-espacio-seguro-donde-tenemos-el-derecho-a-disfrutar\/noalacriminalizacion\/\" data-orig-file=\"https:\/\/www.grieta.org.mx\/wp-content\/uploads\/2024\/10\/NoalaCriminalizacion-scaled.jpg\" data-orig-size=\"1747,2560\" data-comments-opened=\"0\" data-image-meta=\"{&quot;aperture&quot;:&quot;0&quot;,&quot;credit&quot;:&quot;&quot;,&quot;camera&quot;:&quot;&quot;,&quot;caption&quot;:&quot;&quot;,&quot;created_timestamp&quot;:&quot;0&quot;,&quot;copyright&quot;:&quot;&quot;,&quot;focal_length&quot;:&quot;0&quot;,&quot;iso&quot;:&quot;0&quot;,&quot;shutter_speed&quot;:&quot;0&quot;,&quot;title&quot;:&quot;&quot;,&quot;orientation&quot;:&quot;1&quot;}\" data-image-title=\"NoalaCriminalizacion\" data-image-description=\"\" data-image-caption=\"&lt;p&gt;Cartel contra la criminializaci\u00f3n de la la profesora Hortensia Tel\u00e9sforo. Foro: Colectvio Grieta.&lt;\/p&gt;\n\" data-medium-file=\"https:\/\/www.grieta.org.mx\/wp-content\/uploads\/2024\/10\/NoalaCriminalizacion-205x300.jpg\" data-large-file=\"https:\/\/www.grieta.org.mx\/wp-content\/uploads\/2024\/10\/NoalaCriminalizacion-699x1024.jpg\" class=\"wp-image-70042 size-large\" src=\"http:\/\/www.grieta.org.mx\/wp-content\/uploads\/2024\/10\/NoalaCriminalizacion-699x1024.jpg\" alt=\"\" width=\"699\" height=\"1024\" srcset=\"https:\/\/www.grieta.org.mx\/wp-content\/uploads\/2024\/10\/NoalaCriminalizacion-699x1024.jpg 699w, https:\/\/www.grieta.org.mx\/wp-content\/uploads\/2024\/10\/NoalaCriminalizacion-205x300.jpg 205w, https:\/\/www.grieta.org.mx\/wp-content\/uploads\/2024\/10\/NoalaCriminalizacion-768x1125.jpg 768w, https:\/\/www.grieta.org.mx\/wp-content\/uploads\/2024\/10\/NoalaCriminalizacion-1048x1536.jpg 1048w, https:\/\/www.grieta.org.mx\/wp-content\/uploads\/2024\/10\/NoalaCriminalizacion-1398x2048.jpg 1398w, https:\/\/www.grieta.org.mx\/wp-content\/uploads\/2024\/10\/NoalaCriminalizacion-scaled.jpg 1747w\" sizes=\"auto, (max-width: 699px) 100vw, 699px\" \/><\/a><figcaption id=\"caption-attachment-70042\" class=\"wp-caption-text\">Cartel contra la criminalizaci\u00f3n de la la profesora Hortensia Tel\u00e9sforo. Foro: Colectvio Grieta.<\/figcaption><\/figure>\n<p>La Asamblea General Permanente de San Gregorio Atlapulco exige al gobierno de la Ciudad de M\u00e9xico el retiro de las carpetas de investigaci\u00f3n contra Hortensia y otros compa\u00f1eros a ra\u00edz de la cobarde agresi\u00f3n por el grupo de halcones al servicio de la alcald\u00eda. Tambi\u00e9n exigen garant\u00edas de no repetici\u00f3n de la represi\u00f3n.<\/p>\n<p>Para los vasos comunicantes de abajo y a la izquierda, la Tlamachtiloyan de San Gregorio Atlapulco puede ser un nodo, un espacio y oportunidad de construir el com\u00fan en los terrenos de las artes y las ciencias, para, desde ah\u00ed, luchar contra el capitalismo que amenaza con destruir no solamente el humedal y las chinampas xochimilcas, sino la vida misma.<\/p>\n<p>A continuaci\u00f3n se pueden escuchar las entrevistas con la maestra Hortensia Tel\u00e9sforo:<\/p>\n<p><iframe loading=\"lazy\" title=\"Entrevista Hortensia Tel\u00e9sforo II by Luis Flores\" width=\"1170\" height=\"400\" scrolling=\"no\" frameborder=\"no\" src=\"https:\/\/w.soundcloud.com\/player\/?visual=true&#038;url=https%3A%2F%2Fapi.soundcloud.com%2Ftracks%2F1929235889&#038;show_artwork=true&#038;maxheight=1000&#038;maxwidth=1170\"><\/iframe><\/p>\n<p><iframe loading=\"lazy\" title=\"Entrevista Hortensia Tel\u00e9sforo by Luis Flores\" width=\"1170\" height=\"400\" scrolling=\"no\" frameborder=\"no\" src=\"https:\/\/w.soundcloud.com\/player\/?visual=true&#038;url=https%3A%2F%2Fapi.soundcloud.com%2Ftracks%2F1929235871&#038;show_artwork=true&#038;maxheight=1000&#038;maxwidth=1170\"><\/iframe><\/p>\n<figure id=\"attachment_70047\" aria-describedby=\"caption-attachment-70047\" style=\"width: 720px\" class=\"wp-caption aligncenter\"><a href=\"http:\/\/www.grieta.org.mx\/wp-content\/uploads\/2024\/10\/SanGregorio1-scaled.jpg\"><img loading=\"lazy\" decoding=\"async\" data-attachment-id=\"70047\" data-permalink=\"https:\/\/www.grieta.org.mx\/index.php\/2024\/10\/07\/la-lucha-de-san-gregorio-atlapulco-por-la-tlamachtiloyan-un-espacio-seguro-donde-tenemos-el-derecho-a-disfrutar\/sangregorio1\/\" data-orig-file=\"https:\/\/www.grieta.org.mx\/wp-content\/uploads\/2024\/10\/SanGregorio1-scaled.jpg\" data-orig-size=\"2560,2269\" data-comments-opened=\"0\" data-image-meta=\"{&quot;aperture&quot;:&quot;0&quot;,&quot;credit&quot;:&quot;&quot;,&quot;camera&quot;:&quot;&quot;,&quot;caption&quot;:&quot;&quot;,&quot;created_timestamp&quot;:&quot;0&quot;,&quot;copyright&quot;:&quot;&quot;,&quot;focal_length&quot;:&quot;0&quot;,&quot;iso&quot;:&quot;0&quot;,&quot;shutter_speed&quot;:&quot;0&quot;,&quot;title&quot;:&quot;&quot;,&quot;orientation&quot;:&quot;1&quot;}\" data-image-title=\"SanGregorio1\" data-image-description=\"\" data-image-caption=\"&lt;p&gt;Foto: Colectivo Grieta&lt;\/p&gt;\n\" data-medium-file=\"https:\/\/www.grieta.org.mx\/wp-content\/uploads\/2024\/10\/SanGregorio1-300x266.jpg\" data-large-file=\"https:\/\/www.grieta.org.mx\/wp-content\/uploads\/2024\/10\/SanGregorio1-1024x907.jpg\" class=\"wp-image-70047\" src=\"http:\/\/www.grieta.org.mx\/wp-content\/uploads\/2024\/10\/SanGregorio1-scaled.jpg\" alt=\"\" width=\"720\" height=\"638\" srcset=\"https:\/\/www.grieta.org.mx\/wp-content\/uploads\/2024\/10\/SanGregorio1-scaled.jpg 2560w, https:\/\/www.grieta.org.mx\/wp-content\/uploads\/2024\/10\/SanGregorio1-300x266.jpg 300w, https:\/\/www.grieta.org.mx\/wp-content\/uploads\/2024\/10\/SanGregorio1-1024x907.jpg 1024w, https:\/\/www.grieta.org.mx\/wp-content\/uploads\/2024\/10\/SanGregorio1-768x681.jpg 768w, https:\/\/www.grieta.org.mx\/wp-content\/uploads\/2024\/10\/SanGregorio1-1536x1361.jpg 1536w, https:\/\/www.grieta.org.mx\/wp-content\/uploads\/2024\/10\/SanGregorio1-2048x1815.jpg 2048w\" sizes=\"auto, (max-width: 720px) 100vw, 720px\" \/><\/a><figcaption id=\"caption-attachment-70047\" class=\"wp-caption-text\">Foto: Colectivo Grieta<\/figcaption><\/figure>\n","protected":false},"excerpt":{"rendered":"<p>La lucha de un pueblo originario de la Ciudad de M\u00e9xico en defensa del agua y el territorio frente al acoso de la 4T Colectivo Grieta \/ 24 de septiembre &hellip; <a href=\"https:\/\/www.grieta.org.mx\/index.php\/2024\/10\/07\/la-lucha-de-san-gregorio-atlapulco-por-la-tlamachtiloyan-un-espacio-seguro-donde-tenemos-el-derecho-a-disfrutar\/\" class=\"more-link\">Leer m\u00e1s<\/a><\/p>\n","protected":false},"author":2,"featured_media":70033,"comment_status":"closed","ping_status":"closed","sticky":false,"template":"","format":"standard","meta":{"ngg_post_thumbnail":0,"_jetpack_newsletter_access":"","_jetpack_dont_email_post_to_subs":false,"_jetpack_newsletter_tier_id":0,"_jetpack_memberships_contains_paywalled_content":false,"_jetpack_memberships_contains_paid_content":false,"footnotes":""},"categories":[2804,80,14,1775,1119,3161,3310,2,2219],"tags":[224,3918,4172,463,102,2466],"class_list":["post-70000","post","type-post","status-publish","format-standard","has-post-thumbnail","hentry","category-abuso-policiaco-y-tortura-en-la-ciudad-de-mexico","category-cintillo","category-ciudad-de-mexico","category-colectivo-grieta","category-conflictos-por-falta-de-agua-en-la-ciudad-de-mexico","category-luchas-de-las-mujeres-en-la-ciudad-de-mexico","category-militarizacion-en-la-ciudad-de-mexico","category-noticias-nacionales","category-resistencias-en-la-ciudad-de-mexico","tag-agua","tag-defensa-de-la-naturaleza","tag-defensa-de-la-tierra-y-el-territorio","tag-defensa-del-agua","tag-derecho-a-la-educacion","tag-luchas-y-resistencias-de-pueblos-originarios","entry"],"jetpack_featured_media_url":"https:\/\/www.grieta.org.mx\/wp-content\/uploads\/2024\/10\/Tlamchtiltoyan2-scaled-e1728266408432.jpg","jetpack_sharing_enabled":true,"jetpack_shortlink":"https:\/\/wp.me\/p7ZJR4-id2","jetpack_likes_enabled":false,"jetpack-related-posts":[{"id":71911,"url":"https:\/\/www.grieta.org.mx\/index.php\/2025\/07\/03\/encuentro-de-resistencias-mas-alla-de-la-aviacion-la-turistificacion-y-el-capitalismo-en-san-gregorio-atlapulco-xochimilco-ciudad-de-mexico\/","url_meta":{"origin":70000,"position":0},"title":"Encuentro de Resistencias &#8220;M\u00e1s all\u00e1 de la aviaci\u00f3n, la turistificaci\u00f3n y el capitalismo&#8221; en San Gregorio Atlapulco, Xochimilco. (Ciudad de M\u00e9xico)","author":"grieta","date":"3 julio, 2025","format":false,"excerpt":"Del Barrio News Este jueves 03 de julio fueron inaugurados los trabajos del Encuentro de Resistencias \"M\u00e1s all\u00e1 de la aviaci\u00f3n, la turistificaci\u00f3n y el capitalismo\" en San Gregorio Atlapulco, Xochimilco, el cual re\u00fane a diversos movimientos en defensa del territorio, iniciativas anti-turistificaci\u00f3n y luchas por el agua y la\u2026","rel":"","context":"En &quot;CINTILLO&quot;","block_context":{"text":"CINTILLO","link":"https:\/\/www.grieta.org.mx\/index.php\/category\/cintillo\/"},"img":{"alt_text":"","src":"https:\/\/i0.wp.com\/www.grieta.org.mx\/wp-content\/uploads\/2025\/07\/b7.jpg?resize=350%2C200&ssl=1","width":350,"height":200,"srcset":"https:\/\/i0.wp.com\/www.grieta.org.mx\/wp-content\/uploads\/2025\/07\/b7.jpg?resize=350%2C200&ssl=1 1x, https:\/\/i0.wp.com\/www.grieta.org.mx\/wp-content\/uploads\/2025\/07\/b7.jpg?resize=525%2C300&ssl=1 1.5x, https:\/\/i0.wp.com\/www.grieta.org.mx\/wp-content\/uploads\/2025\/07\/b7.jpg?resize=700%2C400&ssl=1 2x, https:\/\/i0.wp.com\/www.grieta.org.mx\/wp-content\/uploads\/2025\/07\/b7.jpg?resize=1050%2C600&ssl=1 3x, https:\/\/i0.wp.com\/www.grieta.org.mx\/wp-content\/uploads\/2025\/07\/b7.jpg?resize=1400%2C800&ssl=1 4x"},"classes":[]},{"id":67489,"url":"https:\/\/www.grieta.org.mx\/index.php\/2023\/08\/17\/el-agua-es-vida-y-la-vida-se-defiende-3o-asamblea-nacional-en-defensa-de-la-vida-y-el-agua\/","url_meta":{"origin":70000,"position":1},"title":"El agua es vida y la vida se defiende: 3\u00ba Asamblea Nacional en Defensa de la Vida y el Agua","author":"grieta","date":"17 agosto, 2023","format":false,"excerpt":"- Con el grito: \"\u00a1Alto a la Guerra contra las comunidades Zapatistas!\" cientos de personas se reunieron en el pueblo originario de San Gregorio Atlapulco, Xochimilco. - En la lucha, seamos constantes como el agua, llaman durante la inauguraci\u00f3n del encuentro -La declaraci\u00f3n final denuncia al actual gobierno federal por\u2026","rel":"","context":"En &quot;CINTILLO&quot;","block_context":{"text":"CINTILLO","link":"https:\/\/www.grieta.org.mx\/index.php\/category\/cintillo\/"},"img":{"alt_text":"","src":"https:\/\/i0.wp.com\/www.grieta.org.mx\/wp-content\/uploads\/2023\/08\/Diapositiva1.jpeg?resize=350%2C200&ssl=1","width":350,"height":200,"srcset":"https:\/\/i0.wp.com\/www.grieta.org.mx\/wp-content\/uploads\/2023\/08\/Diapositiva1.jpeg?resize=350%2C200&ssl=1 1x, https:\/\/i0.wp.com\/www.grieta.org.mx\/wp-content\/uploads\/2023\/08\/Diapositiva1.jpeg?resize=525%2C300&ssl=1 1.5x, https:\/\/i0.wp.com\/www.grieta.org.mx\/wp-content\/uploads\/2023\/08\/Diapositiva1.jpeg?resize=700%2C400&ssl=1 2x"},"classes":[]},{"id":71090,"url":"https:\/\/www.grieta.org.mx\/index.php\/2025\/02\/24\/samir-sigue-floreciendo-manifestacion-por-justicia-en-la-cd-mx\/","url_meta":{"origin":70000,"position":2},"title":"\u00a1Samir sigue floreciendo! Manifestaci\u00f3n por justicia en la Cd Mx.","author":"grieta","date":"24 febrero, 2025","format":false,"excerpt":"Coelctivo Grieta 22 de febrero de 2025 Ciudad de M\u00e9xico.- El pasado viernes 21 de febrero de 2025, diversas organizaciones y colectivos participaron en la manifestaci\u00f3n exigiendo justicia para Samir Flores Soberanes, ind\u00edgena nahua asesinado en 2019\u00a0 por oponerse al\u00a0 Proyecto Integral Morelos (PIM) que fue reactivado por el gobierno\u2026","rel":"","context":"En &quot;CINTILLO&quot;","block_context":{"text":"CINTILLO","link":"https:\/\/www.grieta.org.mx\/index.php\/category\/cintillo\/"},"img":{"alt_text":"","src":"https:\/\/i0.wp.com\/www.grieta.org.mx\/wp-content\/uploads\/2025\/02\/Diapositiva1.jpeg?resize=350%2C200&ssl=1","width":350,"height":200,"srcset":"https:\/\/i0.wp.com\/www.grieta.org.mx\/wp-content\/uploads\/2025\/02\/Diapositiva1.jpeg?resize=350%2C200&ssl=1 1x, https:\/\/i0.wp.com\/www.grieta.org.mx\/wp-content\/uploads\/2025\/02\/Diapositiva1.jpeg?resize=525%2C300&ssl=1 1.5x, https:\/\/i0.wp.com\/www.grieta.org.mx\/wp-content\/uploads\/2025\/02\/Diapositiva1.jpeg?resize=700%2C400&ssl=1 2x"},"classes":[]},{"id":26442,"url":"https:\/\/www.grieta.org.mx\/index.php\/2018\/09\/15\/detiene-la-policia-de-la-ciudad-de-mexico-a-integrantes-de-la-asamblea-general-de-los-pueblos-barrios-y-colonias-de-coyoacan\/","url_meta":{"origin":70000,"position":3},"title":"Detiene la polic\u00eda de la Ciudad de M\u00e9xico a integrantes de la Asamblea General de los Pueblos, Barrios y Colonias de Coyoac\u00e1n","author":"grieta","date":"15 septiembre, 2018","format":false,"excerpt":"COLECTIVO GRIETA El d\u00eda de hoy, s\u00e1bado 15 de septiembre hacia las 10:30 hrs., polic\u00edas capitalinos detuvieron con lujo de violencia a Gustavo Rosas y Vicente Soria, defensores del manantial ubicado en el predio de Aztecas 215, donde la inmobiliaria \"Quiero Casa\" de los hermanos Shabot Cherem lleva dos a\u00f1os\u2026","rel":"","context":"En &quot;CINTILLO&quot;","block_context":{"text":"CINTILLO","link":"https:\/\/www.grieta.org.mx\/index.php\/category\/cintillo\/"},"img":{"alt_text":"","src":"https:\/\/i0.wp.com\/www.grieta.org.mx\/wp-content\/uploads\/2018\/03\/14524434_1106112876131411_958039263622046936_o.jpg?resize=350%2C200&ssl=1","width":350,"height":200,"srcset":"https:\/\/i0.wp.com\/www.grieta.org.mx\/wp-content\/uploads\/2018\/03\/14524434_1106112876131411_958039263622046936_o.jpg?resize=350%2C200&ssl=1 1x, https:\/\/i0.wp.com\/www.grieta.org.mx\/wp-content\/uploads\/2018\/03\/14524434_1106112876131411_958039263622046936_o.jpg?resize=525%2C300&ssl=1 1.5x, https:\/\/i0.wp.com\/www.grieta.org.mx\/wp-content\/uploads\/2018\/03\/14524434_1106112876131411_958039263622046936_o.jpg?resize=700%2C400&ssl=1 2x"},"classes":[]},{"id":72326,"url":"https:\/\/www.grieta.org.mx\/index.php\/2025\/10\/05\/organizaciones-invitan-a-la-vi-asamblea-nacional-por-el-agua-y-la-vida-y-el-territorio-a-realizarse-en-loma-de-bacum-sonora\/","url_meta":{"origin":70000,"position":4},"title":"Organizaciones invitan a la VI Asamblea Nacional por el Agua y, la Vida y el Territorio a realizarse en Loma de B\u00e1cum, Sonora.","author":"grieta","date":"5 octubre, 2025","format":false,"excerpt":"Colectivo Grieta 27 de septiembre de 2025. Ciudad de M\u00e9xico.- El pasado lunes 22 de septiembre a las 17 hrs. en la Casa de los Pueblos y Comunidades Ind\u00edgenas \"Samir Flores Soberanes\" se llev\u00f3 a cabo una conferencia de prensa para invitar a la VI Asamblea por el Agua, la\u2026","rel":"","context":"En &quot;Autonom\u00edas&quot;","block_context":{"text":"Autonom\u00edas","link":"https:\/\/www.grieta.org.mx\/index.php\/category\/resistencias\/autonomias\/"},"img":{"alt_text":"","src":"https:\/\/i0.wp.com\/www.grieta.org.mx\/wp-content\/uploads\/2025\/09\/WhatsApp-Image-2025-09-25-at-13.42.25.jpeg?resize=350%2C200&ssl=1","width":350,"height":200,"srcset":"https:\/\/i0.wp.com\/www.grieta.org.mx\/wp-content\/uploads\/2025\/09\/WhatsApp-Image-2025-09-25-at-13.42.25.jpeg?resize=350%2C200&ssl=1 1x, https:\/\/i0.wp.com\/www.grieta.org.mx\/wp-content\/uploads\/2025\/09\/WhatsApp-Image-2025-09-25-at-13.42.25.jpeg?resize=525%2C300&ssl=1 1.5x, https:\/\/i0.wp.com\/www.grieta.org.mx\/wp-content\/uploads\/2025\/09\/WhatsApp-Image-2025-09-25-at-13.42.25.jpeg?resize=700%2C400&ssl=1 2x, https:\/\/i0.wp.com\/www.grieta.org.mx\/wp-content\/uploads\/2025\/09\/WhatsApp-Image-2025-09-25-at-13.42.25.jpeg?resize=1050%2C600&ssl=1 3x"},"classes":[]},{"id":69720,"url":"https:\/\/www.grieta.org.mx\/index.php\/2024\/09\/12\/facultad-de-arquitectura-unam-estudiantes-de-extension-universitaria-realizan-carteles-en-solidaridad-con-xochimilco-y-los-difunden-en-la-facultad-de-arquitectura-ciudad-de-mexico\/","url_meta":{"origin":70000,"position":5},"title":"Facultad de Arquitectura\/UNAM: Estudiantes de Extensi\u00f3n Universitaria realizan carteles en solidaridad con Xochimilco y los difunden en la Facultad de Arquitectura (Ciudad de M\u00e9xico)","author":"grieta","date":"12 septiembre, 2024","format":false,"excerpt":"Texto y fotos tomadas de: La Voz del An\u00e1huac Estudiantes del \u00e1rea de Extensi\u00f3n Universitaria de la Facultad de Arquitectura, ponen el dise\u00f1o al servicio del pueblo y realizan carteles en solidaridad con la movilizaci\u00f3n de este 12 de septiembre, en contra de la represi\u00f3n del d\u00eda 5 en las\u2026","rel":"","context":"En &quot;Abuso policiaco y tortura en la Ciudad de M\u00e9xico&quot;","block_context":{"text":"Abuso policiaco y tortura en la Ciudad de M\u00e9xico","link":"https:\/\/www.grieta.org.mx\/index.php\/category\/noticias-nacionales\/ciudad-de-mexico\/abuso-policiaco-y-tortura-en-la-ciudad-de-mexico\/"},"img":{"alt_text":"","src":"https:\/\/i0.wp.com\/www.grieta.org.mx\/wp-content\/uploads\/2024\/09\/Facultad-de-ArquitecturaUNAM-Estudiantes-de-Extension-Universitaria-realizan-carteles-en-solidaridad-con-Xochimilco-y-los-difunden-en-la-Facultad-de-Arquitectura-1.jpg?resize=350%2C200&ssl=1","width":350,"height":200},"classes":[]}],"_links":{"self":[{"href":"https:\/\/www.grieta.org.mx\/index.php\/wp-json\/wp\/v2\/posts\/70000","targetHints":{"allow":["GET"]}}],"collection":[{"href":"https:\/\/www.grieta.org.mx\/index.php\/wp-json\/wp\/v2\/posts"}],"about":[{"href":"https:\/\/www.grieta.org.mx\/index.php\/wp-json\/wp\/v2\/types\/post"}],"author":[{"embeddable":true,"href":"https:\/\/www.grieta.org.mx\/index.php\/wp-json\/wp\/v2\/users\/2"}],"replies":[{"embeddable":true,"href":"https:\/\/www.grieta.org.mx\/index.php\/wp-json\/wp\/v2\/comments?post=70000"}],"version-history":[{"count":1,"href":"https:\/\/www.grieta.org.mx\/index.php\/wp-json\/wp\/v2\/posts\/70000\/revisions"}],"predecessor-version":[{"id":70444,"href":"https:\/\/www.grieta.org.mx\/index.php\/wp-json\/wp\/v2\/posts\/70000\/revisions\/70444"}],"wp:featuredmedia":[{"embeddable":true,"href":"https:\/\/www.grieta.org.mx\/index.php\/wp-json\/wp\/v2\/media\/70033"}],"wp:attachment":[{"href":"https:\/\/www.grieta.org.mx\/index.php\/wp-json\/wp\/v2\/media?parent=70000"}],"wp:term":[{"taxonomy":"category","embeddable":true,"href":"https:\/\/www.grieta.org.mx\/index.php\/wp-json\/wp\/v2\/categories?post=70000"},{"taxonomy":"post_tag","embeddable":true,"href":"https:\/\/www.grieta.org.mx\/index.php\/wp-json\/wp\/v2\/tags?post=70000"}],"curies":[{"name":"wp","href":"https:\/\/api.w.org\/{rel}","templated":true}]}}