{"id":69989,"date":"2023-11-20T09:23:11","date_gmt":"2023-11-20T15:23:11","guid":{"rendered":"http:\/\/www.grieta.org.mx\/?p=69989"},"modified":"2024-10-04T09:36:00","modified_gmt":"2024-10-04T15:36:00","slug":"puebla-cuando-el-campo-se-planta-frente-al-despojo-de-tierra-y-agua","status":"publish","type":"post","link":"https:\/\/www.grieta.org.mx\/index.php\/2023\/11\/20\/puebla-cuando-el-campo-se-planta-frente-al-despojo-de-tierra-y-agua\/","title":{"rendered":"Puebla: Cuando el campo se planta frente al despojo de tierra y agua"},"content":{"rendered":"<p>Por Periodismo de lo posible \/ Radio Cholollan<\/p>\n<p>Desde hace d\u00e9cadas la comunidad nahua de Tlaxcalancingo, en Puebla, enfrenta diferentes batallas para resguardar la vida comunitaria, las tierras y el agua.<\/p>\n<p>La resistencia actual se nutre del recuerdo de una experiencia de 2012, cuando el municipio junto al gobierno del Estado intentaban privatizar y desaparecer el campo Tocala, un espacio de uso comunal destinado al deporte del pueblo y donde se celebra la feria del nopal y la fiesta dedicada a la Virgen de los Remedios.<\/p>\n<p>Las autoridades quer\u00edan construir un polideportivo de alto rendimiento para entregarlo en concesi\u00f3n a una empresa espa\u00f1ola. Ese era un paso m\u00e1s para el avance de los desarrollos inmobiliarios. Pero la organizaci\u00f3n del pueblo pronto, de maneras insospechadas, se iba a hacer presente.<\/p>\n<p>\u00abPuebla: Cuando el campo se planta frente al despojo de tierra y agua\u00bb una historia de @fmcholollan que narra la resistencia que desde 2012 se teje en Tlaxcalancingo, un territorio amenazado por la urbanizaci\u00f3n.<\/p>\n<p><iframe loading=\"lazy\" title=\"T1 EP12 Puebla: Cuando el campo se planta frente al despojo de tierra y agua by Periodismo De Lo Posible\" width=\"1170\" height=\"400\" scrolling=\"no\" frameborder=\"no\" src=\"https:\/\/w.soundcloud.com\/player\/?visual=true&#038;url=https%3A%2F%2Fapi.soundcloud.com%2Ftracks%2F1652292423&#038;show_artwork=true&#038;maxheight=1000&#038;maxwidth=1170\"><\/iframe><br \/>\n<a href=\"https:\/\/www.ladobe.com.mx\/2023\/11\/puebla-cuando-el-campo-se-planta-frente-al-despojo-de-tierra-y-agua\/\">https:\/\/www.ladobe.com.mx\/2023\/11\/puebla-cuando-el-campo-se-planta-frente-al-despojo-de-tierra-y-agua\/<\/a><\/p>\n","protected":false},"excerpt":{"rendered":"<p>Por Periodismo de lo posible \/ Radio Cholollan Desde hace d\u00e9cadas la comunidad nahua de Tlaxcalancingo, en Puebla, enfrenta diferentes batallas para resguardar la vida comunitaria, las tierras y el &hellip; <a href=\"https:\/\/www.grieta.org.mx\/index.php\/2023\/11\/20\/puebla-cuando-el-campo-se-planta-frente-al-despojo-de-tierra-y-agua\/\" class=\"more-link\">Leer m\u00e1s<\/a><\/p>\n","protected":false},"author":1,"featured_media":69990,"comment_status":"closed","ping_status":"closed","sticky":false,"template":"","format":"standard","meta":{"ngg_post_thumbnail":0,"_jetpack_newsletter_access":"","_jetpack_dont_email_post_to_subs":false,"_jetpack_newsletter_tier_id":0,"_jetpack_memberships_contains_paywalled_content":false,"_jetpack_memberships_contains_paid_content":false,"footnotes":""},"categories":[3,922,942,2,1253,26],"tags":[1065,2466,764],"class_list":["post-69989","post","type-post","status-publish","format-standard","has-post-thumbnail","hentry","category-megaproyectos","category-megaproyectos-estados","category-mp-puebla","category-noticias-nacionales","category-privatizacion-del-agua-y-el-drenaje-en-puebla","category-puebla","tag-despojo-de-agua-y-tierras","tag-luchas-y-resistencias-de-pueblos-originarios","tag-privatizacion-del-agua","entry"],"jetpack_featured_media_url":"https:\/\/www.grieta.org.mx\/wp-content\/uploads\/2024\/10\/Ilustracion-episodio-12.jpg","jetpack_sharing_enabled":true,"jetpack_shortlink":"https:\/\/wp.me\/p7ZJR4-icR","jetpack_likes_enabled":false,"jetpack-related-posts":[{"id":13476,"url":"https:\/\/www.grieta.org.mx\/index.php\/2016\/08\/04\/privatizacion-del-agua-y-el-drenaje-en-puebla\/","url_meta":{"origin":69989,"position":0},"title":"Privatizaci\u00f3n del agua y el drenaje en Puebla","author":"grieta","date":"4 agosto, 2016","format":false,"excerpt":"04\/08\/16. Campesinos bloquean carretera federal Puebla-Tehuac\u00e1nEl Sol de Puebla 24\/07\/16. Pese a amparo, Agua de Puebla suspende servicio a hospitale-consulta 11\/07\/16. Agua contaminada causa brote de enfermedades en familias de Huauchinango (Puebla)Municipios Puebla 26\/06\/16. Realizan sesi\u00f3n informativa en Zacapoaxtla sobre privatizaci\u00f3n del agua en PueblaMunicipios Puebla 25\/05\/16. Drenaje, otro servicio\u2026","rel":"","context":"En &quot;NOTICIAS NACIONALES&quot;","block_context":{"text":"NOTICIAS NACIONALES","link":"https:\/\/www.grieta.org.mx\/index.php\/category\/noticias-nacionales\/"},"img":{"alt_text":"","src":"https:\/\/i0.wp.com\/www.grieta.org.mx\/wp-content\/uploads\/2018\/03\/14524434_1106112876131411_958039263622046936_o.jpg?resize=350%2C200&ssl=1","width":350,"height":200,"srcset":"https:\/\/i0.wp.com\/www.grieta.org.mx\/wp-content\/uploads\/2018\/03\/14524434_1106112876131411_958039263622046936_o.jpg?resize=350%2C200&ssl=1 1x, https:\/\/i0.wp.com\/www.grieta.org.mx\/wp-content\/uploads\/2018\/03\/14524434_1106112876131411_958039263622046936_o.jpg?resize=525%2C300&ssl=1 1.5x, https:\/\/i0.wp.com\/www.grieta.org.mx\/wp-content\/uploads\/2018\/03\/14524434_1106112876131411_958039263622046936_o.jpg?resize=700%2C400&ssl=1 2x"},"classes":[]},{"id":27862,"url":"https:\/\/www.grieta.org.mx\/index.php\/2018\/12\/08\/registran-organizaciones-11-procesos-de-despojo-por-proyectos-extractivos-puebla\/","url_meta":{"origin":69989,"position":1},"title":"Registran organizaciones 11 procesos de despojo por proyectos extractivos (Puebla)","author":"grieta","date":"8 diciembre, 2018","format":false,"excerpt":"Maritza Mena \/ El Sol de Puebla En Puebla se documentaron 11 casos desde el 2014 de despojo del territorio por proyectos extractivos y de infraestructura para favorecer a empresas multinacionales, adem\u00e1s del asesinato de defensores de los derechos humamos de los pueblos ind\u00edgenas, de acuerdo con el Informe de\u2026","rel":"","context":"En &quot;26. Sierra Puebla&quot;","block_context":{"text":"26. Sierra Puebla","link":"https:\/\/www.grieta.org.mx\/index.php\/category\/espejos-de-la-resistencia\/26-sierra-puebla\/"},"img":{"alt_text":"","src":"https:\/\/i0.wp.com\/www.grieta.org.mx\/wp-content\/uploads\/2018\/12\/meztli-sarabia.jpg?resize=350%2C200&ssl=1","width":350,"height":200,"srcset":"https:\/\/i0.wp.com\/www.grieta.org.mx\/wp-content\/uploads\/2018\/12\/meztli-sarabia.jpg?resize=350%2C200&ssl=1 1x, https:\/\/i0.wp.com\/www.grieta.org.mx\/wp-content\/uploads\/2018\/12\/meztli-sarabia.jpg?resize=525%2C300&ssl=1 1.5x, https:\/\/i0.wp.com\/www.grieta.org.mx\/wp-content\/uploads\/2018\/12\/meztli-sarabia.jpg?resize=700%2C400&ssl=1 2x"},"classes":[]},{"id":25911,"url":"https:\/\/www.grieta.org.mx\/index.php\/2018\/08\/24\/sergio-rivera-activista-indigena-y-opositor-de-hidroelectrica-es-reportado-como-desaparecido-en-puebla\/","url_meta":{"origin":69989,"position":2},"title":"Sergio Rivera, activista ind\u00edgena y opositor de hidroel\u00e9ctrica, es reportado como desaparecido en Puebla","author":"grieta","date":"24 agosto, 2018","format":false,"excerpt":"Redacci\u00f3n \/ Sinembargo \/ Peri\u00f3dico Central Sergio Rivera Hern\u00e1ndez, integrante del movimiento de comunidades en resistencia contra el proyecto hidroel\u00e9ctrico Coyolapa \u2013 Atlzal\u00e1, Puebla, y miembro de Movimiento Agrario Ind\u00edgena Zapatista, es reportado como desaparecido. De acuerdo con testigos y con la denuncia presentada ante las autoridades, el 23 de\u2026","rel":"","context":"En &quot;26. Sierra Puebla&quot;","block_context":{"text":"26. Sierra Puebla","link":"https:\/\/www.grieta.org.mx\/index.php\/category\/espejos-de-la-resistencia\/26-sierra-puebla\/"},"img":{"alt_text":"","src":"https:\/\/i0.wp.com\/www.grieta.org.mx\/wp-content\/uploads\/2018\/08\/activistadesaparecidopuebla.jpg?resize=350%2C200&ssl=1","width":350,"height":200,"srcset":"https:\/\/i0.wp.com\/www.grieta.org.mx\/wp-content\/uploads\/2018\/08\/activistadesaparecidopuebla.jpg?resize=350%2C200&ssl=1 1x, https:\/\/i0.wp.com\/www.grieta.org.mx\/wp-content\/uploads\/2018\/08\/activistadesaparecidopuebla.jpg?resize=525%2C300&ssl=1 1.5x, https:\/\/i0.wp.com\/www.grieta.org.mx\/wp-content\/uploads\/2018\/08\/activistadesaparecidopuebla.jpg?resize=700%2C400&ssl=1 2x, https:\/\/i0.wp.com\/www.grieta.org.mx\/wp-content\/uploads\/2018\/08\/activistadesaparecidopuebla.jpg?resize=1050%2C600&ssl=1 3x"},"classes":[]},{"id":39284,"url":"https:\/\/www.grieta.org.mx\/index.php\/2019\/09\/19\/los-pueblos-totonacos-que-defienden-su-rio-contra-walmart-documental-puebla\/","url_meta":{"origin":69989,"position":3},"title":"Los pueblos totonacos que defienden su r\u00edo contra Walmart (Documental) (Puebla)","author":"Admin","date":"19 septiembre, 2019","format":false,"excerpt":"EDUCA \/ Kaos en la Red En julio del 2019, las comunidades totonacas firmaron una petici\u00f3n para exigir que se cancele el Proyecto Hidroel\u00e9ctrico Puebla 1, que fue autorizado por el Estado Mexicano. Un nuevo documental resume la cosmovisi\u00f3n de los pueblos totonacos de la Sierra de Puebla de Ahuacatl\u00e1n\u2026","rel":"","context":"En &quot;26. Sierra Puebla&quot;","block_context":{"text":"26. Sierra Puebla","link":"https:\/\/www.grieta.org.mx\/index.php\/category\/espejos-de-la-resistencia\/26-sierra-puebla\/"},"img":{"alt_text":"","src":"https:\/\/i0.wp.com\/www.grieta.org.mx\/wp-content\/uploads\/2019\/09\/hidro-300x200.jpg?resize=350%2C200","width":350,"height":200,"srcset":"https:\/\/i0.wp.com\/www.grieta.org.mx\/wp-content\/uploads\/2019\/09\/hidro-300x200.jpg?resize=350%2C200 1x, https:\/\/i0.wp.com\/www.grieta.org.mx\/wp-content\/uploads\/2019\/09\/hidro-300x200.jpg?resize=525%2C300 1.5x, https:\/\/i0.wp.com\/www.grieta.org.mx\/wp-content\/uploads\/2019\/09\/hidro-300x200.jpg?resize=700%2C400 2x"},"classes":[]},{"id":71890,"url":"https:\/\/www.grieta.org.mx\/index.php\/2025\/07\/01\/criminalizan-a-renato-romero-camacho-defensor-del-agua-en-puebla-organizaciones-exigen-justicia\/","url_meta":{"origin":69989,"position":4},"title":"Criminalizan a Renato Romero Camacho, defensor del agua en Puebla; organizaciones exigen justicia","author":"grieta","date":"1 julio, 2025","format":false,"excerpt":"Redacci\u00f3n \/ Somos el medio Renato Romero Camacho, activista ambiental de la Cuenca Libres-Oriental, fue detenido este 1 de julio en Puebla. Organizaciones acusan criminalizaci\u00f3n de la protesta y fabricaciones judiciales para frenar la defensa del territorio y el agua. Puebla, M\u00e9xico, 1 de julio de 2025.-\u00a0La ma\u00f1ana de este\u2026","rel":"","context":"En &quot;CINTILLO&quot;","block_context":{"text":"CINTILLO","link":"https:\/\/www.grieta.org.mx\/index.php\/category\/cintillo\/"},"img":{"alt_text":"","src":"https:\/\/i0.wp.com\/www.grieta.org.mx\/wp-content\/uploads\/2025\/07\/Captura-de-pantalla-2025-07-02-012145.png?resize=350%2C200&ssl=1","width":350,"height":200},"classes":[]},{"id":27865,"url":"https:\/\/www.grieta.org.mx\/index.php\/2018\/12\/09\/policias-de-tepatlan-hostigaron-al-activista-galindo-trinidad-puebla\/","url_meta":{"origin":69989,"position":5},"title":"Polic\u00edas de Tepatl\u00e1n hostigaron al activista Galindo Trinidad (Puebla)","author":"grieta","date":"9 diciembre, 2018","format":false,"excerpt":"Redacci\u00f3n \/ Municipios Puebla San Felipe Tepatl\u00e1n, Pue.- Polic\u00edas municipales de San Felipe Tepatl\u00e1n hostigaron al activista Jos\u00e9 Galindo Trinidad por oponerse al proyecto hidroel\u00e9ctrico Puebla 1 de la empresa brit\u00e1nica Comexhidro-Deselec 1, el cual afecta al r\u00edo Ajajalpan en la Sierra Norte del estado. Fue el pasado primero de\u2026","rel":"","context":"En &quot;26. Sierra Puebla&quot;","block_context":{"text":"26. Sierra Puebla","link":"https:\/\/www.grieta.org.mx\/index.php\/category\/espejos-de-la-resistencia\/26-sierra-puebla\/"},"img":{"alt_text":"","src":"https:\/\/i0.wp.com\/www.grieta.org.mx\/wp-content\/uploads\/2018\/12\/whatsapp_image_2017-01-16_at_4.jpg?resize=350%2C200&ssl=1","width":350,"height":200,"srcset":"https:\/\/i0.wp.com\/www.grieta.org.mx\/wp-content\/uploads\/2018\/12\/whatsapp_image_2017-01-16_at_4.jpg?resize=350%2C200&ssl=1 1x, https:\/\/i0.wp.com\/www.grieta.org.mx\/wp-content\/uploads\/2018\/12\/whatsapp_image_2017-01-16_at_4.jpg?resize=525%2C300&ssl=1 1.5x, https:\/\/i0.wp.com\/www.grieta.org.mx\/wp-content\/uploads\/2018\/12\/whatsapp_image_2017-01-16_at_4.jpg?resize=700%2C400&ssl=1 2x, https:\/\/i0.wp.com\/www.grieta.org.mx\/wp-content\/uploads\/2018\/12\/whatsapp_image_2017-01-16_at_4.jpg?resize=1050%2C600&ssl=1 3x"},"classes":[]}],"_links":{"self":[{"href":"https:\/\/www.grieta.org.mx\/index.php\/wp-json\/wp\/v2\/posts\/69989","targetHints":{"allow":["GET"]}}],"collection":[{"href":"https:\/\/www.grieta.org.mx\/index.php\/wp-json\/wp\/v2\/posts"}],"about":[{"href":"https:\/\/www.grieta.org.mx\/index.php\/wp-json\/wp\/v2\/types\/post"}],"author":[{"embeddable":true,"href":"https:\/\/www.grieta.org.mx\/index.php\/wp-json\/wp\/v2\/users\/1"}],"replies":[{"embeddable":true,"href":"https:\/\/www.grieta.org.mx\/index.php\/wp-json\/wp\/v2\/comments?post=69989"}],"version-history":[{"count":1,"href":"https:\/\/www.grieta.org.mx\/index.php\/wp-json\/wp\/v2\/posts\/69989\/revisions"}],"predecessor-version":[{"id":69993,"href":"https:\/\/www.grieta.org.mx\/index.php\/wp-json\/wp\/v2\/posts\/69989\/revisions\/69993"}],"wp:featuredmedia":[{"embeddable":true,"href":"https:\/\/www.grieta.org.mx\/index.php\/wp-json\/wp\/v2\/media\/69990"}],"wp:attachment":[{"href":"https:\/\/www.grieta.org.mx\/index.php\/wp-json\/wp\/v2\/media?parent=69989"}],"wp:term":[{"taxonomy":"category","embeddable":true,"href":"https:\/\/www.grieta.org.mx\/index.php\/wp-json\/wp\/v2\/categories?post=69989"},{"taxonomy":"post_tag","embeddable":true,"href":"https:\/\/www.grieta.org.mx\/index.php\/wp-json\/wp\/v2\/tags?post=69989"}],"curies":[{"name":"wp","href":"https:\/\/api.w.org\/{rel}","templated":true}]}}