{"id":69922,"date":"2024-05-19T10:44:44","date_gmt":"2024-05-19T16:44:44","guid":{"rendered":"https:\/\/www.grieta.org.mx\/?p=69922"},"modified":"2024-09-30T10:50:00","modified_gmt":"2024-09-30T16:50:00","slug":"esperando-la-ultima-ola-veracruz","status":"publish","type":"post","link":"https:\/\/www.grieta.org.mx\/index.php\/2024\/05\/19\/esperando-la-ultima-ola-veracruz\/","title":{"rendered":"Esperando la \u00faltima ola (Veracruz)"},"content":{"rendered":"<p><strong>Este portafolio fotogr\u00e1fico explora como la comunidad de El Bosque ha sido devorada por la erosi\u00f3n marina causada por el cambio clim\u00e1tico. Sus habitantes han visto como el mar avanza hacia ellos, inexorable, destruyendo sus casas, rob\u00e1ndoles su pasado, su modo de vida y dej\u00e1ndolos con un futuro incierto.<\/strong><\/p>\n<p>Texto y fotos: Gustavo Graf \/ Pie de p\u00e1gina<\/p>\n<p>TABASCO.- \u00abAqu\u00ed estaba mi casa, mis hijos y mis nietos nacieron aqu\u00ed\u00bb, dice Antonio Merlin, pescador de 55 a\u00f1os y fundador de El Bosque.<\/p>\n<p>El Bosque es un pueblo que se encuentra en en la costa del estado de Tabasco, en una delgada franja de tierra ubicada entre la desembocadura del R\u00edo Grijalva y el Golfo de M\u00e9xico. Fue fundado hace unos 50 a\u00f1os por gente que ven\u00eda de los Tuxtlas, en Veracruz, y que encontr\u00f3 su hogar en este lugar. Hasta hace cinco a\u00f1os viv\u00edan ah\u00ed unas 90 familias dedicadas a la pesca, en casas construidas con el esfuerzo de a\u00f1os, y el mar estaba a mil 500 metros de distancia de la \u00faltima calle del pueblo.<\/p>\n<p>En 2019, las familias se dieron cuenta que el mar avanzaba hacia ellos. Cada cicl\u00f3n, cada norte acercaba m\u00e1s el agua a sus puertas y no retroced\u00eda como antes. Las olas romp\u00edan en las paredes de sus casas y erosionaban los cimientos hasta que, una a una, fueron destru\u00eddas.<\/p>\n<p>En noviembre de 2022, los pobladores lanzaron un grito de auxilio. Durante una conferencia de prensa denunciaron la falta de apoyo del gobierno mientras sus casas eran arrasadas por la erosi\u00f3n marina causada por el cambio clim\u00e1tico. Ped\u00edan una reubicaci\u00f3n para la comunidad ante la realidad que los azotaba: ten\u00edan que dejar sus casas, abandonar el lugar donde hab\u00edan nacido sus hijos y donde estaban todos sus recuerdos y sus experiencias. Seguir viviendo ah\u00ed era imposible.<\/p>\n<p>La burocracia gubernamental reaccion\u00f3 tarde y se mueve lento. Con poca ayuda del gobierno municipal, pasaron meses despu\u00e9s del llamado de la comunidad para que el Congreso del estado y la Sedatu por fin liberaran recursos y un terreno para la reubicaci\u00f3n de El Bosque. Pero el terreno luce abandonado y sin avance en las obras de construcci\u00f3n de las nuevas casas.<\/p>\n<figure class=\"wp-block-image size-full\"><img loading=\"lazy\" decoding=\"async\" class=\"wp-image-146365\" src=\"https:\/\/piedepagina.mx\/wp-content\/uploads\/2024\/05\/24-bosque-gg_portafolio_GustavoGraf.jpg\" sizes=\"auto, (max-width: 992px) 100vw, 992px\" srcset=\"https:\/\/piedepagina.mx\/wp-content\/uploads\/2024\/05\/24-bosque-gg_portafolio_GustavoGraf.jpg 992w, https:\/\/piedepagina.mx\/wp-content\/uploads\/2024\/05\/24-bosque-gg_portafolio_GustavoGraf-500x281.jpg 500w, https:\/\/piedepagina.mx\/wp-content\/uploads\/2024\/05\/24-bosque-gg_portafolio_GustavoGraf-768x432.jpg 768w\" alt=\"\" width=\"992\" height=\"558\" \/><figcaption class=\"wp-element-caption\">Panor\u00e1mica de la comunidad de El Bosque, donde se ven las casas destruidas por el avance del mar. La comunidad de El Bosque ha sido devorada por la erosi\u00f3n marina causada el cambio clim\u00e1tico. 13\/11\/2023 Foto: Gustavo Graf.<\/figcaption><\/figure>\n<p>Hoy solo queda una docena de familias viviendo en la comunidad, en casas improvisadas de l\u00e1mina, sin agua potable ni servicios. Quieren mantener su modo de vida como pescadores, pero no saben si eso ser\u00e1 posible despu\u00e9s de que abandonen El Bosque.<\/p>\n<p>La temporada de huracanes y ciclones de este a\u00f1o est\u00e1 encima y los habitantes que a\u00fan est\u00e1n en la comunidad tienen miedo. Una tormenta m\u00e1s y tendr\u00e1n que abandonar todo para salvar la vida.<\/p>\n<p>Tambi\u00e9n la temporada de pesca es cada vez peor. Hace unos a\u00f1os les permit\u00eda generar lo suficiente para vivir todo el a\u00f1o y ser una comunidad econ\u00f3micamente autosustentable. Ahora tienen que salir m\u00e1s lejos en sus lanchas y estar m\u00e1s tiempo en el mar para capturar los suficientes peces para ganar un poco de dinero. Las familias que est\u00e1n desplazadas ahora pagan renta en las colonias cercanas, Rovirosa y La Victoria, o en la ciudad de Frontera.<\/p>\n<p>A pesar de todo, la comunidad de El Bosque es una comunidad llena de vida que encontr\u00f3 en la organizaci\u00f3n interna la fuerza para ser escuchada. Si no hay final feliz para este pueblo, su lucha por una salida digna contin\u00faa.<\/p>\n<p>Para el gobierno esta experiencia representa la oportunidad para establecer un protocolo piloto para los desplazados clim\u00e1ticos en M\u00e9xico. Vendr\u00e1n muchos m\u00e1s<\/p>\n<figure class=\"wp-block-image size-full\"><img loading=\"lazy\" decoding=\"async\" class=\"wp-image-146367\" src=\"https:\/\/piedepagina.mx\/wp-content\/uploads\/2024\/05\/o25-bosque-gg_portafolio_GustavoGraf.jpg\" sizes=\"auto, (max-width: 992px) 100vw, 992px\" srcset=\"https:\/\/piedepagina.mx\/wp-content\/uploads\/2024\/05\/o25-bosque-gg_portafolio_GustavoGraf.jpg 992w, https:\/\/piedepagina.mx\/wp-content\/uploads\/2024\/05\/o25-bosque-gg_portafolio_GustavoGraf-450x300.jpg 450w, https:\/\/piedepagina.mx\/wp-content\/uploads\/2024\/05\/o25-bosque-gg_portafolio_GustavoGraf-768x513.jpg 768w\" alt=\"\" width=\"992\" height=\"662\" \/><figcaption class=\"wp-element-caption\">Cristina y su hijo Anthony llevan unas sillas y una bandera mexicana que rescataron de la guarder\u00eda local de El Bosque. 12 de Noviembre 2022. Foto Gustavo Graff<\/figcaption><\/figure>\n<figure class=\"wp-block-image size-full\"><img loading=\"lazy\" decoding=\"async\" class=\"wp-image-146408\" src=\"https:\/\/piedepagina.mx\/wp-content\/uploads\/2024\/05\/02elbosque-gg_1.jpg\" sizes=\"auto, (max-width: 992px) 100vw, 992px\" srcset=\"https:\/\/piedepagina.mx\/wp-content\/uploads\/2024\/05\/02elbosque-gg_1.jpg 992w, https:\/\/piedepagina.mx\/wp-content\/uploads\/2024\/05\/02elbosque-gg_1-450x300.jpg 450w, https:\/\/piedepagina.mx\/wp-content\/uploads\/2024\/05\/02elbosque-gg_1-768x513.jpg 768w\" alt=\"\" width=\"992\" height=\"662\" \/><figcaption class=\"wp-element-caption\">Celia Figarola llora frente a lo que queda de su casa, destru\u00edda por la erosi\u00f3n marina causada por el cambio clim\u00e1tico. La comunidad de El Bosque ha sido devorada por el mar, que avanz\u00f3 mas de 1500 metros arrasando sus calles y viviendas. 07\/11\/ 2022. Foto: Gustavo Graf<\/figcaption><\/figure>\n<figure class=\"wp-block-image size-full\"><img loading=\"lazy\" decoding=\"async\" class=\"wp-image-146368\" src=\"https:\/\/piedepagina.mx\/wp-content\/uploads\/2024\/05\/03-bosque-gg_portafolio_GustavoGraf.jpg\" sizes=\"auto, (max-width: 992px) 100vw, 992px\" srcset=\"https:\/\/piedepagina.mx\/wp-content\/uploads\/2024\/05\/03-bosque-gg_portafolio_GustavoGraf.jpg 992w, https:\/\/piedepagina.mx\/wp-content\/uploads\/2024\/05\/03-bosque-gg_portafolio_GustavoGraf-450x300.jpg 450w, https:\/\/piedepagina.mx\/wp-content\/uploads\/2024\/05\/03-bosque-gg_portafolio_GustavoGraf-768x513.jpg 768w\" alt=\"\" width=\"992\" height=\"662\" \/><figcaption class=\"wp-element-caption\">Sarah\u00ed juega con su hermano Alexis en lo que queda de su casa, destru\u00edda por la erosi\u00f3n marina causada por el cambio clim\u00e1tico. La comunidad de El Bosque ha sido devorada por el mar, que avanz\u00f3 mas de 1500 metros arrasando sus calles y viviendas. 20\/04\/2023. Foto: Gustavo Graf.<\/figcaption><\/figure>\n<figure class=\"wp-block-image size-full\"><img loading=\"lazy\" decoding=\"async\" class=\"wp-image-146369\" src=\"https:\/\/piedepagina.mx\/wp-content\/uploads\/2024\/05\/04-bosque-gg_portafolio_GustavoGraf.jpg\" sizes=\"auto, (max-width: 992px) 100vw, 992px\" srcset=\"https:\/\/piedepagina.mx\/wp-content\/uploads\/2024\/05\/04-bosque-gg_portafolio_GustavoGraf.jpg 992w, https:\/\/piedepagina.mx\/wp-content\/uploads\/2024\/05\/04-bosque-gg_portafolio_GustavoGraf-450x300.jpg 450w, https:\/\/piedepagina.mx\/wp-content\/uploads\/2024\/05\/04-bosque-gg_portafolio_GustavoGraf-768x513.jpg 768w\" alt=\"\" width=\"992\" height=\"662\" \/><figcaption class=\"wp-element-caption\">Ni\u00f1os juegan en la rivera del R\u00edo Grijalva a la espera de que sus padres regresen luego de una noche de pesca en altamar. El Bosque, una comunidad que depende de la temporada de pesca para sobrevivir, ha sido devorada por el mar que ha avanzado mas de 1500 metros arrasando sus calles y viviendas. Foto: Gustavo Graf.<\/figcaption><\/figure>\n<figure class=\"wp-block-image size-full\"><img loading=\"lazy\" decoding=\"async\" class=\"wp-image-146370\" src=\"https:\/\/piedepagina.mx\/wp-content\/uploads\/2024\/05\/06-bosque-gg_portafolio_GustavoGraf.jpg\" sizes=\"auto, (max-width: 992px) 100vw, 992px\" srcset=\"https:\/\/piedepagina.mx\/wp-content\/uploads\/2024\/05\/06-bosque-gg_portafolio_GustavoGraf.jpg 992w, https:\/\/piedepagina.mx\/wp-content\/uploads\/2024\/05\/06-bosque-gg_portafolio_GustavoGraf-450x300.jpg 450w, https:\/\/piedepagina.mx\/wp-content\/uploads\/2024\/05\/06-bosque-gg_portafolio_GustavoGraf-768x513.jpg 768w\" alt=\"\" width=\"992\" height=\"662\" \/><figcaption class=\"wp-element-caption\">Mujeres \u00abgarulean\u00bb (descargar la pesca de las lanchas y llevarla a la bodega para ser pesada y refrigerada) luego de que los pescadores regresen a tierra despu\u00e9s de una noche de pesca en altamar. El Bosque, una comunidad que depende de la temporada de pesca para sobrevivir, ha sido devorada por el mar que ha avanzado mas de 1500 metros arrasando sus calles y viviendas. Foto: Gustavo Graf.<\/figcaption><\/figure>\n<figure class=\"wp-block-image size-full\"><img loading=\"lazy\" decoding=\"async\" class=\"wp-image-146371\" src=\"https:\/\/piedepagina.mx\/wp-content\/uploads\/2024\/05\/07-bosque-gg_portafolio_GustavoGraf.jpg\" sizes=\"auto, (max-width: 992px) 100vw, 992px\" srcset=\"https:\/\/piedepagina.mx\/wp-content\/uploads\/2024\/05\/07-bosque-gg_portafolio_GustavoGraf.jpg 992w, https:\/\/piedepagina.mx\/wp-content\/uploads\/2024\/05\/07-bosque-gg_portafolio_GustavoGraf-450x300.jpg 450w, https:\/\/piedepagina.mx\/wp-content\/uploads\/2024\/05\/07-bosque-gg_portafolio_GustavoGraf-768x513.jpg 768w\" alt=\"\" width=\"992\" height=\"662\" \/><figcaption class=\"wp-element-caption\">Pescadores descargan las lanchas luego de una noche de pesca en altamar. El Bosque, una comunidad que depende de la temporada de pesca para sobrevivir, ha sido devorada por el mar que ha avanzado mas de 1500 metros arrasando sus calles y viviendas. Foto: Gustavo Graf.<\/figcaption><\/figure>\n<figure class=\"wp-block-image size-full\"><img loading=\"lazy\" decoding=\"async\" class=\"wp-image-146373\" src=\"https:\/\/piedepagina.mx\/wp-content\/uploads\/2024\/05\/22-bosque-gg_portafolio_GustavoGraf.jpg\" sizes=\"auto, (max-width: 992px) 100vw, 992px\" srcset=\"https:\/\/piedepagina.mx\/wp-content\/uploads\/2024\/05\/22-bosque-gg_portafolio_GustavoGraf.jpg 992w, https:\/\/piedepagina.mx\/wp-content\/uploads\/2024\/05\/22-bosque-gg_portafolio_GustavoGraf-450x300.jpg 450w, https:\/\/piedepagina.mx\/wp-content\/uploads\/2024\/05\/22-bosque-gg_portafolio_GustavoGraf-768x513.jpg 768w\" alt=\"\" width=\"992\" height=\"662\" \/><figcaption class=\"wp-element-caption\">Javier Reyes Merlin, apodado El Pulga, camina junto a los restos de su casa, destru\u00edda por la erosi\u00f3n marina causada por el cambio clim\u00e1tico. La comunidad de El Bosque ha sido devorada por el mar, que avanz\u00f3 mas de 1500 metros arrasando sus calles y viviendas. Foto: Gustavo Graf.<\/figcaption><\/figure>\n<figure class=\"wp-block-image size-full\"><img loading=\"lazy\" decoding=\"async\" class=\"wp-image-146372\" src=\"https:\/\/piedepagina.mx\/wp-content\/uploads\/2024\/05\/27-bosque-gg_portafolio_GustavoGraf.jpg\" sizes=\"auto, (max-width: 992px) 100vw, 992px\" srcset=\"https:\/\/piedepagina.mx\/wp-content\/uploads\/2024\/05\/27-bosque-gg_portafolio_GustavoGraf.jpg 992w, https:\/\/piedepagina.mx\/wp-content\/uploads\/2024\/05\/27-bosque-gg_portafolio_GustavoGraf-450x300.jpg 450w, https:\/\/piedepagina.mx\/wp-content\/uploads\/2024\/05\/27-bosque-gg_portafolio_GustavoGraf-768x513.jpg 768w\" alt=\"\" width=\"992\" height=\"662\" \/><figcaption class=\"wp-element-caption\">Yaziel, de 9 a\u00f1os, ayuda a sus padres a salvar sus pertenencias en lo que queda de su casa, despu\u00e9s de que quedara inhabitable. El Bosque, un pueblecito de pescadores de la costa del Golfo de M\u00e9xico, ha sido engullido por la erosi\u00f3n marina provocada por el cambio clim\u00e1tico. El Bosque, Tabasco, M\u00e9xico. Foto: Gustavo Graf<\/figcaption><\/figure>\n<figure class=\"wp-block-image size-full\"><img loading=\"lazy\" decoding=\"async\" class=\"wp-image-146374\" src=\"https:\/\/piedepagina.mx\/wp-content\/uploads\/2024\/05\/26-bosque-gg_portafolio_GustavoGraf.jpg\" sizes=\"auto, (max-width: 992px) 100vw, 992px\" srcset=\"https:\/\/piedepagina.mx\/wp-content\/uploads\/2024\/05\/26-bosque-gg_portafolio_GustavoGraf.jpg 992w, https:\/\/piedepagina.mx\/wp-content\/uploads\/2024\/05\/26-bosque-gg_portafolio_GustavoGraf-450x300.jpg 450w, https:\/\/piedepagina.mx\/wp-content\/uploads\/2024\/05\/26-bosque-gg_portafolio_GustavoGraf-768x513.jpg 768w\" alt=\"\" width=\"992\" height=\"662\" \/><figcaption class=\"wp-element-caption\">Andr\u00e9s Palma y su familia posan para una foto en lo que queda de su casa, despu\u00e9s de que quedara inhabitable. Foto: Gustavo Graf<\/figcaption><\/figure>\n<figure class=\"wp-block-image size-full\"><img loading=\"lazy\" decoding=\"async\" class=\"wp-image-146375\" src=\"https:\/\/piedepagina.mx\/wp-content\/uploads\/2024\/05\/m04-bosque-gg_portafolio_GustavoGraf.jpg\" sizes=\"auto, (max-width: 992px) 100vw, 992px\" srcset=\"https:\/\/piedepagina.mx\/wp-content\/uploads\/2024\/05\/m04-bosque-gg_portafolio_GustavoGraf.jpg 992w, https:\/\/piedepagina.mx\/wp-content\/uploads\/2024\/05\/m04-bosque-gg_portafolio_GustavoGraf-450x300.jpg 450w, https:\/\/piedepagina.mx\/wp-content\/uploads\/2024\/05\/m04-bosque-gg_portafolio_GustavoGraf-768x513.jpg 768w\" alt=\"\" width=\"992\" height=\"662\" \/><figcaption class=\"wp-element-caption\">Un ni\u00f1o ve una pel\u00edcula en una tableta en su casa de El Bosque, un pueblecito de pescadores de la costa del Golfo de M\u00e9xico que ha sido engullido por la erosi\u00f3n marina provocada por el cambio clim\u00e1tico. Desde que la escuela fue destruida, m\u00e1s de 30 ni\u00f1os en edad escolar se quedaron sin clases, algunos acudieron a las escuelas de los pueblos m\u00e1s cercanos y otros perdieron el a\u00f1o escolar. 10 de febrero de 2023. Foto: Gustavo Graf<\/figcaption><\/figure>\n<figure class=\"wp-block-image size-full\"><img loading=\"lazy\" decoding=\"async\" class=\"wp-image-146376\" src=\"https:\/\/piedepagina.mx\/wp-content\/uploads\/2024\/05\/18-bosque-gg_portafolio_GustavoGraf.jpg\" sizes=\"auto, (max-width: 992px) 100vw, 992px\" srcset=\"https:\/\/piedepagina.mx\/wp-content\/uploads\/2024\/05\/18-bosque-gg_portafolio_GustavoGraf.jpg 992w, https:\/\/piedepagina.mx\/wp-content\/uploads\/2024\/05\/18-bosque-gg_portafolio_GustavoGraf-450x300.jpg 450w, https:\/\/piedepagina.mx\/wp-content\/uploads\/2024\/05\/18-bosque-gg_portafolio_GustavoGraf-768x513.jpg 768w\" alt=\"\" width=\"992\" height=\"662\" \/><figcaption class=\"wp-element-caption\">Emily, acompa\u00f1ada por su abuela Guadalupe y su madre Rub\u00ed, hace su tarea con su tel\u00e9fono en total obscuridad, luego de que la red el\u00e9ctrica fuera destru\u00edda durante una tormenta. La comunidad de El Bosque ha sido devorada por el mar, que avanz\u00f3 mas de 1500 metros arrasando sus calles y viviendas. Foto: Gustavo Graf.<\/figcaption><\/figure>\n<figure class=\"wp-block-image size-full\"><img loading=\"lazy\" decoding=\"async\" class=\"wp-image-146377\" src=\"https:\/\/piedepagina.mx\/wp-content\/uploads\/2024\/05\/l23-bosque-gg_portafolio_GustavoGraf.jpg\" sizes=\"auto, (max-width: 992px) 100vw, 992px\" srcset=\"https:\/\/piedepagina.mx\/wp-content\/uploads\/2024\/05\/l23-bosque-gg_portafolio_GustavoGraf.jpg 992w, https:\/\/piedepagina.mx\/wp-content\/uploads\/2024\/05\/l23-bosque-gg_portafolio_GustavoGraf-450x300.jpg 450w, https:\/\/piedepagina.mx\/wp-content\/uploads\/2024\/05\/l23-bosque-gg_portafolio_GustavoGraf-768x513.jpg 768w\" alt=\"\" width=\"992\" height=\"662\" \/><figcaption class=\"wp-element-caption\">Habitantes de El Bosque cargan sus pertenencias en una camioneta mientras se preparan para regresar a su comunidad despu\u00e9s de que las autoridades locales les pidieran que abandonaran el refugio de Frontera, Tabasco, donde vivieron un par de semanas despu\u00e9s de que una tormenta dejara sus casas inhabitables 13 de Noviembre 2023. Foto: Gustavo Graf<\/figcaption><\/figure>\n<p>&nbsp;<\/p>\n<p><a href=\"https:\/\/piedepagina.mx\/esperando-la-ultima-ola\/\" rel=\"noopener\" target=\"_blank\">https:\/\/piedepagina.mx\/esperando-la-ultima-ola\/<\/a><\/p>\n","protected":false},"excerpt":{"rendered":"<p>Este portafolio fotogr\u00e1fico explora como la comunidad de El Bosque ha sido devorada por la erosi\u00f3n marina causada por el cambio clim\u00e1tico. Sus habitantes han visto como el mar avanza &hellip; <a href=\"https:\/\/www.grieta.org.mx\/index.php\/2024\/05\/19\/esperando-la-ultima-ola-veracruz\/\" class=\"more-link\">Leer m\u00e1s<\/a><\/p>\n","protected":false},"author":2,"featured_media":69923,"comment_status":"closed","ping_status":"closed","sticky":false,"template":"","format":"standard","meta":{"ngg_post_thumbnail":0,"_jetpack_newsletter_access":"","_jetpack_dont_email_post_to_subs":false,"_jetpack_newsletter_tier_id":0,"_jetpack_memberships_contains_paywalled_content":false,"_jetpack_memberships_contains_paid_content":false,"footnotes":""},"categories":[80,4131,2,32],"tags":[3121,3120,2187,232],"class_list":["post-69922","post","type-post","status-publish","format-standard","has-post-thumbnail","hentry","category-cintillo","category-crisis-ambiental-en-tabasco","category-noticias-nacionales","category-tabasco","tag-calentamiento-global","tag-cambio-climatico","tag-crisis-ambiental","tag-desplazados","entry"],"jetpack_featured_media_url":"https:\/\/www.grieta.org.mx\/wp-content\/uploads\/2024\/09\/Screenshot-2024-09-30-at-10-49-29-Esperando-la-ultima-ola-Pie-de-Pagina.png","jetpack_sharing_enabled":true,"jetpack_shortlink":"https:\/\/wp.me\/p7ZJR4-ibM","jetpack_likes_enabled":false,"jetpack-related-posts":[{"id":65701,"url":"https:\/\/www.grieta.org.mx\/index.php\/2022\/11\/07\/el-bosque-comunidad-de-tabasco-engullida-por-el-mar-clama-por-ayuda\/","url_meta":{"origin":69922,"position":0},"title":"El Bosque, comunidad de Tabasco engullida por el mar, clama por ayuda","author":"grieta","date":"7 noviembre, 2022","format":false,"excerpt":"Redacci\u00f3n \/ El Informador Habitantes de la localidad El Bosque, en el municipio tabasque\u00f1o de Frontera, destruida por la erosi\u00f3n marina en el Golfo de M\u00e9xico, se convirtieron en desplazados clim\u00e1ticos que piden su reubicaci\u00f3n porque temen ser v\u00edctimas de la crisis ambiental. Habitantes y ambientalistas clim\u00e1ticos de Greenpeace advirtieron\u2026","rel":"","context":"En &quot;CINTILLO&quot;","block_context":{"text":"CINTILLO","link":"https:\/\/www.grieta.org.mx\/index.php\/category\/cintillo\/"},"img":{"alt_text":"","src":"https:\/\/i0.wp.com\/www.grieta.org.mx\/wp-content\/uploads\/2022\/11\/Screenshot-2022-11-18-at-17-47-51-Tabasco-El-Bosque-comunidad-engullida-por-el-mar-clama-por-ayuda-FOTOS.png?resize=350%2C200&ssl=1","width":350,"height":200,"srcset":"https:\/\/i0.wp.com\/www.grieta.org.mx\/wp-content\/uploads\/2022\/11\/Screenshot-2022-11-18-at-17-47-51-Tabasco-El-Bosque-comunidad-engullida-por-el-mar-clama-por-ayuda-FOTOS.png?resize=350%2C200&ssl=1 1x, https:\/\/i0.wp.com\/www.grieta.org.mx\/wp-content\/uploads\/2022\/11\/Screenshot-2022-11-18-at-17-47-51-Tabasco-El-Bosque-comunidad-engullida-por-el-mar-clama-por-ayuda-FOTOS.png?resize=525%2C300&ssl=1 1.5x, https:\/\/i0.wp.com\/www.grieta.org.mx\/wp-content\/uploads\/2022\/11\/Screenshot-2022-11-18-at-17-47-51-Tabasco-El-Bosque-comunidad-engullida-por-el-mar-clama-por-ayuda-FOTOS.png?resize=700%2C400&ssl=1 2x, https:\/\/i0.wp.com\/www.grieta.org.mx\/wp-content\/uploads\/2022\/11\/Screenshot-2022-11-18-at-17-47-51-Tabasco-El-Bosque-comunidad-engullida-por-el-mar-clama-por-ayuda-FOTOS.png?resize=1050%2C600&ssl=1 3x, https:\/\/i0.wp.com\/www.grieta.org.mx\/wp-content\/uploads\/2022\/11\/Screenshot-2022-11-18-at-17-47-51-Tabasco-El-Bosque-comunidad-engullida-por-el-mar-clama-por-ayuda-FOTOS.png?resize=1400%2C800&ssl=1 4x"},"classes":[]},{"id":45190,"url":"https:\/\/www.grieta.org.mx\/index.php\/2019\/11\/13\/tabasco-inundado-para-2050-central-climate\/","url_meta":{"origin":69922,"position":1},"title":"Tabasco, inundado para 2050: Central Climate","author":"Admin","date":"13 noviembre, 2019","format":false,"excerpt":"Texto: Carlos Mar\u00ed \/ Pie de P\u00e1gina Un nuevo estudio difundido por Central Climate reduce de 70 a 30 a\u00f1os el punto de quiebre en el nivel del mar producido por el Cambio Clim\u00e1tico y alerta que 300 millones de personas en el mundo ser\u00e1n afectadas.Para el 2050, una cuarta\u2026","rel":"","context":"En &quot;CINTILLO&quot;","block_context":{"text":"CINTILLO","link":"https:\/\/www.grieta.org.mx\/index.php\/category\/cintillo\/"},"img":{"alt_text":"","src":"https:\/\/i0.wp.com\/www.grieta.org.mx\/wp-content\/uploads\/2020\/02\/Tabasco_mapa.png?resize=350%2C200&ssl=1","width":350,"height":200,"srcset":"https:\/\/i0.wp.com\/www.grieta.org.mx\/wp-content\/uploads\/2020\/02\/Tabasco_mapa.png?resize=350%2C200&ssl=1 1x, https:\/\/i0.wp.com\/www.grieta.org.mx\/wp-content\/uploads\/2020\/02\/Tabasco_mapa.png?resize=525%2C300&ssl=1 1.5x, https:\/\/i0.wp.com\/www.grieta.org.mx\/wp-content\/uploads\/2020\/02\/Tabasco_mapa.png?resize=700%2C400&ssl=1 2x, https:\/\/i0.wp.com\/www.grieta.org.mx\/wp-content\/uploads\/2020\/02\/Tabasco_mapa.png?resize=1050%2C600&ssl=1 3x"},"classes":[]},{"id":69483,"url":"https:\/\/www.grieta.org.mx\/index.php\/2024\/08\/03\/pescadores-protestan-frente-a-refineria-de-dos-bocas-por-contaminacion-del-rio-seco-tabasco\/","url_meta":{"origin":69922,"position":2},"title":"Pescadores protestan frente a Refiner\u00eda de Dos Bocas por contaminaci\u00f3n del R\u00edo Seco (Tabasco)","author":"grieta","date":"3 agosto, 2024","format":false,"excerpt":"Pescadores protestaron frente a la Refiner\u00eda de Dos Bocas para exigir a AMLO una soluci\u00f3n a la contaminaci\u00f3n en el R\u00edo Seco Jos\u00e9 G\u00f3mez \/ El Heraldo de Tabasco Este s\u00e1bado 3 de agosto de 2024 pescadores se plantaron fuera de la Refiner\u00eda Olmeca para exigirle al presidente, Andr\u00e9s Manuel\u2026","rel":"","context":"En &quot;CINTILLO&quot;","block_context":{"text":"CINTILLO","link":"https:\/\/www.grieta.org.mx\/index.php\/category\/cintillo\/"},"img":{"alt_text":"","src":"https:\/\/i0.wp.com\/www.grieta.org.mx\/wp-content\/uploads\/2024\/08\/Screenshot-2024-08-28-at-14-18-17-Que-exigieron-pescadores-a-AMLO-frente-a-la-Refineria-Olmeca-El-Heraldo-de-Tabasco-Noticias-Locales-Policiacas-sobre-Mexico-Tabasco-y-el-Mundo.png?resize=350%2C200&ssl=1","width":350,"height":200,"srcset":"https:\/\/i0.wp.com\/www.grieta.org.mx\/wp-content\/uploads\/2024\/08\/Screenshot-2024-08-28-at-14-18-17-Que-exigieron-pescadores-a-AMLO-frente-a-la-Refineria-Olmeca-El-Heraldo-de-Tabasco-Noticias-Locales-Policiacas-sobre-Mexico-Tabasco-y-el-Mundo.png?resize=350%2C200&ssl=1 1x, https:\/\/i0.wp.com\/www.grieta.org.mx\/wp-content\/uploads\/2024\/08\/Screenshot-2024-08-28-at-14-18-17-Que-exigieron-pescadores-a-AMLO-frente-a-la-Refineria-Olmeca-El-Heraldo-de-Tabasco-Noticias-Locales-Policiacas-sobre-Mexico-Tabasco-y-el-Mundo.png?resize=525%2C300&ssl=1 1.5x, https:\/\/i0.wp.com\/www.grieta.org.mx\/wp-content\/uploads\/2024\/08\/Screenshot-2024-08-28-at-14-18-17-Que-exigieron-pescadores-a-AMLO-frente-a-la-Refineria-Olmeca-El-Heraldo-de-Tabasco-Noticias-Locales-Policiacas-sobre-Mexico-Tabasco-y-el-Mundo.png?resize=700%2C400&ssl=1 2x"},"classes":[]},{"id":37575,"url":"https:\/\/www.grieta.org.mx\/index.php\/2019\/07\/07\/refineria-de-dos-bocas-no-apta-desde-2008-tabasco\/","url_meta":{"origin":69922,"position":3},"title":"Refiner\u00eda de Dos Bocas, no apta desde 2008 (Tabasco)","author":"grieta","date":"7 julio, 2019","format":false,"excerpt":"SUN \/ El Informador El Instituto Mexicano del Petr\u00f3leo alert\u00f3 que el municipio de Para\u00edso presenta limitantes para el desarrollo de una refiner\u00eda, tanto en materia ambiental como social y de infraestructura Desde hace 11 a\u00f1os el Instituto Mexicano del Petr\u00f3leo (IMP) alert\u00f3 que el municipio de Para\u00edso, Tabasco, presentaba\u2026","rel":"","context":"En &quot;Da\u00f1os al medio ambiente por refiner\u00edas en Tabasco&quot;","block_context":{"text":"Da\u00f1os al medio ambiente por refiner\u00edas en Tabasco","link":"https:\/\/www.grieta.org.mx\/index.php\/category\/noticias-nacionales\/tabasco\/danos-al-medio-ambiente-por-refinerias-en-tabasco\/"},"img":{"alt_text":"","src":"https:\/\/i0.wp.com\/www.grieta.org.mx\/wp-content\/uploads\/2019\/08\/dos_bocas_sun_crop1562510208372.jpg_1970638775.jpg?resize=350%2C200&ssl=1","width":350,"height":200,"srcset":"https:\/\/i0.wp.com\/www.grieta.org.mx\/wp-content\/uploads\/2019\/08\/dos_bocas_sun_crop1562510208372.jpg_1970638775.jpg?resize=350%2C200&ssl=1 1x, https:\/\/i0.wp.com\/www.grieta.org.mx\/wp-content\/uploads\/2019\/08\/dos_bocas_sun_crop1562510208372.jpg_1970638775.jpg?resize=525%2C300&ssl=1 1.5x, https:\/\/i0.wp.com\/www.grieta.org.mx\/wp-content\/uploads\/2019\/08\/dos_bocas_sun_crop1562510208372.jpg_1970638775.jpg?resize=700%2C400&ssl=1 2x"},"classes":[]},{"id":6795,"url":"https:\/\/www.grieta.org.mx\/index.php\/2015\/10\/26\/empresas-inglesas-buscan-en-tabasco-aprovechar-cadena-energetica\/","url_meta":{"origin":69922,"position":4},"title":"Empresas inglesas buscan en Tabasco aprovechar cadena energ\u00e9tica","author":"grieta","date":"26 octubre, 2015","format":false,"excerpt":"Patricia Hern\u00e1ndez Existen m\u00e1s de 30 empresas brit\u00e1nicas trabajando en Tabasco y hay amplias expectativas por las oportunidades que aportar\u00e1 la reforma energ\u00e9tica, no s\u00f3lo en perforaci\u00f3n, exploraci\u00f3n y producci\u00f3n sino en toda la cadena de suministros de tecnolog\u00eda e innovaci\u00f3n, se\u00f1al\u00f3 aqu\u00ed el primer secretario del Cambio Clim\u00e1tico en\u2026","rel":"","context":"En &quot;CINTILLO&quot;","block_context":{"text":"CINTILLO","link":"https:\/\/www.grieta.org.mx\/index.php\/category\/cintillo\/"},"img":{"alt_text":"","src":"https:\/\/i0.wp.com\/www.grieta.org.mx\/wp-content\/uploads\/2018\/03\/14524434_1106112876131411_958039263622046936_o.jpg?resize=350%2C200&ssl=1","width":350,"height":200,"srcset":"https:\/\/i0.wp.com\/www.grieta.org.mx\/wp-content\/uploads\/2018\/03\/14524434_1106112876131411_958039263622046936_o.jpg?resize=350%2C200&ssl=1 1x, https:\/\/i0.wp.com\/www.grieta.org.mx\/wp-content\/uploads\/2018\/03\/14524434_1106112876131411_958039263622046936_o.jpg?resize=525%2C300&ssl=1 1.5x, https:\/\/i0.wp.com\/www.grieta.org.mx\/wp-content\/uploads\/2018\/03\/14524434_1106112876131411_958039263622046936_o.jpg?resize=700%2C400&ssl=1 2x"},"classes":[]},{"id":33121,"url":"https:\/\/www.grieta.org.mx\/index.php\/2019\/05\/06\/refineria-dos-bocas-obtiene-permiso-para-procesar-crudo-por-30-anos-le-falta-evaluacion-ambiental-tabasco\/","url_meta":{"origin":69922,"position":5},"title":"Refiner\u00eda Dos Bocas obtiene permiso para procesar crudo por 30 a\u00f1os; le falta evaluaci\u00f3n ambiental (Tabasco)","author":"grieta","date":"6 mayo, 2019","format":false,"excerpt":"Nayeli Rold\u00e1n \/ Animal Pol\u00edtico Petr\u00f3leos Mexicanos obtuvo uno de los permisos establecidos en la ley para poder operar la refiner\u00eda en Dos Bocas, Tabasco. Se trata de la autorizaci\u00f3n para el procesamiento de crudo para los siguientes 30 a\u00f1os, emitida por la Secretar\u00eda de Energ\u00eda encabezada por Roc\u00edo Nahle,\u2026","rel":"","context":"En &quot;CINTILLO&quot;","block_context":{"text":"CINTILLO","link":"https:\/\/www.grieta.org.mx\/index.php\/category\/cintillo\/"},"img":{"alt_text":"","src":"https:\/\/i0.wp.com\/www.grieta.org.mx\/wp-content\/uploads\/2019\/05\/direct-4.jpg?resize=350%2C200&ssl=1","width":350,"height":200,"srcset":"https:\/\/i0.wp.com\/www.grieta.org.mx\/wp-content\/uploads\/2019\/05\/direct-4.jpg?resize=350%2C200&ssl=1 1x, https:\/\/i0.wp.com\/www.grieta.org.mx\/wp-content\/uploads\/2019\/05\/direct-4.jpg?resize=525%2C300&ssl=1 1.5x, https:\/\/i0.wp.com\/www.grieta.org.mx\/wp-content\/uploads\/2019\/05\/direct-4.jpg?resize=700%2C400&ssl=1 2x"},"classes":[]}],"_links":{"self":[{"href":"https:\/\/www.grieta.org.mx\/index.php\/wp-json\/wp\/v2\/posts\/69922","targetHints":{"allow":["GET"]}}],"collection":[{"href":"https:\/\/www.grieta.org.mx\/index.php\/wp-json\/wp\/v2\/posts"}],"about":[{"href":"https:\/\/www.grieta.org.mx\/index.php\/wp-json\/wp\/v2\/types\/post"}],"author":[{"embeddable":true,"href":"https:\/\/www.grieta.org.mx\/index.php\/wp-json\/wp\/v2\/users\/2"}],"replies":[{"embeddable":true,"href":"https:\/\/www.grieta.org.mx\/index.php\/wp-json\/wp\/v2\/comments?post=69922"}],"version-history":[{"count":1,"href":"https:\/\/www.grieta.org.mx\/index.php\/wp-json\/wp\/v2\/posts\/69922\/revisions"}],"predecessor-version":[{"id":69924,"href":"https:\/\/www.grieta.org.mx\/index.php\/wp-json\/wp\/v2\/posts\/69922\/revisions\/69924"}],"wp:featuredmedia":[{"embeddable":true,"href":"https:\/\/www.grieta.org.mx\/index.php\/wp-json\/wp\/v2\/media\/69923"}],"wp:attachment":[{"href":"https:\/\/www.grieta.org.mx\/index.php\/wp-json\/wp\/v2\/media?parent=69922"}],"wp:term":[{"taxonomy":"category","embeddable":true,"href":"https:\/\/www.grieta.org.mx\/index.php\/wp-json\/wp\/v2\/categories?post=69922"},{"taxonomy":"post_tag","embeddable":true,"href":"https:\/\/www.grieta.org.mx\/index.php\/wp-json\/wp\/v2\/tags?post=69922"}],"curies":[{"name":"wp","href":"https:\/\/api.w.org\/{rel}","templated":true}]}}