{"id":69892,"date":"2024-09-28T17:45:30","date_gmt":"2024-09-28T23:45:30","guid":{"rendered":"http:\/\/www.grieta.org.mx\/?p=69892"},"modified":"2024-09-29T18:13:38","modified_gmt":"2024-09-30T00:13:38","slug":"pobladores-de-tlaxcala-rechazan-libramiento-que-afecta-a-santuario-de-las-luciernagas","status":"publish","type":"post","link":"https:\/\/www.grieta.org.mx\/index.php\/2024\/09\/28\/pobladores-de-tlaxcala-rechazan-libramiento-que-afecta-a-santuario-de-las-luciernagas\/","title":{"rendered":"Pobladores de Tlaxcala rechazan libramiento que afecta a santuario de las luci\u00e9rnagas"},"content":{"rendered":"<p>Por Dulce Olvera \/ Sinembargo<\/p>\n<p>Adem\u00e1s de las posibles afectaciones a los comerciantes en la carretera, el libramiento en Calpulalpan tambi\u00e9n impactar\u00eda al turismo al poner en riesgo a los conocidos santuarios de luci\u00e9rnagas, insectos que requieren oscuridad y silencio en sus per\u00edodos de apareamiento.<\/p>\n<p>Ciudad de M\u00e9xico, 28 de septiembre (SinEmbargo).\u2013 El Gobierno de Tlaxcala insiste en construir un libramiento privado a pesar de que, con una recolecci\u00f3n de 4 mil firmas, habitantes de Calpulalpan y alrededores han manifestado su rechazo por las posibles afectaciones econ\u00f3micas y ambientales en el santuario de las luci\u00e9rnagas.<\/p>\n<p>En marzo de 2024 el Congreso estatal autoriz\u00f3 a la Gobernadora Lorena Cu\u00e9llar otorgar una concesi\u00f3n por 30 a\u00f1os a la iniciativa privada para construir y operar un tramo carretero de 22 kil\u00f3metros. Para recorrerlo, los automovilistas deber\u00e1n pagar tarifas desde 66 a 359 pesos dependiendo el veh\u00edculo. Dada la ausencia de una consulta informada, los locatarios ignoran si ya se licit\u00f3 a alguna empresa.<\/p>\n<p>    \u201cLa Gobernadora mand\u00f3 la iniciativa al Congreso local, pero no consult\u00f3 a nadie de Calpulalpan. Nosotros nos enteramos por una publicaci\u00f3n de El Sol de Tlaxcala, pero fue una publicaci\u00f3n en Facebook muy peque\u00f1a. Todo se hizo por debajo del agua, la Gobernadora mand\u00f3 la iniciativa a finales de febrero, el Congreso lo aprueba en marzo y se publica en abril\u201d, dijo Daniel Espejel, habitante del municipio de Tlaxcala.<\/p>\n<p><a href=\"http:\/\/www.grieta.org.mx\/wp-content\/uploads\/2024\/09\/Captura-de-Pantalla-2024-09-29-a-las-17.53.45.png\"><img loading=\"lazy\" decoding=\"async\" data-attachment-id=\"69893\" data-permalink=\"https:\/\/www.grieta.org.mx\/index.php\/2024\/09\/28\/pobladores-de-tlaxcala-rechazan-libramiento-que-afecta-a-santuario-de-las-luciernagas\/captura-de-pantalla-2024-09-29-a-las-17-53-45\/\" data-orig-file=\"https:\/\/www.grieta.org.mx\/wp-content\/uploads\/2024\/09\/Captura-de-Pantalla-2024-09-29-a-las-17.53.45.png\" data-orig-size=\"1374,770\" data-comments-opened=\"0\" data-image-meta=\"{&quot;aperture&quot;:&quot;0&quot;,&quot;credit&quot;:&quot;&quot;,&quot;camera&quot;:&quot;&quot;,&quot;caption&quot;:&quot;&quot;,&quot;created_timestamp&quot;:&quot;0&quot;,&quot;copyright&quot;:&quot;&quot;,&quot;focal_length&quot;:&quot;0&quot;,&quot;iso&quot;:&quot;0&quot;,&quot;shutter_speed&quot;:&quot;0&quot;,&quot;title&quot;:&quot;&quot;,&quot;orientation&quot;:&quot;0&quot;}\" data-image-title=\"Captura de Pantalla 2024-09-29 a la(s) 17.53.45\" data-image-description=\"\" data-image-caption=\"\" data-medium-file=\"https:\/\/www.grieta.org.mx\/wp-content\/uploads\/2024\/09\/Captura-de-Pantalla-2024-09-29-a-las-17.53.45-300x168.png\" data-large-file=\"https:\/\/www.grieta.org.mx\/wp-content\/uploads\/2024\/09\/Captura-de-Pantalla-2024-09-29-a-las-17.53.45-1024x574.png\" src=\"http:\/\/www.grieta.org.mx\/wp-content\/uploads\/2024\/09\/Captura-de-Pantalla-2024-09-29-a-las-17.53.45.png\" alt=\"\" width=\"1374\" height=\"770\" class=\"aligncenter size-full wp-image-69893\" srcset=\"https:\/\/www.grieta.org.mx\/wp-content\/uploads\/2024\/09\/Captura-de-Pantalla-2024-09-29-a-las-17.53.45.png 1374w, https:\/\/www.grieta.org.mx\/wp-content\/uploads\/2024\/09\/Captura-de-Pantalla-2024-09-29-a-las-17.53.45-300x168.png 300w, https:\/\/www.grieta.org.mx\/wp-content\/uploads\/2024\/09\/Captura-de-Pantalla-2024-09-29-a-las-17.53.45-1024x574.png 1024w, https:\/\/www.grieta.org.mx\/wp-content\/uploads\/2024\/09\/Captura-de-Pantalla-2024-09-29-a-las-17.53.45-768x430.png 768w\" sizes=\"auto, (max-width: 1374px) 100vw, 1374px\" \/><\/a><\/p>\n<p>Habitantes de Calpulalpan protestan contra libramiento. Foto: Facebook del movimiento social.<\/p>\n<p>La justificaci\u00f3n del Gobierno de Cu\u00e9llar para realizar esta obra es el incremento del parque vehicular sobre la carretera federal Los Reyes-Zacatepec, por lo que este libramiento ofrece tener una conexi\u00f3n \u201cm\u00e1s directa y de menor longitud\u201d hacia municipios vecinos como Texcoco, Estado de M\u00e9xico, sin tener que pasar por Calpulalpan.<\/p>\n<p>Los accesos al libramiento, dice el dictamen del Congreso, se proyectan para el lado oriente a 200 metros de Domingo Arenas y en la parte poniente en San Crist\u00f3cal Zacalco, evitando el paso por toda la zona urbana de Calpulalpan con 51 mil habitantes, muchos de ellos dedicados al comercio de comida en la carretera M\u00e9xico 136.<\/p>\n<p>    \u201cQuedar\u00edamos aislados, quedar\u00edamos encerrados\u201d, previ\u00f3 Daniel.<\/p>\n<p>\u201cAdentro de Calpulalpan pasa una carretera muy importante que es la M\u00e9xico 136 que queremos que se ampl\u00ede y tiene doble carril por adentro del pueblo. De esa carretera son miles de empleos, miles de familias viven de la carretera, son empleos directos e indirectos. No nada m\u00e1s Calpulalpan vive de la carretera, sus comunidades e incluso municipios de Hidalgo van a comerciar\u201d.<br \/>\nLa zona aleda\u00f1a es visitada por miles de turistas para observar a las luci\u00e9rnagas. Foto: Facebook del movimiento social.<\/p>\n<p>Adem\u00e1s de las posibles afectaciones a los comerciantes, tambi\u00e9n impactar\u00eda al turismo al poner en riesgo a los conocidos santuarios de luci\u00e9rnagas, insectos que requieren oscuridad y silencio en sus per\u00edodos de apareamiento. Cada a\u00f1o miles de turistas visitan la zona, pero ante el ruido y las luces del tr\u00e1fico, su h\u00e1bitat ser\u00eda alterada.<\/p>\n<p>    \u201cSeg\u00fan la iniciativa que mand\u00f3 la Gobernadora se va a hacer al sur del municipio, o sea, a las faldas del monte Tl\u00e1loc, que se conoce como el santuario de las luci\u00e9rnagas. Todo el flujo vehicular, 15 mil veh\u00edculos, se van a pasar de ese lado. Van a derribar \u00e1rboles, van a ponerse sobre las tierras de cultivo y van a ocasionar problemas con los pasos de fauna, donde se almacena agua y viven los animales\u201d, observ\u00f3 Daniel, integrante del frente de ciudadanos contra la obra vial.<\/p>\n<p>Desde inicios de este a\u00f1o, los vecinos de Calpulalpan han realizado asambleas informativas, bloqueos carreteros como protesta y tambi\u00e9n han entregado cartas petitorias al Gobierno de Tlaxcala. Incluso en una conferencia matutina donde un periodista abord\u00f3 el tema, el Presidente Andr\u00e9s Manuel L\u00f3pez Obrador dijo que era necesaria la consulta ciudadana.<\/p>\n<p>No obstante, no ha habido una respuesta puntual y directa de la Gobernadora Cu\u00e9llar a este grupo de ciudadanos.<\/p>\n<p>    \u201cLlevamos varias cartas al Congreso local y no ha habido una respuesta concreta, no nos han respondido. Dejamos n\u00fameros telef\u00f3nicos y correos, y nada. Y entregamos cartas con el pliego petitorio a la Gobernadora y tampoco ha habido respuesta\u201d.<\/p>\n<figure id=\"attachment_69895\" aria-describedby=\"caption-attachment-69895\" style=\"width: 1380px\" class=\"wp-caption aligncenter\"><a href=\"http:\/\/www.grieta.org.mx\/wp-content\/uploads\/2024\/09\/Captura-de-Pantalla-2024-09-29-a-las-17.54.18.jpg\"><img loading=\"lazy\" decoding=\"async\" data-attachment-id=\"69895\" data-permalink=\"https:\/\/www.grieta.org.mx\/index.php\/2024\/09\/28\/pobladores-de-tlaxcala-rechazan-libramiento-que-afecta-a-santuario-de-las-luciernagas\/screenshot-158\/\" data-orig-file=\"https:\/\/www.grieta.org.mx\/wp-content\/uploads\/2024\/09\/Captura-de-Pantalla-2024-09-29-a-las-17.54.18.jpg\" data-orig-size=\"1380,1006\" data-comments-opened=\"0\" data-image-meta=\"{&quot;aperture&quot;:&quot;0&quot;,&quot;credit&quot;:&quot;&quot;,&quot;camera&quot;:&quot;&quot;,&quot;caption&quot;:&quot;Screenshot&quot;,&quot;created_timestamp&quot;:&quot;0&quot;,&quot;copyright&quot;:&quot;&quot;,&quot;focal_length&quot;:&quot;0&quot;,&quot;iso&quot;:&quot;0&quot;,&quot;shutter_speed&quot;:&quot;0&quot;,&quot;title&quot;:&quot;Screenshot&quot;,&quot;orientation&quot;:&quot;1&quot;}\" data-image-title=\"Screenshot\" data-image-description=\"\" data-image-caption=\"&lt;p&gt;Screenshot&lt;\/p&gt;\n\" data-medium-file=\"https:\/\/www.grieta.org.mx\/wp-content\/uploads\/2024\/09\/Captura-de-Pantalla-2024-09-29-a-las-17.54.18-300x219.jpg\" data-large-file=\"https:\/\/www.grieta.org.mx\/wp-content\/uploads\/2024\/09\/Captura-de-Pantalla-2024-09-29-a-las-17.54.18-1024x746.jpg\" src=\"http:\/\/www.grieta.org.mx\/wp-content\/uploads\/2024\/09\/Captura-de-Pantalla-2024-09-29-a-las-17.54.18.jpg\" alt=\"\" width=\"1380\" height=\"1006\" class=\"size-full wp-image-69895\" srcset=\"https:\/\/www.grieta.org.mx\/wp-content\/uploads\/2024\/09\/Captura-de-Pantalla-2024-09-29-a-las-17.54.18.jpg 1380w, https:\/\/www.grieta.org.mx\/wp-content\/uploads\/2024\/09\/Captura-de-Pantalla-2024-09-29-a-las-17.54.18-300x219.jpg 300w, https:\/\/www.grieta.org.mx\/wp-content\/uploads\/2024\/09\/Captura-de-Pantalla-2024-09-29-a-las-17.54.18-1024x746.jpg 1024w, https:\/\/www.grieta.org.mx\/wp-content\/uploads\/2024\/09\/Captura-de-Pantalla-2024-09-29-a-las-17.54.18-768x560.jpg 768w\" sizes=\"auto, (max-width: 1380px) 100vw, 1380px\" \/><\/a><figcaption id=\"caption-attachment-69895\" class=\"wp-caption-text\">Screenshot<\/figcaption><\/figure>\n<p>Hasta el momento han recaudado 4 mil firmas contra el libramiento en Calpulalpan. Foto: Facebook de movimiento social.<\/p>\n<p>Hace unas semanas la Gobernadora Lorena Cu\u00e9llar declar\u00f3 a la prensa local que \u201ces un proyecto que naci\u00f3 de peticiones de varios presidentes municipales aleda\u00f1os a ese municipio\u201d e incluso asegur\u00f3 que est\u00e1 avalado por la Secretar\u00eda de Comunicaciones y Transportes federal (SICT), por lo que descart\u00f3 afectaciones a los pobladores. \u201cEs un proyecto que est\u00e1 en este momento analiz\u00e1ndose (\u2026) La idea es que tengan m\u00e1s facilidades en todos los sentidos\u201d, agreg\u00f3.<\/p>\n<p>En tanto, el Secretario de Medio Ambiente estatal Pedro Aquino dijo que por la ubicaci\u00f3n y tipo de suelo, el estudio de impacto ambiental debe solicitarse a nivel federal para que sea la Semarnat la que determine si es viable. \u201cNosotros no conocemos el proyecto en toda la extensi\u00f3n porque tiene que presentarlo la empresa\u201d, asegur\u00f3.<\/p>\n<p>VIADUCTO ELEVADO EN ZACATECAS<\/p>\n<p>El Gobernador de Zacatecas David Monreal impulsa la construcci\u00f3n de un viaducto elevado en el boulevard Adolfo L\u00f3pez Mateos, a un costado del Centro Hist\u00f3rico de la capital, con el fin de mejorar la movilidad entre esa zona y el municipio de Guadalupe.<\/p>\n<p>Sin embargo, de acuerdo con vecinos, comerciantes, arquitectos y acad\u00e9micos, la movilidad no es un asunto urgente por atender en la entidad acechada por la violencia criminal, y por lo tanto ese segundo piso es una obra con sobrecosto innecesaria que causar\u00eda bastantes da\u00f1os sociales, culturales y de infraestructura.<\/p>\n<p>Con base en la escasa informaci\u00f3n que ha hecho p\u00fablica el Gobierno de Monreal, se conoce que este \u201csegundo piso\u201d consta de una vialidad de 3.6 kil\u00f3metros de longitud y m\u00e1s de 10 metros de altura, en el boulevard m\u00e1s transitado de la capital, y tendr\u00eda un costo previsto de 3 mil 650 millones de pesos, esto significa, m\u00e1s de mil millones de pesos por kil\u00f3metro o un mill\u00f3n de pesos por metro lineal.<\/p>\n<p>Por comparar esta cifra, el puente Baluarte Bicentenario, que une a Durango con Mazatl\u00e1n sobre el r\u00edo Baluarte y es uno de los atirantados m\u00e1s altos del mundo, cost\u00f3 2 mil 450 millones de pesos.<\/p>\n<p>\u201cPretende resolver un problema que no existe\u201d, dijo el acad\u00e9mico de la Universidad Aut\u00f3noma de Zacatecas (UAZ), Francisco Valerio.<\/p>\n<p>En 2007, el Gobierno de Amalia Garc\u00eda propuso construir un viaducto elevado sobre el mismo boulevard Adolfo L\u00f3pez Mateos, a un costado del Centro Hist\u00f3rico de Zacatecas. En ese entonces tambi\u00e9n se habl\u00f3 de \u201cmejorar\u201d la movilidad y, tambi\u00e9n como ahora, surgieron voces diversas contra el proyecto. La gobernadora solicit\u00f3 la evaluaci\u00f3n del proyecto por ICOMOS M\u00e9xico, \u00f3rgano asesor de la UNESCO, en materia de sitios de patrimonios culturales de la humanidad; dicho estudio consider\u00f3 un impact\u00f3 negativo del segundo piso y Garc\u00eda cancel\u00f3 la obra.<\/p>\n<p>A ra\u00edz de que Monreal retom\u00f3 esta propuesta de obra, en 2022, ICOMOS M\u00e9xico solicit\u00f3 una reuni\u00f3n para externar sus preocupaciones y dudas del impacto que puede tener sobre la imagen urbana de la ciudad, y consecuentemente sobre los criterios que se tomaron para conceder el reconocimiento como Ciudad Patrimonio pero el gobernador nunca les contest\u00f3.<\/p>\n<p><a href=\"https:\/\/www.sinembargo.mx\/28-09-2024\/4556460\">https:\/\/www.sinembargo.mx\/28-09-2024\/4556460<\/a><\/p>\n","protected":false},"excerpt":{"rendered":"<p>Por Dulce Olvera \/ Sinembargo Adem\u00e1s de las posibles afectaciones a los comerciantes en la carretera, el libramiento en Calpulalpan tambi\u00e9n impactar\u00eda al turismo al poner en riesgo a los &hellip; <a href=\"https:\/\/www.grieta.org.mx\/index.php\/2024\/09\/28\/pobladores-de-tlaxcala-rechazan-libramiento-que-afecta-a-santuario-de-las-luciernagas\/\" class=\"more-link\">Leer m\u00e1s<\/a><\/p>\n","protected":false},"author":1,"featured_media":69894,"comment_status":"closed","ping_status":"closed","sticky":false,"template":"","format":"standard","meta":{"ngg_post_thumbnail":0,"_jetpack_newsletter_access":"","_jetpack_dont_email_post_to_subs":false,"_jetpack_newsletter_tier_id":0,"_jetpack_memberships_contains_paywalled_content":false,"_jetpack_memberships_contains_paid_content":false,"footnotes":""},"categories":[80,2756,2,34],"tags":[3918,4172,1412,2346],"class_list":["post-69892","post","type-post","status-publish","format-standard","has-post-thumbnail","hentry","category-cintillo","category-defensa-del-medio-ambiente-en-tlaxcala","category-noticias-nacionales","category-tlaxcala","tag-defensa-de-la-naturaleza","tag-defensa-de-la-tierra-y-el-territorio","tag-defensa-de-los-bosques","tag-defensa-del-medio-ambiente","entry"],"jetpack_featured_media_url":"https:\/\/www.grieta.org.mx\/wp-content\/uploads\/2024\/09\/Captura-de-Pantalla-2024-09-29-a-las-17.54.02.png","jetpack_sharing_enabled":true,"jetpack_shortlink":"https:\/\/wp.me\/p7ZJR4-ibi","jetpack_likes_enabled":false,"jetpack-related-posts":[{"id":47629,"url":"https:\/\/www.grieta.org.mx\/index.php\/2020\/04\/02\/agua-potable-un-derecho-vulnerado-en-tlaxcala\/","url_meta":{"origin":69892,"position":0},"title":"Agua potable, un derecho vulnerado en Tlaxcala","author":"Admin","date":"2 abril, 2020","format":false,"excerpt":"Seg\u00fan la Conagua, en 2018 m\u00e1s de 10 mil personas carec\u00edan del vital l\u00edquido al interior de sus viviendas De acuerdo con el Consejo Nacional de Evaluaci\u00f3n de la Pol\u00edtica de Desarrollo Social, hasta hace dos a\u00f1os casi 11 mil personas no ten\u00edan acceso al agua potable \/C\u00e9sar Rodr\u00edguez Karla\u2026","rel":"","context":"En &quot;CINTILLO&quot;","block_context":{"text":"CINTILLO","link":"https:\/\/www.grieta.org.mx\/index.php\/category\/cintillo\/"},"img":{"alt_text":"","src":"https:\/\/i0.wp.com\/www.grieta.org.mx\/wp-content\/uploads\/2020\/04\/agua-potable.jpg?resize=350%2C200&ssl=1","width":350,"height":200,"srcset":"https:\/\/i0.wp.com\/www.grieta.org.mx\/wp-content\/uploads\/2020\/04\/agua-potable.jpg?resize=350%2C200&ssl=1 1x, https:\/\/i0.wp.com\/www.grieta.org.mx\/wp-content\/uploads\/2020\/04\/agua-potable.jpg?resize=525%2C300&ssl=1 1.5x, https:\/\/i0.wp.com\/www.grieta.org.mx\/wp-content\/uploads\/2020\/04\/agua-potable.jpg?resize=700%2C400&ssl=1 2x"},"classes":[]},{"id":9031,"url":"https:\/\/www.grieta.org.mx\/index.php\/2015\/06\/19\/demuestran-anomalias-en-proyecto-del-libramiento-ramal-camelinas\/","url_meta":{"origin":69892,"position":1},"title":"Demuestran anomal\u00edas en proyecto del libramiento \u201cRamal Camelinas\u201d","author":"Admin","date":"19 junio, 2015","format":false,"excerpt":"El Movimiento Ciudadano en Defensa de la Loma dio a conocer un estudio realizado por la Universidad Nacional Aut\u00f3noma de M\u00e9xico (UNAM) acerca de los posibles riesgos que existen en la construcci\u00f3n de la segunda etapa del tramo \u201cRamal Camelinas\u201d. Mediante un estudio detallado otorgado por el Instituto Federal de\u2026","rel":"","context":"En &quot;CINTILLO&quot;","block_context":{"text":"CINTILLO","link":"https:\/\/www.grieta.org.mx\/index.php\/category\/cintillo\/"},"img":{"alt_text":"","src":"https:\/\/i0.wp.com\/www.grieta.org.mx\/wp-content\/uploads\/2018\/03\/14524434_1106112876131411_958039263622046936_o.jpg?resize=350%2C200&ssl=1","width":350,"height":200,"srcset":"https:\/\/i0.wp.com\/www.grieta.org.mx\/wp-content\/uploads\/2018\/03\/14524434_1106112876131411_958039263622046936_o.jpg?resize=350%2C200&ssl=1 1x, https:\/\/i0.wp.com\/www.grieta.org.mx\/wp-content\/uploads\/2018\/03\/14524434_1106112876131411_958039263622046936_o.jpg?resize=525%2C300&ssl=1 1.5x, https:\/\/i0.wp.com\/www.grieta.org.mx\/wp-content\/uploads\/2018\/03\/14524434_1106112876131411_958039263622046936_o.jpg?resize=700%2C400&ssl=1 2x"},"classes":[]},{"id":7594,"url":"https:\/\/www.grieta.org.mx\/index.php\/2015\/03\/23\/salen-organizaciones-en-defensa-del-agua-en-tlaxcala\/","url_meta":{"origin":69892,"position":2},"title":"Salen organizaciones en defensa del agua en Tlaxcala","author":"grieta","date":"23 marzo, 2015","format":false,"excerpt":"Gerardo Santill\u00e1n\/e-consulta Diversas organizaciones sociales de Tlaxcala expresaron su oposici\u00f3n a la Ley general de aguas y contra la irresponsabilidad de la Comisi\u00f3n Nacional del Agua (Conagua), por violar los derechos de los pueblos mediante normas que favorecen a la inversi\u00f3n privada. A prop\u00f3sito del D\u00eda Mundial del Agua, representantes\u2026","rel":"","context":"En &quot;CINTILLO&quot;","block_context":{"text":"CINTILLO","link":"https:\/\/www.grieta.org.mx\/index.php\/category\/cintillo\/"},"img":{"alt_text":"","src":"https:\/\/i0.wp.com\/www.grieta.org.mx\/wp-content\/uploads\/2018\/03\/14524434_1106112876131411_958039263622046936_o.jpg?resize=350%2C200&ssl=1","width":350,"height":200,"srcset":"https:\/\/i0.wp.com\/www.grieta.org.mx\/wp-content\/uploads\/2018\/03\/14524434_1106112876131411_958039263622046936_o.jpg?resize=350%2C200&ssl=1 1x, https:\/\/i0.wp.com\/www.grieta.org.mx\/wp-content\/uploads\/2018\/03\/14524434_1106112876131411_958039263622046936_o.jpg?resize=525%2C300&ssl=1 1.5x, https:\/\/i0.wp.com\/www.grieta.org.mx\/wp-content\/uploads\/2018\/03\/14524434_1106112876131411_958039263622046936_o.jpg?resize=700%2C400&ssl=1 2x"},"classes":[]},{"id":27862,"url":"https:\/\/www.grieta.org.mx\/index.php\/2018\/12\/08\/registran-organizaciones-11-procesos-de-despojo-por-proyectos-extractivos-puebla\/","url_meta":{"origin":69892,"position":3},"title":"Registran organizaciones 11 procesos de despojo por proyectos extractivos (Puebla)","author":"grieta","date":"8 diciembre, 2018","format":false,"excerpt":"Maritza Mena \/ El Sol de Puebla En Puebla se documentaron 11 casos desde el 2014 de despojo del territorio por proyectos extractivos y de infraestructura para favorecer a empresas multinacionales, adem\u00e1s del asesinato de defensores de los derechos humamos de los pueblos ind\u00edgenas, de acuerdo con el Informe de\u2026","rel":"","context":"En &quot;26. Sierra Puebla&quot;","block_context":{"text":"26. Sierra Puebla","link":"https:\/\/www.grieta.org.mx\/index.php\/category\/espejos-de-la-resistencia\/26-sierra-puebla\/"},"img":{"alt_text":"","src":"https:\/\/i0.wp.com\/www.grieta.org.mx\/wp-content\/uploads\/2018\/12\/meztli-sarabia.jpg?resize=350%2C200&ssl=1","width":350,"height":200,"srcset":"https:\/\/i0.wp.com\/www.grieta.org.mx\/wp-content\/uploads\/2018\/12\/meztli-sarabia.jpg?resize=350%2C200&ssl=1 1x, https:\/\/i0.wp.com\/www.grieta.org.mx\/wp-content\/uploads\/2018\/12\/meztli-sarabia.jpg?resize=525%2C300&ssl=1 1.5x, https:\/\/i0.wp.com\/www.grieta.org.mx\/wp-content\/uploads\/2018\/12\/meztli-sarabia.jpg?resize=700%2C400&ssl=1 2x"},"classes":[]},{"id":45077,"url":"https:\/\/www.grieta.org.mx\/index.php\/2020\/01\/31\/proponen-construir-un-nuevo-gasoducto-entre-puebla-y-tlaxcala\/","url_meta":{"origin":69892,"position":4},"title":"Proponen construir un nuevo gasoducto entre Puebla y Tlaxcala","author":"Admin","date":"31 enero, 2020","format":false,"excerpt":"Berenice Mart\u00ednez \/ El Sol de Puebla La Agencia de Seguridad, Energ\u00eda y Ambiente (ASEA) del gobierno federal eval\u00faa autorizar la instalaci\u00f3n de un nuevo gasoducto en el Valle de Puebla y Tlaxcala, que contar\u00e1 con una tuber\u00eda de presi\u00f3n de 10 mil kil\u00f3metros para transportar gas natural a parques\u2026","rel":"","context":"En &quot;CINTILLO&quot;","block_context":{"text":"CINTILLO","link":"https:\/\/www.grieta.org.mx\/index.php\/category\/cintillo\/"},"img":{"alt_text":"","src":"https:\/\/i0.wp.com\/www.grieta.org.mx\/wp-content\/uploads\/2020\/02\/Foto-Cuartoscuro-1.jpg?resize=350%2C200&ssl=1","width":350,"height":200,"srcset":"https:\/\/i0.wp.com\/www.grieta.org.mx\/wp-content\/uploads\/2020\/02\/Foto-Cuartoscuro-1.jpg?resize=350%2C200&ssl=1 1x, https:\/\/i0.wp.com\/www.grieta.org.mx\/wp-content\/uploads\/2020\/02\/Foto-Cuartoscuro-1.jpg?resize=525%2C300&ssl=1 1.5x, https:\/\/i0.wp.com\/www.grieta.org.mx\/wp-content\/uploads\/2020\/02\/Foto-Cuartoscuro-1.jpg?resize=700%2C400&ssl=1 2x"},"classes":[]},{"id":28690,"url":"https:\/\/www.grieta.org.mx\/index.php\/2019\/01\/30\/opositores-a-gasoducto-temen-que-amlo-lo-apruebe-sin-escucharlos-puebla-morelos-tlaxcala\/","url_meta":{"origin":69892,"position":5},"title":"Opositores a gasoducto temen que AMLO lo apruebe sin escucharlos (Puebla, Morelos, Tlaxcala)","author":"grieta","date":"30 enero, 2019","format":false,"excerpt":"Laura Ruiz \/ e-consulta En v\u00edsperas del resolutivo que el 11 de febrero dar\u00e1 el presidente Andr\u00e9s Manuel L\u00f3pez Obrador (AMLO) sobre el Proyecto Integral Morelos o Gasoducto Morelos, activistas lamentaron que su gobierno ha actuado con miras a aprobar la continuidad del proyecto pese a sus afectaciones. Al fijar\u2026","rel":"","context":"En &quot;CINTILLO&quot;","block_context":{"text":"CINTILLO","link":"https:\/\/www.grieta.org.mx\/index.php\/category\/cintillo\/"},"img":{"alt_text":"","src":"https:\/\/i0.wp.com\/www.grieta.org.mx\/wp-content\/uploads\/2019\/02\/gas_5_0.jpg?resize=350%2C200&ssl=1","width":350,"height":200,"srcset":"https:\/\/i0.wp.com\/www.grieta.org.mx\/wp-content\/uploads\/2019\/02\/gas_5_0.jpg?resize=350%2C200&ssl=1 1x, https:\/\/i0.wp.com\/www.grieta.org.mx\/wp-content\/uploads\/2019\/02\/gas_5_0.jpg?resize=525%2C300&ssl=1 1.5x"},"classes":[]}],"_links":{"self":[{"href":"https:\/\/www.grieta.org.mx\/index.php\/wp-json\/wp\/v2\/posts\/69892","targetHints":{"allow":["GET"]}}],"collection":[{"href":"https:\/\/www.grieta.org.mx\/index.php\/wp-json\/wp\/v2\/posts"}],"about":[{"href":"https:\/\/www.grieta.org.mx\/index.php\/wp-json\/wp\/v2\/types\/post"}],"author":[{"embeddable":true,"href":"https:\/\/www.grieta.org.mx\/index.php\/wp-json\/wp\/v2\/users\/1"}],"replies":[{"embeddable":true,"href":"https:\/\/www.grieta.org.mx\/index.php\/wp-json\/wp\/v2\/comments?post=69892"}],"version-history":[{"count":1,"href":"https:\/\/www.grieta.org.mx\/index.php\/wp-json\/wp\/v2\/posts\/69892\/revisions"}],"predecessor-version":[{"id":69896,"href":"https:\/\/www.grieta.org.mx\/index.php\/wp-json\/wp\/v2\/posts\/69892\/revisions\/69896"}],"wp:featuredmedia":[{"embeddable":true,"href":"https:\/\/www.grieta.org.mx\/index.php\/wp-json\/wp\/v2\/media\/69894"}],"wp:attachment":[{"href":"https:\/\/www.grieta.org.mx\/index.php\/wp-json\/wp\/v2\/media?parent=69892"}],"wp:term":[{"taxonomy":"category","embeddable":true,"href":"https:\/\/www.grieta.org.mx\/index.php\/wp-json\/wp\/v2\/categories?post=69892"},{"taxonomy":"post_tag","embeddable":true,"href":"https:\/\/www.grieta.org.mx\/index.php\/wp-json\/wp\/v2\/tags?post=69892"}],"curies":[{"name":"wp","href":"https:\/\/api.w.org\/{rel}","templated":true}]}}