{"id":69861,"date":"2024-09-26T19:00:36","date_gmt":"2024-09-27T01:00:36","guid":{"rendered":"https:\/\/www.grieta.org.mx\/?p=69861"},"modified":"2024-09-27T19:13:05","modified_gmt":"2024-09-28T01:13:05","slug":"marchan-por-ayotzinapa-no-nos-cansaremos-de-decir-que-fue-el-estado-yucatan","status":"publish","type":"post","link":"https:\/\/www.grieta.org.mx\/index.php\/2024\/09\/26\/marchan-por-ayotzinapa-no-nos-cansaremos-de-decir-que-fue-el-estado-yucatan\/","title":{"rendered":"Marchan por Ayotzinapa: No nos cansaremos de decir que fue el Estado (Yucat\u00e1n)"},"content":{"rendered":"<p> Itzel Chan \/ Haz Ruido<\/p>\n<blockquote><p>Con la manifestaci\u00f3n en M\u00e9rida, recalcaron que har\u00e1n frente en contra de la represi\u00f3n y la violencia que ejerce el Estado, al tiempo de que no dejar\u00e1n de recordar a los 43 estudiantes desaparecidos.<\/p><\/blockquote>\n<p>M\u00e9rida, Yucat\u00e1n, 26 de septiembre de 2024.-Alrededor de 100 personas salieron a manifestarse en M\u00e9rida para pedir justicia por los 43 j\u00f3venes desaparecidos de la Normal Rural Ra\u00fal Isidro Burgos ubicada en Ayotzinapa, Guerrero y declararon: No nos cansaremos de decir que fue el Estado.<\/p>\n<p>Principalmente j\u00f3venes se reunieron en el parque Hidalgo \u201cU K\u2019 iiwik Hidalgo\u201d, y recordaron que ya han pasado 10 a\u00f1os desde aquel 27 de septiembre cuando los estudiantes fueron arrebatados de sus familias y mencionaron que cada a\u00f1o acusar\u00e1n que fue un crimen de Estado.<\/p>\n<p>En esta manifestaci\u00f3n tambi\u00e9n criticaron la reforma relacionada con la Guardia Nacional porque los elementos militares no protegen a los ciudadanos.<\/p>\n<p>\u201cEstas reformas no sirven para proteger a la clase obrera y estudiantes, sino s\u00f3lo a monopolios y a la clase burguesa\u201d, expusieron los estudiantes comunistas en Yucat\u00e1n.<\/p>\n<p><a href=\"http:\/\/www.grieta.org.mx\/wp-content\/uploads\/2024\/09\/AyotziMerida2-e1727485627917.jpg\"><img loading=\"lazy\" decoding=\"async\" data-attachment-id=\"69864\" data-permalink=\"https:\/\/www.grieta.org.mx\/index.php\/2024\/09\/26\/marchan-por-ayotzinapa-no-nos-cansaremos-de-decir-que-fue-el-estado-yucatan\/screenshot-150\/\" data-orig-file=\"https:\/\/www.grieta.org.mx\/wp-content\/uploads\/2024\/09\/AyotziMerida2-e1727485627917.jpg\" data-orig-size=\"800,593\" data-comments-opened=\"0\" data-image-meta=\"{&quot;aperture&quot;:&quot;0&quot;,&quot;credit&quot;:&quot;&quot;,&quot;camera&quot;:&quot;&quot;,&quot;caption&quot;:&quot;Screenshot&quot;,&quot;created_timestamp&quot;:&quot;0&quot;,&quot;copyright&quot;:&quot;&quot;,&quot;focal_length&quot;:&quot;0&quot;,&quot;iso&quot;:&quot;0&quot;,&quot;shutter_speed&quot;:&quot;0&quot;,&quot;title&quot;:&quot;Screenshot&quot;,&quot;orientation&quot;:&quot;1&quot;}\" data-image-title=\"Screenshot\" data-image-description=\"\" data-image-caption=\"\" data-medium-file=\"https:\/\/www.grieta.org.mx\/wp-content\/uploads\/2024\/09\/AyotziMerida2-300x223.jpg\" data-large-file=\"https:\/\/www.grieta.org.mx\/wp-content\/uploads\/2024\/09\/AyotziMerida2-1024x760.jpg\" src=\"http:\/\/www.grieta.org.mx\/wp-content\/uploads\/2024\/09\/AyotziMerida2-e1727485627917.jpg\" alt=\"\" width=\"800\" height=\"593\" class=\"alignright size-full wp-image-69864\" \/><\/a><\/p>\n<p>Con la manifestaci\u00f3n dijeron que har\u00e1n frente en contra de la represi\u00f3n y la violencia que ejerce el Estado, al tiempo que no dejar\u00e1n de recordar a las 43 v\u00edctimas de Ayotzinapa.<\/p>\n<p>\u201cRecordamos a cada una de las v\u00edctimas y no dejaremos que este crimen pase de largo\u201d, a\u00f1adieron.<\/p>\n<p>Responsabilizaron a los tres niveles de gobierno, a las Procuradur\u00edas, a la burgues\u00eda y al crimen organizado de lo sucedido y criticaron el gobierno que encabez\u00f3 Andr\u00e9s Manuel L\u00f3pez Obrador porque ha hecho burla y caricatura de la lucha social.<\/p>\n<p>\u201cAndr\u00e9s Manuel culpa a las administraciones anteriores mientras protege al crimen organizado\u201d, a\u00f1adieron.<\/p>\n<p>Los manifestantes cusaron que no s\u00f3lo se trata de los j\u00f3venes de Ayotzinapa sino tambi\u00e9n de las m\u00e1s de 100 mil personas desaparecidas en todo M\u00e9xico, situaci\u00f3n que se agrava y que las autoridades parecen indiferentes porque nadie les busca.<\/p>\n<p>Advirtieron que se manifestar\u00e1n el 1 de octubre cuando el gobierno de Morena entre en funciones en Yucat\u00e1n para hacerles ver que ser\u00e1n vigilantes del cumplimiento de las leyes y un gobierno que trabaje para el pueblo.<\/p>\n<p>\u201cDudamos que los de Morena hagan un cambio porque ya estuvieron un sexenio, pero aqu\u00ed estaremos el 1 de octubre y el 2 tambi\u00e9n para recordar los atropellos del Estado\u201d, advirtieron.<\/p>\n<p>Al finalizar los posicionamientos presentaron una jornada de hip hop de protesta, en donde expusieron las anomal\u00edas y fallas del Estado que oprime.<\/p>\n<p><a href=\"https:\/\/www.hazruido.mx\/reportes\/marchan-por-ayotzinapa-no-nos-cansaremos-de-decir-que-fue-el-estado\/\" rel=\"noopener\" target=\"_blank\">https:\/\/www.hazruido.mx\/reportes\/marchan-por-ayotzinapa-no-nos-cansaremos-de-decir-que-fue-el-estado\/<\/a><\/p>\n","protected":false},"excerpt":{"rendered":"<p>Itzel Chan \/ Haz Ruido Con la manifestaci\u00f3n en M\u00e9rida, recalcaron que har\u00e1n frente en contra de la represi\u00f3n y la violencia que ejerce el Estado, al tiempo de que &hellip; <a href=\"https:\/\/www.grieta.org.mx\/index.php\/2024\/09\/26\/marchan-por-ayotzinapa-no-nos-cansaremos-de-decir-que-fue-el-estado-yucatan\/\" class=\"more-link\">Leer m\u00e1s<\/a><\/p>\n","protected":false},"author":2,"featured_media":69863,"comment_status":"closed","ping_status":"closed","sticky":false,"template":"","format":"standard","meta":{"ngg_post_thumbnail":0,"_jetpack_newsletter_access":"","_jetpack_dont_email_post_to_subs":false,"_jetpack_newsletter_tier_id":0,"_jetpack_memberships_contains_paywalled_content":false,"_jetpack_memberships_contains_paid_content":false,"footnotes":""},"categories":[80,2,4180,36],"tags":[229],"class_list":["post-69861","post","type-post","status-publish","format-standard","has-post-thumbnail","hentry","category-cintillo","category-noticias-nacionales","category-solidaridad-internacional-en-yucatan","category-yucatan","tag-solidaridad-con-ayotzinapa","entry"],"jetpack_featured_media_url":"https:\/\/www.grieta.org.mx\/wp-content\/uploads\/2024\/09\/AyotziMerida-e1727485485802.jpg","jetpack_sharing_enabled":true,"jetpack_shortlink":"https:\/\/wp.me\/p7ZJR4-iaN","jetpack_likes_enabled":false,"jetpack-related-posts":[{"id":867,"url":"https:\/\/www.grieta.org.mx\/index.php\/2015\/06\/16\/la-caravana-de-ayotzinapa-llega-a-yucatan\/","url_meta":{"origin":69861,"position":0},"title":"La caravana de Ayotzinapa llega a Yucat\u00e1n","author":"grieta","date":"16 junio, 2015","format":false,"excerpt":"Paul Antoine Matos La Jornada Maya M\u00e9rida 16 de junio, 2015 Los familiares de los 43 estudiantes de la Normal Superior de Ayotzinapa desaparecidos en septiembre pasado visitar\u00e1n Yucat\u00e1n el 21 y 22 de junio pr\u00f3ximos, como parte de una caravana que recorre el sureste del pa\u00eds. El domingo 21\u2026","rel":"","context":"En &quot;CINTILLO&quot;","block_context":{"text":"CINTILLO","link":"https:\/\/www.grieta.org.mx\/index.php\/category\/cintillo\/"},"img":{"alt_text":"","src":"https:\/\/i0.wp.com\/www.grieta.org.mx\/wp-content\/uploads\/2018\/03\/14524434_1106112876131411_958039263622046936_o.jpg?resize=350%2C200&ssl=1","width":350,"height":200,"srcset":"https:\/\/i0.wp.com\/www.grieta.org.mx\/wp-content\/uploads\/2018\/03\/14524434_1106112876131411_958039263622046936_o.jpg?resize=350%2C200&ssl=1 1x, https:\/\/i0.wp.com\/www.grieta.org.mx\/wp-content\/uploads\/2018\/03\/14524434_1106112876131411_958039263622046936_o.jpg?resize=525%2C300&ssl=1 1.5x, https:\/\/i0.wp.com\/www.grieta.org.mx\/wp-content\/uploads\/2018\/03\/14524434_1106112876131411_958039263622046936_o.jpg?resize=700%2C400&ssl=1 2x"},"classes":[]},{"id":861,"url":"https:\/\/www.grieta.org.mx\/index.php\/2015\/06\/18\/llega-la-caravana-43-de-ayotzinapa-a-la-peninsula-de-yucatan\/","url_meta":{"origin":69861,"position":1},"title":"Llega la Caravana 43 de Ayotzinapa a la pen\u00ednsula de Yucat\u00e1n","author":"grieta","date":"18 junio, 2015","format":false,"excerpt":"Ciudad de Jo\u2019, Yucat\u00e1n, a 18 de junio de 2015. Una representaci\u00f3n de madres y padres de los 46 estudiantes de la Escuela Normal Rural \u201cRa\u00fal Isidro Burgos\u201d ausentes desde el 26 de septiembre de 2014 (43 por desaparici\u00f3n forzada y 3 por ejecuci\u00f3n extrajudicial), y el estudiante normalista Omar\u2026","rel":"","context":"En &quot;CINTILLO&quot;","block_context":{"text":"CINTILLO","link":"https:\/\/www.grieta.org.mx\/index.php\/category\/cintillo\/"},"img":{"alt_text":"","src":"https:\/\/i0.wp.com\/www.grieta.org.mx\/wp-content\/uploads\/2018\/03\/14524434_1106112876131411_958039263622046936_o.jpg?resize=350%2C200&ssl=1","width":350,"height":200,"srcset":"https:\/\/i0.wp.com\/www.grieta.org.mx\/wp-content\/uploads\/2018\/03\/14524434_1106112876131411_958039263622046936_o.jpg?resize=350%2C200&ssl=1 1x, https:\/\/i0.wp.com\/www.grieta.org.mx\/wp-content\/uploads\/2018\/03\/14524434_1106112876131411_958039263622046936_o.jpg?resize=525%2C300&ssl=1 1.5x, https:\/\/i0.wp.com\/www.grieta.org.mx\/wp-content\/uploads\/2018\/03\/14524434_1106112876131411_958039263622046936_o.jpg?resize=700%2C400&ssl=1 2x"},"classes":[]},{"id":857,"url":"https:\/\/www.grieta.org.mx\/index.php\/2015\/06\/22\/caravana-de-familiares-de-ayotzinapa-digna-lucha-por-la-justicia\/","url_meta":{"origin":69861,"position":2},"title":"Caravana de familiares de Ayotzinapa: digna lucha por la justicia","author":"grieta","date":"22 junio, 2015","format":false,"excerpt":"La tarde de este 22 de junio fue la \u00faltima actividad que la caravana de madres y padres de Ayotzinapa realizaron en el estado de Yucat\u00e1n. La cita fue en la Escuela de Agricultura Ecol\u00f3gica de Man\u00ed \u201cU Yits Ka\u00b4an\u201d. Fue un di\u00e1logo con compa\u00f1eros y compa\u00f1eras de las comunidades\u2026","rel":"","context":"En &quot;CINTILLO&quot;","block_context":{"text":"CINTILLO","link":"https:\/\/www.grieta.org.mx\/index.php\/category\/cintillo\/"},"img":{"alt_text":"","src":"https:\/\/i0.wp.com\/www.grieta.org.mx\/wp-content\/uploads\/2018\/03\/14524434_1106112876131411_958039263622046936_o.jpg?resize=350%2C200&ssl=1","width":350,"height":200,"srcset":"https:\/\/i0.wp.com\/www.grieta.org.mx\/wp-content\/uploads\/2018\/03\/14524434_1106112876131411_958039263622046936_o.jpg?resize=350%2C200&ssl=1 1x, https:\/\/i0.wp.com\/www.grieta.org.mx\/wp-content\/uploads\/2018\/03\/14524434_1106112876131411_958039263622046936_o.jpg?resize=525%2C300&ssl=1 1.5x, https:\/\/i0.wp.com\/www.grieta.org.mx\/wp-content\/uploads\/2018\/03\/14524434_1106112876131411_958039263622046936_o.jpg?resize=700%2C400&ssl=1 2x"},"classes":[]},{"id":890,"url":"https:\/\/www.grieta.org.mx\/index.php\/2015\/02\/28\/padre-de-normalista-desaparecido-se-suma-a-la-marcha-por-ayotzinapa-en-merida\/","url_meta":{"origin":69861,"position":3},"title":"Padre de normalista desaparecido se suma a la marcha por Ayotzinapa en M\u00e9rida","author":"grieta","date":"28 febrero, 2015","format":false,"excerpt":"Lorena Aguilar Aguilar S\u00e1bado, 28 Febrero 2015 Poco despu\u00e9s de las 4 de la tarde dio inicio en M\u00e9rida, Yucat\u00e1n la marcha a la que se convoc\u00f3 en el marco de la novena Acci\u00f3n Global por Ayotznapa, este 26 de febrero de 2015. El punto de concentraci\u00f3n fue el parque\u2026","rel":"","context":"En &quot;CINTILLO&quot;","block_context":{"text":"CINTILLO","link":"https:\/\/www.grieta.org.mx\/index.php\/category\/cintillo\/"},"img":{"alt_text":"","src":"https:\/\/i0.wp.com\/www.grieta.org.mx\/wp-content\/uploads\/2018\/03\/14524434_1106112876131411_958039263622046936_o.jpg?resize=350%2C200&ssl=1","width":350,"height":200,"srcset":"https:\/\/i0.wp.com\/www.grieta.org.mx\/wp-content\/uploads\/2018\/03\/14524434_1106112876131411_958039263622046936_o.jpg?resize=350%2C200&ssl=1 1x, https:\/\/i0.wp.com\/www.grieta.org.mx\/wp-content\/uploads\/2018\/03\/14524434_1106112876131411_958039263622046936_o.jpg?resize=525%2C300&ssl=1 1.5x, https:\/\/i0.wp.com\/www.grieta.org.mx\/wp-content\/uploads\/2018\/03\/14524434_1106112876131411_958039263622046936_o.jpg?resize=700%2C400&ssl=1 2x"},"classes":[]},{"id":884,"url":"https:\/\/www.grieta.org.mx\/index.php\/2015\/01\/29\/apoyo-a-la-huelga-de-trabajadores-de-la-universidad-y-a-la-lucha-por-los-43-estudiantes-de-ayotzinapa\/","url_meta":{"origin":69861,"position":4},"title":"Apoyo a la huelga de trabajadores de la Universidad y a la lucha por los 43 estudiantes de Ayotzinapa","author":"grieta","date":"29 enero, 2015","format":false,"excerpt":"Escrito por Pedro Echeverr\u00eda Jueves, 29 Enero 2015 1. Con un contingente de mil 200 personas (m\u00e1s de 600 estudiantes y otras 600 personas de la sociedad civil) que se manifestaron en M\u00e9rida, Yucat\u00e1n, se demostr\u00f3 el apoyo a la huelga de 800 trabajadores administrativos, manuales y t\u00e9cnicos de la\u2026","rel":"","context":"En &quot;CINTILLO&quot;","block_context":{"text":"CINTILLO","link":"https:\/\/www.grieta.org.mx\/index.php\/category\/cintillo\/"},"img":{"alt_text":"","src":"https:\/\/i0.wp.com\/www.grieta.org.mx\/wp-content\/uploads\/2018\/03\/14524434_1106112876131411_958039263622046936_o.jpg?resize=350%2C200&ssl=1","width":350,"height":200,"srcset":"https:\/\/i0.wp.com\/www.grieta.org.mx\/wp-content\/uploads\/2018\/03\/14524434_1106112876131411_958039263622046936_o.jpg?resize=350%2C200&ssl=1 1x, https:\/\/i0.wp.com\/www.grieta.org.mx\/wp-content\/uploads\/2018\/03\/14524434_1106112876131411_958039263622046936_o.jpg?resize=525%2C300&ssl=1 1.5x, https:\/\/i0.wp.com\/www.grieta.org.mx\/wp-content\/uploads\/2018\/03\/14524434_1106112876131411_958039263622046936_o.jpg?resize=700%2C400&ssl=1 2x"},"classes":[]},{"id":813,"url":"https:\/\/www.grieta.org.mx\/index.php\/2015\/12\/25\/movilizaciones-por-ayotzinapa-en-la-peninsula-de-yucatan\/","url_meta":{"origin":69861,"position":5},"title":"Movilizaciones por Ayotzinapa en la Pen\u00ednsula de Yucat\u00e1n","author":"grieta","date":"25 diciembre, 2015","format":false,"excerpt":"25\/12\/15. Alcalde de Canc\u00fan roba pancarta de AyotzinapaPedro Canch\u00e9 Noticias 26\/09\/15. Canc\u00fan: protestan a un a\u00f1o de la desaparici\u00f3n de normalistasEl Universal 25\/06\/15. La voz de justicia de Ayotzinapa llega a Campeche APIA 23\/06\/15. Encuentro en Man\u00ed, Yucat\u00e1n, con padres de los j\u00f3venes desaparecidos de Ayotzinapa. Centro de Medios Libres\u2026","rel":"","context":"En &quot;Campeche&quot;","block_context":{"text":"Campeche","link":"https:\/\/www.grieta.org.mx\/index.php\/category\/noticias-nacionales\/campeche\/"},"img":{"alt_text":"","src":"https:\/\/i0.wp.com\/www.grieta.org.mx\/wp-content\/uploads\/2018\/03\/14524434_1106112876131411_958039263622046936_o.jpg?resize=350%2C200&ssl=1","width":350,"height":200,"srcset":"https:\/\/i0.wp.com\/www.grieta.org.mx\/wp-content\/uploads\/2018\/03\/14524434_1106112876131411_958039263622046936_o.jpg?resize=350%2C200&ssl=1 1x, https:\/\/i0.wp.com\/www.grieta.org.mx\/wp-content\/uploads\/2018\/03\/14524434_1106112876131411_958039263622046936_o.jpg?resize=525%2C300&ssl=1 1.5x, https:\/\/i0.wp.com\/www.grieta.org.mx\/wp-content\/uploads\/2018\/03\/14524434_1106112876131411_958039263622046936_o.jpg?resize=700%2C400&ssl=1 2x"},"classes":[]}],"_links":{"self":[{"href":"https:\/\/www.grieta.org.mx\/index.php\/wp-json\/wp\/v2\/posts\/69861","targetHints":{"allow":["GET"]}}],"collection":[{"href":"https:\/\/www.grieta.org.mx\/index.php\/wp-json\/wp\/v2\/posts"}],"about":[{"href":"https:\/\/www.grieta.org.mx\/index.php\/wp-json\/wp\/v2\/types\/post"}],"author":[{"embeddable":true,"href":"https:\/\/www.grieta.org.mx\/index.php\/wp-json\/wp\/v2\/users\/2"}],"replies":[{"embeddable":true,"href":"https:\/\/www.grieta.org.mx\/index.php\/wp-json\/wp\/v2\/comments?post=69861"}],"version-history":[{"count":1,"href":"https:\/\/www.grieta.org.mx\/index.php\/wp-json\/wp\/v2\/posts\/69861\/revisions"}],"predecessor-version":[{"id":69865,"href":"https:\/\/www.grieta.org.mx\/index.php\/wp-json\/wp\/v2\/posts\/69861\/revisions\/69865"}],"wp:featuredmedia":[{"embeddable":true,"href":"https:\/\/www.grieta.org.mx\/index.php\/wp-json\/wp\/v2\/media\/69863"}],"wp:attachment":[{"href":"https:\/\/www.grieta.org.mx\/index.php\/wp-json\/wp\/v2\/media?parent=69861"}],"wp:term":[{"taxonomy":"category","embeddable":true,"href":"https:\/\/www.grieta.org.mx\/index.php\/wp-json\/wp\/v2\/categories?post=69861"},{"taxonomy":"post_tag","embeddable":true,"href":"https:\/\/www.grieta.org.mx\/index.php\/wp-json\/wp\/v2\/tags?post=69861"}],"curies":[{"name":"wp","href":"https:\/\/api.w.org\/{rel}","templated":true}]}}