{"id":69844,"date":"2024-09-27T17:14:32","date_gmt":"2024-09-27T23:14:32","guid":{"rendered":"https:\/\/www.grieta.org.mx\/?p=69844"},"modified":"2024-09-27T17:29:05","modified_gmt":"2024-09-27T23:29:05","slug":"quien-buscara-a-sus-desaparecidos-diez-padres-y-madres-buscadores-murieron-en-veracruz-en-los-ultimos-8-anos","status":"publish","type":"post","link":"https:\/\/www.grieta.org.mx\/index.php\/2024\/09\/27\/quien-buscara-a-sus-desaparecidos-diez-padres-y-madres-buscadores-murieron-en-veracruz-en-los-ultimos-8-anos\/","title":{"rendered":"\u00bfQui\u00e9n buscar\u00e1 a sus desaparecidos? Diez padres y madres buscadores murieron en Veracruz en los \u00faltimos 8 a\u00f1os"},"content":{"rendered":"<p><strong>En M\u00e9xico hay m\u00e1s de 60 colectivos de familiares buscando a m\u00e1s de 40 mil personas desaparecidas, de esos, 15 pertenecen a Veracruz<\/strong><\/p>\n<p>Itzel Molina \/ Diario de Xalapa<\/p>\n<p>La localizaci\u00f3n de un hijo desaparecido es el objetivo primordial de padres y madres que se convierten en buscadoras, pero algunas se quedan a medio camino al perder la vida sin lograr su cometido.<\/p>\n<p>De acuerdo a los registros de colectivos de b\u00fasqueda en Veracruz, en los \u00faltimos ocho a\u00f1os al menos diez madres y padres han perdido la vida sin poder encontrar a sus hijos. A esa lista se encuentran hermanos y esposas. Sin embargo, la lucha por la b\u00fasqueda de los hijos e hijas de quienes ya no est\u00e1n queda en manos de sus compa\u00f1eros del Colectivo al que pertenecen.<\/p>\n<p>De acuerdo al Movimiento por Nuestros Desaparecidos en M\u00e9xico, en el pa\u00eds hay m\u00e1s de 60 Colectivos de familiares buscando a m\u00e1s de 40 mil personas desaparecidas, de esos, al menos 15 pertenecen al estado de Veracruz y en cuyas filas hay familiares de todo tipo pero en su mayor\u00eda mujeres que buscan localizar a sus hijos.<\/p>\n<p>El caso m\u00e1s reciente es el de Carlos Salda\u00f1a Grajales, quien perdi\u00f3 la vida el pasado lunes 23 de septiembre sin poder localizar a sus hijos Karla Nallely Salda\u00f1a Hern\u00e1ndez y Jes\u00fas Alberto Estrada Mart\u00ednez, quienes desaparecieron el 30 de noviembre de 2011. Salda\u00f1a Grajales form\u00f3 el Colectivo Familiares Enlaces Xalapa en 2015, con el objetivo de localizar a sus hijos.<\/p>\n<p>Otro de los casos m\u00e1s recientes es el de Martha Mar\u00eda Aguilar Murrieta quien falleci\u00f3 el 23 de agosto, luego de pasar 13 a\u00f1os en labores de b\u00fasqueda de su hijo, Jes\u00fas C\u00e1stulo Gonz\u00e1lez Aguilar, desaparecido desde el 5 de noviembre del 2011 en el bulevar Xalapa \u2013 Banderilla.<\/p>\n<figure id=\"attachment_69845\" aria-describedby=\"caption-attachment-69845\" style=\"width: 720px\" class=\"wp-caption alignright\"><a href=\"http:\/\/www.grieta.org.mx\/wp-content\/uploads\/2024\/09\/Carlos-Saldana-Grajales.jpeg\"><img loading=\"lazy\" decoding=\"async\" data-attachment-id=\"69845\" data-permalink=\"https:\/\/www.grieta.org.mx\/index.php\/2024\/09\/27\/quien-buscara-a-sus-desaparecidos-diez-padres-y-madres-buscadores-murieron-en-veracruz-en-los-ultimos-8-anos\/carlos-saldana-grajales\/\" data-orig-file=\"https:\/\/www.grieta.org.mx\/wp-content\/uploads\/2024\/09\/Carlos-Saldana-Grajales.jpeg\" data-orig-size=\"720,480\" data-comments-opened=\"0\" data-image-meta=\"{&quot;aperture&quot;:&quot;0&quot;,&quot;credit&quot;:&quot;&quot;,&quot;camera&quot;:&quot;&quot;,&quot;caption&quot;:&quot;&quot;,&quot;created_timestamp&quot;:&quot;0&quot;,&quot;copyright&quot;:&quot;&quot;,&quot;focal_length&quot;:&quot;0&quot;,&quot;iso&quot;:&quot;0&quot;,&quot;shutter_speed&quot;:&quot;0&quot;,&quot;title&quot;:&quot;&quot;,&quot;orientation&quot;:&quot;0&quot;}\" data-image-title=\"Carlos Salda\u00f1a Grajales\" data-image-description=\"\" data-image-caption=\"&lt;p&gt;Don Carlos falleci\u00f3, pero seguir\u00e1 presente en cada una de las fotograf\u00edas, entrevistas, manifestaciones y acciones que realiz\u00f3 al ser un padre buscador\/ Foto: Ricardo Mart\u00ednez \/ Diario de Xalapa&lt;\/p&gt;\n\" data-medium-file=\"https:\/\/www.grieta.org.mx\/wp-content\/uploads\/2024\/09\/Carlos-Saldana-Grajales-300x200.jpeg\" data-large-file=\"https:\/\/www.grieta.org.mx\/wp-content\/uploads\/2024\/09\/Carlos-Saldana-Grajales.jpeg\" src=\"http:\/\/www.grieta.org.mx\/wp-content\/uploads\/2024\/09\/Carlos-Saldana-Grajales.jpeg\" alt=\"\" width=\"720\" height=\"480\" class=\"size-full wp-image-69845\" srcset=\"https:\/\/www.grieta.org.mx\/wp-content\/uploads\/2024\/09\/Carlos-Saldana-Grajales.jpeg 720w, https:\/\/www.grieta.org.mx\/wp-content\/uploads\/2024\/09\/Carlos-Saldana-Grajales-300x200.jpeg 300w\" sizes=\"auto, (max-width: 720px) 100vw, 720px\" \/><\/a><figcaption id=\"caption-attachment-69845\" class=\"wp-caption-text\">Don Carlos falleci\u00f3, pero seguir\u00e1 presente en cada una de las fotograf\u00edas, entrevistas, manifestaciones y acciones que realiz\u00f3 al ser un padre buscador\/ Foto: Ricardo Mart\u00ednez \/ Diario de Xalapa<\/figcaption><\/figure>\n<p><strong>\u00bfQui\u00e9nes son las madres y padres buscadores que han muerto en Veracruz?<\/strong><\/p>\n<p>En la lista de madres que han perdido la vida sin encontrar a sus hijos se encuentran Rosa Mar\u00eda G\u00f3mez Silva quien falleci\u00f3 el 29 de junio. Ella dedic\u00f3 m\u00e1s de cinco a\u00f1os a buscar a su hijo Camilo Efra\u00edn Silva G\u00f3mez.<\/p>\n<p>El 10 de abril Adriana V\u00e1zquez Beltr\u00e1n muri\u00f3 sin localizar a su esposo Erasto Ger\u00f3nimo, quien desapareci\u00f3 el 24 de agosto en el municipio de Orizaba, ubicado en la regi\u00f3n de las Altas Monta\u00f1as de Veracruz.<\/p>\n<p>Mar\u00eda de los \u00c1ngeles Mora muri\u00f3 en 2022 sin encontrar a su hijo Vicente Octavio Colorado Mora. Su madre report\u00f3 que fue sustra\u00eddo de su hogar por la polic\u00eda estatal en mayo de 2014. En noviembre de ese mismo a\u00f1o Esperanza Hern\u00e1ndez muri\u00f3 sin encontrar a X\u00f3chitl Celeste Casta\u00f1eda, desaparecida en Xalapa el 5 de febrero de 2013.<\/p>\n<figure id=\"attachment_69846\" aria-describedby=\"caption-attachment-69846\" style=\"width: 720px\" class=\"wp-caption alignright\"><a href=\"http:\/\/www.grieta.org.mx\/wp-content\/uploads\/2024\/09\/Colectivos-de-busqueda.jpeg\"><img loading=\"lazy\" decoding=\"async\" data-attachment-id=\"69846\" data-permalink=\"https:\/\/www.grieta.org.mx\/index.php\/2024\/09\/27\/quien-buscara-a-sus-desaparecidos-diez-padres-y-madres-buscadores-murieron-en-veracruz-en-los-ultimos-8-anos\/colectivos-de-busqueda\/\" data-orig-file=\"https:\/\/www.grieta.org.mx\/wp-content\/uploads\/2024\/09\/Colectivos-de-busqueda.jpeg\" data-orig-size=\"720,454\" data-comments-opened=\"0\" data-image-meta=\"{&quot;aperture&quot;:&quot;0&quot;,&quot;credit&quot;:&quot;&quot;,&quot;camera&quot;:&quot;&quot;,&quot;caption&quot;:&quot;&quot;,&quot;created_timestamp&quot;:&quot;0&quot;,&quot;copyright&quot;:&quot;&quot;,&quot;focal_length&quot;:&quot;0&quot;,&quot;iso&quot;:&quot;0&quot;,&quot;shutter_speed&quot;:&quot;0&quot;,&quot;title&quot;:&quot;&quot;,&quot;orientation&quot;:&quot;0&quot;}\" data-image-title=\"Colectivos de b\u00fasqueda\" data-image-description=\"\" data-image-caption=\"&lt;p&gt;La localizaci\u00f3n de un hijo desaparecido es el objetivo primordial de padres y madres que se convierten en buscadoras \/ Foto: Ren\u00e9 Corrales \/ Diario de Xalapa&lt;\/p&gt;\n\" data-medium-file=\"https:\/\/www.grieta.org.mx\/wp-content\/uploads\/2024\/09\/Colectivos-de-busqueda-300x189.jpeg\" data-large-file=\"https:\/\/www.grieta.org.mx\/wp-content\/uploads\/2024\/09\/Colectivos-de-busqueda.jpeg\" src=\"http:\/\/www.grieta.org.mx\/wp-content\/uploads\/2024\/09\/Colectivos-de-busqueda.jpeg\" alt=\"\" width=\"720\" height=\"454\" class=\"size-full wp-image-69846\" srcset=\"https:\/\/www.grieta.org.mx\/wp-content\/uploads\/2024\/09\/Colectivos-de-busqueda.jpeg 720w, https:\/\/www.grieta.org.mx\/wp-content\/uploads\/2024\/09\/Colectivos-de-busqueda-300x189.jpeg 300w\" sizes=\"auto, (max-width: 720px) 100vw, 720px\" \/><\/a><figcaption id=\"caption-attachment-69846\" class=\"wp-caption-text\">La localizaci\u00f3n de un hijo desaparecido es el objetivo primordial de padres y madres que se convierten en buscadoras \/ Foto: Ren\u00e9 Corrales \/ Diario de Xalapa<\/figcaption><\/figure>\n<p>El 25 de enero de 2019 perdi\u00f3 la vida Yolanda Rivera, buscadora de su hija \u00c1mbar Nalley Su\u00e1rez, desaparecida desde el 2 de octubre de 2013.<\/p>\n<p>Mar\u00eda de Lourdes Leyton Mar, falleci\u00f3 de un infarto el 7 de octubre del 2018. Ella buscaba a su hijo Roberto Carlos Leyton, quien desapareci\u00f3 el 12 de julio del 2017 cuando laboraba como taxista en el municipio de Coatzacoalcos.<\/p>\n<p>A la lista se suma Mariana Gonz\u00e1lez D\u00edaz quien muri\u00f3 el 23 de marzo de 2017 a causa de un c\u00e1ncer de est\u00f3mago que nunca atendi\u00f3. Ella dedic\u00f3 m\u00e1s de un a\u00f1o a buscar a su hermano, Jos\u00e9 Alfredo Gonz\u00e1lez D\u00edaz, privado de su libertad junto con cuatro amigos el 11 de enero de 2016 en Tierra Blanca.<\/p>\n<figure id=\"attachment_69847\" aria-describedby=\"caption-attachment-69847\" style=\"width: 720px\" class=\"wp-caption alignright\"><a href=\"http:\/\/www.grieta.org.mx\/wp-content\/uploads\/2024\/09\/Colectivos-de-busqueda-1.jpeg\"><img loading=\"lazy\" decoding=\"async\" data-attachment-id=\"69847\" data-permalink=\"https:\/\/www.grieta.org.mx\/index.php\/2024\/09\/27\/quien-buscara-a-sus-desaparecidos-diez-padres-y-madres-buscadores-murieron-en-veracruz-en-los-ultimos-8-anos\/colectivos-de-busqueda-1\/\" data-orig-file=\"https:\/\/www.grieta.org.mx\/wp-content\/uploads\/2024\/09\/Colectivos-de-busqueda-1.jpeg\" data-orig-size=\"720,480\" data-comments-opened=\"0\" data-image-meta=\"{&quot;aperture&quot;:&quot;0&quot;,&quot;credit&quot;:&quot;&quot;,&quot;camera&quot;:&quot;&quot;,&quot;caption&quot;:&quot;&quot;,&quot;created_timestamp&quot;:&quot;0&quot;,&quot;copyright&quot;:&quot;&quot;,&quot;focal_length&quot;:&quot;0&quot;,&quot;iso&quot;:&quot;0&quot;,&quot;shutter_speed&quot;:&quot;0&quot;,&quot;title&quot;:&quot;&quot;,&quot;orientation&quot;:&quot;0&quot;}\" data-image-title=\"Colectivos de b\u00fasqueda (1)\" data-image-description=\"\" data-image-caption=\"&lt;p&gt;En los colectivos de b\u00fasqueda hay familiares de todo tipo pero en su mayor\u00eda mujeres que buscan localizar a sus hijos \/ Foto: Ren\u00e9 Corrales \/ Diario de Xalapa&lt;\/p&gt;\n\" data-medium-file=\"https:\/\/www.grieta.org.mx\/wp-content\/uploads\/2024\/09\/Colectivos-de-busqueda-1-300x200.jpeg\" data-large-file=\"https:\/\/www.grieta.org.mx\/wp-content\/uploads\/2024\/09\/Colectivos-de-busqueda-1.jpeg\" src=\"http:\/\/www.grieta.org.mx\/wp-content\/uploads\/2024\/09\/Colectivos-de-busqueda-1.jpeg\" alt=\"\" width=\"720\" height=\"480\" class=\"size-full wp-image-69847\" srcset=\"https:\/\/www.grieta.org.mx\/wp-content\/uploads\/2024\/09\/Colectivos-de-busqueda-1.jpeg 720w, https:\/\/www.grieta.org.mx\/wp-content\/uploads\/2024\/09\/Colectivos-de-busqueda-1-300x200.jpeg 300w\" sizes=\"auto, (max-width: 720px) 100vw, 720px\" \/><\/a><figcaption id=\"caption-attachment-69847\" class=\"wp-caption-text\">En los colectivos de b\u00fasqueda hay familiares de todo tipo pero en su mayor\u00eda mujeres que buscan localizar a sus hijos \/ Foto: Ren\u00e9 Corrales \/ Diario de Xalapa<\/figcaption><\/figure>\n<p>Jos\u00e9 de Jes\u00fas Jim\u00e9nez Gaona, padre de Jenny Isabel Jim\u00e9nez V\u00e1zquez, desaparecida desde el 21 de mayo de 2011, fue atacado a balazos junto a su esposa cuando viajaban en un veh\u00edculo sobre el bulevar L\u00e1zaro C\u00e1rdenas, en Poza Rica. \u00c9l perdi\u00f3 la vida el 21 de junio de 2016.<\/p>\n<p><strong>Colectivos contin\u00faan la b\u00fasqueda que familiares no terminan<\/strong><\/p>\n<p>Maricel Torres, integrante del Colectivo Familiares en B\u00fasqueda Mar\u00eda Herrera Poza Rica, asegur\u00f3 que al perder a un compa\u00f1ero o compa\u00f1era, los dem\u00e1s integrantes realizan las acciones de b\u00fasqueda.<\/p>\n<p>En cada colectivo, dijo, se cuenta con la informaci\u00f3n necesaria para poder realizar las acciones de b\u00fasqueda porque se conocen y tienen a la mano todos los datos de la persona que desapareci\u00f3.<\/p>\n<p>\u201cNosotros hacemos ese trabajo, tratamos de darle un alivio a nuestros compa\u00f1eros que perdieron la vida sin localizar a sus hijos, nuestra labor es luchar por quienes ya no est\u00e1n\u201d, dijo.<\/p>\n<p>Mar\u00eda Elena Guti\u00e9rrez del Colectivo Buscando a Nuestros Desaparecidos y Desaparecidas Veracruz, indic\u00f3 que la b\u00fasqueda y la lucha de localizaci\u00f3n e identificaci\u00f3n es de todas las personas que pertenecen a un grupo.<\/p>\n<p>\u201cLas b\u00fasquedas son por y para todos, siempre estamos trabajando por la localizaci\u00f3n de nuestros desaparecidos, la lucha es de todos y todas, si alguien falta, nuestro compromiso es garantizar que seguiremos buscando hasta el final\u201d, expuso.<\/p>\n<figure id=\"attachment_69848\" aria-describedby=\"caption-attachment-69848\" style=\"width: 720px\" class=\"wp-caption alignright\"><a href=\"http:\/\/www.grieta.org.mx\/wp-content\/uploads\/2024\/09\/Desapariciones-_-Impunidad-_-Colectivos-de-Busqueda.jpeg\"><img loading=\"lazy\" decoding=\"async\" data-attachment-id=\"69848\" data-permalink=\"https:\/\/www.grieta.org.mx\/index.php\/2024\/09\/27\/quien-buscara-a-sus-desaparecidos-diez-padres-y-madres-buscadores-murieron-en-veracruz-en-los-ultimos-8-anos\/desapariciones-_-impunidad-_-colectivos-de-busqueda\/\" data-orig-file=\"https:\/\/www.grieta.org.mx\/wp-content\/uploads\/2024\/09\/Desapariciones-_-Impunidad-_-Colectivos-de-Busqueda.jpeg\" data-orig-size=\"720,480\" data-comments-opened=\"0\" data-image-meta=\"{&quot;aperture&quot;:&quot;0&quot;,&quot;credit&quot;:&quot;&quot;,&quot;camera&quot;:&quot;&quot;,&quot;caption&quot;:&quot;&quot;,&quot;created_timestamp&quot;:&quot;0&quot;,&quot;copyright&quot;:&quot;&quot;,&quot;focal_length&quot;:&quot;0&quot;,&quot;iso&quot;:&quot;0&quot;,&quot;shutter_speed&quot;:&quot;0&quot;,&quot;title&quot;:&quot;&quot;,&quot;orientation&quot;:&quot;0&quot;}\" data-image-title=\"Desapariciones _ Impunidad _ Colectivos de B\u00fasqueda\" data-image-description=\"\" data-image-caption=\"&lt;p&gt;La b\u00fasqueda y la lucha de localizaci\u00f3n e identificaci\u00f3n es de todas las personas que pertenecen a un grupo | Foto: Ren\u00e9 Corrales | Diario de Xalapa&lt;\/p&gt;\n\" data-medium-file=\"https:\/\/www.grieta.org.mx\/wp-content\/uploads\/2024\/09\/Desapariciones-_-Impunidad-_-Colectivos-de-Busqueda-300x200.jpeg\" data-large-file=\"https:\/\/www.grieta.org.mx\/wp-content\/uploads\/2024\/09\/Desapariciones-_-Impunidad-_-Colectivos-de-Busqueda.jpeg\" src=\"http:\/\/www.grieta.org.mx\/wp-content\/uploads\/2024\/09\/Desapariciones-_-Impunidad-_-Colectivos-de-Busqueda.jpeg\" alt=\"\" width=\"720\" height=\"480\" class=\"size-full wp-image-69848\" srcset=\"https:\/\/www.grieta.org.mx\/wp-content\/uploads\/2024\/09\/Desapariciones-_-Impunidad-_-Colectivos-de-Busqueda.jpeg 720w, https:\/\/www.grieta.org.mx\/wp-content\/uploads\/2024\/09\/Desapariciones-_-Impunidad-_-Colectivos-de-Busqueda-300x200.jpeg 300w\" sizes=\"auto, (max-width: 720px) 100vw, 720px\" \/><\/a><figcaption id=\"caption-attachment-69848\" class=\"wp-caption-text\">La b\u00fasqueda y la lucha de localizaci\u00f3n e identificaci\u00f3n es de todas las personas que pertenecen a un grupo | Foto: Ren\u00e9 Corrales | Diario de Xalapa<\/figcaption><\/figure>\n<p><a href=\"https:\/\/www.diariodexalapa.com.mx\/local\/personas-desaparecidas-quienes-son-las-madres-y-padres-buscadores-que-han-muerto-en-veracruz-12614875.html\" rel=\"noopener\" target=\"_blank\">https:\/\/www.diariodexalapa.com.mx\/local\/personas-desaparecidas-quienes-son-las-madres-y-padres-buscadores-que-han-muerto-en-veracruz-12614875.html<\/a><\/p>\n","protected":false},"excerpt":{"rendered":"<p>En M\u00e9xico hay m\u00e1s de 60 colectivos de familiares buscando a m\u00e1s de 40 mil personas desaparecidas, de esos, 15 pertenecen a Veracruz Itzel Molina \/ Diario de Xalapa La &hellip; <a href=\"https:\/\/www.grieta.org.mx\/index.php\/2024\/09\/27\/quien-buscara-a-sus-desaparecidos-diez-padres-y-madres-buscadores-murieron-en-veracruz-en-los-ultimos-8-anos\/\" class=\"more-link\">Leer m\u00e1s<\/a><\/p>\n","protected":false},"author":2,"featured_media":69849,"comment_status":"closed","ping_status":"closed","sticky":false,"template":"","format":"standard","meta":{"ngg_post_thumbnail":0,"_jetpack_newsletter_access":"","_jetpack_dont_email_post_to_subs":false,"_jetpack_newsletter_tier_id":0,"_jetpack_memberships_contains_paywalled_content":false,"_jetpack_memberships_contains_paid_content":false,"footnotes":""},"categories":[80,87,1012,2,83,35],"tags":[2484,121],"class_list":["post-69844","post","type-post","status-publish","format-standard","has-post-thumbnail","hentry","category-cintillo","category-desaparecidos","category-desaparecidos-en-veracruz","category-noticias-nacionales","category-temas-nacionales","category-veracruz","tag-buscadoras","tag-desaparecidos","entry"],"jetpack_featured_media_url":"https:\/\/www.grieta.org.mx\/wp-content\/uploads\/2024\/09\/Personas-desaparecidas-_-Busqueda-de-personas-_-Desaparecidos.jpeg","jetpack_sharing_enabled":true,"jetpack_shortlink":"https:\/\/wp.me\/p7ZJR4-iaw","jetpack_likes_enabled":false,"jetpack-related-posts":[{"id":70023,"url":"https:\/\/www.grieta.org.mx\/index.php\/2024\/09\/26\/madres-buscadoras-despliegan-lona-gigante-con-rostros-de-desaparecidos-en-tondoroque-nayarit\/","url_meta":{"origin":69844,"position":0},"title":"Madres buscadoras despliegan lona gigante con rostros de desaparecidos en Tondoroque (Nayarit)","author":"grieta","date":"26 septiembre, 2024","format":false,"excerpt":"Imagen: Tribuna de la Bah\u00eda Las madres buscadoras claman que sus hijos y familiares no sean olvidados, colgando una lona de 12 metros en el puente peatonal de Tondoroque Isrrael L\u00f3pez \/ Tribuna de la Bah\u00eda Como un acto de visibilizaci\u00f3n, familiares que buscan a sus desaparecidos en Bah\u00eda de\u2026","rel":"","context":"En &quot;CINTILLO&quot;","block_context":{"text":"CINTILLO","link":"https:\/\/www.grieta.org.mx\/index.php\/category\/cintillo\/"},"img":{"alt_text":"","src":"https:\/\/i0.wp.com\/www.grieta.org.mx\/wp-content\/uploads\/2024\/10\/desaparecidos-3-1024x695-1.jpg?resize=350%2C200&ssl=1","width":350,"height":200,"srcset":"https:\/\/i0.wp.com\/www.grieta.org.mx\/wp-content\/uploads\/2024\/10\/desaparecidos-3-1024x695-1.jpg?resize=350%2C200&ssl=1 1x, https:\/\/i0.wp.com\/www.grieta.org.mx\/wp-content\/uploads\/2024\/10\/desaparecidos-3-1024x695-1.jpg?resize=525%2C300&ssl=1 1.5x, https:\/\/i0.wp.com\/www.grieta.org.mx\/wp-content\/uploads\/2024\/10\/desaparecidos-3-1024x695-1.jpg?resize=700%2C400&ssl=1 2x"},"classes":[]},{"id":10560,"url":"https:\/\/www.grieta.org.mx\/index.php\/2016\/09\/12\/desaparecidos-en-veracruz\/","url_meta":{"origin":69844,"position":1},"title":"Desaparecidos en Veracruz","author":"grieta","date":"12 septiembre, 2016","format":false,"excerpt":"El Colectivo Solecito Veracruzano contin\u00faa labores de b\u00fasqueda de desaparecidos 12\/09\/16. Mujeres que buscan fosas acusan que Fiscal\u00eda de Veracruz entorpece su b\u00fasqueda Animal Pol\u00edtico 29\/08\/16. Un narcocementerio llamado Veracruz Proceso 15\/08\/16. Encuentran 37 fosas clandestinas en ocho d\u00edas en Veracruz El Financiero 15\/08\/16. Encuentran fosas clandestinas en Veracruz, suman\u2026","rel":"","context":"En &quot;Desaparecidos&quot;","block_context":{"text":"Desaparecidos","link":"https:\/\/www.grieta.org.mx\/index.php\/category\/temas-nacionales\/desaparecidos\/"},"img":{"alt_text":"","src":"https:\/\/i0.wp.com\/www.grieta.org.mx\/wp-content\/uploads\/2018\/03\/14524434_1106112876131411_958039263622046936_o.jpg?resize=350%2C200&ssl=1","width":350,"height":200,"srcset":"https:\/\/i0.wp.com\/www.grieta.org.mx\/wp-content\/uploads\/2018\/03\/14524434_1106112876131411_958039263622046936_o.jpg?resize=350%2C200&ssl=1 1x, https:\/\/i0.wp.com\/www.grieta.org.mx\/wp-content\/uploads\/2018\/03\/14524434_1106112876131411_958039263622046936_o.jpg?resize=525%2C300&ssl=1 1.5x, https:\/\/i0.wp.com\/www.grieta.org.mx\/wp-content\/uploads\/2018\/03\/14524434_1106112876131411_958039263622046936_o.jpg?resize=700%2C400&ssl=1 2x"},"classes":[]},{"id":64600,"url":"https:\/\/www.grieta.org.mx\/index.php\/2022\/07\/20\/condiciona-fiscalia-busqueda-de-desaparecidos-no-quieren-la-participacion-de-colectivos-denuncian-madres-buscadoras-jalisco\/","url_meta":{"origin":69844,"position":2},"title":"Condiciona Fiscal\u00eda b\u00fasqueda de desaparecidos; no quieren la participaci\u00f3n de colectivos denuncian madres buscadoras (Jalisco, Sonora)","author":"grieta","date":"20 julio, 2022","format":false,"excerpt":"Imagen: Especial Lauro Rodr\u00edguez \/ El Diario NTR Las Madres Buscadoras de Sonora acusaron que la Fiscal\u00eda del Estado condicion\u00f3 la b\u00fasqueda en campo. Mencion\u00f3 que se niegan a acompa\u00f1ar acciones colectivas. Ceci Patricia Flores Armenta, lideresa del colectivo Madres Buscadoras de Sonora, mencion\u00f3 que extendieron su estancia en Jalisco\u2026","rel":"","context":"En &quot;CINTILLO&quot;","block_context":{"text":"CINTILLO","link":"https:\/\/www.grieta.org.mx\/index.php\/category\/cintillo\/"},"img":{"alt_text":"","src":"https:\/\/i0.wp.com\/www.grieta.org.mx\/wp-content\/uploads\/2022\/07\/2022-07-20_10-07-27___612.png?resize=350%2C200&ssl=1","width":350,"height":200,"srcset":"https:\/\/i0.wp.com\/www.grieta.org.mx\/wp-content\/uploads\/2022\/07\/2022-07-20_10-07-27___612.png?resize=350%2C200&ssl=1 1x, https:\/\/i0.wp.com\/www.grieta.org.mx\/wp-content\/uploads\/2022\/07\/2022-07-20_10-07-27___612.png?resize=525%2C300&ssl=1 1.5x, https:\/\/i0.wp.com\/www.grieta.org.mx\/wp-content\/uploads\/2022\/07\/2022-07-20_10-07-27___612.png?resize=700%2C400&ssl=1 2x"},"classes":[]},{"id":68891,"url":"https:\/\/www.grieta.org.mx\/index.php\/2024\/05\/10\/realizan-velada-en-el-monumento-a-la-madre-para-honrar-a-madres-y-familias-fallecidas-sin-encontrar-a-sus-desaparecidos-cdmx\/","url_meta":{"origin":69844,"position":3},"title":"Realizan velada en el Monumento a la Madre para honrar a madres y familias fallecidas sin encontrar a sus desaparecidos (CDMX)","author":"grieta","date":"10 mayo, 2024","format":false,"excerpt":"Imagen: Astrid Salgado En conmemoraci\u00f3n a la memoria de las madres y familias que han fallecido sin poder encontrar a sus seres queridos, colectivos de madres buscadoras realizaron una velada para recordarlos. Astrid Salgado \/ Somos el Medio Ciudad de M\u00e9xico 9 de mayo del 2024. En el\u00a0Monumento a la\u2026","rel":"","context":"En &quot;CINTILLO&quot;","block_context":{"text":"CINTILLO","link":"https:\/\/www.grieta.org.mx\/index.php\/category\/cintillo\/"},"img":{"alt_text":"","src":"https:\/\/i0.wp.com\/www.grieta.org.mx\/wp-content\/uploads\/2024\/05\/1715319697055.jpg?resize=350%2C200&ssl=1","width":350,"height":200,"srcset":"https:\/\/i0.wp.com\/www.grieta.org.mx\/wp-content\/uploads\/2024\/05\/1715319697055.jpg?resize=350%2C200&ssl=1 1x, https:\/\/i0.wp.com\/www.grieta.org.mx\/wp-content\/uploads\/2024\/05\/1715319697055.jpg?resize=525%2C300&ssl=1 1.5x, https:\/\/i0.wp.com\/www.grieta.org.mx\/wp-content\/uploads\/2024\/05\/1715319697055.jpg?resize=700%2C400&ssl=1 2x, https:\/\/i0.wp.com\/www.grieta.org.mx\/wp-content\/uploads\/2024\/05\/1715319697055.jpg?resize=1050%2C600&ssl=1 3x, https:\/\/i0.wp.com\/www.grieta.org.mx\/wp-content\/uploads\/2024\/05\/1715319697055.jpg?resize=1400%2C800&ssl=1 4x"},"classes":[]},{"id":64162,"url":"https:\/\/www.grieta.org.mx\/index.php\/2022\/05\/07\/madres-buscadoras-de-sonora-el-colectivo-que-no-celebra-el-10-de-mayo\/","url_meta":{"origin":69844,"position":4},"title":"Madres Buscadoras de Sonora, el colectivo que no celebra el 10 de mayo","author":"grieta","date":"7 mayo, 2022","format":false,"excerpt":"Redacci\u00f3n | Uno TV Este grupo de mujeres, desde hace a\u00f1os, busca a sus hijas e hijos en Sonora. Foto: Twitter\/Madres Buscadoras de Sonora Estamos a unos d\u00edas del 10 de mayo 2022; sin embargo, no todas celebran el D\u00eda de las Madres;\u00a0tal es el caso del colectivo Madres Buscadoras\u2026","rel":"","context":"En &quot;Desaparecidos&quot;","block_context":{"text":"Desaparecidos","link":"https:\/\/www.grieta.org.mx\/index.php\/category\/temas-nacionales\/desaparecidos\/"},"img":{"alt_text":"","src":"https:\/\/i0.wp.com\/www.grieta.org.mx\/wp-content\/uploads\/2022\/05\/madres-buscadoras-de-sonora-el-colectivo-que-no-celebra-el-10-de-mayo-125545.jpg?resize=350%2C200&ssl=1","width":350,"height":200,"srcset":"https:\/\/i0.wp.com\/www.grieta.org.mx\/wp-content\/uploads\/2022\/05\/madres-buscadoras-de-sonora-el-colectivo-que-no-celebra-el-10-de-mayo-125545.jpg?resize=350%2C200&ssl=1 1x, https:\/\/i0.wp.com\/www.grieta.org.mx\/wp-content\/uploads\/2022\/05\/madres-buscadoras-de-sonora-el-colectivo-que-no-celebra-el-10-de-mayo-125545.jpg?resize=525%2C300&ssl=1 1.5x, https:\/\/i0.wp.com\/www.grieta.org.mx\/wp-content\/uploads\/2022\/05\/madres-buscadoras-de-sonora-el-colectivo-que-no-celebra-el-10-de-mayo-125545.jpg?resize=700%2C400&ssl=1 2x, https:\/\/i0.wp.com\/www.grieta.org.mx\/wp-content\/uploads\/2022\/05\/madres-buscadoras-de-sonora-el-colectivo-que-no-celebra-el-10-de-mayo-125545.jpg?resize=1050%2C600&ssl=1 3x"},"classes":[]},{"id":69473,"url":"https:\/\/www.grieta.org.mx\/index.php\/2024\/08\/11\/preocupa-en-la-zona-centro-de-veracruz-la-desaparicion-de-menores-de-edad-colectivo\/","url_meta":{"origin":69844,"position":5},"title":"Preocupa en la zona centro de Veracruz la desaparici\u00f3n de menores de edad: Colectivo","author":"grieta","date":"11 agosto, 2024","format":false,"excerpt":"Editor: Javier Dom\u00ednguez \/ XEU Noticias La desaparici\u00f3n de menores se ha recrudecido de manera dr\u00e1stica durante los \u00faltimos d\u00edas en Orizaba y la regi\u00f3n de Altas Monta\u00f1as, situaci\u00f3n ha desencadenado una gran preocupaci\u00f3n entre padres y padres de familia. Integrantes del Colectivo de Familias de Personas Desaparecidas en la\u2026","rel":"","context":"En &quot;CINTILLO&quot;","block_context":{"text":"CINTILLO","link":"https:\/\/www.grieta.org.mx\/index.php\/category\/cintillo\/"},"img":{"alt_text":"","src":"https:\/\/i0.wp.com\/www.grieta.org.mx\/wp-content\/uploads\/2024\/08\/Screenshot-2024-08-28-at-13-51-55-Preocupa-en-la-zona-centro-de-Veracruz-la-desaparicion-de-menores-de-edad-Colectivo-xeu-noticias-veracruz.png?resize=350%2C200&ssl=1","width":350,"height":200,"srcset":"https:\/\/i0.wp.com\/www.grieta.org.mx\/wp-content\/uploads\/2024\/08\/Screenshot-2024-08-28-at-13-51-55-Preocupa-en-la-zona-centro-de-Veracruz-la-desaparicion-de-menores-de-edad-Colectivo-xeu-noticias-veracruz.png?resize=350%2C200&ssl=1 1x, https:\/\/i0.wp.com\/www.grieta.org.mx\/wp-content\/uploads\/2024\/08\/Screenshot-2024-08-28-at-13-51-55-Preocupa-en-la-zona-centro-de-Veracruz-la-desaparicion-de-menores-de-edad-Colectivo-xeu-noticias-veracruz.png?resize=525%2C300&ssl=1 1.5x, https:\/\/i0.wp.com\/www.grieta.org.mx\/wp-content\/uploads\/2024\/08\/Screenshot-2024-08-28-at-13-51-55-Preocupa-en-la-zona-centro-de-Veracruz-la-desaparicion-de-menores-de-edad-Colectivo-xeu-noticias-veracruz.png?resize=700%2C400&ssl=1 2x, https:\/\/i0.wp.com\/www.grieta.org.mx\/wp-content\/uploads\/2024\/08\/Screenshot-2024-08-28-at-13-51-55-Preocupa-en-la-zona-centro-de-Veracruz-la-desaparicion-de-menores-de-edad-Colectivo-xeu-noticias-veracruz.png?resize=1050%2C600&ssl=1 3x"},"classes":[]}],"_links":{"self":[{"href":"https:\/\/www.grieta.org.mx\/index.php\/wp-json\/wp\/v2\/posts\/69844","targetHints":{"allow":["GET"]}}],"collection":[{"href":"https:\/\/www.grieta.org.mx\/index.php\/wp-json\/wp\/v2\/posts"}],"about":[{"href":"https:\/\/www.grieta.org.mx\/index.php\/wp-json\/wp\/v2\/types\/post"}],"author":[{"embeddable":true,"href":"https:\/\/www.grieta.org.mx\/index.php\/wp-json\/wp\/v2\/users\/2"}],"replies":[{"embeddable":true,"href":"https:\/\/www.grieta.org.mx\/index.php\/wp-json\/wp\/v2\/comments?post=69844"}],"version-history":[{"count":1,"href":"https:\/\/www.grieta.org.mx\/index.php\/wp-json\/wp\/v2\/posts\/69844\/revisions"}],"predecessor-version":[{"id":69850,"href":"https:\/\/www.grieta.org.mx\/index.php\/wp-json\/wp\/v2\/posts\/69844\/revisions\/69850"}],"wp:featuredmedia":[{"embeddable":true,"href":"https:\/\/www.grieta.org.mx\/index.php\/wp-json\/wp\/v2\/media\/69849"}],"wp:attachment":[{"href":"https:\/\/www.grieta.org.mx\/index.php\/wp-json\/wp\/v2\/media?parent=69844"}],"wp:term":[{"taxonomy":"category","embeddable":true,"href":"https:\/\/www.grieta.org.mx\/index.php\/wp-json\/wp\/v2\/categories?post=69844"},{"taxonomy":"post_tag","embeddable":true,"href":"https:\/\/www.grieta.org.mx\/index.php\/wp-json\/wp\/v2\/tags?post=69844"}],"curies":[{"name":"wp","href":"https:\/\/api.w.org\/{rel}","templated":true}]}}