{"id":69783,"date":"2024-09-19T19:06:57","date_gmt":"2024-09-20T01:06:57","guid":{"rendered":"https:\/\/www.grieta.org.mx\/?p=69783"},"modified":"2024-09-23T19:33:40","modified_gmt":"2024-09-24T01:33:40","slug":"bloqueo-en-la-carretera-merida-cancun-por-corte-de-electricidad-yucatan","status":"publish","type":"post","link":"https:\/\/www.grieta.org.mx\/index.php\/2024\/09\/19\/bloqueo-en-la-carretera-merida-cancun-por-corte-de-electricidad-yucatan\/","title":{"rendered":"Bloqueo en la carretera M\u00e9rida-Canc\u00fan por corte de electricidad (Yucat\u00e1n)"},"content":{"rendered":"<p>Haz Ruido<\/p>\n<blockquote><p>Automovilistas y manifestantes llegaron a los golpes, debido a que los inconformes aseguraron que no liberar\u00e1n la v\u00eda hasta que la CFE restablezca el servicio.<\/p><\/blockquote>\n<p>Kanas\u00edn, Yucat\u00e1n, 19 de septiembre de 2024.-Vecinos del fraccionamiento Portal San Pedro ubicado en Kanas\u00edn bloquearon la carretera federal M\u00e9rida-Canc\u00fan para manifestarse debido a un corte en el suministro de electricidad a causa de la perforaci\u00f3n de cables subterr\u00e1neos durante las obras de una constructora.<\/p>\n<p>Los inconformes levantaron un reporte ante la Comisi\u00f3n Federal de Electricidad (CFE), qui\u00e9n les prometi\u00f3 resolver el problema en dos horas, pero hasta el momento no se ha solucionado.<\/p>\n<p>Por ello, los colonos mantienen el bloqueo a  600 metros del puente de San Pedro Noh Pat, mismo que comenz\u00f3 en la v\u00eda de entrada a M\u00e9rida, pero ya est\u00e1 afectando el carril de salida hacia Canc\u00fan, generando un tr\u00e1fico de aproximadamente 2 kil\u00f3metros. <\/p>\n<p>En el lugar, automovilistas y manifestantes tuvieron altercados que llevaron a algunos golpes, pues los vecinos aseguran que no se levantar\u00e1 el bloqueo hasta que les restablezcan el servicio el\u00e9ctrico.<\/p>\n<p>Cabe mencionar que en los \u00faltimos meses se han registrado este tipo de protestas en diferentes partes de Yucat\u00e1n por la demora de la CFE en la atenci\u00f3n a la falta de luz. (Foto redes sociales)<\/p>\n<p><a href=\"https:\/\/www.hazruido.mx\/reportes\/bloqueo-en-la-carretera-merida-cancun-por-corte-de-electricidad\/\" rel=\"noopener\" target=\"_blank\">https:\/\/www.hazruido.mx\/reportes\/bloqueo-en-la-carretera-merida-cancun-por-corte-de-electricidad\/<\/a><\/p>\n","protected":false},"excerpt":{"rendered":"<p>Haz Ruido Automovilistas y manifestantes llegaron a los golpes, debido a que los inconformes aseguraron que no liberar\u00e1n la v\u00eda hasta que la CFE restablezca el servicio. Kanas\u00edn, Yucat\u00e1n, 19 &hellip; <a href=\"https:\/\/www.grieta.org.mx\/index.php\/2024\/09\/19\/bloqueo-en-la-carretera-merida-cancun-por-corte-de-electricidad-yucatan\/\" class=\"more-link\">Leer m\u00e1s<\/a><\/p>\n","protected":false},"author":2,"featured_media":69784,"comment_status":"closed","ping_status":"closed","sticky":false,"template":"","format":"standard","meta":{"ngg_post_thumbnail":0,"_jetpack_newsletter_access":"","_jetpack_dont_email_post_to_subs":false,"_jetpack_newsletter_tier_id":0,"_jetpack_memberships_contains_paywalled_content":false,"_jetpack_memberships_contains_paid_content":false,"footnotes":""},"categories":[80,2659,2,36],"tags":[137,291,2849],"class_list":["post-69783","post","type-post","status-publish","format-standard","has-post-thumbnail","hentry","category-cintillo","category-conflictos-con-la-cfe-en-yucatan","category-noticias-nacionales","category-yucatan","tag-bloqueo-carretero","tag-cfe","tag-conflictos-con-la-cfe","entry"],"jetpack_featured_media_url":"https:\/\/www.grieta.org.mx\/wp-content\/uploads\/2024\/09\/BloqueoMerida-e1727141467253.jpg","jetpack_sharing_enabled":true,"jetpack_shortlink":"https:\/\/wp.me\/p7ZJR4-i9x","jetpack_likes_enabled":false,"jetpack-related-posts":[{"id":70515,"url":"https:\/\/www.grieta.org.mx\/index.php\/2024\/11\/20\/vecinos-bloquean-la-carretera-merida-uman-por-falta-de-electricidad-yucatan\/","url_meta":{"origin":69783,"position":0},"title":"Vecinos bloquean la carretera M\u00e9rida-Um\u00e1n por falta de electricidad (Yucat\u00e1n)","author":"grieta","date":"20 noviembre, 2024","format":false,"excerpt":"Gerardo Castro \/ Por Esto! Un grupo de vecinos del fraccionamiento Paseos de Itzincab, bloque\u00f3 la carretera M\u00e9rida-Um\u00e1n, como medida de presi\u00f3n por la falta del servicio de electricidad. Y es que los vecinos manifestaron que desde hace tres d\u00edas se quedaron sin el servicio, sin que la Comisi\u00f3n Federal\u2026","rel":"","context":"En &quot;CINTILLO&quot;","block_context":{"text":"CINTILLO","link":"https:\/\/www.grieta.org.mx\/index.php\/category\/cintillo\/"},"img":{"alt_text":"","src":"https:\/\/i0.wp.com\/www.grieta.org.mx\/wp-content\/uploads\/2024\/11\/Bloqueo-e1732359813537.jpg?resize=350%2C200&ssl=1","width":350,"height":200,"srcset":"https:\/\/i0.wp.com\/www.grieta.org.mx\/wp-content\/uploads\/2024\/11\/Bloqueo-e1732359813537.jpg?resize=350%2C200&ssl=1 1x, https:\/\/i0.wp.com\/www.grieta.org.mx\/wp-content\/uploads\/2024\/11\/Bloqueo-e1732359813537.jpg?resize=525%2C300&ssl=1 1.5x, https:\/\/i0.wp.com\/www.grieta.org.mx\/wp-content\/uploads\/2024\/11\/Bloqueo-e1732359813537.jpg?resize=700%2C400&ssl=1 2x"},"classes":[]},{"id":69375,"url":"https:\/\/www.grieta.org.mx\/index.php\/2024\/08\/02\/tuvieron-que-bloquear-la-carretera-para-que-la-cfe-les-devolviera-la-luz-yucatan\/","url_meta":{"origin":69783,"position":1},"title":"Tuvieron que bloquear la carretera para que la CFE les devolviera la luz (Yucat\u00e1n)","author":"grieta","date":"2 agosto, 2024","format":false,"excerpt":"Haz Ruido Pobladores de X-Calakoop ten\u00edan 15 d\u00edas sin energ\u00eda el\u00e9ctrica. No es la primera vez que la ciudadan\u00eda recurre al cierre de calles para exigir la presencia de la paraestatal. Tinum, Yucat\u00e1n, 2 de agosto de 2024.-Habitantes de la comisar\u00eda de X-Calakoop ubicada en Tinum tuvieron que recurrir a\u2026","rel":"","context":"En &quot;CINTILLO&quot;","block_context":{"text":"CINTILLO","link":"https:\/\/www.grieta.org.mx\/index.php\/category\/cintillo\/"},"img":{"alt_text":"","src":"https:\/\/i0.wp.com\/www.grieta.org.mx\/wp-content\/uploads\/2024\/08\/Xcalakoop-e1722883180455.jpg?resize=350%2C200&ssl=1","width":350,"height":200,"srcset":"https:\/\/i0.wp.com\/www.grieta.org.mx\/wp-content\/uploads\/2024\/08\/Xcalakoop-e1722883180455.jpg?resize=350%2C200&ssl=1 1x, https:\/\/i0.wp.com\/www.grieta.org.mx\/wp-content\/uploads\/2024\/08\/Xcalakoop-e1722883180455.jpg?resize=525%2C300&ssl=1 1.5x, https:\/\/i0.wp.com\/www.grieta.org.mx\/wp-content\/uploads\/2024\/08\/Xcalakoop-e1722883180455.jpg?resize=700%2C400&ssl=1 2x"},"classes":[]},{"id":68912,"url":"https:\/\/www.grieta.org.mx\/index.php\/2024\/05\/10\/siguen-los-bloqueos-en-merida-por-los-apagones-yucatan\/","url_meta":{"origin":69783,"position":2},"title":"Siguen los bloqueos en M\u00e9rida por los apagones (Yucat\u00e1n)","author":"grieta","date":"10 mayo, 2024","format":false,"excerpt":"Haz Ruido Vecinas y vecinos de la Nueva Kukulc\u00e1n cerraron Circuito Colonias porque llevan cinco d\u00edas sin energ\u00eda el\u00e9ctrica M\u00e9rida, Yucat\u00e1n, 10 de mayo de 2024.- Vecinas y vecinos del fraccionamiento Nueva Kukulc\u00e1n, ubicado en el suroriente de M\u00e9rida, mantienen bloqueada la avenida Circuito Colonias a manera de protesta, porque\u2026","rel":"","context":"En &quot;CINTILLO&quot;","block_context":{"text":"CINTILLO","link":"https:\/\/www.grieta.org.mx\/index.php\/category\/cintillo\/"},"img":{"alt_text":"","src":"https:\/\/i0.wp.com\/www.grieta.org.mx\/wp-content\/uploads\/2024\/05\/Apagones-e1715555418469.jpg?resize=350%2C200&ssl=1","width":350,"height":200,"srcset":"https:\/\/i0.wp.com\/www.grieta.org.mx\/wp-content\/uploads\/2024\/05\/Apagones-e1715555418469.jpg?resize=350%2C200&ssl=1 1x, https:\/\/i0.wp.com\/www.grieta.org.mx\/wp-content\/uploads\/2024\/05\/Apagones-e1715555418469.jpg?resize=525%2C300&ssl=1 1.5x, https:\/\/i0.wp.com\/www.grieta.org.mx\/wp-content\/uploads\/2024\/05\/Apagones-e1715555418469.jpg?resize=700%2C400&ssl=1 2x"},"classes":[]},{"id":38412,"url":"https:\/\/www.grieta.org.mx\/index.php\/2019\/08\/27\/vecinos-cierran-circulacion-como-protesta-por-servicio-de-la-cfe-yucatan\/","url_meta":{"origin":69783,"position":3},"title":"Vecinos cierran circulaci\u00f3n como protesta por servicio de la CFE (Yucat\u00e1n)","author":"grieta","date":"27 agosto, 2019","format":false,"excerpt":"Ernesto Pinz\u00f3n Franco\/Diario de Yucat\u00e1n M\u00c9RIDA.- Vecinos de los fraccionamientos San Jos\u00e9 Tzal, Bellavista y Las Perlas del Sur, cerraron la circulaci\u00f3n sobre la avenida 50, en protesta por el mal servicio que, dijeron, reciben de la Comisi\u00f3n Federal de Electricidad (CFE). La noche del lunes, los vecinos cerraron la\u2026","rel":"","context":"En &quot;CINTILLO&quot;","block_context":{"text":"CINTILLO","link":"https:\/\/www.grieta.org.mx\/index.php\/category\/cintillo\/"},"img":{"alt_text":"","src":"https:\/\/i0.wp.com\/www.grieta.org.mx\/wp-content\/uploads\/2019\/08\/CfeMerida.png?resize=350%2C200&ssl=1","width":350,"height":200,"srcset":"https:\/\/i0.wp.com\/www.grieta.org.mx\/wp-content\/uploads\/2019\/08\/CfeMerida.png?resize=350%2C200&ssl=1 1x, https:\/\/i0.wp.com\/www.grieta.org.mx\/wp-content\/uploads\/2019\/08\/CfeMerida.png?resize=525%2C300&ssl=1 1.5x, https:\/\/i0.wp.com\/www.grieta.org.mx\/wp-content\/uploads\/2019\/08\/CfeMerida.png?resize=700%2C400&ssl=1 2x"},"classes":[]},{"id":70009,"url":"https:\/\/www.grieta.org.mx\/index.php\/2024\/09\/30\/retienen-dos-autobuses-y-cierran-calles-en-chuburna-yucatan\/","url_meta":{"origin":69783,"position":4},"title":"Retienen dos autobuses y cierran calles en Chuburn\u00e1 (Yucat\u00e1n)","author":"grieta","date":"30 septiembre, 2024","format":false,"excerpt":"Por Herbeth Escalante \/ Fotos de Lorenzo Hern\u00e1ndez \/ Haz Ruido Las y los vecinos intensificaron sus protestas porque llevan cuatro d\u00edas sin energ\u00eda el\u00e9ctrica M\u00e9rida, Yucat\u00e1n, 30 de septiembre de 2024.- Vecinas y vecinos de la colonia Chuburn\u00e1 Inn bloquearon diversas calles de acceso y retuvieron dos camiones de\u2026","rel":"","context":"En &quot;CINTILLO&quot;","block_context":{"text":"CINTILLO","link":"https:\/\/www.grieta.org.mx\/index.php\/category\/cintillo\/"},"img":{"alt_text":"","src":"https:\/\/i0.wp.com\/www.grieta.org.mx\/wp-content\/uploads\/2024\/10\/Retienen-e1728168664844.jpg?resize=350%2C200&ssl=1","width":350,"height":200,"srcset":"https:\/\/i0.wp.com\/www.grieta.org.mx\/wp-content\/uploads\/2024\/10\/Retienen-e1728168664844.jpg?resize=350%2C200&ssl=1 1x, https:\/\/i0.wp.com\/www.grieta.org.mx\/wp-content\/uploads\/2024\/10\/Retienen-e1728168664844.jpg?resize=525%2C300&ssl=1 1.5x, https:\/\/i0.wp.com\/www.grieta.org.mx\/wp-content\/uploads\/2024\/10\/Retienen-e1728168664844.jpg?resize=700%2C400&ssl=1 2x"},"classes":[]},{"id":63964,"url":"https:\/\/www.grieta.org.mx\/index.php\/2022\/04\/07\/queman-llantas-en-protesta-contra-apagones-del-sur-de-merida-yucatan\/","url_meta":{"origin":69783,"position":5},"title":"Queman llantas en protesta contra apagones del sur de M\u00e9rida (Yucat\u00e1n)","author":"grieta","date":"7 abril, 2022","format":false,"excerpt":"Herbeth Escalante \/ Haz Ruido Vecinas y vecinos de San Antonio Xluch est\u00e1n hartos de quedarse sin energ\u00eda el\u00e9ctrica durante horas en esta \u00e9poca de calor. M\u00e9rida, Yucat\u00e1n, 7 de abril de 2022.- Anoche, vecinas y vecinos de la colonia San Antonio Xluch protestaron en contra de los apagones de\u2026","rel":"","context":"En &quot;CINTILLO&quot;","block_context":{"text":"CINTILLO","link":"https:\/\/www.grieta.org.mx\/index.php\/category\/cintillo\/"},"img":{"alt_text":"","src":"https:\/\/i0.wp.com\/www.grieta.org.mx\/wp-content\/uploads\/2022\/04\/Apagones-e1649692830589.png?resize=350%2C200&ssl=1","width":350,"height":200,"srcset":"https:\/\/i0.wp.com\/www.grieta.org.mx\/wp-content\/uploads\/2022\/04\/Apagones-e1649692830589.png?resize=350%2C200&ssl=1 1x, https:\/\/i0.wp.com\/www.grieta.org.mx\/wp-content\/uploads\/2022\/04\/Apagones-e1649692830589.png?resize=525%2C300&ssl=1 1.5x, https:\/\/i0.wp.com\/www.grieta.org.mx\/wp-content\/uploads\/2022\/04\/Apagones-e1649692830589.png?resize=700%2C400&ssl=1 2x"},"classes":[]}],"_links":{"self":[{"href":"https:\/\/www.grieta.org.mx\/index.php\/wp-json\/wp\/v2\/posts\/69783","targetHints":{"allow":["GET"]}}],"collection":[{"href":"https:\/\/www.grieta.org.mx\/index.php\/wp-json\/wp\/v2\/posts"}],"about":[{"href":"https:\/\/www.grieta.org.mx\/index.php\/wp-json\/wp\/v2\/types\/post"}],"author":[{"embeddable":true,"href":"https:\/\/www.grieta.org.mx\/index.php\/wp-json\/wp\/v2\/users\/2"}],"replies":[{"embeddable":true,"href":"https:\/\/www.grieta.org.mx\/index.php\/wp-json\/wp\/v2\/comments?post=69783"}],"version-history":[{"count":1,"href":"https:\/\/www.grieta.org.mx\/index.php\/wp-json\/wp\/v2\/posts\/69783\/revisions"}],"predecessor-version":[{"id":69785,"href":"https:\/\/www.grieta.org.mx\/index.php\/wp-json\/wp\/v2\/posts\/69783\/revisions\/69785"}],"wp:featuredmedia":[{"embeddable":true,"href":"https:\/\/www.grieta.org.mx\/index.php\/wp-json\/wp\/v2\/media\/69784"}],"wp:attachment":[{"href":"https:\/\/www.grieta.org.mx\/index.php\/wp-json\/wp\/v2\/media?parent=69783"}],"wp:term":[{"taxonomy":"category","embeddable":true,"href":"https:\/\/www.grieta.org.mx\/index.php\/wp-json\/wp\/v2\/categories?post=69783"},{"taxonomy":"post_tag","embeddable":true,"href":"https:\/\/www.grieta.org.mx\/index.php\/wp-json\/wp\/v2\/tags?post=69783"}],"curies":[{"name":"wp","href":"https:\/\/api.w.org\/{rel}","templated":true}]}}