{"id":69745,"date":"2024-09-19T23:43:49","date_gmt":"2024-09-20T05:43:49","guid":{"rendered":"https:\/\/www.grieta.org.mx\/?p=69745"},"modified":"2024-09-19T23:43:49","modified_gmt":"2024-09-20T05:43:49","slug":"costureras-de-1985-y-2017-victimas-de-un-sistema-sepultadas-bajo-escombros-tras-los-sismos-ciudad-de-mexico","status":"publish","type":"post","link":"https:\/\/www.grieta.org.mx\/index.php\/2024\/09\/19\/costureras-de-1985-y-2017-victimas-de-un-sistema-sepultadas-bajo-escombros-tras-los-sismos-ciudad-de-mexico\/","title":{"rendered":"Costureras de 1985 y 2017: v\u00edctimas de un sistema sepultadas bajo escombros tras los sismos (Ciudad de M\u00e9xico)"},"content":{"rendered":"<p>Berenice Chavarr\u00eda Tinoco \/ CIMAC Noticias<\/p>\n<p>Fotos: Luc\u00eda Lagunes Huerta<\/p>\n<p><strong>Ciudad de M\u00e9xico.-\u00a0<\/strong>Fue un\u00a0<strong>19\u00a0<\/strong>de\u00a0<strong>septiembre\u00a0<\/strong>de 2017 cuando la tierra se volvi\u00f3 a\u00a0<strong>cimbrar\u00a0<\/strong>como aquel 1985. Se acababa de rendir un homenaje a aquellas\u00a0<strong>mujeres\u00a0<\/strong>que perdieron la vida atrapadas entre cemento, telas y\u00a0<strong>maquinaria\u00a0<\/strong>de\u00a0<strong>costura<\/strong>; sin embargo, 32 a\u00f1os despu\u00e9s la tragedia se repet\u00eda en el predio ubicado en Sim\u00f3n Bol\u00edvar y Chimalpopoca, alcald\u00eda Cuauht\u00e9moc en la\u00a0<strong>Ciudad de M\u00e9xico<\/strong>.<\/p>\n<p>El dolor de aquel 1985 revivi\u00f3 en 2017, cuando el predio de cuatro pisos se derrumb\u00f3, provocando la muerte de 21 personas que trabajaban como\u00a0<strong>costureras\u00a0<\/strong>y personal operativo en dicho espacio, el cual ten\u00eda permiso para funcionar como oficina, pero en realidad albergaba las empresas textiles: L\u00ednea Moda Joven, S.A. de C.V; ABC Toys Company S.A de C.V; Dashcam System, Regalomex; Comercializadora Mextoy, S.A. de C.V.; Florina y Seo Young Internacional S.a. de C.V.<\/p>\n<p>Ese\u00a0<strong>19\u00a0<\/strong>de\u00a0<strong>septiembre\u00a0<\/strong>de 2017 maquinarias y herramientas fueron rescatadas antes que las mujeres atrapadas. Cuatro d\u00edas despu\u00e9s la zona se declar\u00f3<strong>\u00a0muerta<\/strong>: no hab\u00eda nadie por salvar con\u00a0<strong>vida<\/strong>. As\u00ed se dio paso a las maquinarias para recoger \u201clos escombros\u201d.<\/p>\n<div class=\"wp-block-image\">\n<figure class=\"aligncenter size-full is-resized\"><img loading=\"lazy\" decoding=\"async\" class=\"wp-image-98434\" src=\"https:\/\/cimacnoticias.com.mx\/wp-content\/uploads\/2022\/09\/Chimalpopocasismo_LuciaLagunes.jpg\" sizes=\"auto, (max-width: 900px) 100vw, 900px\" srcset=\"https:\/\/cimacnoticias.com.mx\/wp-content\/uploads\/2022\/09\/Chimalpopocasismo_LuciaLagunes.jpg 900w, https:\/\/cimacnoticias.com.mx\/wp-content\/uploads\/2022\/09\/Chimalpopocasismo_LuciaLagunes-300x200.jpg 300w, https:\/\/cimacnoticias.com.mx\/wp-content\/uploads\/2022\/09\/Chimalpopocasismo_LuciaLagunes-768x512.jpg 768w, https:\/\/cimacnoticias.com.mx\/wp-content\/uploads\/2022\/09\/Chimalpopocasismo_LuciaLagunes-585x390.jpg 585w, https:\/\/cimacnoticias.com.mx\/wp-content\/uploads\/2022\/09\/Chimalpopocasismo_LuciaLagunes-263x175.jpg 263w\" alt=\"\" width=\"900\" height=\"600\" \/><figcaption class=\"wp-element-caption\">CIMACFoto: Luc\u00eda Lagunes Huerta<\/p>\n<\/figcaption><\/figure>\n<\/div>\n<h2 class=\"wp-block-heading\"><strong>La exigencia de justicia por las costureras\u00a0<\/strong><\/h2>\n<p>Irma S\u00e1nchez Ram\u00edrez, quien laboraba en \u201cL\u00ednea Moda Joven\u201d S.A de C.V, fue una de las mujeres que quedaron sepultadas el\u00a0<strong>19\u00a0<\/strong>de\u00a0<strong>septiembre\u00a0<\/strong>de hace cinco a\u00f1os. De acuerdo con informaci\u00f3n de archivo de\u00a0Cimacnoticias, fueron las\u00a0<strong>amigas\u00a0<\/strong>y\u00a0<strong>compa\u00f1eras\u00a0<\/strong>de\u00a0<strong>trabajo\u00a0<\/strong>quienes se solidarizaron con las familias de las v\u00edctimas ante el abandono institucional.<\/p>\n<p>Y es que las autoridades, ni la familia Azkenazi -propietaria de L\u00ednea Moda Joven S.A de C.V- respondieron a su obligaci\u00f3n para con las\u00a0<strong>costureras\u00a0<\/strong>que laboraban en el edificio ubicado en Sim\u00f3n Bol\u00edvar y Chimalpopoca.<\/p>\n<p>Jessica, hija de Irma, recuerda que cuatro d\u00edas despu\u00e9s del sismo recibi\u00f3 la visita de una de las\u00a0<strong>compa\u00f1eras\u00a0<\/strong>de su mam\u00e1, quien le llev\u00f3 un apoyo econ\u00f3mico de diez mil pesos, recabado el viernes 22 entre sus compa\u00f1eras de trabajo. La quinta parte de lo recaudado, fue aportada por la due\u00f1a de la\u00a0<strong>empresa<\/strong>; es decir, ocho mil pesos fueron aportaci\u00f3n de sus compa\u00f1eras de trabajo y \u00fanicamente dos mil de la due\u00f1a. Dinero con el que pretendi\u00f3 cubrir las\u00a0<strong>negligencias\u00a0<\/strong>que por a\u00f1os alberg\u00f3 el espacio donde laboraban Irma y sus compa\u00f1eras.<\/p>\n<p>Jessica no tuvo contacto con la empresa donde trabajaba su\u00a0<strong>madre<\/strong>, tampoco recibi\u00f3 una llamada que diera condolencias a su familia. \u00bfDemandar?\u00a0<em>\u201cSer\u00eda como vender la vida de mi mam\u00e1\u201d<\/em>, cont\u00f3. Y as\u00ed, sin\u00a0<strong>justicia<\/strong>, su nombre est\u00e1 escrito en el edificio de las\u00a0<strong>costureras\u00a0<\/strong>que fallecieron tras el sismo de\u00a0<strong>2017<\/strong>.<\/p>\n<p>Al d\u00eda de hoy el silencio embarga la tragedia: qu\u00e9 fue de los due\u00f1os de las empresas textiles que manten\u00edan trabajando en condiciones precarias a las costureras, c\u00f3mo se indemniz\u00f3 a las familias, cu\u00e1ntas personas fueron sancionadas. Son las preguntas que a\u00fan contin\u00faan sin resolverse a cinco a\u00f1os.<\/p>\n<h2 class=\"wp-block-heading\"><strong>A 33 a\u00f1os de otra tragedia\u00a0<\/strong><\/h2>\n<p>El\u00a0<strong>19\u00a0<\/strong>de\u00a0<strong>septiembre\u00a0<\/strong>de 1985, las\u00a0<strong>mujeres costureras\u00a0<\/strong>de la zona\u00a0<strong>textil\u00a0<\/strong>de San Antonio Abad en la<strong>\u00a0Ciudad de M\u00e9xico\u00a0<\/strong>iniciaron sus labores con normalidad. No pensaron que horas m\u00e1s tarde estar\u00edan intentando recuperar los cuerpos de sus\u00a0<strong>compa\u00f1eras\u00a0<\/strong>de entre los escombros, mientras eran agredidas por militares que les prohib\u00edan el paso para evitar que \u201crobaran maquinarias o cajas fuertes\u201d.<\/p>\n<p>Sin garant\u00edas, miles de mujeres trabajaban en dichos talleres textiles, muchos de ellos clandestinos. El d\u00eda del\u00a0<strong>sismo<\/strong>\u00a0muchas de ellas quedaron\u00a0<strong>sepultadas\u00a0<\/strong>entre los\u00a0<strong>escombros<\/strong>, m\u00e1s de 40 mil perdieron su empleo y con ello el derecho a una indemnizaci\u00f3n.<\/p>\n<p>Conchita, una de las mujeres que laboraba en los talleres textiles, cont\u00f3 a la revista\u00a0<em>Comunera<\/em>\u00a0y el peri\u00f3dico El\u00a0<em>Zenzontle<\/em>:<\/p>\n<blockquote class=\"wp-block-quote is-layout-flow wp-block-quote-is-layout-flow\"><p>\u201cAh\u00ed estuvimos todo el d\u00eda y la noche sacando gente y lleg\u00f3 el ej\u00e9rcito hasta el otro d\u00eda el 20 de septiembre en la tarde. Acordonaron, tra\u00edan metralletas y ordenando que nos fu\u00e9ramos. Dec\u00edan que nosotros quer\u00edamos robar. Pero no, donde yo trabajaba no se perdi\u00f3 nada, el edificio no cay\u00f3, lo chistoso es que el ej\u00e9rcito no nos dejaba pasar, pero a los due\u00f1os les dio chance de sacar la maquinaria. Ah\u00ed estuvimos\u00a0 quince d\u00edas, porque ya andaba organizando y los viernes me formaba ante la empresa a que nos pagaran las 3 semanas que estuvo parado todo. El patr\u00f3n no s\u00e9 qui\u00e9n era, nunca lo conoc\u00ed ni supe su nacionalidad.\u00a0 Quien manejaba todo era el contador\u201d.<\/p><\/blockquote>\n<p>Por su parte Evangelina, otra mujer\u00a0<strong>costurera<\/strong>, cont\u00f3 a la escritora Elena Poniatowska:<\/p>\n<blockquote class=\"wp-block-quote is-layout-flow wp-block-quote-is-layout-flow\"><p>\u00abEntramos a la oficina en Fray Servando, entre Bol\u00edvar y L\u00e1zaro C\u00e1rdenas, y all\u00ed nos dimos cuenta de que a los patrones, los gritos de auxilio de nuestras compa\u00f1eras no les afectaba como a nosotros, no los o\u00edan como nosotras los o\u00edamos. Ellos estaban m\u00e1s preocupados por sacar su maquinaria, su materia prima y sus cajas fuertes que por los seres humanos. Antes que rescatar a las trabajadoras, quer\u00edan rescatar los bienes materiales. Fue cuando me sent\u00ed totalmente decepcionada de mi patr\u00f3n Samuel Bis\u00fa Serur, el due\u00f1o de las f\u00e1bricas Dimension Weld. Incluso, fue d\u00e9spota: se quit\u00f3 el reloj y lo ofreci\u00f3 como liquidaci\u00f3n\u00bb.<\/p><\/blockquote>\n<p>Fue as\u00ed como dio inicio la lucha de Evangelina, quien lider\u00f3 a varias de sus compa\u00f1eras para constituir el\u00a0<strong>Sindicato de Costureras 19 de Septiembre<\/strong>. Inclusive se enfrent\u00f3 a Miguel de la Madrid, entonces presidente de la Rep\u00fablica Mexicana, quien termin\u00f3 por aceptar que las\u00a0<strong>mujeres\u00a0<\/strong>de los 800 talleres en San Antonio Abad viv\u00edan\u00a0<strong>explotaci\u00f3n laboral<\/strong>.<\/p>\n<p>Pese a lo anterior, desde 1985 las condiciones para las\u00a0<strong>costureras\u00a0<\/strong>no han mejorado como deber\u00edan, el ejemplo nos lo deja el 19 de septiembre de 2017. Con el pu\u00f1o en alto, a\u00f1o con a\u00f1o se exige\u00a0<strong>justicia\u00a0<\/strong>para las miles de\u00a0<strong>mujeres\u00a0<\/strong>que fueron v\u00edctimas de un sistema que las olvid\u00f3 y sepult\u00f3 bajo\u00a0<strong>escombros<\/strong>.<\/p>\n<p><a href=\"https:\/\/cimacnoticias.com.mx\/2023\/09\/19\/costureras-de-1985-y-2017-victimas-de-un-sistema-sepultadas-bajo-escombros-tras-los-sismos\/\" target=\"_blank\" rel=\"noopener\">https:\/\/cimacnoticias.com.mx\/2023\/09\/19\/costureras-de-1985-y-2017-victimas-de-un-sistema-sepultadas-bajo-escombros-tras-los-sismos\/<\/a><\/p>\n","protected":false},"excerpt":{"rendered":"<p>Berenice Chavarr\u00eda Tinoco \/ CIMAC Noticias Fotos: Luc\u00eda Lagunes Huerta Ciudad de M\u00e9xico.-\u00a0Fue un\u00a019\u00a0de\u00a0septiembre\u00a0de 2017 cuando la tierra se volvi\u00f3 a\u00a0cimbrar\u00a0como aquel 1985. Se acababa de rendir un homenaje a &hellip; <a href=\"https:\/\/www.grieta.org.mx\/index.php\/2024\/09\/19\/costureras-de-1985-y-2017-victimas-de-un-sistema-sepultadas-bajo-escombros-tras-los-sismos-ciudad-de-mexico\/\" class=\"more-link\">Leer m\u00e1s<\/a><\/p>\n","protected":false},"author":2,"featured_media":69746,"comment_status":"closed","ping_status":"closed","sticky":false,"template":"","format":"standard","meta":{"ngg_post_thumbnail":0,"_jetpack_newsletter_access":"","_jetpack_dont_email_post_to_subs":false,"_jetpack_newsletter_tier_id":0,"_jetpack_memberships_contains_paywalled_content":false,"_jetpack_memberships_contains_paid_content":false,"footnotes":""},"categories":[80,14,1080,1026,1225,910,3161,2065,2,2119,83,2388],"tags":[],"class_list":["post-69745","post","type-post","status-publish","format-standard","has-post-thumbnail","hentry","category-cintillo","category-ciudad-de-mexico","category-conflictos-laborales-en-la-ciudad-de-mexico","category-damnificados-por-el-sismo-del-19-de-septiembre","category-explotacion-laboral-en-la-ciudad-de-mexico","category-explotacion-y-precariedad-laboral","category-luchas-de-las-mujeres-en-la-ciudad-de-mexico","category-movilizaciones-y-protestas-de-habitantes-de-la-ciudad-de-mexico","category-noticias-nacionales","category-precarizacion-de-las-condiciones-laborales-en-la-ciudad-de-mexico","category-temas-nacionales","category-violencia-contra-las-mujeres-en-la-ciudad-de-mexico","entry"],"jetpack_featured_media_url":"https:\/\/www.grieta.org.mx\/wp-content\/uploads\/2024\/09\/Captura-de-pantalla-2024-09-19-233513.png","jetpack_sharing_enabled":true,"jetpack_shortlink":"https:\/\/wp.me\/p7ZJR4-i8V","jetpack_likes_enabled":false,"jetpack-related-posts":[{"id":46734,"url":"https:\/\/www.grieta.org.mx\/index.php\/2020\/03\/12\/por-organizar-tendedero-de-denuncias-profesora-sera-sancionada-por-director-de-bachilleres-4-ciudad-de-mexico\/","url_meta":{"origin":69745,"position":0},"title":"Por \u201corganizar\u201d tendedero de denuncias, profesora ser\u00e1 sancionada por director de Bachilleres 4 (Ciudad de M\u00e9xico)","author":"grieta","date":"12 marzo, 2020","format":false,"excerpt":"Imagen tomada de: www.radioformula.com.mx Radio F\u00f3rmula La profesora realiz\u00f3 una actividad con los alumnos para exponer frases de acoso que han escuchado de sus profesores y compa\u00f1eros Jos\u00e9 Ra\u00fal S\u00e1nchez, director del Colegio de Bachilleres Plantel 4, anunci\u00f3 que sancionar\u00e1 a la profesora Ericka Mart\u00ednez, por \u201corganizar\u201d un tendedero de\u2026","rel":"","context":"En &quot;CINTILLO&quot;","block_context":{"text":"CINTILLO","link":"https:\/\/www.grieta.org.mx\/index.php\/category\/cintillo\/"},"img":{"alt_text":"","src":"https:\/\/i0.wp.com\/www.grieta.org.mx\/wp-content\/uploads\/2020\/03\/Por-organizar-tendedero-de-denuncias-profesora-ser%C3%A1-sancionada-por-director-de-Bachilleres-4-cdmx-mzo.jpg?resize=350%2C200&ssl=1","width":350,"height":200,"srcset":"https:\/\/i0.wp.com\/www.grieta.org.mx\/wp-content\/uploads\/2020\/03\/Por-organizar-tendedero-de-denuncias-profesora-ser%C3%A1-sancionada-por-director-de-Bachilleres-4-cdmx-mzo.jpg?resize=350%2C200&ssl=1 1x, https:\/\/i0.wp.com\/www.grieta.org.mx\/wp-content\/uploads\/2020\/03\/Por-organizar-tendedero-de-denuncias-profesora-ser%C3%A1-sancionada-por-director-de-Bachilleres-4-cdmx-mzo.jpg?resize=525%2C300&ssl=1 1.5x"},"classes":[]},{"id":47548,"url":"https:\/\/www.grieta.org.mx\/index.php\/2020\/04\/08\/trabajadoras-sexuales-expulsadas-de-hoteles-por-cuarentena-instalan-campamento-temporal-ciudad-de-mexico\/","url_meta":{"origin":69745,"position":1},"title":"Trabajadoras sexuales, expulsadas de hoteles por cuarentena, instalan campamento temporal (Ciudad de M\u00e9xico)","author":"grieta","date":"8 abril, 2020","format":false,"excerpt":"Imagen tomada de:news.culturacolectiva.com Cultura Colectiva La mayor\u00eda de los y las trabajadores sexuales se quedaron sin empleo y duermen en la calle ante el cierre de hoteles y posadas por la pandemia. Ante la vulnerabilidad tras el cierre de hoteles y posadas por la emergencia sanitaria que representa el coronavirus\u2026","rel":"","context":"En &quot;CINTILLO&quot;","block_context":{"text":"CINTILLO","link":"https:\/\/www.grieta.org.mx\/index.php\/category\/cintillo\/"},"img":{"alt_text":"","src":"https:\/\/i0.wp.com\/www.grieta.org.mx\/wp-content\/uploads\/2020\/04\/Trabajadoras-sexuales-expulsadas-de-hoteles-por-cuarentena-instalan-campamento-temporal-cdmx-abr.jpeg?resize=350%2C200&ssl=1","width":350,"height":200,"srcset":"https:\/\/i0.wp.com\/www.grieta.org.mx\/wp-content\/uploads\/2020\/04\/Trabajadoras-sexuales-expulsadas-de-hoteles-por-cuarentena-instalan-campamento-temporal-cdmx-abr.jpeg?resize=350%2C200&ssl=1 1x, https:\/\/i0.wp.com\/www.grieta.org.mx\/wp-content\/uploads\/2020\/04\/Trabajadoras-sexuales-expulsadas-de-hoteles-por-cuarentena-instalan-campamento-temporal-cdmx-abr.jpeg?resize=525%2C300&ssl=1 1.5x, https:\/\/i0.wp.com\/www.grieta.org.mx\/wp-content\/uploads\/2020\/04\/Trabajadoras-sexuales-expulsadas-de-hoteles-por-cuarentena-instalan-campamento-temporal-cdmx-abr.jpeg?resize=700%2C400&ssl=1 2x"},"classes":[]},{"id":57597,"url":"https:\/\/www.grieta.org.mx\/index.php\/2021\/03\/08\/trabajadoras-sexuales-se-unen-a-contingentes-de-la-marcha-8m-en-el-centro-por-derechos-laborales-ciudad-de-mexico\/","url_meta":{"origin":69745,"position":2},"title":"Trabajadoras sexuales se unen a contingentes de la marcha 8M en el centro por derechos laborales (Ciudad de M\u00e9xico)","author":"grieta","date":"8 marzo, 2021","format":false,"excerpt":"El contingente de AMETS a su paso frente a la Alameda (Karen Flores) \u00daltimo Minuto Con mensajes como \"Ni v\u00edctimas ni criminales, somos trabajadoras sexuales\", \u00a0marcharon por Reforma exigiendo que las autoridades las reconozcan Integrantes de la Alianza Mexicana de Trabajadoras Sexuales (AMETS) se unieron a las marchas con motivo\u2026","rel":"","context":"En &quot;CINTILLO&quot;","block_context":{"text":"CINTILLO","link":"https:\/\/www.grieta.org.mx\/index.php\/category\/cintillo\/"},"img":{"alt_text":"El contingente de AMETS a su paso frente a la Alameda","src":"https:\/\/i0.wp.com\/assets.ultimominuto.news\/__export\/1615245124029\/sites\/debate\/img\/2021\/03\/08\/trabajadoras_sexuales_8m.jpeg_172596871.jpeg?resize=350%2C200&ssl=1","width":350,"height":200,"srcset":"https:\/\/i0.wp.com\/assets.ultimominuto.news\/__export\/1615245124029\/sites\/debate\/img\/2021\/03\/08\/trabajadoras_sexuales_8m.jpeg_172596871.jpeg?resize=350%2C200&ssl=1 1x, https:\/\/i0.wp.com\/assets.ultimominuto.news\/__export\/1615245124029\/sites\/debate\/img\/2021\/03\/08\/trabajadoras_sexuales_8m.jpeg_172596871.jpeg?resize=525%2C300&ssl=1 1.5x"},"classes":[]},{"id":50038,"url":"https:\/\/www.grieta.org.mx\/index.php\/2020\/05\/28\/mueren-trabajadores-de-limpia-de-la-ciudad-de-mexico-por-covid-19-sin-apoyo-ni-reconocimiento\/","url_meta":{"origin":69745,"position":3},"title":"Mueren trabajadores de limpia de la Ciudad de M\u00e9xico por COVID-19 sin apoyo, ni reconocimiento","author":"grieta","date":"28 mayo, 2020","format":false,"excerpt":"Imagen tomada de: http:\/\/cdmx.com\/ CDMX.COM Los trabajadores de limpia de la capital arriesgan su salud y la de sus familias al salir a las calles a recopilar la basura que generamos todos en camiones recolectores y por barrido. CDMX.COM entrevist\u00f3 a varios trabajadores de limpia y pudimos constatar que la\u2026","rel":"","context":"En &quot;CINTILLO&quot;","block_context":{"text":"CINTILLO","link":"https:\/\/www.grieta.org.mx\/index.php\/category\/cintillo\/"},"img":{"alt_text":"","src":"https:\/\/i0.wp.com\/www.grieta.org.mx\/wp-content\/uploads\/2020\/05\/Mueren-trabajadores-de-limpia-de-la-ciudad-de-M%C3%A9xico-por-COVID-19-sin-apoyo-ni-reconocimiento-cdmx-may.jpeg?resize=350%2C200&ssl=1","width":350,"height":200,"srcset":"https:\/\/i0.wp.com\/www.grieta.org.mx\/wp-content\/uploads\/2020\/05\/Mueren-trabajadores-de-limpia-de-la-ciudad-de-M%C3%A9xico-por-COVID-19-sin-apoyo-ni-reconocimiento-cdmx-may.jpeg?resize=350%2C200&ssl=1 1x, https:\/\/i0.wp.com\/www.grieta.org.mx\/wp-content\/uploads\/2020\/05\/Mueren-trabajadores-de-limpia-de-la-ciudad-de-M%C3%A9xico-por-COVID-19-sin-apoyo-ni-reconocimiento-cdmx-may.jpeg?resize=525%2C300&ssl=1 1.5x"},"classes":[]},{"id":71967,"url":"https:\/\/www.grieta.org.mx\/index.php\/2025\/07\/08\/trabajadores-de-la-salud-bloquean-paseo-de-la-reforma-denuncian-irregularidades-ciudad-de-mexico\/","url_meta":{"origin":69745,"position":4},"title":"Trabajadores de la salud bloquean Paseo de la Reforma; denuncian irregularidades (Ciudad de M\u00e9xico)","author":"grieta","date":"8 julio, 2025","format":false,"excerpt":"Natalia Estrada Garc\u00eda \/ Enfoque noticias CDMX.- Trabajadoras y trabajadores pertenecientes al sector salud fueron agredidos tras mantener un bloqueo sobre carriles laterales del Perif\u00e9rico y avenida Paseo de la Reforma en la colonia Bosques de Chapultepec, Miguel Hidalgo. Laura Quintero delegada estatal de Ciudad de M\u00e9xico de la Fuerza\u2026","rel":"","context":"En &quot;Abuso policiaco y tortura en la Ciudad de M\u00e9xico&quot;","block_context":{"text":"Abuso policiaco y tortura en la Ciudad de M\u00e9xico","link":"https:\/\/www.grieta.org.mx\/index.php\/category\/noticias-nacionales\/ciudad-de-mexico\/abuso-policiaco-y-tortura-en-la-ciudad-de-mexico\/"},"img":{"alt_text":"","src":"https:\/\/i0.wp.com\/www.grieta.org.mx\/wp-content\/uploads\/2025\/07\/Captura-de-pantalla-2025-07-08-233604.png?resize=350%2C200&ssl=1","width":350,"height":200,"srcset":"https:\/\/i0.wp.com\/www.grieta.org.mx\/wp-content\/uploads\/2025\/07\/Captura-de-pantalla-2025-07-08-233604.png?resize=350%2C200&ssl=1 1x, https:\/\/i0.wp.com\/www.grieta.org.mx\/wp-content\/uploads\/2025\/07\/Captura-de-pantalla-2025-07-08-233604.png?resize=525%2C300&ssl=1 1.5x, https:\/\/i0.wp.com\/www.grieta.org.mx\/wp-content\/uploads\/2025\/07\/Captura-de-pantalla-2025-07-08-233604.png?resize=700%2C400&ssl=1 2x"},"classes":[]},{"id":40522,"url":"https:\/\/www.grieta.org.mx\/index.php\/2019\/10\/25\/sindicato-de-trabajadores-del-instituto-de-educacion-media-superior-emplazan-a-huelga-ciudad-de-mexico\/","url_meta":{"origin":69745,"position":5},"title":"Sindicato de trabajadores del Instituto de Educaci\u00f3n Media Superior emplazan a huelga (Ciudad de M\u00e9xico)","author":"grieta","date":"25 octubre, 2019","format":false,"excerpt":"\u00a0 La Izquierda Diario de M\u00e9xico El Sindicato pidi\u00f3 crear oportunamente plazas para los nuevos planteles y basificar a los profesores de modalidad semiescolar El Sindicato de la Uni\u00f3n de Trabajadores del Instituto de Educaci\u00f3n Media Superior (Sutiems) emplaz\u00f3 a huelga el pr\u00f3ximo 5 de noviembre. Hizo un llamado a\u2026","rel":"","context":"En &quot;CINTILLO&quot;","block_context":{"text":"CINTILLO","link":"https:\/\/www.grieta.org.mx\/index.php\/category\/cintillo\/"},"img":{"alt_text":"","src":"https:\/\/i0.wp.com\/www.grieta.org.mx\/wp-content\/uploads\/2019\/10\/Sindicato-de-trabajadores-del-Instituto-de-Educaci%C3%B3n-Media-Superior-emplazan-a-huelga-cdmx-oct.jpg?resize=350%2C200&ssl=1","width":350,"height":200},"classes":[]}],"_links":{"self":[{"href":"https:\/\/www.grieta.org.mx\/index.php\/wp-json\/wp\/v2\/posts\/69745","targetHints":{"allow":["GET"]}}],"collection":[{"href":"https:\/\/www.grieta.org.mx\/index.php\/wp-json\/wp\/v2\/posts"}],"about":[{"href":"https:\/\/www.grieta.org.mx\/index.php\/wp-json\/wp\/v2\/types\/post"}],"author":[{"embeddable":true,"href":"https:\/\/www.grieta.org.mx\/index.php\/wp-json\/wp\/v2\/users\/2"}],"replies":[{"embeddable":true,"href":"https:\/\/www.grieta.org.mx\/index.php\/wp-json\/wp\/v2\/comments?post=69745"}],"version-history":[{"count":1,"href":"https:\/\/www.grieta.org.mx\/index.php\/wp-json\/wp\/v2\/posts\/69745\/revisions"}],"predecessor-version":[{"id":69747,"href":"https:\/\/www.grieta.org.mx\/index.php\/wp-json\/wp\/v2\/posts\/69745\/revisions\/69747"}],"wp:featuredmedia":[{"embeddable":true,"href":"https:\/\/www.grieta.org.mx\/index.php\/wp-json\/wp\/v2\/media\/69746"}],"wp:attachment":[{"href":"https:\/\/www.grieta.org.mx\/index.php\/wp-json\/wp\/v2\/media?parent=69745"}],"wp:term":[{"taxonomy":"category","embeddable":true,"href":"https:\/\/www.grieta.org.mx\/index.php\/wp-json\/wp\/v2\/categories?post=69745"},{"taxonomy":"post_tag","embeddable":true,"href":"https:\/\/www.grieta.org.mx\/index.php\/wp-json\/wp\/v2\/tags?post=69745"}],"curies":[{"name":"wp","href":"https:\/\/api.w.org\/{rel}","templated":true}]}}