{"id":69728,"date":"2024-09-12T23:41:34","date_gmt":"2024-09-13T05:41:34","guid":{"rendered":"https:\/\/www.grieta.org.mx\/?p=69728"},"modified":"2024-09-17T23:53:14","modified_gmt":"2024-09-18T05:53:14","slug":"extrabajadores-realizaron-un-embargo-laboral-y-una-manifestacion-despues-de-que-la-empresa-se-declaro-en-bancarrota-y-los-despidio-queretaro","status":"publish","type":"post","link":"https:\/\/www.grieta.org.mx\/index.php\/2024\/09\/12\/extrabajadores-realizaron-un-embargo-laboral-y-una-manifestacion-despues-de-que-la-empresa-se-declaro-en-bancarrota-y-los-despidio-queretaro\/","title":{"rendered":"Extrabajadores realizaron un embargo laboral y una manifestaci\u00f3n despu\u00e9s de que la empresa se declar\u00f3 en bancarrota y los despidi\u00f3  (Quer\u00e9taro)"},"content":{"rendered":"<p>Cecilia Conde \/ Diario de Quer\u00e9taro<\/p>\n<p>Fotos: Irais S\u00e1nchez \/ Diario de Quer\u00e9taro<\/p>\n<p>12 de Septiembre del 2024<\/p>\n<div>\n<h1 class=\"title\">Luego de siete a\u00f1os, exigen su liquidaci\u00f3n<\/h1>\n<\/div>\n<h3 class=\"subtitle\">Extrabajadores realizaron un embargo laboral y una manifestaci\u00f3n despu\u00e9s de que la empresa se declar\u00f3 en bancarrota y los despidi\u00f3<\/h3>\n<div class=\"lead-gallery \">\n<div class=\"teaser owl-carousel owl-theme\">\n<div class=\"owl-wrapper-outer\">\n<div class=\"owl-wrapper\">\n<div class=\"owl-item\">\n<div class=\"img-container picture\">\n<div id=\"standard_1\" class=\"st-placement standard_1 inImage\">\n<p><b>Extrabajadores\u00a0<\/b>de la empresa\u00a0<b>Ediciones de Arte Naciona<\/b>l realizaron un\u00a0<b>embargo laboral y una manifestaci\u00f3n<\/b>\u00a0para exigir el\u00a0<b>pago de sus liquidaciones\u00a0<\/b>despu\u00e9s que la empresa\u00a0<b>se declar\u00f3 en bancarrota\u00a0<\/b>y tras siete a\u00f1os a\u00fan no reciben el pago tras su conclusi\u00f3n laboral.<\/p>\n<p><b>Fue en 2017\u00a0<\/b>cuando, de acuerdo con los trabajadores,<b>\u00a0la empresa decidi\u00f3 despedirlos y ofreci\u00f3 convenios de liquidaci\u00f3n<\/b>, a los cuales accedieron los trabajadores con una antig\u00fcedad de entre 28 y 30 a\u00f1os, sin embargo el pago nunca lleg\u00f3.<\/p>\n<p><i>\u201cEn un momento de que los patrones dijeron que ya hab\u00eda terminado esto, que ya no hab\u00eda soluci\u00f3n y que ya estaban en quiebra, y despu\u00e9s nos prometieron nada de liquidaci\u00f3n, y nos dijeron que tom\u00e1bamos eso o nada porque ya hab\u00eda quebrado\u201d<\/i>, puntualiz\u00f3 la ex trabajadora, Mar\u00eda del Roc\u00edo Fonseca.<\/p>\n<p>Son un grupo de\u00a0<b>60 trabajadores los que exigen el pago tras siete a\u00f1os de un proceso laboral<\/b>, que se ha extendido debido a que la empresa se declar\u00f3 sin recursos, aunque aseguran que la empresa sigue funcionando.<\/p>\n<p><i>\u201cNosotros estamos luchando porque se nos pague hasta el momento no hemos recibido nada de pago, no nos han cumplido y pues ellos con su dinero con su dinero lo que han querido\u201d,<\/i>\u00a0puntualiz\u00f3.<\/p>\n<div class=\"ece_incoming media \">\n<div class=\"teaser \">\n<div class=\"img-container picture\">\n<div id=\"standard_6\" class=\"st-placement standard_6 inImageRestricted\">\n<div class=\"st-adunit st-adunit-tagged st-reset st-show\"><\/div>\n<\/div>\n<p><img decoding=\"async\" class=\"media-object adaptive lazy\" title=\"Trabajadores 2.jpeg\" src=\"https:\/\/www.diariodequeretaro.com.mx\/incoming\/jkdbg-trabajadores-2.jpeg\/alternates\/FREE_720\/Trabajadores%202.jpeg\" alt=\"\" data-variant=\"FREE\" data-src-template=\"https:\/\/www.diariodequeretaro.com.mx\/incoming\/jkdbg-trabajadores-2.jpeg\/BINARY\/thumbnail\/Trabajadores%202.jpeg\" data-proxy-image=\"\" data-proxy-width=\"\" data-original=\"https:\/\/www.diariodequeretaro.com.mx\/incoming\/jkdbg-trabajadores-2.jpeg\/alternates\/FREE_720\/Trabajadores%202.jpeg\" data-selected-width=\"720\" \/><\/p>\n<div class=\"picture-caption \">\n<h4><span class=\"pic-credits\">Foto: Irais S\u00e1nchez \/ Diario de Quer\u00e9taro<\/span><\/h4>\n<\/div>\n<\/div>\n<\/div>\n<\/div>\n<p>Este jueves\u00a0<b>acudieron a la empresa a realizar el embargo laboral\u00a0<\/b>de parte de la maquinaria en la nave industrial de la empresa ubicada en el Parque Industrial Benito Ju\u00e1rez.<\/p>\n<p>Afirm\u00f3 que\u00a0<b>aunque la empresa se hab\u00eda declarado en bancarrota, la empresa sigue operando de manera clandestina.<\/b><\/p>\n<p><i>\u201cEsconden a la gente, deben infinidad porque tambi\u00e9n no est\u00e1n pagando impuesto\u201d,<\/i>\u00a0asever\u00f3.<\/p>\n<p>En su caso, mencion\u00f3 que<b>\u00a0ten\u00eda un salario de 550 pesos diarios, con 28 a\u00f1os de antig\u00fcedad,<\/b>\u00a0por lo que la liquidaci\u00f3n que hab\u00edan establecido con la empresa es de 60 mil pesos.<\/p>\n<p>&nbsp;<\/p>\n<div class=\"ece_incoming media \">\n<div class=\"teaser \">\n<div class=\"img-container picture\">\n<div id=\"standard_7\" class=\"st-placement standard_7 inImage\">\n<div class=\"st-adunit st-adunit-tagged st-reset st-show\"><\/div>\n<\/div>\n<p><img decoding=\"async\" class=\"media-object adaptive lazy\" title=\"Trabajadores 3.jpeg\" src=\"https:\/\/www.diariodequeretaro.com.mx\/incoming\/5137sg-trabajadores-3.jpeg\/alternates\/FREE_720\/Trabajadores%203.jpeg\" alt=\"\" data-variant=\"FREE\" data-src-template=\"https:\/\/www.diariodequeretaro.com.mx\/incoming\/5137sg-trabajadores-3.jpeg\/BINARY\/thumbnail\/Trabajadores%203.jpeg\" data-proxy-image=\"\" data-proxy-width=\"\" data-original=\"https:\/\/www.diariodequeretaro.com.mx\/incoming\/5137sg-trabajadores-3.jpeg\/alternates\/FREE_720\/Trabajadores%203.jpeg\" data-selected-width=\"720\" \/><\/p>\n<div class=\"picture-caption \">\n<h4><span class=\"pic-credits\">Foto: Irais S\u00e1nchez \/ Diario de Quer\u00e9taro<\/span><\/h4>\n<\/div>\n<\/div>\n<\/div>\n<\/div>\n<p><i>\u201cY a\u00fan as\u00ed no nos quieren pagar, es un ejemplo m\u00edo y a los dem\u00e1s les fue peor porque tienen un salario m\u00e1s bajo, es nada lo que nos ofrecieron y ahora s\u00ed que lo recibimos porque nos dijeron eso o nada y hasta la fecha no nos han querido pagar\u201d<\/i>, refiri\u00f3.<\/p>\n<p>Asever\u00f3 que\u00a0<b>las autoridades laborales no han avanzando en el pago de las liquidaciones.<\/b><\/p>\n<p>Los trabajadores<b>\u00a0acudieron este jueves por segunda ocasi\u00f3n a tratar de ejecutar el embargo laboral de la empresa<\/b>, y aunque el due\u00f1o de la empresa estaba presente, sali\u00f3 por una de las puertas de la empresa antes que iniciar\u00e1 la diligencia.<\/p>\n<p><i>\u201cPor eso huye (el due\u00f1o) porque sabe que nosotros tenemos la raz\u00f3n, y sabe que es aberrante lo que est\u00e1 haciendo\u201d,<\/i>\u00a0asever\u00f3.<\/p>\n<p><a href=\"https:\/\/www.diariodequeretaro.com.mx\/local\/exigen-pago-de-liquidaciones-extrabajadores-de-ediciones-de-arte-nacional-12546911.html\" target=\"_blank\" rel=\"noopener\">https:\/\/www.diariodequeretaro.com.mx\/local\/exigen-pago-de-liquidaciones-extrabajadores-de-ediciones-de-arte-nacional-12546911.html<\/a><\/p>\n<\/div>\n<\/div>\n<\/div>\n<\/div>\n<\/div>\n<\/div>\n<\/div>\n","protected":false},"excerpt":{"rendered":"<p>Cecilia Conde \/ Diario de Quer\u00e9taro Fotos: Irais S\u00e1nchez \/ Diario de Quer\u00e9taro 12 de Septiembre del 2024 Luego de siete a\u00f1os, exigen su liquidaci\u00f3n Extrabajadores realizaron un embargo laboral &hellip; <a href=\"https:\/\/www.grieta.org.mx\/index.php\/2024\/09\/12\/extrabajadores-realizaron-un-embargo-laboral-y-una-manifestacion-despues-de-que-la-empresa-se-declaro-en-bancarrota-y-los-despidio-queretaro\/\" class=\"more-link\">Leer m\u00e1s<\/a><\/p>\n","protected":false},"author":2,"featured_media":69729,"comment_status":"closed","ping_status":"closed","sticky":false,"template":"","format":"standard","meta":{"ngg_post_thumbnail":0,"_jetpack_newsletter_access":"","_jetpack_dont_email_post_to_subs":false,"_jetpack_newsletter_tier_id":0,"_jetpack_memberships_contains_paywalled_content":false,"_jetpack_memberships_contains_paid_content":false,"footnotes":""},"categories":[80,2498,910,1510,2978,2,27,83],"tags":[2841],"class_list":["post-69728","post","type-post","status-publish","format-standard","has-post-thumbnail","hentry","category-cintillo","category-conflictos-laborales-en-queretaro","category-explotacion-y-precariedad-laboral","category-explotacion-y-precariedad-laboral-en-queretaro","category-movilizaciones-y-protestas-de-habitantes-en-queretaro","category-noticias-nacionales","category-queretaro","category-temas-nacionales","tag-explotacion-y-precariedad-laboral","entry"],"jetpack_featured_media_url":"https:\/\/www.grieta.org.mx\/wp-content\/uploads\/2024\/09\/Luego-de-siete-anos-exigen-su-liquidacion.jpeg","jetpack_sharing_enabled":true,"jetpack_shortlink":"https:\/\/wp.me\/p7ZJR4-i8E","jetpack_likes_enabled":false,"jetpack-related-posts":[{"id":50815,"url":"https:\/\/www.grieta.org.mx\/index.php\/2020\/06\/09\/enfermeras-y-doctores-exigen-mejores-insumos-medicos-queretaro\/","url_meta":{"origin":69728,"position":0},"title":"Enfermeras y Doctores exigen mejores insumos m\u00e9dicos (Quer\u00e9taro)","author":"grieta","date":"9 junio, 2020","format":false,"excerpt":"Foto: www.facebook.com\/InboxPolitico Inbox Pol\u00edtico Este martes se llevaron acabo dos manifestaciones -en la capital del Estado de Quer\u00e9taro- ambas integradas por personal m\u00e9dico. En la primera, Enfermeras del Hospital de Especialidades del Ni\u00f1o y la Mujer, en Plaza de Armas, exigieron insumos de calidad para atender a pacientes Covid. En\u2026","rel":"","context":"En &quot;CINTILLO&quot;","block_context":{"text":"CINTILLO","link":"https:\/\/www.grieta.org.mx\/index.php\/category\/cintillo\/"},"img":{"alt_text":"","src":"https:\/\/i0.wp.com\/www.grieta.org.mx\/wp-content\/uploads\/2020\/06\/Enfermeras-y-Doctores-exigen-mejores-insumos-m%C3%A9dicos-qro-jun.jpg?resize=350%2C200&ssl=1","width":350,"height":200,"srcset":"https:\/\/i0.wp.com\/www.grieta.org.mx\/wp-content\/uploads\/2020\/06\/Enfermeras-y-Doctores-exigen-mejores-insumos-m%C3%A9dicos-qro-jun.jpg?resize=350%2C200&ssl=1 1x, https:\/\/i0.wp.com\/www.grieta.org.mx\/wp-content\/uploads\/2020\/06\/Enfermeras-y-Doctores-exigen-mejores-insumos-m%C3%A9dicos-qro-jun.jpg?resize=525%2C300&ssl=1 1.5x, https:\/\/i0.wp.com\/www.grieta.org.mx\/wp-content\/uploads\/2020\/06\/Enfermeras-y-Doctores-exigen-mejores-insumos-m%C3%A9dicos-qro-jun.jpg?resize=700%2C400&ssl=1 2x"},"classes":[]},{"id":46651,"url":"https:\/\/www.grieta.org.mx\/index.php\/2020\/03\/23\/denuncian-acoso-a-artesanos-en-amealco-queretaro\/","url_meta":{"origin":69728,"position":1},"title":"Denuncian acoso a artesanos en Amealco (Quer\u00e9taro)","author":"grieta","date":"23 marzo, 2020","format":false,"excerpt":"Foto tomada de: www.alertaqronoticias.com Alerta Quer\u00e9taro Noticias Artesanos de Santiago Mexquititan, en Amealco, denunciaron la detenci\u00f3n y desalojo arbitrario, por parte de autoridades de ese municipio, este fin de semana, a consecuencia de su oposici\u00f3n a la propuesta de un tianguis. Narraron que el pasado s\u00e1bado a las 7 de\u2026","rel":"","context":"En &quot;Abuso policiaco y tortura en Quer\u00e9taro&quot;","block_context":{"text":"Abuso policiaco y tortura en Quer\u00e9taro","link":"https:\/\/www.grieta.org.mx\/index.php\/category\/noticias-nacionales\/queretaro\/abuso-policiaco-y-tortura-en-queretaro\/"},"img":{"alt_text":"","src":"https:\/\/i0.wp.com\/www.grieta.org.mx\/wp-content\/uploads\/2020\/03\/Denuncian-acoso-a-artesanos-en-Amealco-qro-mzo.jpg?resize=350%2C200&ssl=1","width":350,"height":200,"srcset":"https:\/\/i0.wp.com\/www.grieta.org.mx\/wp-content\/uploads\/2020\/03\/Denuncian-acoso-a-artesanos-en-Amealco-qro-mzo.jpg?resize=350%2C200&ssl=1 1x, https:\/\/i0.wp.com\/www.grieta.org.mx\/wp-content\/uploads\/2020\/03\/Denuncian-acoso-a-artesanos-en-Amealco-qro-mzo.jpg?resize=525%2C300&ssl=1 1.5x, https:\/\/i0.wp.com\/www.grieta.org.mx\/wp-content\/uploads\/2020\/03\/Denuncian-acoso-a-artesanos-en-Amealco-qro-mzo.jpg?resize=700%2C400&ssl=1 2x"},"classes":[]},{"id":36830,"url":"https:\/\/www.grieta.org.mx\/index.php\/2019\/07\/22\/personal-de-cbtis-en-queretaro-denuncia-acoso-laboral-y-poca-transparencia-queretaro\/","url_meta":{"origin":69728,"position":2},"title":"Personal de CBTis en Quer\u00e9taro denuncia acoso laboral y poca transparencia (Quer\u00e9taro)","author":"grieta","date":"22 julio, 2019","format":false,"excerpt":"Redacci\u00f3n\/Notimex Personal de la Unidad de Educaci\u00f3n Media Superior Tecnol\u00f3gica, Industrial y de Servicios (Uemstis) en Quer\u00e9taro, denunci\u00f3 autoritarismo, discriminaci\u00f3n y acoso laboral por parte de autoridades, luego de que revelaron posibles actos contrarios a la pol\u00edtica federal de transparencia. Mar\u00eda Elena Razo Hern\u00e1ndez, maestra del Centro de Bachillerato Tecnol\u00f3gico,\u2026","rel":"","context":"En &quot;CINTILLO&quot;","block_context":{"text":"CINTILLO","link":"https:\/\/www.grieta.org.mx\/index.php\/category\/cintillo\/"},"img":{"alt_text":"","src":"https:\/\/i0.wp.com\/www.grieta.org.mx\/wp-content\/uploads\/2019\/07\/CBETIS-18-ACOSO.jpg?resize=350%2C200&ssl=1","width":350,"height":200,"srcset":"https:\/\/i0.wp.com\/www.grieta.org.mx\/wp-content\/uploads\/2019\/07\/CBETIS-18-ACOSO.jpg?resize=350%2C200&ssl=1 1x, https:\/\/i0.wp.com\/www.grieta.org.mx\/wp-content\/uploads\/2019\/07\/CBETIS-18-ACOSO.jpg?resize=525%2C300&ssl=1 1.5x, https:\/\/i0.wp.com\/www.grieta.org.mx\/wp-content\/uploads\/2019\/07\/CBETIS-18-ACOSO.jpg?resize=700%2C400&ssl=1 2x"},"classes":[]},{"id":36835,"url":"https:\/\/www.grieta.org.mx\/index.php\/2019\/07\/22\/empresa-de-autoservicio-omite-seguro-social-queretaro\/","url_meta":{"origin":69728,"position":3},"title":"Empresa de autoservicio omite seguro social (Quer\u00e9taro)","author":"grieta","date":"22 julio, 2019","format":false,"excerpt":"Mercedes Rosales\/Diario de Quer\u00e9taro Gloria Cruz sufri\u00f3 un accidente mientras laboraba como jefa de tienda en una tienda de autoservicio; su trabajo implica cargar mercanc\u00eda y desplazarla, fue de esa manera, que cay\u00f3 de espaldas por un aceite derramado en el suelo. Sin embargo, al acudir al Instituto Mexicano del\u2026","rel":"","context":"En &quot;CINTILLO&quot;","block_context":{"text":"CINTILLO","link":"https:\/\/www.grieta.org.mx\/index.php\/category\/cintillo\/"},"img":{"alt_text":"","src":"https:\/\/i0.wp.com\/www.grieta.org.mx\/wp-content\/uploads\/2019\/07\/Tienda-de.jpg?resize=350%2C200&ssl=1","width":350,"height":200,"srcset":"https:\/\/i0.wp.com\/www.grieta.org.mx\/wp-content\/uploads\/2019\/07\/Tienda-de.jpg?resize=350%2C200&ssl=1 1x, https:\/\/i0.wp.com\/www.grieta.org.mx\/wp-content\/uploads\/2019\/07\/Tienda-de.jpg?resize=525%2C300&ssl=1 1.5x, https:\/\/i0.wp.com\/www.grieta.org.mx\/wp-content\/uploads\/2019\/07\/Tienda-de.jpg?resize=700%2C400&ssl=1 2x"},"classes":[]},{"id":42670,"url":"https:\/\/www.grieta.org.mx\/index.php\/2019\/12\/26\/trabajadores-del-seguro-popular-acusan-incertidumbre-juridica-laboral-queretaro\/","url_meta":{"origin":69728,"position":4},"title":"Trabajadores del Seguro Popular acusan incertidumbre jur\u00eddica laboral (Quer\u00e9taro)","author":"grieta","date":"26 diciembre, 2019","format":false,"excerpt":"Esmeralda Trueba \/ C\u00f3digo Quer\u00e9taro Los afectados dicen que no se les ha informado si se dar\u00e1 continuidad a sus servicios en el Insabi, o bien, si ser\u00e1n liquidados ante su despido y cierre laboral del Seguro Popular el pr\u00f3ximo 31 de diciembre Son 173 trabajadores del Seguro Popular a\u2026","rel":"","context":"En &quot;CINTILLO&quot;","block_context":{"text":"CINTILLO","link":"https:\/\/www.grieta.org.mx\/index.php\/category\/cintillo\/"},"img":{"alt_text":"","src":"https:\/\/i0.wp.com\/www.grieta.org.mx\/wp-content\/uploads\/2020\/01\/Trabajadores-del-Seguro-Popular-acusan-incertidumbre-jur%C3%ADdica-laboral-qro-ene.jpg?resize=350%2C200&ssl=1","width":350,"height":200,"srcset":"https:\/\/i0.wp.com\/www.grieta.org.mx\/wp-content\/uploads\/2020\/01\/Trabajadores-del-Seguro-Popular-acusan-incertidumbre-jur%C3%ADdica-laboral-qro-ene.jpg?resize=350%2C200&ssl=1 1x, https:\/\/i0.wp.com\/www.grieta.org.mx\/wp-content\/uploads\/2020\/01\/Trabajadores-del-Seguro-Popular-acusan-incertidumbre-jur%C3%ADdica-laboral-qro-ene.jpg?resize=525%2C300&ssl=1 1.5x, https:\/\/i0.wp.com\/www.grieta.org.mx\/wp-content\/uploads\/2020\/01\/Trabajadores-del-Seguro-Popular-acusan-incertidumbre-jur%C3%ADdica-laboral-qro-ene.jpg?resize=700%2C400&ssl=1 2x, https:\/\/i0.wp.com\/www.grieta.org.mx\/wp-content\/uploads\/2020\/01\/Trabajadores-del-Seguro-Popular-acusan-incertidumbre-jur%C3%ADdica-laboral-qro-ene.jpg?resize=1050%2C600&ssl=1 3x"},"classes":[]},{"id":49788,"url":"https:\/\/www.grieta.org.mx\/index.php\/2020\/05\/08\/la-aeroespacial-safran-despide-a-3-mil-empleados-en-mexico-queretaro\/","url_meta":{"origin":69728,"position":5},"title":"La aeroespacial Safran despide a 3 mil empleados en M\u00e9xico (Quer\u00e9taro)","author":"grieta","date":"8 mayo, 2020","format":false,"excerpt":"Trabajadores de Safran M\u00e9xico, en Quer\u00e9taro. Foto: Twitter @SafranMexico Proceso CIUDAD DE M\u00c9XICO (apro).- Debido a una crisis sin precedentes en la industria aeroespacial a causa de la pandemia de covid-19, tres mil empleados de la firma francesa Safran han sido despedidos en M\u00e9xico. \u201cEnfrentamos una fuerte ca\u00edda en los\u2026","rel":"","context":"En &quot;CINTILLO&quot;","block_context":{"text":"CINTILLO","link":"https:\/\/www.grieta.org.mx\/index.php\/category\/cintillo\/"},"img":{"alt_text":"","src":"https:\/\/i0.wp.com\/www.grieta.org.mx\/wp-content\/uploads\/2020\/05\/La-aeroespacial-Safran-despide-a-3-mil-empleados-en-M%C3%A9xico-qro-may.jpg?resize=350%2C200&ssl=1","width":350,"height":200,"srcset":"https:\/\/i0.wp.com\/www.grieta.org.mx\/wp-content\/uploads\/2020\/05\/La-aeroespacial-Safran-despide-a-3-mil-empleados-en-M%C3%A9xico-qro-may.jpg?resize=350%2C200&ssl=1 1x, https:\/\/i0.wp.com\/www.grieta.org.mx\/wp-content\/uploads\/2020\/05\/La-aeroespacial-Safran-despide-a-3-mil-empleados-en-M%C3%A9xico-qro-may.jpg?resize=525%2C300&ssl=1 1.5x, https:\/\/i0.wp.com\/www.grieta.org.mx\/wp-content\/uploads\/2020\/05\/La-aeroespacial-Safran-despide-a-3-mil-empleados-en-M%C3%A9xico-qro-may.jpg?resize=700%2C400&ssl=1 2x"},"classes":[]}],"_links":{"self":[{"href":"https:\/\/www.grieta.org.mx\/index.php\/wp-json\/wp\/v2\/posts\/69728","targetHints":{"allow":["GET"]}}],"collection":[{"href":"https:\/\/www.grieta.org.mx\/index.php\/wp-json\/wp\/v2\/posts"}],"about":[{"href":"https:\/\/www.grieta.org.mx\/index.php\/wp-json\/wp\/v2\/types\/post"}],"author":[{"embeddable":true,"href":"https:\/\/www.grieta.org.mx\/index.php\/wp-json\/wp\/v2\/users\/2"}],"replies":[{"embeddable":true,"href":"https:\/\/www.grieta.org.mx\/index.php\/wp-json\/wp\/v2\/comments?post=69728"}],"version-history":[{"count":1,"href":"https:\/\/www.grieta.org.mx\/index.php\/wp-json\/wp\/v2\/posts\/69728\/revisions"}],"predecessor-version":[{"id":69731,"href":"https:\/\/www.grieta.org.mx\/index.php\/wp-json\/wp\/v2\/posts\/69728\/revisions\/69731"}],"wp:featuredmedia":[{"embeddable":true,"href":"https:\/\/www.grieta.org.mx\/index.php\/wp-json\/wp\/v2\/media\/69729"}],"wp:attachment":[{"href":"https:\/\/www.grieta.org.mx\/index.php\/wp-json\/wp\/v2\/media?parent=69728"}],"wp:term":[{"taxonomy":"category","embeddable":true,"href":"https:\/\/www.grieta.org.mx\/index.php\/wp-json\/wp\/v2\/categories?post=69728"},{"taxonomy":"post_tag","embeddable":true,"href":"https:\/\/www.grieta.org.mx\/index.php\/wp-json\/wp\/v2\/tags?post=69728"}],"curies":[{"name":"wp","href":"https:\/\/api.w.org\/{rel}","templated":true}]}}