{"id":69710,"date":"2024-09-17T20:30:00","date_gmt":"2024-09-18T02:30:00","guid":{"rendered":"https:\/\/www.grieta.org.mx\/?p=69710"},"modified":"2024-11-11T18:40:32","modified_gmt":"2024-11-12T00:40:32","slug":"un-maraton-en-las-montanas-del-sureste-mexicano","status":"publish","type":"post","link":"https:\/\/www.grieta.org.mx\/index.php\/2024\/09\/17\/un-maraton-en-las-montanas-del-sureste-mexicano\/","title":{"rendered":"UN MARAT\u00d3N EN LAS MONTA\u00d1AS DEL SURESTE MEXICANO"},"content":{"rendered":"<p>UN MARAT\u00d3N EN LAS MONTA\u00d1AS DEL SURESTE MEXICANO.<\/p>\n<p>Septiembre del 2024.<\/p>\n<p>  Hace semanas, los grupos de j\u00f3venes zapatistas tuvieron reuniones para ver c\u00f3mo pod\u00edan promover el tema del com\u00fan entre ellos y con los j\u00f3venes partidistas.<\/p>\n<p>  Tuvieron entonces la idea de un marat\u00f3n (de 23 kil\u00f3metros) en caminos de terracer\u00eda con pendientes pronunciadas (es decir, \u201clomas\u201d -como les decimos ac\u00e1-).<\/p>\n<p>  En su plan se trataba de que no hubiera premios de beneficio personal entre los que ganaran.  En cambio, el objetivo era que el premio fuera una base productiva para empezar primero con los colectivos de sus pueblos.  De ah\u00ed el siguiente paso es que se puedan crear proyectos del com\u00fan, donde se involucren a los j\u00f3venes partidistas.<\/p>\n<p>  Los premios fueron entonces animales de pie de cr\u00eda de pelibuey y de animales de granja.  Aunque las parejas de pelibuey ser\u00edan para los primeros lugares, todas y todos los participantes tendr\u00edan la paga para comprar pollos e iniciar sus proyectos para granjas colectivas.  El GAL (Gobierno Aut\u00f3nomo Local) de cada pueblo, va a cuidar que se cumpla el compromiso y va a pedir informes.<\/p>\n<p>  Esto fue lo que me explicaron que har\u00edan y (son zapatistas pues), as\u00ed lo hicieron.<\/p>\n<p>  Eligieron la fecha del 16 de septiembre para as\u00ed celebrar el inicio de la guerra de independencia y el lugar que en ese proceso -y a lo largo de toda la historia de esta geograf\u00eda llamada \u201cM\u00e9xico\u201d-, tuvieron y tienen los pueblos originarios.<\/p>\n<p>  Seg\u00fan me cuentan los Tercios Compas de la zona (Nota: los \u201cTercios Compas\u201d son grupos de j\u00f3venes zapatistas que hacen el trabajo de medios de comunicaci\u00f3n: desde tomar videos, editarlos, hacer grabaciones, programas de radio y sonidistas; hasta \u201ccubrir\u201d lo que acontece en sus pueblos, regiones y zonas), el marat\u00f3n inici\u00f3 a las 3 de la ma\u00f1ana hora nacional (4 de la ma\u00f1ana hora zapatista suroriental), y, desde dos puntos de partida, converger\u00edan en el Puy (o \u201ccaracol\u201d) de Dolores Hidalgo.  Habr\u00eda categor\u00eda de \u201cj\u00f3venas\u201d y de j\u00f3venes, es decir, de mujeres y varones.<\/p>\n<p>  Aunque no hab\u00eda l\u00edmite de edad, se inscribieron unos 200 j\u00f3venes y \u201cj\u00f3venas\u201d zapatistas.  Su edad promedio andaba por debajo de los 20 a\u00f1os, pero la mayor\u00eda son jovencitas y jovencitos de entre 12 y 16 a\u00f1os.<\/p>\n<p>  Los grupos juveniles que no participan corriendo en el marat\u00f3n, se organizaron de modo que unos cubran la salida con consignas de animaci\u00f3n; otros de la llegada con porras y dianas; otros van en camiones anim\u00e1ndolos en el camino por si alguien se desmaya, y con m\u00fasica y palabras del com\u00fan a su paso por las comunidades; y otros se encargan de las pl\u00e1ticas sobre la independencia, la entrega de los premios a quienes participaron, y el baile del final.<\/p>\n<p>  Quienes llegaron primero lo hicieron unas 3 horas despu\u00e9s de la salida.  Pero la mayor\u00eda todav\u00eda estaba a un tercio o la mitad del camino.  Se consultaron entre quienes eran coordinadores sobre si ya se recog\u00eda y se trasladaba en los camiones a los faltantes.  Se acord\u00f3 que les fueron preguntando a quienes estaban en camino.<\/p>\n<p>  Seg\u00fan me cuentan, las compa\u00f1eras a las que se les ofreci\u00f3 que se subieran al cami\u00f3n, lo rechazaron respondiendo, palabras m\u00e1s, palabras menos, algo como \u201cClaro que no. De por s\u00ed vamos a llegar a donde hay que llegar, de repente dilata, pero vamos a llegar, aunque sea arrastr\u00e1ndonos\u201d.  Al saber de esa respuesta, los varones tuvieron que negarse tambi\u00e9n a ser \u201crescatados\u201d.<\/p>\n<p>  Y, en efecto, todas y todos fueron llegando.  En la noche bailaron.  Y as\u00ed fue como transcurri\u00f3 el festejo del 16 de septiembre\u2026 en las monta\u00f1as del Sureste Mexicano.<\/p>\n<p>Doy Fe.<\/p>\n<p>El Capit\u00e1n.<br \/>\nM\u00e9xico, septiembre del 2024.<\/p>\n<p>P.D. DE MORALEJA FRENTE A LA TORMENTA. \u2013 Hubo varones y compa\u00f1eras que mantuvieron el paso y el ritmo, y completaron el desaf\u00edo en los primeros lugares.  Los dem\u00e1s explicaban: \u201ces que se prepararon con tiempo porque ya sab\u00edan lo que iban a enfrentar\u201d.<\/p>\n<p>P.D. CHISMOSA DE AUTOGOL DE G\u00c9NERO. \u2013 El enviado especial zapatista en el lugar de los hechos me cuenta: \u201cLos varones llegaron a la meta y se derrumbaron agotados.  Con calambres y cubiertos de tierra, tirados en la explanada del caracol, s\u00f3lo escuchaban las consignas y la bulla.  Uno de los corredores confes\u00f3: \u201cuh compa, acaso estoy pensando de baile, ahorita me duele hasta la gorra\u201d.  En cambio, las compa\u00f1eras s\u00f3lo tomaron agua y preguntaron a qu\u00e9 hora iba a ser el baile.  Mientras un grupo de jovencitas re\u00eda y bromeaba entre s\u00ed sobre c\u00f3mo hab\u00edan terminado, una de ellas declar\u00f3: \u201cPreguntamos de la hora del baile para ver si alcanzamos a ba\u00f1arnos, o nos bailamos as\u00ed como estamos de por s\u00ed, que ya somos del color de la tierra\u201d.  Todas sonre\u00edan contentas.  Hab\u00edan completado 23 kil\u00f3metros de una ruta ingrata, en cuyas lomas hasta los veh\u00edculos automotores batallan.<\/p>\n<p>  Mmh, creo que esto no lo voy a poner.  Ser\u00eda reconocer que las compa\u00f1eras tienen m\u00e1s resistencia que los compa\u00f1eros, y la solidaridad de g\u00e9nero me impide hacerlo.  As\u00ed que borren esta parte.<\/p>\n<p>P.D. AL CHISME. \u2013 Y tal cual, a la hora que empez\u00f3 el baile, s\u00f3lo las j\u00f3venas levantaban el polvo al ritmo de las cumbias.  S\u00f3lo despu\u00e9s de un buen rato, y en lo que se llama \u201corgullo de g\u00e9nero\u201d, los varones se incorporaron.  Renqueando y haciendo muecas de dolor, pero sin perder la compostura, dec\u00edan: \u201cEstamos bien, es s\u00f3lo un nuevo modo de bailar que acabamos de inventar y que se llama \u201cCumbia de Esto te pasa por no prepararte para lo que viene\u201d.<\/p>\n<p>-*-<\/p>\n<p>  Ecos de un baile lejano y un teclado compiten con grillos desentonados.  Un chispazo y el olor de tabaco apenas delinean una figura en el dintel de la champa.  La noche es ya reina y se\u00f1ora en las monta\u00f1as del sureste mexicano.  Arriba la madrugada, con una nagua de estrellas y una luna de borde mellado como medalla en el pecho, mueve las caderas al ritmo de la \u201ccumbia del Com\u00fan\u201d.<\/p>\n<p>De nuevo doy fe.<br \/>\nEl Capit\u00e1n.<\/p>\n<div class=\"jetpack-video-wrapper\"><iframe loading=\"lazy\" title=\"Un marat\u00f3n en las monta\u00f1as del sureste mexicano\" src=\"https:\/\/player.vimeo.com\/video\/1010408418?dnt=1&amp;app_id=122963\" width=\"1024\" height=\"576\" frameborder=\"0\" allow=\"autoplay; fullscreen; picture-in-picture; clipboard-write\"><\/iframe><\/div>\n<p>Im\u00e1genes y videos grabados por Los tercios Compas<br \/>\nAudio \u00abEn la noche\u00bb, Amparanoia y Manu Chao <\/p>\n<p><a href=\"https:\/\/enlacezapatista.ezln.org.mx\/2024\/09\/17\/un-maraton-en-las-montanas-del-sureste-mexicano\/\" rel=\"noopener\" target=\"_blank\">https:\/\/enlacezapatista.ezln.org.mx\/2024\/09\/17\/un-maraton-en-las-montanas-del-sureste-mexicano\/<\/a><\/p>\n","protected":false},"excerpt":{"rendered":"<p>UN MARAT\u00d3N EN LAS MONTA\u00d1AS DEL SURESTE MEXICANO. Septiembre del 2024. Hace semanas, los grupos de j\u00f3venes zapatistas tuvieron reuniones para ver c\u00f3mo pod\u00edan promover el tema del com\u00fan entre &hellip; <a href=\"https:\/\/www.grieta.org.mx\/index.php\/2024\/09\/17\/un-maraton-en-las-montanas-del-sureste-mexicano\/\" class=\"more-link\">Leer m\u00e1s<\/a><\/p>\n","protected":false},"author":2,"featured_media":69711,"comment_status":"closed","ping_status":"closed","sticky":false,"template":"","format":"standard","meta":{"ngg_post_thumbnail":0,"_jetpack_newsletter_access":"","_jetpack_dont_email_post_to_subs":false,"_jetpack_newsletter_tier_id":0,"_jetpack_memberships_contains_paywalled_content":false,"_jetpack_memberships_contains_paid_content":false,"footnotes":""},"categories":[80,74,907,2,78],"tags":[2839,466],"class_list":["post-69710","post","type-post","status-publish","format-standard","has-post-thumbnail","hentry","category-cintillo","category-ezln","category-ezln-2","category-noticias-nacionales","category-palabras-del-ezln","tag-comunicados-ezln","tag-ezln","entry"],"jetpack_featured_media_url":"https:\/\/www.grieta.org.mx\/wp-content\/uploads\/2024\/09\/Screenshot-2024-09-17-at-20-29-04-Enlace-Zapatista.png","jetpack_sharing_enabled":true,"jetpack_shortlink":"https:\/\/wp.me\/p7ZJR4-i8m","jetpack_likes_enabled":false,"jetpack-related-posts":[{"id":68137,"url":"https:\/\/www.grieta.org.mx\/index.php\/2023\/11\/17\/onceava-parte-mientras-tanto-en-las-montanas-del-sureste-mexicano\/","url_meta":{"origin":69710,"position":0},"title":"Onceava Parte: Mientras tanto, en las monta\u00f1as del sureste mexicano\u2026","author":"grieta","date":"17 noviembre, 2023","format":false,"excerpt":"Producido por Los Tercios Compas. Monta\u00f1as del Sureste Mexicano. Copyleft noviembre del 2023 With a Little Help from My Friends, Lennon y McCartney. Versi\u00f3n de Joe Cocker \u00a0 https:\/\/enlacezapatista.ezln.org.mx\/2023\/11\/17\/mientras-tanto-en-las-montanas-del-sureste-mexicano\/ \u00a0","rel":"","context":"En &quot;CINTILLO&quot;","block_context":{"text":"CINTILLO","link":"https:\/\/www.grieta.org.mx\/index.php\/category\/cintillo\/"},"img":{"alt_text":"","src":"https:\/\/i0.wp.com\/www.grieta.org.mx\/wp-content\/uploads\/2023\/11\/Captura-de-pantalla-2023-11-17-082029.png?resize=350%2C200&ssl=1","width":350,"height":200,"srcset":"https:\/\/i0.wp.com\/www.grieta.org.mx\/wp-content\/uploads\/2023\/11\/Captura-de-pantalla-2023-11-17-082029.png?resize=350%2C200&ssl=1 1x, https:\/\/i0.wp.com\/www.grieta.org.mx\/wp-content\/uploads\/2023\/11\/Captura-de-pantalla-2023-11-17-082029.png?resize=525%2C300&ssl=1 1.5x, https:\/\/i0.wp.com\/www.grieta.org.mx\/wp-content\/uploads\/2023\/11\/Captura-de-pantalla-2023-11-17-082029.png?resize=700%2C400&ssl=1 2x"},"classes":[]},{"id":38543,"url":"https:\/\/www.grieta.org.mx\/index.php\/2019\/08\/31\/imagenes-de-la-ruptura-del-cerco-i\/","url_meta":{"origin":69710,"position":1},"title":"IM\u00c1GENES DE LA RUPTURA DEL CERCO I","author":"grieta","date":"31 agosto, 2019","format":false,"excerpt":"IM\u00c1GENES DE LA RUPTURA DEL CERCO I AGOSTO DEL 2019. Desde las monta\u00f1as del Sureste Mexicano. Los Tercios Compas. Comisi\u00f3n Sexta del EZLN. Agosto del 2019.","rel":"","context":"En &quot;CINTILLO&quot;","block_context":{"text":"CINTILLO","link":"https:\/\/www.grieta.org.mx\/index.php\/category\/cintillo\/"},"img":{"alt_text":"","src":"https:\/\/i0.wp.com\/www.grieta.org.mx\/wp-content\/uploads\/2019\/08\/proxy.duckduckgo.com_-1.jpg?resize=350%2C200&ssl=1","width":350,"height":200,"srcset":"https:\/\/i0.wp.com\/www.grieta.org.mx\/wp-content\/uploads\/2019\/08\/proxy.duckduckgo.com_-1.jpg?resize=350%2C200&ssl=1 1x, https:\/\/i0.wp.com\/www.grieta.org.mx\/wp-content\/uploads\/2019\/08\/proxy.duckduckgo.com_-1.jpg?resize=525%2C300&ssl=1 1.5x, https:\/\/i0.wp.com\/www.grieta.org.mx\/wp-content\/uploads\/2019\/08\/proxy.duckduckgo.com_-1.jpg?resize=700%2C400&ssl=1 2x"},"classes":[]},{"id":71575,"url":"https:\/\/www.grieta.org.mx\/index.php\/2025\/04\/10\/mientras-tanto-en-algun-lugar-de-las-montanas-del-sureste-mexicano\/","url_meta":{"origin":69710,"position":2},"title":"MIENTRAS TANTO, EN ALG\u00daN LUGAR DE LAS MONTA\u00d1AS DEL SURESTE MEXICANO\u2026","author":"grieta","date":"10 abril, 2025","format":false,"excerpt":"MIENTRAS TANTO, EN ALG\u00daN LUGAR DE LAS MONTA\u00d1AS DEL SURESTE MEXICANO\u2026 \u00a0 \u00a0 La rola \u201cReina de Cumbias\u201d es de \u201cEl Ca\u00f1\u00f3n del Sonidero\u201d, un grupo de musicales que vendr\u00e1n y nos pondr\u00e1n a sacarle lustre a la cancha con cumbias y cumbias rebajadas. Las im\u00e1genes son de los Tercios\u2026","rel":"","context":"En &quot;CINTILLO&quot;","block_context":{"text":"CINTILLO","link":"https:\/\/www.grieta.org.mx\/index.php\/category\/cintillo\/"},"img":{"alt_text":"","src":"https:\/\/i0.wp.com\/www.grieta.org.mx\/wp-content\/uploads\/2025\/04\/cintillo24.png?resize=350%2C200&ssl=1","width":350,"height":200,"srcset":"https:\/\/i0.wp.com\/www.grieta.org.mx\/wp-content\/uploads\/2025\/04\/cintillo24.png?resize=350%2C200&ssl=1 1x, https:\/\/i0.wp.com\/www.grieta.org.mx\/wp-content\/uploads\/2025\/04\/cintillo24.png?resize=525%2C300&ssl=1 1.5x, https:\/\/i0.wp.com\/www.grieta.org.mx\/wp-content\/uploads\/2025\/04\/cintillo24.png?resize=700%2C400&ssl=1 2x"},"classes":[]},{"id":58949,"url":"https:\/\/www.grieta.org.mx\/index.php\/2021\/04\/24\/y-mientras-tanto-en-la-selva-lacandona-tercis-compas\/","url_meta":{"origin":69710,"position":3},"title":"\u201cY MIENTRAS TANTO, EN LA SELVA LACANDONA\u2026\u201d (Terci@s Compas).","author":"Admin","date":"24 abril, 2021","format":false,"excerpt":"\u201cY MIENTRAS TANTO, EN LA SELVA LACANDONA\u2026\u201d (Terci@s Compas). Fragmentos visuales de la despedida de las delegaciones zapatistas en algunas comunidades ind\u00edgenas zapatistas, a orillas de los r\u00edos Jatat\u00e9, Tzaconej\u00e1 y Colorado, monta\u00f1as del sureste mexicano, Chiapas, M\u00e9xico, Am\u00e9rica, Latinoam\u00e9rica, planeta Tierra. M\u00fasica en la parte de las balsas: La\u2026","rel":"","context":"En &quot;CINTILLO&quot;","block_context":{"text":"CINTILLO","link":"https:\/\/www.grieta.org.mx\/index.php\/category\/cintillo\/"},"img":{"alt_text":"","src":"https:\/\/i0.wp.com\/www.grieta.org.mx\/wp-content\/uploads\/2021\/04\/Screenshot_2021-04-24-Enlace-Zapatista.jpg?resize=350%2C200&ssl=1","width":350,"height":200,"srcset":"https:\/\/i0.wp.com\/www.grieta.org.mx\/wp-content\/uploads\/2021\/04\/Screenshot_2021-04-24-Enlace-Zapatista.jpg?resize=350%2C200&ssl=1 1x, https:\/\/i0.wp.com\/www.grieta.org.mx\/wp-content\/uploads\/2021\/04\/Screenshot_2021-04-24-Enlace-Zapatista.jpg?resize=525%2C300&ssl=1 1.5x, https:\/\/i0.wp.com\/www.grieta.org.mx\/wp-content\/uploads\/2021\/04\/Screenshot_2021-04-24-Enlace-Zapatista.jpg?resize=700%2C400&ssl=1 2x, https:\/\/i0.wp.com\/www.grieta.org.mx\/wp-content\/uploads\/2021\/04\/Screenshot_2021-04-24-Enlace-Zapatista.jpg?resize=1050%2C600&ssl=1 3x"},"classes":[]},{"id":70633,"url":"https:\/\/www.grieta.org.mx\/index.php\/2024\/12\/03\/programa-de-la-primera-sesion-de-los-encuentros-internacionales-de-resistencias-y-rebeldias-mesas-y-ponentes\/","url_meta":{"origin":69710,"position":4},"title":"PROGRAMA DE LA PRIMERA SESI\u00d3N DE LOS ENCUENTROS INTERNACIONALES DE RESISTENCIAS Y REBELD\u00cdAS.  Mesas y Ponentes.","author":"grieta","date":"3 diciembre, 2024","format":false,"excerpt":"PROGRAMA DE LA PRIMERA SESI\u00d3N DE LOS ENCUENTROS INTERNACIONALES DE RESISTENCIAS Y REBELD\u00cdAS. Mesas y Ponentes. Aqu\u00ed les ponemos el programa de participaciones: S\u00e1bado 28 de diciembre del 2024. Sede Cideci-Unitierra. SCLC, Chiapas, M\u00e9xico. Mesa I: La tormenta: el crimen, el verdugo y las v\u00edctimas. Participan: Jorge Alonso, John Holloway,\u2026","rel":"","context":"En &quot;CINTILLO&quot;","block_context":{"text":"CINTILLO","link":"https:\/\/www.grieta.org.mx\/index.php\/category\/cintillo\/"},"img":{"alt_text":"","src":"https:\/\/i0.wp.com\/www.grieta.org.mx\/wp-content\/uploads\/2024\/12\/Screenshot-2024-12-03-at-17-09-14-Enlace-Zapatista.png?resize=350%2C200&ssl=1","width":350,"height":200,"srcset":"https:\/\/i0.wp.com\/www.grieta.org.mx\/wp-content\/uploads\/2024\/12\/Screenshot-2024-12-03-at-17-09-14-Enlace-Zapatista.png?resize=350%2C200&ssl=1 1x, https:\/\/i0.wp.com\/www.grieta.org.mx\/wp-content\/uploads\/2024\/12\/Screenshot-2024-12-03-at-17-09-14-Enlace-Zapatista.png?resize=525%2C300&ssl=1 1.5x, https:\/\/i0.wp.com\/www.grieta.org.mx\/wp-content\/uploads\/2024\/12\/Screenshot-2024-12-03-at-17-09-14-Enlace-Zapatista.png?resize=700%2C400&ssl=1 2x, https:\/\/i0.wp.com\/www.grieta.org.mx\/wp-content\/uploads\/2024\/12\/Screenshot-2024-12-03-at-17-09-14-Enlace-Zapatista.png?resize=1050%2C600&ssl=1 3x"},"classes":[]},{"id":70584,"url":"https:\/\/www.grieta.org.mx\/index.php\/2024\/12\/01\/encuentros-internacionales-de-rebeldias-y-resistencias-2024-2025-fechas-y-sedes-de-la-primera-sesion-diciembre-2024-a-enero-2025\/","url_meta":{"origin":69710,"position":5},"title":"Encuentros Internacionales de Rebeld\u00edas y Resistencias 2024-2025. FECHAS Y SEDES DE LA PRIMERA SESI\u00d3N DICIEMBRE 2024 a ENERO 2025","author":"grieta","date":"1 diciembre, 2024","format":false,"excerpt":"Encuentros Internacionales de Rebeld\u00edas y Resistencias 2024-2025. FECHAS Y SEDES DE LA PRIMERA SESI\u00d3N DICIEMBRE 2024 a ENERO 2025 A todas las personas, grupos, colectivos, organizaciones, movimientos y pueblos originarios que han suscrito la llamada Declaraci\u00f3n por la Vida: A continuaci\u00f3n, les decimos las fechas y las sedes para la\u2026","rel":"","context":"En &quot;CINTILLO&quot;","block_context":{"text":"CINTILLO","link":"https:\/\/www.grieta.org.mx\/index.php\/category\/cintillo\/"},"img":{"alt_text":"","src":"https:\/\/i0.wp.com\/www.grieta.org.mx\/wp-content\/uploads\/2024\/12\/encuentro.jpg?resize=350%2C200&ssl=1","width":350,"height":200,"srcset":"https:\/\/i0.wp.com\/www.grieta.org.mx\/wp-content\/uploads\/2024\/12\/encuentro.jpg?resize=350%2C200&ssl=1 1x, https:\/\/i0.wp.com\/www.grieta.org.mx\/wp-content\/uploads\/2024\/12\/encuentro.jpg?resize=525%2C300&ssl=1 1.5x, https:\/\/i0.wp.com\/www.grieta.org.mx\/wp-content\/uploads\/2024\/12\/encuentro.jpg?resize=700%2C400&ssl=1 2x"},"classes":[]}],"_links":{"self":[{"href":"https:\/\/www.grieta.org.mx\/index.php\/wp-json\/wp\/v2\/posts\/69710","targetHints":{"allow":["GET"]}}],"collection":[{"href":"https:\/\/www.grieta.org.mx\/index.php\/wp-json\/wp\/v2\/posts"}],"about":[{"href":"https:\/\/www.grieta.org.mx\/index.php\/wp-json\/wp\/v2\/types\/post"}],"author":[{"embeddable":true,"href":"https:\/\/www.grieta.org.mx\/index.php\/wp-json\/wp\/v2\/users\/2"}],"replies":[{"embeddable":true,"href":"https:\/\/www.grieta.org.mx\/index.php\/wp-json\/wp\/v2\/comments?post=69710"}],"version-history":[{"count":1,"href":"https:\/\/www.grieta.org.mx\/index.php\/wp-json\/wp\/v2\/posts\/69710\/revisions"}],"predecessor-version":[{"id":70455,"href":"https:\/\/www.grieta.org.mx\/index.php\/wp-json\/wp\/v2\/posts\/69710\/revisions\/70455"}],"wp:featuredmedia":[{"embeddable":true,"href":"https:\/\/www.grieta.org.mx\/index.php\/wp-json\/wp\/v2\/media\/69711"}],"wp:attachment":[{"href":"https:\/\/www.grieta.org.mx\/index.php\/wp-json\/wp\/v2\/media?parent=69710"}],"wp:term":[{"taxonomy":"category","embeddable":true,"href":"https:\/\/www.grieta.org.mx\/index.php\/wp-json\/wp\/v2\/categories?post=69710"},{"taxonomy":"post_tag","embeddable":true,"href":"https:\/\/www.grieta.org.mx\/index.php\/wp-json\/wp\/v2\/tags?post=69710"}],"curies":[{"name":"wp","href":"https:\/\/api.w.org\/{rel}","templated":true}]}}