{"id":69703,"date":"2024-09-11T07:04:44","date_gmt":"2024-09-11T13:04:44","guid":{"rendered":"https:\/\/www.grieta.org.mx\/?p=69703"},"modified":"2024-09-16T17:11:30","modified_gmt":"2024-09-16T23:11:30","slug":"ietram-les-quita-su-hogar-a-adultos-mayores-yucatan","status":"publish","type":"post","link":"https:\/\/www.grieta.org.mx\/index.php\/2024\/09\/11\/ietram-les-quita-su-hogar-a-adultos-mayores-yucatan\/","title":{"rendered":"Ietram les quita su hogar a adultos mayores (Yucat\u00e1n)"},"content":{"rendered":"<p>Claudia V. Arriaga Dur\u00e1n\/ Sol Yucat\u00e1n<\/p>\n<p>Tom\u00e1s Garrido y su esposa, Margarita L\u00f3pez, dos personas adultas mayores, se pararon con lonas frente al Ie-Tram para protestar por la indefensi\u00f3n en las que los dej\u00f3 el gobierno estatal.  El 22 de febrero de 2023, firmaron un convenio para ser reubicados de su hogar por el proyecto vial. Hasta el d\u00eda de hoy no se cumpli\u00f3.<\/p>\n<p>Les pidieron desalojar su hogar, ubicado en las inmediaciones de la T1, en la calle 30 del rumbo del F\u00e9nix en M\u00e9rida, para darle paso a este nuevo sistema de transporte.<\/p>\n<p>La pareja reclam\u00f3 el abuso de confianza por parte de las autoridades que acudieron a su domicilio para convencerlos de firmar.<\/p>\n<p>\u201cFirmamos un convenio y una minuta \u00bfpara qu\u00e9 lo hac\u00edan si saben que no lo cumplir\u00e1n? Espero me repongan el tinglado y las escrituras de la casa en la que me reubicaron\u201d, coment\u00f3 en entrevista Tom\u00e1s Garrido.<\/p>\n<p>Recordaron que la madrugada del 2 de febrero de ese mismo a\u00f1o, acudieron funcionarios del gabinete del Gobierno del Estado.  El acuerdo fue con el director del Instituto de Infraestructura Carretera de Yucat\u00e1n (INCAY), Sergio Chan Lugo y el titular del Instituto de Movilidad y Desarrollo y el de Urbano Territorial (IMDUT), Rafael Hern\u00e1ndez Kotasek.<\/p>\n<p>En una primera instancia, el acercamiento fue poco amable, ya que pensaron que no ten\u00edan la posesi\u00f3n del predio. As\u00ed que solo les dieron dos d\u00edas para empacar y desalojar. Tras percatarse que no era as\u00ed, le ofrecieron una nueva casa y rehacer el tinglado que destruyeron.<\/p>\n<p>Adem\u00e1s, el despojo de la propiedad ocurri\u00f3 en dos momentos. Primero le dijeron que s\u00f3lo necesitar\u00eda 60 metros cuadrados. Los que finalmente, resultaron 160. En esa \u00fanica ocasi\u00f3n, Tom\u00e1s recibi\u00f3 una compensaci\u00f3n econ\u00f3mica.<\/p>\n<p>\u201cTengo que ir al IMDUT pasando hambre y sed, tengo que caminar porque a veces no tengo para el taxi, solo porque el gobernador est\u00e1 en su buena casa y piensa que as\u00ed estamos todo el pueblo. Yo soy una mujer henequenera, vengo de la hacienda\u201d, reclam\u00f3 Margarita L\u00f3pez.<\/p>\n<p><a href=\"https:\/\/solyucatan.mx\/ietram-les-quita-su-hogar-a-adultos-mayores\/\" rel=\"noopener\" target=\"_blank\">https:\/\/solyucatan.mx\/ietram-les-quita-su-hogar-a-adultos-mayores\/<\/a><\/p>\n","protected":false},"excerpt":{"rendered":"<p>Claudia V. Arriaga Dur\u00e1n\/ Sol Yucat\u00e1n Tom\u00e1s Garrido y su esposa, Margarita L\u00f3pez, dos personas adultas mayores, se pararon con lonas frente al Ie-Tram para protestar por la indefensi\u00f3n en &hellip; <a href=\"https:\/\/www.grieta.org.mx\/index.php\/2024\/09\/11\/ietram-les-quita-su-hogar-a-adultos-mayores-yucatan\/\" class=\"more-link\">Leer m\u00e1s<\/a><\/p>\n","protected":false},"author":2,"featured_media":69704,"comment_status":"closed","ping_status":"closed","sticky":false,"template":"","format":"standard","meta":{"ngg_post_thumbnail":0,"_jetpack_newsletter_access":"","_jetpack_dont_email_post_to_subs":false,"_jetpack_newsletter_tier_id":0,"_jetpack_memberships_contains_paywalled_content":false,"_jetpack_memberships_contains_paid_content":false,"footnotes":""},"categories":[2789,80,2,36],"tags":[324,2954,2727],"class_list":["post-69703","post","type-post","status-publish","format-standard","has-post-thumbnail","hentry","category-abuso-autoridades-en-yucatan","category-cintillo","category-noticias-nacionales","category-yucatan","tag-abuso-de-autoridad","tag-abusos-contra-ancianos","tag-despojo-de-vivienda","entry"],"jetpack_featured_media_url":"https:\/\/www.grieta.org.mx\/wp-content\/uploads\/2024\/09\/Ietram-e1726528101756.jpg","jetpack_sharing_enabled":true,"jetpack_shortlink":"https:\/\/wp.me\/p7ZJR4-i8f","jetpack_likes_enabled":false,"jetpack-related-posts":[{"id":60444,"url":"https:\/\/www.grieta.org.mx\/index.php\/2021\/07\/10\/policias-detienen-arbitrariamente-a-estudiantes-en-merida-yucatan\/","url_meta":{"origin":69703,"position":0},"title":"Polic\u00edas detienen arbitrariamente a estudiantes en M\u00e9rida (Yucat\u00e1n)","author":"grieta","date":"10 julio, 2021","format":false,"excerpt":"Por Herbeth Escalante \/ Haz Ruido Familiares lamentaron que los agentes sigan deteniendo a los j\u00f3venes por su forma de vestir o por su situaci\u00f3n econ\u00f3mica precaria. M\u00e9rida, Yucat\u00e1n, 10 de julio de 2021.-Elementos de la Secretar\u00eda de Seguridad P\u00fablica (SSP) detuvieron de forma arbitraria a dos j\u00f3venes estudiantes y\u2026","rel":"","context":"En &quot;Abuso Autoridades en Yucat\u00e1n&quot;","block_context":{"text":"Abuso Autoridades en Yucat\u00e1n","link":"https:\/\/www.grieta.org.mx\/index.php\/category\/noticias-nacionales\/yucatan\/abuso-autoridades-en-yucatan\/"},"img":{"alt_text":"","src":"https:\/\/i0.wp.com\/www.grieta.org.mx\/wp-content\/uploads\/2021\/07\/PoliciasMerida.png?resize=350%2C200&ssl=1","width":350,"height":200,"srcset":"https:\/\/i0.wp.com\/www.grieta.org.mx\/wp-content\/uploads\/2021\/07\/PoliciasMerida.png?resize=350%2C200&ssl=1 1x, https:\/\/i0.wp.com\/www.grieta.org.mx\/wp-content\/uploads\/2021\/07\/PoliciasMerida.png?resize=525%2C300&ssl=1 1.5x, https:\/\/i0.wp.com\/www.grieta.org.mx\/wp-content\/uploads\/2021\/07\/PoliciasMerida.png?resize=700%2C400&ssl=1 2x"},"classes":[]},{"id":66061,"url":"https:\/\/www.grieta.org.mx\/index.php\/2023\/01\/09\/acusan-al-alcalde-de-tekax-de-abuso-de-poder-por-cortarles-la-electricidad-a-tianguis-municipal-para-obligarlos-a-cerrar-yucatan\/","url_meta":{"origin":69703,"position":1},"title":"Acusan al alcalde de Tekax de abuso de poder por cortarles la electricidad a tianguis municipal para obligarlos a cerrar (Yucat\u00e1n)","author":"grieta","date":"9 enero, 2023","format":false,"excerpt":"Itzel Chan \/ Noticaribe M\u00c9RIDA, MX.- Trabajadoras del tianguis con m\u00e1s de 35 a\u00f1os de antig\u00fcedad del municipio de Tekax, acudieron al Palacio de Gobierno de Yucat\u00e1n para denunciar al alcalde Diego \u00c1vila Romero de abuso de poder, ya que les ha interrumpido el servicio de energ\u00eda el\u00e9ctrica, entre otras\u2026","rel":"","context":"En &quot;Abuso Autoridades en Yucat\u00e1n&quot;","block_context":{"text":"Abuso Autoridades en Yucat\u00e1n","link":"https:\/\/www.grieta.org.mx\/index.php\/category\/noticias-nacionales\/yucatan\/abuso-autoridades-en-yucatan\/"},"img":{"alt_text":"","src":"https:\/\/i0.wp.com\/www.grieta.org.mx\/wp-content\/uploads\/2023\/01\/Tianguis-e1673731316303.jpg?resize=350%2C200&ssl=1","width":350,"height":200,"srcset":"https:\/\/i0.wp.com\/www.grieta.org.mx\/wp-content\/uploads\/2023\/01\/Tianguis-e1673731316303.jpg?resize=350%2C200&ssl=1 1x, https:\/\/i0.wp.com\/www.grieta.org.mx\/wp-content\/uploads\/2023\/01\/Tianguis-e1673731316303.jpg?resize=525%2C300&ssl=1 1.5x, https:\/\/i0.wp.com\/www.grieta.org.mx\/wp-content\/uploads\/2023\/01\/Tianguis-e1673731316303.jpg?resize=700%2C400&ssl=1 2x"},"classes":[]},{"id":45749,"url":"https:\/\/www.grieta.org.mx\/index.php\/2020\/03\/03\/detenido-en-yucatan-murio-ahogado-con-su-propia-sangre-al-ser-torturado-por-policias-revela-necropsia\/","url_meta":{"origin":69703,"position":2},"title":"Detenido en Yucat\u00e1n muri\u00f3 ahogado con su propia sangre al ser torturado por polic\u00edas, revela necropsia","author":"grieta","date":"3 marzo, 2020","format":false,"excerpt":"J\u00e9ssica Garc\u00eda \/ Noticaribe M\u00c9RIDA, MX.- Sobre el hombre que muri\u00f3 dentro de una patrulla de la Secretar\u00eda de Seguridad P\u00fablica (SSP) de Yucat\u00e1n, la necropsia contratada por sus familiares revel\u00f3 que muri\u00f3 ahogado en su propia sangre, presuntamente tras ser torturado por polic\u00edas, mientras que la Fiscal\u00eda General del\u2026","rel":"","context":"En &quot;Abuso Autoridades en Yucat\u00e1n&quot;","block_context":{"text":"Abuso Autoridades en Yucat\u00e1n","link":"https:\/\/www.grieta.org.mx\/index.php\/category\/noticias-nacionales\/yucatan\/abuso-autoridades-en-yucatan\/"},"img":{"alt_text":"","src":"https:\/\/i0.wp.com\/www.grieta.org.mx\/wp-content\/uploads\/2020\/03\/AbusoPoliciaco-e1583535348565.png?resize=350%2C200&ssl=1","width":350,"height":200,"srcset":"https:\/\/i0.wp.com\/www.grieta.org.mx\/wp-content\/uploads\/2020\/03\/AbusoPoliciaco-e1583535348565.png?resize=350%2C200&ssl=1 1x, https:\/\/i0.wp.com\/www.grieta.org.mx\/wp-content\/uploads\/2020\/03\/AbusoPoliciaco-e1583535348565.png?resize=525%2C300&ssl=1 1.5x, https:\/\/i0.wp.com\/www.grieta.org.mx\/wp-content\/uploads\/2020\/03\/AbusoPoliciaco-e1583535348565.png?resize=700%2C400&ssl=1 2x"},"classes":[]},{"id":61366,"url":"https:\/\/www.grieta.org.mx\/index.php\/2021\/08\/29\/jovenes-se-manifiestan-contra-el-abuso-policiaco-en-el-centro-de-merida-yucatan\/","url_meta":{"origin":69703,"position":3},"title":"J\u00f3venes se manifiestan contra el abuso policiaco en el Centro de M\u00e9rida (Yucat\u00e1n)","author":"grieta","date":"29 agosto, 2021","format":false,"excerpt":"Jes\u00fas C\u00e1mara \/ PorEsto! Un grupo de j\u00f3venes pertenecientes a la agrupaci\u00f3n Sureste en Resistencia, realizaron una manifestaci\u00f3n de micr\u00f3fono en la Plaza Grande en el Centro de M\u00e9rida, para denunciar distintos casos de abuso policiaco por parte de la Polic\u00eda Estatal y Municipal de M\u00e9rida y otras localidades. Frente\u2026","rel":"","context":"En &quot;Abuso Autoridades en Yucat\u00e1n&quot;","block_context":{"text":"Abuso Autoridades en Yucat\u00e1n","link":"https:\/\/www.grieta.org.mx\/index.php\/category\/noticias-nacionales\/yucatan\/abuso-autoridades-en-yucatan\/"},"img":{"alt_text":"","src":"https:\/\/i0.wp.com\/www.grieta.org.mx\/wp-content\/uploads\/2021\/08\/ProtestaJovenes-e1630267522216.png?resize=350%2C200&ssl=1","width":350,"height":200,"srcset":"https:\/\/i0.wp.com\/www.grieta.org.mx\/wp-content\/uploads\/2021\/08\/ProtestaJovenes-e1630267522216.png?resize=350%2C200&ssl=1 1x, https:\/\/i0.wp.com\/www.grieta.org.mx\/wp-content\/uploads\/2021\/08\/ProtestaJovenes-e1630267522216.png?resize=525%2C300&ssl=1 1.5x, https:\/\/i0.wp.com\/www.grieta.org.mx\/wp-content\/uploads\/2021\/08\/ProtestaJovenes-e1630267522216.png?resize=700%2C400&ssl=1 2x"},"classes":[]},{"id":72210,"url":"https:\/\/www.grieta.org.mx\/index.php\/2025\/08\/21\/incendian-palacio-municipal-de-tzucacab-por-muerte-de-un-detenido-yucatan\/","url_meta":{"origin":69703,"position":4},"title":"Incendian Palacio Municipal de Tzucacab por muerte de un detenido (Yucat\u00e1n)","author":"grieta","date":"21 agosto, 2025","format":false,"excerpt":"Herbeth Escalante \/ Haz Ruido La protesta se sali\u00f3 de control y los habitantes provocaron da\u00f1os en el edificio del Ayuntamiento. Culpan a los polic\u00edas municipales de la muerte de un hombre en la c\u00e1rcel p\u00fablica Tzucacab, Yucat\u00e1n, 21 de agosto. \u2013 Enojados por el fallecimiento de un joven en\u2026","rel":"","context":"En &quot;Abuso Autoridades en Yucat\u00e1n&quot;","block_context":{"text":"Abuso Autoridades en Yucat\u00e1n","link":"https:\/\/www.grieta.org.mx\/index.php\/category\/noticias-nacionales\/yucatan\/abuso-autoridades-en-yucatan\/"},"img":{"alt_text":"","src":"https:\/\/i0.wp.com\/www.grieta.org.mx\/wp-content\/uploads\/2025\/08\/Tzucacab-e1755885660234.jpg?resize=350%2C200&ssl=1","width":350,"height":200,"srcset":"https:\/\/i0.wp.com\/www.grieta.org.mx\/wp-content\/uploads\/2025\/08\/Tzucacab-e1755885660234.jpg?resize=350%2C200&ssl=1 1x, https:\/\/i0.wp.com\/www.grieta.org.mx\/wp-content\/uploads\/2025\/08\/Tzucacab-e1755885660234.jpg?resize=525%2C300&ssl=1 1.5x, https:\/\/i0.wp.com\/www.grieta.org.mx\/wp-content\/uploads\/2025\/08\/Tzucacab-e1755885660234.jpg?resize=700%2C400&ssl=1 2x"},"classes":[]},{"id":53139,"url":"https:\/\/www.grieta.org.mx\/index.php\/2020\/09\/03\/denuncian-que-policias-de-yucatan-dan-golpizas-a-aquellos-que-caen-en-la-carcel\/","url_meta":{"origin":69703,"position":5},"title":"Denuncian que polic\u00edas de Yucat\u00e1n dan golpizas a aquellos que caen en la c\u00e1rcel","author":"grieta","date":"3 septiembre, 2020","format":false,"excerpt":"La Verdad Una vez m\u00e1s polic\u00edas de Yucat\u00e1n son acusados de abuso policial; en Hoct\u00fan, dan golpizas a aquellos que entran a la c\u00e1rcel. De acuerdo con vecinos del municipio de Hoct\u00fan, los polic\u00edas de esta comunidad de Yucat\u00e1n ejercen abuso de poder en contra de aquellas personas que caen\u2026","rel":"","context":"En &quot;Abuso Autoridades en Yucat\u00e1n&quot;","block_context":{"text":"Abuso Autoridades en Yucat\u00e1n","link":"https:\/\/www.grieta.org.mx\/index.php\/category\/noticias-nacionales\/yucatan\/abuso-autoridades-en-yucatan\/"},"img":{"alt_text":"","src":"https:\/\/i0.wp.com\/www.grieta.org.mx\/wp-content\/uploads\/2020\/09\/yucatan_policias_abuso_policial_1.jpg_793492074.jpg?resize=350%2C200&ssl=1","width":350,"height":200,"srcset":"https:\/\/i0.wp.com\/www.grieta.org.mx\/wp-content\/uploads\/2020\/09\/yucatan_policias_abuso_policial_1.jpg_793492074.jpg?resize=350%2C200&ssl=1 1x, https:\/\/i0.wp.com\/www.grieta.org.mx\/wp-content\/uploads\/2020\/09\/yucatan_policias_abuso_policial_1.jpg_793492074.jpg?resize=525%2C300&ssl=1 1.5x, https:\/\/i0.wp.com\/www.grieta.org.mx\/wp-content\/uploads\/2020\/09\/yucatan_policias_abuso_policial_1.jpg_793492074.jpg?resize=700%2C400&ssl=1 2x"},"classes":[]}],"_links":{"self":[{"href":"https:\/\/www.grieta.org.mx\/index.php\/wp-json\/wp\/v2\/posts\/69703","targetHints":{"allow":["GET"]}}],"collection":[{"href":"https:\/\/www.grieta.org.mx\/index.php\/wp-json\/wp\/v2\/posts"}],"about":[{"href":"https:\/\/www.grieta.org.mx\/index.php\/wp-json\/wp\/v2\/types\/post"}],"author":[{"embeddable":true,"href":"https:\/\/www.grieta.org.mx\/index.php\/wp-json\/wp\/v2\/users\/2"}],"replies":[{"embeddable":true,"href":"https:\/\/www.grieta.org.mx\/index.php\/wp-json\/wp\/v2\/comments?post=69703"}],"version-history":[{"count":1,"href":"https:\/\/www.grieta.org.mx\/index.php\/wp-json\/wp\/v2\/posts\/69703\/revisions"}],"predecessor-version":[{"id":69705,"href":"https:\/\/www.grieta.org.mx\/index.php\/wp-json\/wp\/v2\/posts\/69703\/revisions\/69705"}],"wp:featuredmedia":[{"embeddable":true,"href":"https:\/\/www.grieta.org.mx\/index.php\/wp-json\/wp\/v2\/media\/69704"}],"wp:attachment":[{"href":"https:\/\/www.grieta.org.mx\/index.php\/wp-json\/wp\/v2\/media?parent=69703"}],"wp:term":[{"taxonomy":"category","embeddable":true,"href":"https:\/\/www.grieta.org.mx\/index.php\/wp-json\/wp\/v2\/categories?post=69703"},{"taxonomy":"post_tag","embeddable":true,"href":"https:\/\/www.grieta.org.mx\/index.php\/wp-json\/wp\/v2\/tags?post=69703"}],"curies":[{"name":"wp","href":"https:\/\/api.w.org\/{rel}","templated":true}]}}