{"id":6970,"date":"2015-11-23T05:02:56","date_gmt":"2015-11-23T05:02:56","guid":{"rendered":"http:\/\/50.22.11.12\/~grietaor\/?p=6970"},"modified":"2016-03-29T05:17:40","modified_gmt":"2016-03-29T05:17:40","slug":"ejidatarios-de-el-pochotal-se-manifiestan-en-la-subprocuraduria","status":"publish","type":"post","link":"https:\/\/www.grieta.org.mx\/index.php\/2015\/11\/23\/ejidatarios-de-el-pochotal-se-manifiestan-en-la-subprocuraduria\/","title":{"rendered":"Ejidatarios de El Pochotal se manifiestan en la subprocuradur\u00eda"},"content":{"rendered":"<p>Dalia Mart\u00ednez, Sinaloa<\/p>\n<p>Ejidatarios de la comunidad de El Pochotal, El Fuerte, se manifiestan de manera pac\u00edfica en las instalaciones de la Subprocuradur\u00eda de Justicia de la Zona Norte, en demanda de que les sean devueltas 100 hect\u00e1reas de terrenos agr\u00edcolas de los que fueron despojados por un particular.<\/p>\n<p>Entre las pancartas se leen consignas hacia el gobernador Mario L\u00f3pez Valdez para que tenga conocimiento de las arbitrariedades que se est\u00e1n cometiendo contra el grupo Yoreme-Mayo de parte de la Polic\u00eda Ministerial, bajo la orden de un terrateniente que est\u00e1 apoderado de sus terrenos.<\/p>\n<p>\u201cQueremos justicia, queremos nuestras tierras porque son nuestras; tenemos certificados que nos amparan que son de nosotros las tierras por eso estamos luchando y aqu\u00ed vamos a estar\u201d.<\/p>\n<p>\u201cQue ya se nos entreguen las tierras. An\u00edbal no quiere dar su brazo a torcer y es lo que queremos: justicia\u201d.<\/p>\n<p>\u201cDesde el 2006 entr\u00f3 \u00e9l a desmontar y pues el 2012 sal\u00edan las tierras y no las quiere entregar<br \/>\ny pues aqu\u00ed andamos para all\u00e1 y para ac\u00e1 y pues nada, no se arregla\u201d, expresaron.<\/p>\n<p>Aseguran que mantienen las tierras resguardadas por patrullas de la Ministerial y no les<br \/>\npermiten hacer uso de ellas, incluso fueron desalojados, por lo exigieron tambi\u00e9n la salida del procurador de justicia del Estado de Sinaloa, por abuso de autoridad.<\/p>\n<p>\u201cAhora ha habido m\u00e1s violencia contra nosotros; ha mandado la Ministerial a los terrenos de uso<br \/>\ncom\u00fan que tenemos nosotros\u201d.<\/p>\n<p>\u201c\u2026fuimos a los terrenos y otra vez las patrullas de la Ministerial nos echaron para afuera; ya<br \/>\nno podemos ver los terrenos que nos corresponden a nosotros, cuando esos terrenos ya estaban marcados para regarse y nos negaron el agua tambi\u00e9n\u201d, dijo.<\/p>\n<p>Durante la manifestaci\u00f3n, los ejidatarios estuvieron acompa\u00f1ados por el abogado Mart\u00edn<br \/>\nL\u00f3pez F\u00e9lix, quien se\u00f1al\u00f3 que levantar\u00edan una denuncia en contra del procurador<br \/>\nde Justicia por abuso de autoridad.<\/p>\n<p>\u201cEso es totalmente un abuso de autoridad, est\u00e1 atentando contra los derechos constitucionales de<br \/>\nErasmo y as\u00ed lo contempla el C\u00f3digo Penal de Sinaloa, que el funcionario p\u00fablico que atente contra un derecho constitucional del Gobernador se hace acreedor al delito de abuso de autoridad y pues \u00e9l lo cometi\u00f3\u201d.<\/p>\n<p>\u201c\u2026sus agentes a su mando as\u00ed lo manifestaron, que el procurador les hab\u00eda ordenado hacerle el<br \/>\ndesalojo y meter la maquinaria necesaria para destruir todos y cada uno de los trabajos de campo que ten\u00edan para la siembra\u201d, indic\u00f3.<\/p>\n<p>Un total de 24 ejidatarios han resultado afectados con este desalojo, los cuales dicen tener miedo por la presencia de la Polic\u00eda Ministerial en sus tierras.<\/p>\n<p><a href=\"http:\/\/www.lineadirectaportal.com\/publicacion.php?noticia=271770\" target=\"_blank\">www.lineadirectaportal.com\/publicacion.php?noticia=271770<\/a><\/p>\n","protected":false},"excerpt":{"rendered":"<p>Dalia Mart\u00ednez, Sinaloa Ejidatarios de la comunidad de El Pochotal, El Fuerte, se manifiestan de manera pac\u00edfica en las instalaciones de la Subprocuradur\u00eda de Justicia de la Zona Norte, en &hellip; <a href=\"https:\/\/www.grieta.org.mx\/index.php\/2015\/11\/23\/ejidatarios-de-el-pochotal-se-manifiestan-en-la-subprocuraduria\/\" class=\"more-link\">Leer m\u00e1s<\/a><\/p>\n","protected":false},"author":2,"featured_media":21928,"comment_status":"closed","ping_status":"open","sticky":false,"template":"","format":"standard","meta":{"ngg_post_thumbnail":0,"_jetpack_newsletter_access":"","_jetpack_dont_email_post_to_subs":false,"_jetpack_newsletter_tier_id":0,"_jetpack_memberships_contains_paywalled_content":false,"_jetpack_memberships_contains_paid_content":false,"footnotes":""},"categories":[80,164],"tags":[184,427,180],"class_list":["post-6970","post","type-post","status-publish","format-standard","has-post-thumbnail","hentry","category-cintillo","category-sinaloa","tag-despojo","tag-mayo-yoreme","tag-protesta","entry"],"jetpack_featured_media_url":"https:\/\/www.grieta.org.mx\/wp-content\/uploads\/2018\/03\/14524434_1106112876131411_958039263622046936_o.jpg","jetpack_sharing_enabled":true,"jetpack_shortlink":"https:\/\/wp.me\/p7ZJR4-1Oq","jetpack_likes_enabled":false,"jetpack-related-posts":[{"id":6971,"url":"https:\/\/www.grieta.org.mx\/index.php\/2016\/08\/14\/6971\/","url_meta":{"origin":6970,"position":0},"title":"Conflictos agrarios y despojo en Sinaloa","author":"grieta","date":"14 agosto, 2016","format":false,"excerpt":"14\/08\/16. Terrenos de marisma, el bot\u00edn (Sinaloa) Riodoce 29\/11\/15. Se recrudece crisis en El Pochotal Riodoce 24\/11\/15. Campesinos de El Pochotal son due\u00f1os de tierras que reclaman L\u00ednea Directa 23\/11\/15. Ejidatarios de El Pochotal se manifiestan en la subprocuradur\u00eda L\u00ednea Directa","rel":"","context":"En &quot;NOTICIAS NACIONALES&quot;","block_context":{"text":"NOTICIAS NACIONALES","link":"https:\/\/www.grieta.org.mx\/index.php\/category\/noticias-nacionales\/"},"img":{"alt_text":"","src":"https:\/\/i0.wp.com\/www.grieta.org.mx\/wp-content\/uploads\/2018\/03\/14524434_1106112876131411_958039263622046936_o.jpg?resize=350%2C200&ssl=1","width":350,"height":200,"srcset":"https:\/\/i0.wp.com\/www.grieta.org.mx\/wp-content\/uploads\/2018\/03\/14524434_1106112876131411_958039263622046936_o.jpg?resize=350%2C200&ssl=1 1x, https:\/\/i0.wp.com\/www.grieta.org.mx\/wp-content\/uploads\/2018\/03\/14524434_1106112876131411_958039263622046936_o.jpg?resize=525%2C300&ssl=1 1.5x, https:\/\/i0.wp.com\/www.grieta.org.mx\/wp-content\/uploads\/2018\/03\/14524434_1106112876131411_958039263622046936_o.jpg?resize=700%2C400&ssl=1 2x"},"classes":[]},{"id":6993,"url":"https:\/\/www.grieta.org.mx\/index.php\/2015\/11\/24\/campesinos-de-el-pochotal-son-duenos-de-tierras-que-reclaman\/","url_meta":{"origin":6970,"position":1},"title":"Campesinos de El Pochotal son due\u00f1os de tierras que reclaman","author":"grieta","date":"24 noviembre, 2015","format":false,"excerpt":"Alfredo Ayala, Sinaloa Autoridades de los tres niveles de gobierno \u201cpisotean\u201d los derechos de los campesinos del ejido El Pochotal y por esa raz\u00f3n no se soluciona el conflicto agrario que mantienen desde m\u00e1s de tres a\u00f1os con un particular que los despoj\u00f3 de sus parcelas. Autoridades de los tres\u2026","rel":"","context":"En &quot;CINTILLO&quot;","block_context":{"text":"CINTILLO","link":"https:\/\/www.grieta.org.mx\/index.php\/category\/cintillo\/"},"img":{"alt_text":"","src":"https:\/\/i0.wp.com\/www.grieta.org.mx\/wp-content\/uploads\/2018\/03\/14524434_1106112876131411_958039263622046936_o.jpg?resize=350%2C200&ssl=1","width":350,"height":200,"srcset":"https:\/\/i0.wp.com\/www.grieta.org.mx\/wp-content\/uploads\/2018\/03\/14524434_1106112876131411_958039263622046936_o.jpg?resize=350%2C200&ssl=1 1x, https:\/\/i0.wp.com\/www.grieta.org.mx\/wp-content\/uploads\/2018\/03\/14524434_1106112876131411_958039263622046936_o.jpg?resize=525%2C300&ssl=1 1.5x, https:\/\/i0.wp.com\/www.grieta.org.mx\/wp-content\/uploads\/2018\/03\/14524434_1106112876131411_958039263622046936_o.jpg?resize=700%2C400&ssl=1 2x"},"classes":[]},{"id":6998,"url":"https:\/\/www.grieta.org.mx\/index.php\/2015\/11\/29\/se-recrudece-crisis-en-el-pochotal\/","url_meta":{"origin":6970,"position":2},"title":"Se recrudece crisis en El Pochotal","author":"grieta","date":"29 noviembre, 2015","format":false,"excerpt":"Luis Fernando N\u00e1jera, Sinaloa. Denuncia a Procurador por abuso de autoridad El conflicto agrario en el ejido El Pochotal del municipio de El Fuerte apunt\u00f3 penalmente hacia un nuevo implicado, el Procurador General de Justicia del Estado de Sinaloa, Marco Antonio Higuera G\u00f3mez, a quien le endilgan el delito de\u2026","rel":"","context":"En &quot;CINTILLO&quot;","block_context":{"text":"CINTILLO","link":"https:\/\/www.grieta.org.mx\/index.php\/category\/cintillo\/"},"img":{"alt_text":"","src":"https:\/\/i0.wp.com\/www.grieta.org.mx\/wp-content\/uploads\/2018\/03\/14524434_1106112876131411_958039263622046936_o.jpg?resize=350%2C200&ssl=1","width":350,"height":200,"srcset":"https:\/\/i0.wp.com\/www.grieta.org.mx\/wp-content\/uploads\/2018\/03\/14524434_1106112876131411_958039263622046936_o.jpg?resize=350%2C200&ssl=1 1x, https:\/\/i0.wp.com\/www.grieta.org.mx\/wp-content\/uploads\/2018\/03\/14524434_1106112876131411_958039263622046936_o.jpg?resize=525%2C300&ssl=1 1.5x, https:\/\/i0.wp.com\/www.grieta.org.mx\/wp-content\/uploads\/2018\/03\/14524434_1106112876131411_958039263622046936_o.jpg?resize=700%2C400&ssl=1 2x"},"classes":[]},{"id":36111,"url":"https:\/\/www.grieta.org.mx\/index.php\/2019\/07\/09\/movimiento-aqui-no-toma-instalaciones-del-palacio-municipal-sinaloa\/","url_meta":{"origin":6970,"position":3},"title":"Movimiento Aqu\u00ed No, toma instalaciones del Palacio Municipal (Sinaloa)","author":"grieta","date":"9 julio, 2019","format":false,"excerpt":"Foto: El Debate Los manifestantes rechazan la renovaci\u00f3n de los permisos de construcci\u00f3n de la planta de fertilizantes en Topolobampo y exigen ser atendidos por el alcalde Billy Chapman Lupita G\u00e1mez \/ El Debate Los Mochis, Sinaloa.- En se\u00f1al de total rechazo a la decisi\u00f3n del alcalde Manuel Guillermo Chapman\u2026","rel":"","context":"En &quot;CINTILLO&quot;","block_context":{"text":"CINTILLO","link":"https:\/\/www.grieta.org.mx\/index.php\/category\/cintillo\/"},"img":{"alt_text":"","src":"https:\/\/i0.wp.com\/www.grieta.org.mx\/wp-content\/uploads\/2019\/07\/colectivo_aqui_no_toma_se_manifiestan_en_el_palacio_municipal_7.jpg_219914347.jpg?resize=350%2C200&ssl=1","width":350,"height":200,"srcset":"https:\/\/i0.wp.com\/www.grieta.org.mx\/wp-content\/uploads\/2019\/07\/colectivo_aqui_no_toma_se_manifiestan_en_el_palacio_municipal_7.jpg_219914347.jpg?resize=350%2C200&ssl=1 1x, https:\/\/i0.wp.com\/www.grieta.org.mx\/wp-content\/uploads\/2019\/07\/colectivo_aqui_no_toma_se_manifiestan_en_el_palacio_municipal_7.jpg_219914347.jpg?resize=525%2C300&ssl=1 1.5x, https:\/\/i0.wp.com\/www.grieta.org.mx\/wp-content\/uploads\/2019\/07\/colectivo_aqui_no_toma_se_manifiestan_en_el_palacio_municipal_7.jpg_219914347.jpg?resize=700%2C400&ssl=1 2x"},"classes":[]},{"id":34752,"url":"https:\/\/www.grieta.org.mx\/index.php\/2019\/06\/12\/buaysiacobe-continua-el-despojo-contra-los-yoremes-de-sonora\/","url_meta":{"origin":6970,"position":4},"title":"Buaysiacobe: contin\u00faa el despojo contra los yoremes de Sonora","author":"grieta","date":"12 junio, 2019","format":false,"excerpt":"Myrna Valencia Banda\/ CONTRAL\u00cdNEA Buaysiacobe en lengua yoreme significa: lugar donde crece el zacate lana. Como ejido, Buaysiacobe (municipio de Etchojoa) tiene sus inicios en 1930 cuando, organizados por l\u00edderes del gobierno mexicano y uno que otro ind\u00edgena, m\u00e1s de 200 hombres y una docena de mujeres empezaron desmontar, sembrar\u2026","rel":"","context":"En &quot;CINTILLO&quot;","block_context":{"text":"CINTILLO","link":"https:\/\/www.grieta.org.mx\/index.php\/category\/cintillo\/"},"img":{"alt_text":"","src":"https:\/\/i0.wp.com\/www.grieta.org.mx\/wp-content\/uploads\/2019\/06\/Pascola.jpg?resize=350%2C200&ssl=1","width":350,"height":200,"srcset":"https:\/\/i0.wp.com\/www.grieta.org.mx\/wp-content\/uploads\/2019\/06\/Pascola.jpg?resize=350%2C200&ssl=1 1x, https:\/\/i0.wp.com\/www.grieta.org.mx\/wp-content\/uploads\/2019\/06\/Pascola.jpg?resize=525%2C300&ssl=1 1.5x"},"classes":[]},{"id":54170,"url":"https:\/\/www.grieta.org.mx\/index.php\/2020\/10\/13\/se-manifiestan-indigenas-de-sinaloa-y-sonora-contra-planta-de-amoniaco-en-topolobampo\/","url_meta":{"origin":6970,"position":5},"title":"Se manifiestan ind\u00edgenas de Sinaloa y Sonora contra planta de amoniaco en Topolobampo","author":"grieta","date":"13 octubre, 2020","format":false,"excerpt":"Noroeste\/Carlos Boj\u00f3rquez Foto: Noroeste En el marco del D\u00eda de la Raza, ind\u00edgenas del norte de Sinaloa y sur de Sonora se manifestaron en contra de la planta de amoniaco que se pretende construir en Topolobampo. La manifestaci\u00f3n, a la que se sumaron integrantes del Colectivo 'Aqu\u00ed no', inici\u00f3 con\u2026","rel":"","context":"En &quot;CINTILLO&quot;","block_context":{"text":"CINTILLO","link":"https:\/\/www.grieta.org.mx\/index.php\/category\/cintillo\/"},"img":{"alt_text":"","src":"https:\/\/i0.wp.com\/www.grieta.org.mx\/wp-content\/uploads\/2020\/10\/980114b5_e60a_492a_bbc7_53bba4bbd793-319722-1.jpg?resize=350%2C200&ssl=1","width":350,"height":200,"srcset":"https:\/\/i0.wp.com\/www.grieta.org.mx\/wp-content\/uploads\/2020\/10\/980114b5_e60a_492a_bbc7_53bba4bbd793-319722-1.jpg?resize=350%2C200&ssl=1 1x, https:\/\/i0.wp.com\/www.grieta.org.mx\/wp-content\/uploads\/2020\/10\/980114b5_e60a_492a_bbc7_53bba4bbd793-319722-1.jpg?resize=525%2C300&ssl=1 1.5x, https:\/\/i0.wp.com\/www.grieta.org.mx\/wp-content\/uploads\/2020\/10\/980114b5_e60a_492a_bbc7_53bba4bbd793-319722-1.jpg?resize=700%2C400&ssl=1 2x, https:\/\/i0.wp.com\/www.grieta.org.mx\/wp-content\/uploads\/2020\/10\/980114b5_e60a_492a_bbc7_53bba4bbd793-319722-1.jpg?resize=1050%2C600&ssl=1 3x, https:\/\/i0.wp.com\/www.grieta.org.mx\/wp-content\/uploads\/2020\/10\/980114b5_e60a_492a_bbc7_53bba4bbd793-319722-1.jpg?resize=1400%2C800&ssl=1 4x"},"classes":[]}],"_links":{"self":[{"href":"https:\/\/www.grieta.org.mx\/index.php\/wp-json\/wp\/v2\/posts\/6970","targetHints":{"allow":["GET"]}}],"collection":[{"href":"https:\/\/www.grieta.org.mx\/index.php\/wp-json\/wp\/v2\/posts"}],"about":[{"href":"https:\/\/www.grieta.org.mx\/index.php\/wp-json\/wp\/v2\/types\/post"}],"author":[{"embeddable":true,"href":"https:\/\/www.grieta.org.mx\/index.php\/wp-json\/wp\/v2\/users\/2"}],"replies":[{"embeddable":true,"href":"https:\/\/www.grieta.org.mx\/index.php\/wp-json\/wp\/v2\/comments?post=6970"}],"version-history":[{"count":1,"href":"https:\/\/www.grieta.org.mx\/index.php\/wp-json\/wp\/v2\/posts\/6970\/revisions"}],"predecessor-version":[{"id":6989,"href":"https:\/\/www.grieta.org.mx\/index.php\/wp-json\/wp\/v2\/posts\/6970\/revisions\/6989"}],"wp:featuredmedia":[{"embeddable":true,"href":"https:\/\/www.grieta.org.mx\/index.php\/wp-json\/wp\/v2\/media\/21928"}],"wp:attachment":[{"href":"https:\/\/www.grieta.org.mx\/index.php\/wp-json\/wp\/v2\/media?parent=6970"}],"wp:term":[{"taxonomy":"category","embeddable":true,"href":"https:\/\/www.grieta.org.mx\/index.php\/wp-json\/wp\/v2\/categories?post=6970"},{"taxonomy":"post_tag","embeddable":true,"href":"https:\/\/www.grieta.org.mx\/index.php\/wp-json\/wp\/v2\/tags?post=6970"}],"curies":[{"name":"wp","href":"https:\/\/api.w.org\/{rel}","templated":true}]}}