{"id":69651,"date":"2024-08-24T00:33:07","date_gmt":"2024-08-24T06:33:07","guid":{"rendered":"https:\/\/www.grieta.org.mx\/?p=69651"},"modified":"2024-09-12T00:42:03","modified_gmt":"2024-09-12T06:42:03","slug":"chalco-de-las-inundaciones-emergen-las-organizaciones-culturales-estado-de-mexico","status":"publish","type":"post","link":"https:\/\/www.grieta.org.mx\/index.php\/2024\/08\/24\/chalco-de-las-inundaciones-emergen-las-organizaciones-culturales-estado-de-mexico\/","title":{"rendered":"Chalco: De las inundaciones emergen las organizaciones culturales (Estado de M\u00e9xico)"},"content":{"rendered":"<h6>D\u00eda 20 de la inundaci\u00f3n de las colonias Jacalones y Culturas de M\u00e9xico en el municipio de Chalco, Estado de M\u00e9xico. Foto Gustavo Graf<\/h6>\n<p>Texto: Feike De Jong<\/p>\n<p>Fotos: Gustavo Graf<\/p>\n<p>Pie de P\u00e1gina<\/p>\n<p><strong>Organizaciones culturales de la colonia inundada -Culturas de M\u00e9xico- en Chalco ahora se enfocan en apoyar a los damnificados. Mientras, la crisis crece<\/strong><\/p>\n<p>CHALCO, ESTADO DE M\u00c9XICO.- Hace un mes Ale M\u00e9ndez y Cheva Severiano pensaban c\u00f3mo hacer proyectos culturales en la colonia donde viven,en Chalco. Hoy en d\u00eda reparten v\u00edveres y negocian entregas con la gente de protecci\u00f3n civil en una de las colonias m\u00e1s afectadas por las inundaciones que azotaron el suroriente de la megal\u00f3polis en agosto.<\/p>\n<p>La colonia Culturas de M\u00e9xico se ha vuelto emblem\u00e1tica por las inundaciones de este a\u00f1o, provocadas, en parte, por los asentimientos irregulares, la falta de planeaci\u00f3n urbana, el c\u00famulo basura en los drenajes y hasta la falta de respuesta del gobierno. Las narrativas de siempre en una de las colonias m\u00e1s pobladas del Estado de M\u00e9xico, con alrededor de 21 mil personas, seg\u00fan MarketDataMexico.<\/p>\n<figure class=\"wp-block-image size-full\"><img loading=\"lazy\" decoding=\"async\" class=\"wp-image-152345\" src=\"https:\/\/piedepagina.mx\/wp-content\/uploads\/2024\/08\/Chalco_Gustavo_Graf11.jpg\" sizes=\"auto, (max-width: 992px) 100vw, 992px\" srcset=\"https:\/\/piedepagina.mx\/wp-content\/uploads\/2024\/08\/Chalco_Gustavo_Graf11.jpg 992w, https:\/\/piedepagina.mx\/wp-content\/uploads\/2024\/08\/Chalco_Gustavo_Graf11-450x300.jpg 450w, https:\/\/piedepagina.mx\/wp-content\/uploads\/2024\/08\/Chalco_Gustavo_Graf11-768x513.jpg 768w\" alt=\"\" width=\"992\" height=\"662\" \/><\/figure>\n<p>Pero antes y despu\u00e9s de las inundaciones Culturas de M\u00e9xico fue y ser\u00e1 otra cosa. Un hervidero emergente de cultura milenaria plasmada en m\u00e1s de 80 murales gestionados por Corredor Cultural y Red de Trabajo Comunitario Culturas de M\u00e9xico, fundado por M\u00e9ndez, adem\u00e1s de las actividades de las redes de acci\u00f3n de Severiano a trav\u00e9s de la Coordinaci\u00f3n Ind\u00edgena de Chalco (CIC).<\/p>\n<p>\u201cEn esta colonia la mayor\u00eda de la gente es ind\u00edgena,\u201d comenta Cheva Severiano, de 48 a\u00f1os, poeta y parte del equipo que cre\u00f3 la norma de la escritura del idioma mazateco publicada por el Instituto Nacional de Lenguas Ind\u00edgenas (INALI). \u201cLas etnias\u00a0 Mazateca, Mixteca, Mazahua, Zapoteca, Pur\u00e9pecha, Otom\u00ed, N\u00e1huatl y Triqui est\u00e1n representados en el colectivo.\u201d<\/p>\n<p>Severiano es una poeta publicada en dos idiomas, perita traductor en mazateco y parte de varias redes de poetas ind\u00edgenas.<\/p>\n<figure class=\"wp-block-image size-full\"><img loading=\"lazy\" decoding=\"async\" class=\"wp-image-152344\" src=\"https:\/\/piedepagina.mx\/wp-content\/uploads\/2024\/08\/Chalco_Gustavo_Graf10.jpg\" sizes=\"auto, (max-width: 992px) 100vw, 992px\" srcset=\"https:\/\/piedepagina.mx\/wp-content\/uploads\/2024\/08\/Chalco_Gustavo_Graf10.jpg 992w, https:\/\/piedepagina.mx\/wp-content\/uploads\/2024\/08\/Chalco_Gustavo_Graf10-450x300.jpg 450w, https:\/\/piedepagina.mx\/wp-content\/uploads\/2024\/08\/Chalco_Gustavo_Graf10-768x513.jpg 768w\" alt=\"\" width=\"992\" height=\"662\" \/><figcaption class=\"wp-element-caption\">Eusebia Severiano, (Der) ind\u00edgena Mazateca, en el Corredor Culturas de M\u00e9xico en el municipio de Chalco, Estado de M\u00e9xico.<br \/>\nFoto: Gustavo Graf<\/figcaption><\/figure>\n<blockquote class=\"wp-block-quote is-layout-flow wp-block-quote-is-layout-flow\"><p>\u201cLo que pasa es que muchas personas, como siempre, hemos migrado de un lugar a otro, de nuestros lugares de origen a la ciudad. \u00bfPor qu\u00e9? Por cuestiones de trabajo.\u00a0Muchos que vienen de otros estados, lo hacen para buscar pues trabajo, buscan superarse,\u00a0por otras cosas que en sus lugares de origen no encuentran\u201d, comenta Severiano<\/p><\/blockquote>\n<p>La zona inundada es parte del eje Valle de Chalco- Chalco que, seg\u00fan Severiano, tiene la mayor representaci\u00f3n de poblaci\u00f3n ind\u00edgena del la Zona Conurbada del Valle de M\u00e9xico.<\/p>\n<p>En l\u00ednea con las tradiciones de liderazgo de mujeres en las zonas populares de M\u00e9xico, ellas dos han asumido un rol importante en amortiguar la cat\u00e1strofe que hab\u00eda cubierto hasta 18 calles el 22 de agosto..<\/p>\n<figure class=\"wp-block-image size-full\"><img loading=\"lazy\" decoding=\"async\" class=\"wp-image-152341\" src=\"https:\/\/piedepagina.mx\/wp-content\/uploads\/2024\/08\/Chalco_Gustavo_Graf7.jpg\" sizes=\"auto, (max-width: 992px) 100vw, 992px\" srcset=\"https:\/\/piedepagina.mx\/wp-content\/uploads\/2024\/08\/Chalco_Gustavo_Graf7.jpg 992w, https:\/\/piedepagina.mx\/wp-content\/uploads\/2024\/08\/Chalco_Gustavo_Graf7-450x300.jpg 450w, https:\/\/piedepagina.mx\/wp-content\/uploads\/2024\/08\/Chalco_Gustavo_Graf7-768x513.jpg 768w\" alt=\"\" width=\"992\" height=\"662\" \/><figcaption class=\"wp-element-caption\">Mujeres preparan comida para los damnificados de las colonias Jacalones y Culturas de M\u00e9xico en una casa en el municipio de Chalco, Estado de M\u00e9xico. Foto: Gustavo Graf<\/figcaption><\/figure>\n<p>\u201cHemos distribuido 80 comidas hoy,\u201d dice el voluntario Sergio Sorcia qui\u00e9n est\u00e1 cocinando birria y chicharr\u00f3n en salsa verde en el Sal\u00f3n de Fiesta Leonardo\u2019s. \u201cY faltan otras 100.\u201d<\/p>\n<p>Sorcia es voluntaria porqu\u00e9 la organizaci\u00f3n de ciclistas de Xico en Valle de Chalco a quienes se hab\u00edan vinculado con M\u00e9ndez en las Festivales del Corredor Cultura que se hab\u00eda organizado. Tiene doctorado de la Universidad de Essex con una tesis sobre el impacto de narcocorridos en la vida diaria de la gente en M\u00e9xico.<\/p>\n<p>Muchos ni\u00f1os no han salido de la casa en d\u00edas y sufren los estragos emocionales y psicol\u00f3gicos del encierro. Hay gente que no pueden salir para comprar despensa.<\/p>\n<p>\u201cNuestra familia no ha salido en dos semanas,\u201d dice Gumaro Vivanco, que esta viendo hacia el diluvio frente de su casa mientras dos bombas arrojan agua desde su domicilio hacia la calle inundada. \u201cTenemos que vigilar las bombas.\u201d<\/p>\n<p>Otras familias han tenido que salir de la planta baja donde est\u00e1n sus casas y pedir posada con sus vecinos del primer piso.<\/p>\n<p>\u201cPerdimos todo los muebles,\u201d dice Isabel V\u00e1zquez, preso en un segundo piso con sus dos nietos desde la inundaci\u00f3n. \u201cEstamos aqu\u00ed arriba con cuatro familias en el espacio de dos. No hubo donde meter nuestros muebles. Estamos aqu\u00ed sin nada.\u201d<\/p>\n<figure class=\"wp-block-image size-full\"><img loading=\"lazy\" decoding=\"async\" class=\"wp-image-152334\" src=\"https:\/\/piedepagina.mx\/wp-content\/uploads\/2024\/08\/Chalco_Gustavo_Graf.jpg\" sizes=\"auto, (max-width: 992px) 100vw, 992px\" srcset=\"https:\/\/piedepagina.mx\/wp-content\/uploads\/2024\/08\/Chalco_Gustavo_Graf.jpg 992w, https:\/\/piedepagina.mx\/wp-content\/uploads\/2024\/08\/Chalco_Gustavo_Graf-450x300.jpg 450w, https:\/\/piedepagina.mx\/wp-content\/uploads\/2024\/08\/Chalco_Gustavo_Graf-768x513.jpg 768w\" alt=\"\" width=\"992\" height=\"662\" \/><figcaption class=\"wp-element-caption\">Mujeres preparan comida para los damnificados de las colonias Jacalones y Culturas de M\u00e9xico en una casa en el municipio de Chalco, Estado de M\u00e9xico. Foto: Gustavo Graf<\/figcaption><\/figure>\n<p>La cocina que tiene Severiano atr\u00e1s de su tienda de abarrotes ya ha despachado, m\u00e1s o menos a 700 personas en tres d\u00edas.<\/p>\n<p>\u201cUn amigo, Eduardo \u201cLalo Paletas\u201d Diaz, trajo jitomate hoy. Yo y otros pusimos arroz,\u201d comenta Severiano. \u201cYo he organizado a algunas se\u00f1oras para ayudar a hacer la comida.\u201d<\/p>\n<p>El hecho de que organizaciones culturales son protagonistas en actividades de apoyo en emergencias en la periferias de la Ciudad de M\u00e9xico no es casualidad, seg\u00fan Antonio Nieto, estudiante del doctorado en Ciencias y Artes en Dise\u00f1o en la UAM Xochimilco y vecino de Valle de Chalco.<\/p>\n<p>\u201cGente del sector cultural tienden a ser m\u00e1s emp\u00e1tica y sensible, creo, por su quehacer,\u201d comenta Nieto.<\/p>\n<blockquote class=\"wp-block-quote is-layout-flow wp-block-quote-is-layout-flow\"><p>\u201cEs com\u00fan en estos tiempos ante la ausencia de un Estado que deja que tu colonia se inunde cada a\u00f1o y hasta la infraestructura cr\u00edtica del DIF y la Cruz Roja. Adem\u00e1s el sistema econ\u00f3mico obliga a ser cada vez m\u00e1s individualista con menos tiempo libre y m\u00e1s riesgo de perder el trabajo. Por eso las redes comunitarias que se quedan muchas veces son culturales. Los vecinos que ayudan a un gestora como Alejandra M\u00e9ndez para organizar un festival tambi\u00e9n la ayudan a organizar el apoyo a damnificados en un desastre.\u201d<\/p><\/blockquote>\n<p>Una se\u00f1ora mayor viene lentamente apoyada por su hijo y una caminadora hasta la entrada del centro de acopio improvisado en el sal\u00f3n de fiestas Leonardos, que est\u00e1 ubicado sobre una calle polvosa. Un tercer hombre carga sobre su hombro una gran bolsa de ropa.<\/p>\n<p>\u201cYo siempre que pasan cosas he querido apoyar,\u201d comenta Modesta Mart\u00ednez, 90. \u201cEste centro est\u00e1 cerca para que al menos pueda caminar hasta aqu\u00ed y ver c\u00f3mo lo entregan. Dios quiere que ayudamos al pr\u00f3jimo.\u201d<\/p>\n<figure class=\"wp-block-image size-full\"><img loading=\"lazy\" decoding=\"async\" class=\"wp-image-152340\" src=\"https:\/\/piedepagina.mx\/wp-content\/uploads\/2024\/08\/Chalco_Gustavo_Graf6.jpg\" sizes=\"auto, (max-width: 992px) 100vw, 992px\" srcset=\"https:\/\/piedepagina.mx\/wp-content\/uploads\/2024\/08\/Chalco_Gustavo_Graf6.jpg 992w, https:\/\/piedepagina.mx\/wp-content\/uploads\/2024\/08\/Chalco_Gustavo_Graf6-450x300.jpg 450w, https:\/\/piedepagina.mx\/wp-content\/uploads\/2024\/08\/Chalco_Gustavo_Graf6-768x513.jpg 768w\" alt=\"\" width=\"992\" height=\"662\" \/><figcaption class=\"wp-element-caption\">Una voluntaria disfrazada de payasa act\u00faa para ni\u00f1os damnificados por la inundaci\u00f3n de las colonias Jacalones y Culturas de M\u00e9xico en un albergue en el municipio de Chalco, Estado de M\u00e9xico. Foto: Gustavo Graf<\/figcaption><\/figure>\n<p>El proyecto del Corredor Culturas de M\u00e9xico surgi\u00f3 hace dos a\u00f1os con el regreso de Alejandra Mendez, 30, a su casa familiar en la Colonia Culturas con una rodilla rota. Empezo a dar clases en el centro comunitario de su casa. Por considerar el centro comunitario est\u00e9ril empez\u00f3 a convocar a grafiteros para pintarlo y as\u00ed fue creciendo el proyecto de dar una identidad ind\u00edgena a la colonia con sus calles nombradas con etnias ind\u00edgenas.<\/p>\n<figure class=\"wp-block-image size-full\"><img loading=\"lazy\" decoding=\"async\" class=\"wp-image-152337\" src=\"https:\/\/piedepagina.mx\/wp-content\/uploads\/2024\/08\/Chalco_Gustavo_Graf3.jpg\" sizes=\"auto, (max-width: 992px) 100vw, 992px\" srcset=\"https:\/\/piedepagina.mx\/wp-content\/uploads\/2024\/08\/Chalco_Gustavo_Graf3.jpg 992w, https:\/\/piedepagina.mx\/wp-content\/uploads\/2024\/08\/Chalco_Gustavo_Graf3-450x300.jpg 450w, https:\/\/piedepagina.mx\/wp-content\/uploads\/2024\/08\/Chalco_Gustavo_Graf3-768x513.jpg 768w\" alt=\"\" width=\"992\" height=\"662\" \/><figcaption class=\"wp-element-caption\">Alejandra Mendez, gestora cultural del corredor cultural de la colonia Culturas de M\u00e9xico pinta la cara de un ni\u00f1o damnificado por la inundaci\u00f3n en un albergue en el municipio de Chalco, Estado de M\u00e9xico.<br \/>\nFoto: Gustavo Graf<\/figcaption><\/figure>\n<p>\u201cPoco a poco empezaron a conectarse, a convocar a varios compa\u00f1eros de diferentes \u00e1reas,\u00a0que no solamente eran del mural\u00edsmo y graffiti, \u00a0sino tambi\u00e9n de la rama de artesan\u00edas, talleres, psic\u00f3logos, maestros,\u201d \u00a0comenta Mendez durante el Segundo Festival Corredor Culturas de M\u00e9xico antes de la inundaci\u00f3n. \u201cTambi\u00e9n los vecinos se hac\u00edan participar del espacio p\u00fablico,\u00a0eso es lo que se incentiva,\u00a0que la comunidad participe en los procesos culturales que se pretenden como cuidado de sus espacios, participaci\u00f3n en donaci\u00f3n,\u00a0o compartir alg\u00fan alimento.\u201d<\/p>\n<p>Ahora est\u00e1 negociando entregas nocturnas de v\u00edveres a vecinos por lancha con agentes de protecci\u00f3n civil hacia las calles m\u00e1s alejadas de la colonia inundada.<\/p>\n<p>\u201cLo que me parece interesante del proyecto del Corredor Culturas de M\u00e9xico es la cuesti\u00f3n de darle una identidad gr\u00e1fica a una comunidad,\u201d comenta Nieto. \u201cLas personas mismas tienen sus propios gustos y criterios art\u00edsticos y les gusta que hay algo que ellos consideran bonito sobre su barda. Muchas de estas colonias tienen muy poco tiempo como 40-50 a\u00f1os. Y da gusto tener algo que dice \u2018yo soy de aqu\u00ed.\u2019 \u201d<\/p>\n<p>La hija de Severiano, X\u00f3chitl Karen Soriano, para su bicicleta frente de los murales que embellecen el centro comunitario Juan Soriano de la colonia en un d\u00eda soleado antes de las inundaciones. Varios de sus amigos y vecinos del barrio participaron en los murales como los grafiteros Mictlan, Jenny y Higer.<\/p>\n<p>\u201cLa discriminaci\u00f3n sigue igual, no ha cambiado,\u201d comenta Soriano \u201cHay que crecer consciencias. Siento que en la gente se va inculcando que deben de hablar su lengua, que no deben de apenarse.\u201d<\/p>\n<figure class=\"wp-block-image size-full\"><img loading=\"lazy\" decoding=\"async\" class=\"wp-image-152336\" src=\"https:\/\/piedepagina.mx\/wp-content\/uploads\/2024\/08\/Chalco_Gustavo_Graf2.jpg\" sizes=\"auto, (max-width: 992px) 100vw, 992px\" srcset=\"https:\/\/piedepagina.mx\/wp-content\/uploads\/2024\/08\/Chalco_Gustavo_Graf2.jpg 992w, https:\/\/piedepagina.mx\/wp-content\/uploads\/2024\/08\/Chalco_Gustavo_Graf2-450x300.jpg 450w, https:\/\/piedepagina.mx\/wp-content\/uploads\/2024\/08\/Chalco_Gustavo_Graf2-768x513.jpg 768w\" alt=\"\" width=\"992\" height=\"662\" \/><figcaption class=\"wp-element-caption\">Xochitl Torres Severiano en el Corredor Culturas de M\u00e9xico en el municipio de Chalco, Estado de M\u00e9xico. Foto: Gustavo Graf<\/figcaption><\/figure>\n<p>Este semana, el centro comunitario donde X\u00f3chitl Soriano par\u00f3 su bicicleta un albergue con ambulancias y camionetas del ejercito a la orilla de un lago.<\/p>\n<p>Un recorrido por las partes inundadas de la colonia mostr\u00f3 que la gente hab\u00eda pasado por inundaciones antes y hubo muchos gestos de solidaridad y hasta buen animo. Pero todav\u00eda no hay claridad cu\u00e1ndo desaparecer\u00e1 el agua. Y con el tiempo el\u00a0 esta es m\u00e1s insalubre con moscos y larvas que causan ronchas.<\/p>\n<p>A\u00fan las \u00e1reas no inundadas de la colonia est\u00e1n afectadas por el caos vial alrededor de las \u00e1reas inundadas.\u00a0 Agrega a este hervidero una larga historia de discriminaci\u00f3n y abandono por el gobierno, a\u00fan falta esperar el tama\u00f1o de los problemas sociales que podr\u00edan surgir. Vecinos de las colonias aleda\u00f1as Jacalones y Emiliano Zapata ya bloquearon la carretera M\u00e9xico-Cuautla el mi\u00e9rcoles por la inacci\u00f3n del gobierno y el lunes vecinos bloquearon la carretera M\u00e9xico-Puebla. El riesgo de la politizaci\u00f3n siempre est\u00e1 presente.<\/p>\n<figure class=\"wp-block-image size-full\"><img loading=\"lazy\" decoding=\"async\" class=\"wp-image-152343\" src=\"https:\/\/piedepagina.mx\/wp-content\/uploads\/2024\/08\/Chalco_Gustavo_Graf9.jpg\" sizes=\"auto, (max-width: 992px) 100vw, 992px\" srcset=\"https:\/\/piedepagina.mx\/wp-content\/uploads\/2024\/08\/Chalco_Gustavo_Graf9.jpg 992w, https:\/\/piedepagina.mx\/wp-content\/uploads\/2024\/08\/Chalco_Gustavo_Graf9-450x300.jpg 450w, https:\/\/piedepagina.mx\/wp-content\/uploads\/2024\/08\/Chalco_Gustavo_Graf9-768x513.jpg 768w\" alt=\"\" width=\"992\" height=\"662\" \/><figcaption class=\"wp-element-caption\">D\u00eda 20 de la inundaci\u00f3n de las colonias Jacalones y Culturas de M\u00e9xico en el municipio de Chalco, Estado de M\u00e9xico. Foto: Gustavo Graf<\/figcaption><\/figure>\n<p>Este es el contexto que las organizaciones culturales amortiguan.<\/p>\n<p>Mientras los nopales y papas en salsa verde salen y los murales coloridos brillan en las calles, los damnificados al menos sabr\u00e1n que no est\u00e1n solos.<\/p>\n<p>Y eso podr\u00eda hacer toda la diferencia.<\/p>\n<figure class=\"wp-block-image size-full\"><img loading=\"lazy\" decoding=\"async\" class=\"wp-image-152335\" src=\"https:\/\/piedepagina.mx\/wp-content\/uploads\/2024\/08\/Chalco_Gustavo_Graf1.jpg\" sizes=\"auto, (max-width: 992px) 100vw, 992px\" srcset=\"https:\/\/piedepagina.mx\/wp-content\/uploads\/2024\/08\/Chalco_Gustavo_Graf1.jpg 992w, https:\/\/piedepagina.mx\/wp-content\/uploads\/2024\/08\/Chalco_Gustavo_Graf1-450x300.jpg 450w, https:\/\/piedepagina.mx\/wp-content\/uploads\/2024\/08\/Chalco_Gustavo_Graf1-768x513.jpg 768w\" alt=\"\" width=\"992\" height=\"662\" \/><figcaption class=\"wp-element-caption\">Corredor Culturas de M\u00e9xico en el municipio de Chalco, Estado de M\u00e9xico. Foto: Gustavo Graf<\/p>\n<p><a href=\"https:\/\/piedepagina.mx\/chalco-de-las-inundaciones-emergen-las-organizaciones-culturales\/\" target=\"_blank\" rel=\"noopener\">https:\/\/piedepagina.mx\/chalco-de-las-inundaciones-emergen-las-organizaciones-culturales\/<\/a><\/figcaption><\/figure>\n","protected":false},"excerpt":{"rendered":"<p>D\u00eda 20 de la inundaci\u00f3n de las colonias Jacalones y Culturas de M\u00e9xico en el municipio de Chalco, Estado de M\u00e9xico. Foto Gustavo Graf Texto: Feike De Jong Fotos: Gustavo &hellip; <a href=\"https:\/\/www.grieta.org.mx\/index.php\/2024\/08\/24\/chalco-de-las-inundaciones-emergen-las-organizaciones-culturales-estado-de-mexico\/\" class=\"more-link\">Leer m\u00e1s<\/a><\/p>\n","protected":false},"author":2,"featured_media":69652,"comment_status":"closed","ping_status":"closed","sticky":false,"template":"","format":"standard","meta":{"ngg_post_thumbnail":0,"_jetpack_newsletter_access":"","_jetpack_dont_email_post_to_subs":false,"_jetpack_newsletter_tier_id":0,"_jetpack_memberships_contains_paywalled_content":false,"_jetpack_memberships_contains_paid_content":false,"footnotes":""},"categories":[80,16,1729,3035,2],"tags":[881],"class_list":["post-69651","post","type-post","status-publish","format-standard","has-post-thumbnail","hentry","category-cintillo","category-estado-de-mexico","category-lucha-y-resistencia-del-pueblo-en-el-estado-de-mexico","category-movilizaciones-y-protestas-de-habitantes-en-el-estado-de-mexico","category-noticias-nacionales","tag-inundaciones","entry"],"jetpack_featured_media_url":"https:\/\/www.grieta.org.mx\/wp-content\/uploads\/2024\/09\/Chalco-De-las-inundaciones-emergen-las-organizaciones-culturales.jpg","jetpack_sharing_enabled":true,"jetpack_shortlink":"https:\/\/wp.me\/p7ZJR4-i7p","jetpack_likes_enabled":false,"jetpack-related-posts":[{"id":69654,"url":"https:\/\/www.grieta.org.mx\/index.php\/2024\/09\/09\/emergencia-en-chalco-las-inundaciones-ponen-en-riesgo-la-salud-fisica-y-mental-de-miles-de-habitantes-de-la-region-estado-de-mexico\/","url_meta":{"origin":69651,"position":0},"title":"Emergencia en Chalco: las inundaciones ponen en riesgo la salud f\u00edsica y mental de miles de habitantes de la regi\u00f3n (Estado de M\u00e9xico)","author":"grieta","date":"9 septiembre, 2024","format":false,"excerpt":"Las aguas negras son precursoras de enfermedades de la piel, gastrointestinales e infecciosas Roc\u00edo L\u00f3pez Fonseca \/ Meteored La exposici\u00f3n prolongada a condiciones insalubres tambi\u00e9n puede provocar enfermedades de la piel, respiratorias y problemas de salud mental, como estr\u00e9s postraum\u00e1tico y depresi\u00f3n. Sin contar los da\u00f1os materiales que provocan este\u2026","rel":"","context":"En &quot;CINTILLO&quot;","block_context":{"text":"CINTILLO","link":"https:\/\/www.grieta.org.mx\/index.php\/category\/cintillo\/"},"img":{"alt_text":"","src":"https:\/\/i0.wp.com\/www.grieta.org.mx\/wp-content\/uploads\/2024\/09\/Emergencia-en-Chalco-las-inundaciones-ponen-en-riesgo-la-salud-fisica-y-mental-de-miles-de-habitantes-de-la-region.jpg?resize=350%2C200&ssl=1","width":350,"height":200,"srcset":"https:\/\/i0.wp.com\/www.grieta.org.mx\/wp-content\/uploads\/2024\/09\/Emergencia-en-Chalco-las-inundaciones-ponen-en-riesgo-la-salud-fisica-y-mental-de-miles-de-habitantes-de-la-region.jpg?resize=350%2C200&ssl=1 1x, https:\/\/i0.wp.com\/www.grieta.org.mx\/wp-content\/uploads\/2024\/09\/Emergencia-en-Chalco-las-inundaciones-ponen-en-riesgo-la-salud-fisica-y-mental-de-miles-de-habitantes-de-la-region.jpg?resize=525%2C300&ssl=1 1.5x, https:\/\/i0.wp.com\/www.grieta.org.mx\/wp-content\/uploads\/2024\/09\/Emergencia-en-Chalco-las-inundaciones-ponen-en-riesgo-la-salud-fisica-y-mental-de-miles-de-habitantes-de-la-region.jpg?resize=700%2C400&ssl=1 2x"},"classes":[]},{"id":56463,"url":"https:\/\/www.grieta.org.mx\/index.php\/2021\/01\/26\/personal-medico-de-chalco-bloquea-la-mexico-cuautla-piden-ser-vacunados-contra-covid-19-estado-de-mexico\/","url_meta":{"origin":69651,"position":1},"title":"Personal m\u00e9dico de Chalco bloquea la M\u00e9xico-Cuautla; piden ser vacunados contra Covid-19 (Estado de M\u00e9xico)","author":"grieta","date":"26 enero, 2021","format":false,"excerpt":"Fotos: Ricardo P\u00e9rez Orlando Salinas \/ El Sol de Toluca Recalcaron que no regresar\u00e1n a laborar hasta que las autoridades les confirmen que ser\u00e1n contemplados para el proceso de vacunaci\u00f3n La ma\u00f1ana de este martes trabajadores de la Unidad de Medicina Familiar Chalco perteneciente al ISSSTE, se manifestaron para exigir\u2026","rel":"","context":"En &quot;CINTILLO&quot;","block_context":{"text":"CINTILLO","link":"https:\/\/www.grieta.org.mx\/index.php\/category\/cintillo\/"},"img":{"alt_text":"","src":"https:\/\/i0.wp.com\/www.grieta.org.mx\/wp-content\/uploads\/2021\/01\/Personal-medico-de-Chalco-bloquea-la-Mexico-Cuautla-piden-ser-vacunados-contra-Covid-19-edomex-ene.jpg?resize=350%2C200&ssl=1","width":350,"height":200,"srcset":"https:\/\/i0.wp.com\/www.grieta.org.mx\/wp-content\/uploads\/2021\/01\/Personal-medico-de-Chalco-bloquea-la-Mexico-Cuautla-piden-ser-vacunados-contra-Covid-19-edomex-ene.jpg?resize=350%2C200&ssl=1 1x, https:\/\/i0.wp.com\/www.grieta.org.mx\/wp-content\/uploads\/2021\/01\/Personal-medico-de-Chalco-bloquea-la-Mexico-Cuautla-piden-ser-vacunados-contra-Covid-19-edomex-ene.jpg?resize=525%2C300&ssl=1 1.5x, https:\/\/i0.wp.com\/www.grieta.org.mx\/wp-content\/uploads\/2021\/01\/Personal-medico-de-Chalco-bloquea-la-Mexico-Cuautla-piden-ser-vacunados-contra-Covid-19-edomex-ene.jpg?resize=700%2C400&ssl=1 2x"},"classes":[]},{"id":69735,"url":"https:\/\/www.grieta.org.mx\/index.php\/2024\/09\/09\/otra-vez-chalco-estado-de-mexico\/","url_meta":{"origin":69651,"position":2},"title":"Otra vez Chalco (Estado de M\u00e9xico)","author":"grieta","date":"9 septiembre, 2024","format":false,"excerpt":"Eduardo Garc\u00eda V\u00e1zquez \/ Todo en Contra \u201cNo olvidar Chalco\u201d, se\u00f1alaba recientemente El Capit\u00e1n \u2014exsubcomandante Marcos del EZLN\u2014 al inicio de la postdata que alter\u00f3 al oficialismo con\u00a0 la descripci\u00f3n que hac\u00eda del ya casi saliente presidente AMLO, compar\u00e1ndolo con sus antecesores del PRI y del PAN. Iniciaba con esta\u2026","rel":"","context":"En &quot;CINTILLO&quot;","block_context":{"text":"CINTILLO","link":"https:\/\/www.grieta.org.mx\/index.php\/category\/cintillo\/"},"img":{"alt_text":"","src":"https:\/\/i0.wp.com\/www.grieta.org.mx\/wp-content\/uploads\/2024\/09\/Captura-de-pantalla-2024-09-19-222824.png?resize=350%2C200&ssl=1","width":350,"height":200,"srcset":"https:\/\/i0.wp.com\/www.grieta.org.mx\/wp-content\/uploads\/2024\/09\/Captura-de-pantalla-2024-09-19-222824.png?resize=350%2C200&ssl=1 1x, https:\/\/i0.wp.com\/www.grieta.org.mx\/wp-content\/uploads\/2024\/09\/Captura-de-pantalla-2024-09-19-222824.png?resize=525%2C300&ssl=1 1.5x, https:\/\/i0.wp.com\/www.grieta.org.mx\/wp-content\/uploads\/2024\/09\/Captura-de-pantalla-2024-09-19-222824.png?resize=700%2C400&ssl=1 2x, https:\/\/i0.wp.com\/www.grieta.org.mx\/wp-content\/uploads\/2024\/09\/Captura-de-pantalla-2024-09-19-222824.png?resize=1050%2C600&ssl=1 3x"},"classes":[]},{"id":56532,"url":"https:\/\/www.grieta.org.mx\/index.php\/2021\/01\/22\/policias-de-valle-de-chalco-secuestran-a-adolescente-y-piden-10-mil-pesos-de-rescate-estado-de-mexico\/","url_meta":{"origin":69651,"position":3},"title":"Polic\u00edas de Valle de Chalco secuestran a adolescente y piden 10 mil pesos de rescate (Estado de M\u00e9xico)","author":"grieta","date":"22 enero, 2021","format":false,"excerpt":"Imagen tomada de: Milenio.com Zuleyma Garc\u00eda \/ Milenio Un presunto oficial municipal avis\u00f3 a la madre de la v\u00edctima que ten\u00edan a su hijo, pero el d\u00eda del rescate los responsables lograron escapar. Un adolescente fue rescatado por elementos de la Secretar\u00eda de Seguridad del Estado de M\u00e9xico, tras ser\u2026","rel":"","context":"En &quot;Abuso policiaco y tortura en el Estado de M\u00e9xico&quot;","block_context":{"text":"Abuso policiaco y tortura en el Estado de M\u00e9xico","link":"https:\/\/www.grieta.org.mx\/index.php\/category\/noticias-nacionales\/estado-de-mexico\/abuso-policiaco-y-tortura-en-el-estado-de-mexico\/"},"img":{"alt_text":"","src":"https:\/\/i0.wp.com\/www.grieta.org.mx\/wp-content\/uploads\/2021\/01\/Policias-de-Valle-de-Chalco-secuestran-a-adolescente-y-piden-10-mil-pesos-de-rescate-edomex-ene.jpeg?resize=350%2C200&ssl=1","width":350,"height":200,"srcset":"https:\/\/i0.wp.com\/www.grieta.org.mx\/wp-content\/uploads\/2021\/01\/Policias-de-Valle-de-Chalco-secuestran-a-adolescente-y-piden-10-mil-pesos-de-rescate-edomex-ene.jpeg?resize=350%2C200&ssl=1 1x, https:\/\/i0.wp.com\/www.grieta.org.mx\/wp-content\/uploads\/2021\/01\/Policias-de-Valle-de-Chalco-secuestran-a-adolescente-y-piden-10-mil-pesos-de-rescate-edomex-ene.jpeg?resize=525%2C300&ssl=1 1.5x, https:\/\/i0.wp.com\/www.grieta.org.mx\/wp-content\/uploads\/2021\/01\/Policias-de-Valle-de-Chalco-secuestran-a-adolescente-y-piden-10-mil-pesos-de-rescate-edomex-ene.jpeg?resize=700%2C400&ssl=1 2x"},"classes":[]},{"id":1655,"url":"https:\/\/www.grieta.org.mx\/index.php\/2015\/07\/16\/alerta-de-genero-debe-darse-a-todo-el-edomex-ongs\/","url_meta":{"origin":69651,"position":4},"title":"Alerta de g\u00e9nero debe darse a todo el Edomex: ONGs","author":"grieta","date":"16 julio, 2015","format":false,"excerpt":"Sergio Rinc\u00f3n Ciudad de M\u00e9xico, 16 de julio (SinEmbargo).\u2013 Organizaciones civiles que luchan contra la violencia hacia la mujer aseguraron que es insuficiente la solicitud de alerta de g\u00e9nero para 11 municipios del Estado de M\u00e9xico, realizada por el Gobernador Eruviel \u00c1vila Villegas, pues sostuvieron que la ola de feminicidios\u2026","rel":"","context":"En &quot;CINTILLO&quot;","block_context":{"text":"CINTILLO","link":"https:\/\/www.grieta.org.mx\/index.php\/category\/cintillo\/"},"img":{"alt_text":"","src":"https:\/\/i0.wp.com\/www.grieta.org.mx\/wp-content\/uploads\/2018\/03\/14524434_1106112876131411_958039263622046936_o.jpg?resize=350%2C200&ssl=1","width":350,"height":200,"srcset":"https:\/\/i0.wp.com\/www.grieta.org.mx\/wp-content\/uploads\/2018\/03\/14524434_1106112876131411_958039263622046936_o.jpg?resize=350%2C200&ssl=1 1x, https:\/\/i0.wp.com\/www.grieta.org.mx\/wp-content\/uploads\/2018\/03\/14524434_1106112876131411_958039263622046936_o.jpg?resize=525%2C300&ssl=1 1.5x, https:\/\/i0.wp.com\/www.grieta.org.mx\/wp-content\/uploads\/2018\/03\/14524434_1106112876131411_958039263622046936_o.jpg?resize=700%2C400&ssl=1 2x"},"classes":[]},{"id":37097,"url":"https:\/\/www.grieta.org.mx\/index.php\/2019\/07\/25\/el-estado-de-mexico-y-sus-mujeres-desaparecidas-los-casos-van-en-aumento\/","url_meta":{"origin":69651,"position":5},"title":"El Estado de M\u00e9xico y sus mujeres desaparecidas: los casos van en aumento","author":"grieta","date":"25 julio, 2019","format":false,"excerpt":"Lau Almaraz\/CC News Brenda y Alexandra son los casos m\u00e1s recientes en el Edomex. El 55 por ciento de las desapariciones corresponden a menores de edad. Brenda Cruz Garc\u00eda desapareci\u00f3 el pasado 14 de julio, cuando tom\u00f3 un taxi que la llevar\u00eda a la terminal de autobuses en Amanalco, en\u2026","rel":"","context":"En &quot;CINTILLO&quot;","block_context":{"text":"CINTILLO","link":"https:\/\/www.grieta.org.mx\/index.php\/category\/cintillo\/"},"img":{"alt_text":"","src":"https:\/\/i0.wp.com\/www.grieta.org.mx\/wp-content\/uploads\/2019\/07\/desaparecidas-en-el-edomex-high.png?resize=350%2C200&ssl=1","width":350,"height":200,"srcset":"https:\/\/i0.wp.com\/www.grieta.org.mx\/wp-content\/uploads\/2019\/07\/desaparecidas-en-el-edomex-high.png?resize=350%2C200&ssl=1 1x, https:\/\/i0.wp.com\/www.grieta.org.mx\/wp-content\/uploads\/2019\/07\/desaparecidas-en-el-edomex-high.png?resize=525%2C300&ssl=1 1.5x, https:\/\/i0.wp.com\/www.grieta.org.mx\/wp-content\/uploads\/2019\/07\/desaparecidas-en-el-edomex-high.png?resize=700%2C400&ssl=1 2x"},"classes":[]}],"_links":{"self":[{"href":"https:\/\/www.grieta.org.mx\/index.php\/wp-json\/wp\/v2\/posts\/69651","targetHints":{"allow":["GET"]}}],"collection":[{"href":"https:\/\/www.grieta.org.mx\/index.php\/wp-json\/wp\/v2\/posts"}],"about":[{"href":"https:\/\/www.grieta.org.mx\/index.php\/wp-json\/wp\/v2\/types\/post"}],"author":[{"embeddable":true,"href":"https:\/\/www.grieta.org.mx\/index.php\/wp-json\/wp\/v2\/users\/2"}],"replies":[{"embeddable":true,"href":"https:\/\/www.grieta.org.mx\/index.php\/wp-json\/wp\/v2\/comments?post=69651"}],"version-history":[{"count":1,"href":"https:\/\/www.grieta.org.mx\/index.php\/wp-json\/wp\/v2\/posts\/69651\/revisions"}],"predecessor-version":[{"id":69653,"href":"https:\/\/www.grieta.org.mx\/index.php\/wp-json\/wp\/v2\/posts\/69651\/revisions\/69653"}],"wp:featuredmedia":[{"embeddable":true,"href":"https:\/\/www.grieta.org.mx\/index.php\/wp-json\/wp\/v2\/media\/69652"}],"wp:attachment":[{"href":"https:\/\/www.grieta.org.mx\/index.php\/wp-json\/wp\/v2\/media?parent=69651"}],"wp:term":[{"taxonomy":"category","embeddable":true,"href":"https:\/\/www.grieta.org.mx\/index.php\/wp-json\/wp\/v2\/categories?post=69651"},{"taxonomy":"post_tag","embeddable":true,"href":"https:\/\/www.grieta.org.mx\/index.php\/wp-json\/wp\/v2\/tags?post=69651"}],"curies":[{"name":"wp","href":"https:\/\/api.w.org\/{rel}","templated":true}]}}