{"id":69630,"date":"2024-09-05T22:35:39","date_gmt":"2024-09-06T04:35:39","guid":{"rendered":"https:\/\/www.grieta.org.mx\/?p=69630"},"modified":"2024-09-05T22:35:39","modified_gmt":"2024-09-06T04:35:39","slug":"cni-cig-condena-la-cobarde-represion-contra-la-comunidad-otomi-y-diversos-colectivos-y-exige-la-liberacion-inmediata-de-tods-ls-detenidos-y-detenidas","status":"publish","type":"post","link":"https:\/\/www.grieta.org.mx\/index.php\/2024\/09\/05\/cni-cig-condena-la-cobarde-represion-contra-la-comunidad-otomi-y-diversos-colectivos-y-exige-la-liberacion-inmediata-de-tods-ls-detenidos-y-detenidas\/","title":{"rendered":"CNI-CIG CONDENA LA COBARDE REPRESI\u00d3N CONTRA LA COMUNIDAD OTOM\u00cd Y DIVERSOS COLECTIVOS Y EXIGE LA LIBERACI\u00d3N INMEDIATA DE TOD@S L@S DETENIDOS Y DETENIDAS."},"content":{"rendered":"<p>A los Pueblos de M\u00e9xico y el Mundo<\/p>\n<p>A los colectivos y organizaciones de derechos humanos<\/p>\n<p>A los medios de comunicaci\u00f3n<\/p>\n<p>La Comisi\u00f3n de Coordinaci\u00f3n y Seguimiento del Congreso Nacional Ind\u00edgena \u2013 Concejo Ind\u00edgena de Gobierno, denunciamos la cobarde represi\u00f3n a nuestras compa\u00f1eras y compa\u00f1eros de la comunidad Otom\u00ed, residente en la Ciudad de M\u00e9xico, por las fuerzas represivas del gobierno de la Ciudad de M\u00e9xico y de las alcald\u00edas de Tlalpan y Xochimilco, as\u00ed como del Gobierno de la Ciudad de M\u00e9xico, cuando participaban en una movilizaci\u00f3n para exigir el cese a la persecuci\u00f3n en contra de la compa\u00f1era Hortensia Tel\u00e9sforo originaria del pueblo de San Gregorio Atlapulco, quien es criminalizada por la defensa de su pueblo.<\/p>\n<p>Alrededor de las 2:00 de la tarde un grupo de cerca de 50 personas vestidas de civil, armados con palos y armas punzo cortantes, atacaron y persiguieron a compa\u00f1er@s, robaron c\u00e1maras y celulares, esto ante la mirada de los polic\u00edas que se encontraban en el lugar.<\/p>\n<p>Compa\u00f1eros del Frente de Pueblos y Barrios del Anahuac, la Asamblea General de San Gregorio Atlaplulco, miembros de medios libres y otros colectivos fueron golpeados, perseguidos y detenidos. Entre los compa\u00f1eros agredidos hay gente de la tercera edad, j\u00f3venes y mujeres.<\/p>\n<p>Tras la detenci\u00f3n de Anselma Margarito Francisco (Comunidad Otomi), Jorge Manuel Cancino Garc\u00eda (Conciencia y libertad UNAM), Uriel Garc\u00eda Rojas (Conciencia y libertad UNAM). Roberto Rodr\u00edguez Contreras (Coordinaci\u00f3n Metropolitana) y Pen\u00e9lope Estefan\u00eda Galicia Argumedo (radio Zapote), fue deliberadamente negada informaci\u00f3n sobre su paradero, manteni\u00e9ndolos en calidad de desaparecidos, hasta que fueron trasladados a la fiscal\u00eda de Tlalpan, donde acudieron miembros de la comunidad Otom\u00ed para manifestarse por su liberaci\u00f3n y presentaci\u00f3n.<\/p>\n<p>Estando en las instalaciones de la fiscal\u00eda de la alcald\u00eda de Tlalpan, los compa\u00f1eros de la comunidad Otom\u00ed y diversos colectivos fueron cercados y reprimidos con violencia, mediante el uso de gases lacrim\u00f3genos y golpes, fueron cercados por polic\u00edas, hasta que se liber\u00f3 a los detenidos.<\/p>\n<p>Condenamos este cobarde acto represivo, en la que los gobiernos usaron grupos de choque armados con arma blancas, recurrieron a los golpes, tortura sexual, desaparici\u00f3n forzada en contra de mujeres, ni\u00f1os, y personas de la tercera edad.<\/p>\n<p>Al momento de emitir el presente comunicado aun no ha sido liberada la compa\u00f1era Anselma Margarito Francisco, de quien exigimos su inmediata liberaci\u00f3n.<\/p>\n<p>Atentamente<\/p>\n<p>5 de septiembre de 2024<\/p>\n<p>Comisi\u00f3n de Coordinaci\u00f3n y Seguimiento del Congreso Nacional Ind\u00edgena. Concejo Ind\u00edgena de Gobierno.<\/p>\n<p><a href=\"https:\/\/www.congresonacionalindigena.org\/2024\/09\/05\/cni-cig-condena-la-cobarde-represion-contra-la-comunidad-otomi-y-diversos-colectivos-y-exige-la-liberacion-inmediata-de-tods-ls-detenidos-y-detenidas\/\" rel=\"noopener\" target=\"_blank\">https:\/\/www.congresonacionalindigena.org\/2024\/09\/05\/cni-cig-condena-la-cobarde-represion-contra-la-comunidad-otomi-y-diversos-colectivos-y-exige-la-liberacion-inmediata-de-tods-ls-detenidos-y-detenidas\/<\/a><\/p>\n","protected":false},"excerpt":{"rendered":"<p>A los Pueblos de M\u00e9xico y el Mundo A los colectivos y organizaciones de derechos humanos A los medios de comunicaci\u00f3n La Comisi\u00f3n de Coordinaci\u00f3n y Seguimiento del Congreso Nacional &hellip; <a href=\"https:\/\/www.grieta.org.mx\/index.php\/2024\/09\/05\/cni-cig-condena-la-cobarde-represion-contra-la-comunidad-otomi-y-diversos-colectivos-y-exige-la-liberacion-inmediata-de-tods-ls-detenidos-y-detenidas\/\" class=\"more-link\">Leer m\u00e1s<\/a><\/p>\n","protected":false},"author":2,"featured_media":68321,"comment_status":"closed","ping_status":"closed","sticky":false,"template":"","format":"standard","meta":{"ngg_post_thumbnail":0,"_jetpack_newsletter_access":"","_jetpack_dont_email_post_to_subs":false,"_jetpack_newsletter_tier_id":0,"_jetpack_memberships_contains_paywalled_content":false,"_jetpack_memberships_contains_paid_content":false,"footnotes":""},"categories":[80,79,921,2],"tags":[3237,4156],"class_list":["post-69630","post","type-post","status-publish","format-standard","has-post-thumbnail","hentry","category-cintillo","category-cni","category-comunicados","category-noticias-nacionales","tag-cni-cig","tag-represion-al-cni","entry"],"jetpack_featured_media_url":"https:\/\/www.grieta.org.mx\/wp-content\/uploads\/2024\/01\/logo-CNI-To.png","jetpack_sharing_enabled":true,"jetpack_shortlink":"https:\/\/wp.me\/p7ZJR4-i74","jetpack_likes_enabled":false,"jetpack-related-posts":[{"id":26937,"url":"https:\/\/www.grieta.org.mx\/index.php\/2018\/09\/20\/comunicado-del-cni-cig-ante-la-represion-a-la-comunidad-otomi-radicada-en-la-cdmx\/","url_meta":{"origin":69630,"position":0},"title":"Comunicado del CNI-CIG ante la represi\u00f3n a la comunidad otom\u00ed, radicada en la CDMX","author":"grieta","date":"20 septiembre, 2018","format":false,"excerpt":"Al pueblo de M\u00e9xico A las redes de apoyo al CIG A la Sexta Nacional e Internacional A los medios de comunicaci\u00f3n Ante el ataque perpetrado por el mal gobierno en contra de nuestros compa\u00f1eros y compa\u00f1eras de la comunidad otom\u00ed radicada en la Ciudad de M\u00e9xico, el Congreso Nacional\u2026","rel":"","context":"En &quot;CIG&quot;","block_context":{"text":"CIG","link":"https:\/\/www.grieta.org.mx\/index.php\/category\/cig\/"},"img":{"alt_text":"","src":"https:\/\/i0.wp.com\/www.grieta.org.mx\/wp-content\/uploads\/2018\/03\/14524434_1106112876131411_958039263622046936_o.jpg?resize=350%2C200&ssl=1","width":350,"height":200,"srcset":"https:\/\/i0.wp.com\/www.grieta.org.mx\/wp-content\/uploads\/2018\/03\/14524434_1106112876131411_958039263622046936_o.jpg?resize=350%2C200&ssl=1 1x, https:\/\/i0.wp.com\/www.grieta.org.mx\/wp-content\/uploads\/2018\/03\/14524434_1106112876131411_958039263622046936_o.jpg?resize=525%2C300&ssl=1 1.5x, https:\/\/i0.wp.com\/www.grieta.org.mx\/wp-content\/uploads\/2018\/03\/14524434_1106112876131411_958039263622046936_o.jpg?resize=700%2C400&ssl=1 2x"},"classes":[]},{"id":67944,"url":"https:\/\/www.grieta.org.mx\/index.php\/2023\/10\/16\/denuncia-del-congreso-nacional-indigena-concejo-indigena-de-gobierno-por-el-intento-de-desalojo-de-la-casa-de-los-pueblos\/","url_meta":{"origin":69630,"position":1},"title":"Denuncia del Congreso Nacional Ind\u00edgena \u2013 Concejo Ind\u00edgena de Gobierno por el Intento de Desalojo de la Casa de los Pueblos","author":"grieta","date":"16 octubre, 2023","format":false,"excerpt":"A los pueblos y gobiernos de M\u00e9xico y del mundo. A los organismos de derechos humanos. A los medios de comunicaci\u00f3n. Denunciamos que desde hace algunas horas un numeroso contingente de granaderos del gobierno de la Ciudad de M\u00e9xico est\u00e1 tratando de desalojar con violencia a la Comunidad Ind\u00edgena Otom\u00ed\u2026","rel":"","context":"En &quot;CIG&quot;","block_context":{"text":"CIG","link":"https:\/\/www.grieta.org.mx\/index.php\/category\/cig\/"},"img":{"alt_text":"","src":"https:\/\/i0.wp.com\/www.grieta.org.mx\/wp-content\/uploads\/2023\/10\/logo-CNI-T.png?resize=350%2C200&ssl=1","width":350,"height":200,"srcset":"https:\/\/i0.wp.com\/www.grieta.org.mx\/wp-content\/uploads\/2023\/10\/logo-CNI-T.png?resize=350%2C200&ssl=1 1x, https:\/\/i0.wp.com\/www.grieta.org.mx\/wp-content\/uploads\/2023\/10\/logo-CNI-T.png?resize=525%2C300&ssl=1 1.5x"},"classes":[]},{"id":34271,"url":"https:\/\/www.grieta.org.mx\/index.php\/2019\/06\/05\/comunicado-del-cni-cig-y-el-ezln-ante-la-violencia-desatada-contra-los-pueblos-originarios\/","url_meta":{"origin":69630,"position":2},"title":"COMUNICADO DEL CNI-CIG Y EL EZLN ANTE LA VIOLENCIA DESATADA CONTRA LOS PUEBLOS ORIGINARIOS","author":"grieta","date":"5 junio, 2019","format":false,"excerpt":"A los pueblos del mundo A las redes de apoyo al CIG A la sexta nacional e internacional A los medios de comunicaci\u00f3n El paso del capitalismo neoliberal est\u00e1 marcando sus pasos con la sangre de nuestros pueblos, donde la guerra arrecia porque no cedemos nuestra tierra, cultura, nuestra paz\u2026","rel":"","context":"En &quot;CIG&quot;","block_context":{"text":"CIG","link":"https:\/\/www.grieta.org.mx\/index.php\/category\/cig\/"},"img":{"alt_text":"","src":"https:\/\/i0.wp.com\/www.grieta.org.mx\/wp-content\/uploads\/2018\/03\/14524434_1106112876131411_958039263622046936_o.jpg?resize=350%2C200&ssl=1","width":350,"height":200,"srcset":"https:\/\/i0.wp.com\/www.grieta.org.mx\/wp-content\/uploads\/2018\/03\/14524434_1106112876131411_958039263622046936_o.jpg?resize=350%2C200&ssl=1 1x, https:\/\/i0.wp.com\/www.grieta.org.mx\/wp-content\/uploads\/2018\/03\/14524434_1106112876131411_958039263622046936_o.jpg?resize=525%2C300&ssl=1 1.5x, https:\/\/i0.wp.com\/www.grieta.org.mx\/wp-content\/uploads\/2018\/03\/14524434_1106112876131411_958039263622046936_o.jpg?resize=700%2C400&ssl=1 2x"},"classes":[]},{"id":55811,"url":"https:\/\/www.grieta.org.mx\/index.php\/2020\/12\/17\/represion-a-la-comunidad-otomi-en-la-ciudad-de-mexico-videos\/","url_meta":{"origin":69630,"position":3},"title":"Represi\u00f3n a la comunidad Otom\u00ed en la Ciudad de M\u00e9xico (Videos)","author":"grieta","date":"17 diciembre, 2020","format":false,"excerpt":"Colectivo Grieta Hoy, 17 de diciembre del 2020 por la ma\u00f1ana, la polic\u00eda de la Ciudad de M\u00e9xico detuvo, con abuso de fuerza, a integrantes de la comunidad Otom\u00ed, entre ellos al Concejal del CNI-CIG Filiberto Margarito, tambi\u00e9n fue detenido el asesor de la comunidad Otom\u00ed Diego Garc\u00eda y otros\u2026","rel":"","context":"En &quot;CIG&quot;","block_context":{"text":"CIG","link":"https:\/\/www.grieta.org.mx\/index.php\/category\/cig\/"},"img":{"alt_text":"","src":"https:\/\/i0.wp.com\/www.grieta.org.mx\/wp-content\/uploads\/2020\/12\/imageso.jpg?resize=350%2C200","width":350,"height":200},"classes":[]},{"id":68022,"url":"https:\/\/www.grieta.org.mx\/index.php\/2023\/10\/30\/alto-a-la-represion-en-contra-de-la-comunidad-indigena-otomi-residente-en-la-ciudad-de-mexico\/","url_meta":{"origin":69630,"position":4},"title":"Alto a la represi\u00f3n en contra de la comunidad ind\u00edgena otom\u00ed residente en la Ciudad de M\u00e9xico","author":"grieta","date":"30 octubre, 2023","format":false,"excerpt":"ALTO A LA REPRESI\u00d3N EN CONTRA DE LA COMUNIDAD IND\u00cdGENA OTOM\u00cd RESIDENTE EN LA CIUDAD DE M\u00c9XICO NO AL DESALOJO DE LA CASA DE LOS PUEBLOS \u201cSAMIR FLORES SOBERANES\u201d\u00a0 A los pueblos de M\u00e9xico y del mundo, A los organismos y colectivos defensores de derechos humanos, A los medios de\u2026","rel":"","context":"En &quot;CINTILLO&quot;","block_context":{"text":"CINTILLO","link":"https:\/\/www.grieta.org.mx\/index.php\/category\/cintillo\/"},"img":{"alt_text":"","src":"https:\/\/i0.wp.com\/www.grieta.org.mx\/wp-content\/uploads\/2023\/10\/2023-10-16-07.52.59.jpg?resize=350%2C200&ssl=1","width":350,"height":200,"srcset":"https:\/\/i0.wp.com\/www.grieta.org.mx\/wp-content\/uploads\/2023\/10\/2023-10-16-07.52.59.jpg?resize=350%2C200&ssl=1 1x, https:\/\/i0.wp.com\/www.grieta.org.mx\/wp-content\/uploads\/2023\/10\/2023-10-16-07.52.59.jpg?resize=525%2C300&ssl=1 1.5x"},"classes":[]},{"id":27703,"url":"https:\/\/www.grieta.org.mx\/index.php\/2018\/11\/24\/comunicado-del-cni-cig-y-ezln-al-pueblo-mapuche\/","url_meta":{"origin":69630,"position":5},"title":"Comunicado [conjunto del CNI, CIG y EZLN] al pueblo Mapuche","author":"grieta","date":"24 noviembre, 2018","format":false,"excerpt":"Comunicado: Al pueblo mapuche Al pueblo chileno A los pueblos originarios de Am\u00e9rica A la Sexta Internacional Hermanos y hermanas del digno pueblo mapuche, Los pueblos, naciones, tribus y barrios que conformamos el Congreso Nacional Ind\u00edgena, el Concejo Ind\u00edgena de Gobierno y el EZLN abrazamos solidariamente la familia del compa\u00f1ero\u2026","rel":"","context":"En &quot;CINTILLO&quot;","block_context":{"text":"CINTILLO","link":"https:\/\/www.grieta.org.mx\/index.php\/category\/cintillo\/"},"img":{"alt_text":"","src":"","width":0,"height":0},"classes":[]}],"_links":{"self":[{"href":"https:\/\/www.grieta.org.mx\/index.php\/wp-json\/wp\/v2\/posts\/69630","targetHints":{"allow":["GET"]}}],"collection":[{"href":"https:\/\/www.grieta.org.mx\/index.php\/wp-json\/wp\/v2\/posts"}],"about":[{"href":"https:\/\/www.grieta.org.mx\/index.php\/wp-json\/wp\/v2\/types\/post"}],"author":[{"embeddable":true,"href":"https:\/\/www.grieta.org.mx\/index.php\/wp-json\/wp\/v2\/users\/2"}],"replies":[{"embeddable":true,"href":"https:\/\/www.grieta.org.mx\/index.php\/wp-json\/wp\/v2\/comments?post=69630"}],"version-history":[{"count":1,"href":"https:\/\/www.grieta.org.mx\/index.php\/wp-json\/wp\/v2\/posts\/69630\/revisions"}],"predecessor-version":[{"id":69633,"href":"https:\/\/www.grieta.org.mx\/index.php\/wp-json\/wp\/v2\/posts\/69630\/revisions\/69633"}],"wp:featuredmedia":[{"embeddable":true,"href":"https:\/\/www.grieta.org.mx\/index.php\/wp-json\/wp\/v2\/media\/68321"}],"wp:attachment":[{"href":"https:\/\/www.grieta.org.mx\/index.php\/wp-json\/wp\/v2\/media?parent=69630"}],"wp:term":[{"taxonomy":"category","embeddable":true,"href":"https:\/\/www.grieta.org.mx\/index.php\/wp-json\/wp\/v2\/categories?post=69630"},{"taxonomy":"post_tag","embeddable":true,"href":"https:\/\/www.grieta.org.mx\/index.php\/wp-json\/wp\/v2\/tags?post=69630"}],"curies":[{"name":"wp","href":"https:\/\/api.w.org\/{rel}","templated":true}]}}