{"id":69571,"date":"2024-09-03T20:31:42","date_gmt":"2024-09-04T02:31:42","guid":{"rendered":"https:\/\/www.grieta.org.mx\/?p=69571"},"modified":"2024-09-04T18:25:51","modified_gmt":"2024-09-05T00:25:51","slug":"buscadoras-en-el-zocalo-le-recuerdan-a-mexico-que-al-informe-del-presidente-le-faltan-cientos-de-miles-de-desaparecidos","status":"publish","type":"post","link":"https:\/\/www.grieta.org.mx\/index.php\/2024\/09\/03\/buscadoras-en-el-zocalo-le-recuerdan-a-mexico-que-al-informe-del-presidente-le-faltan-cientos-de-miles-de-desaparecidos\/","title":{"rendered":"Buscadoras en el z\u00f3calo le recuerdan a M\u00e9xico que al informe del presidente le faltan cientos de miles de desaparecidos"},"content":{"rendered":"<p>Colectivo Grieta<\/p>\n<p>Ciudad de M\u00e9xico 31 de agosto de 2024.-<\/p>\n<p>El Z\u00f3calo de la Ciudad de M\u00e9xico est\u00e1 rodeado de vallas que protegen 25,000 sillas vac\u00edas. Entre las sillas, un sistema de sonido que parece para concierto de alguna estrella musical, est\u00e1 repartido en varias estructuras para abarcar toda la plaza capitalina y empieza a ser probado con m\u00fasica electr\u00f3nica a un alt\u00edsimo volumen y ruido blanco. Las vallas y las sillas est\u00e1n siendo cuidadas, por turnos, por decenas de polic\u00edas que soportan el clima con trajes t\u00e1cticos que les cubren completamente las extremidades y el rostro, salvo los ojos. El sol est\u00e1 pegando duro al medio d\u00eda. El Z\u00f3calo casi, casi parece vestido de fiesta y listo para que el presidente de la Rep\u00fablica pronuncie su \u00faltimo informe de gobierno frente a quienes llenar\u00e1n las sillas. S\u00f3lo hay algo que interrumpe el pretendido despliegue festivo: desde hace 15 d\u00edas un grupo de colectivos de buscadoras tomaron el asta y la bandera de M\u00e9xico para exigir que se les escuche, para demandar ser tratados con respeto, para denunciar el desprecio que el presidente del gobierno en turno les ha mostrado. A ellas y ellos nadie les cuida. El campamento qued\u00f3 rodeado por las sillas, las vallas y los polic\u00edas.<br \/>\nLa imagen es terriblemente elocuente: buscadoras se aferran a una bandera, rodeadas por miles de sillas vac\u00edas; cercadas por vallas y polic\u00edas en el coraz\u00f3n de este pa\u00eds.<\/p>\n<p><img loading=\"lazy\" decoding=\"async\" data-attachment-id=\"69584\" data-permalink=\"https:\/\/www.grieta.org.mx\/index.php\/2024\/09\/03\/buscadoras-en-el-zocalo-le-recuerdan-a-mexico-que-al-informe-del-presidente-le-faltan-cientos-de-miles-de-desaparecidos\/photo_2024-09-03_20-22-50\/\" data-orig-file=\"https:\/\/www.grieta.org.mx\/wp-content\/uploads\/2024\/09\/photo_2024-09-03_20-22-50.jpg\" data-orig-size=\"1048,1280\" data-comments-opened=\"0\" data-image-meta=\"{&quot;aperture&quot;:&quot;0&quot;,&quot;credit&quot;:&quot;&quot;,&quot;camera&quot;:&quot;&quot;,&quot;caption&quot;:&quot;&quot;,&quot;created_timestamp&quot;:&quot;0&quot;,&quot;copyright&quot;:&quot;&quot;,&quot;focal_length&quot;:&quot;0&quot;,&quot;iso&quot;:&quot;0&quot;,&quot;shutter_speed&quot;:&quot;0&quot;,&quot;title&quot;:&quot;&quot;,&quot;orientation&quot;:&quot;0&quot;}\" data-image-title=\"photo_2024-09-03_20-22-50\" data-image-description=\"\" data-image-caption=\"\" data-medium-file=\"https:\/\/www.grieta.org.mx\/wp-content\/uploads\/2024\/09\/photo_2024-09-03_20-22-50-246x300.jpg\" data-large-file=\"https:\/\/www.grieta.org.mx\/wp-content\/uploads\/2024\/09\/photo_2024-09-03_20-22-50-838x1024.jpg\" class=\"alignnone wp-image-69584\" src=\"http:\/\/www.grieta.org.mx\/wp-content\/uploads\/2024\/09\/photo_2024-09-03_20-22-50-246x300.jpg\" alt=\"\" width=\"400\" height=\"489\" srcset=\"https:\/\/www.grieta.org.mx\/wp-content\/uploads\/2024\/09\/photo_2024-09-03_20-22-50-246x300.jpg 246w, https:\/\/www.grieta.org.mx\/wp-content\/uploads\/2024\/09\/photo_2024-09-03_20-22-50-838x1024.jpg 838w, https:\/\/www.grieta.org.mx\/wp-content\/uploads\/2024\/09\/photo_2024-09-03_20-22-50-768x938.jpg 768w, https:\/\/www.grieta.org.mx\/wp-content\/uploads\/2024\/09\/photo_2024-09-03_20-22-50.jpg 1048w\" sizes=\"auto, (max-width: 400px) 100vw, 400px\" \/><br \/>\nEl presidente cree que puede callar el grito de dolor de las buscadoras. Pero a las compa\u00f1eras que acampan en el Z\u00f3calo de la ciudad no las callan y no las amedrentan. Ellas afirman que no se ir\u00e1n hasta ser escuchados.<br \/>\nMientras un compa\u00f1ero buscador reparte botellas de agua y pl\u00e1tanos entre los polic\u00edas que est\u00e1n ah\u00ed para cuidar las sillas vac\u00edas, dice: \u201c\u00bfc\u00f3mo es posible que los hayan mandado a hacer este trabajo y no les dan agua ni comida?\u201d En medio de su dolor y rabia encuentran un momento para preocuparse de quienes cuidan las sillas vac\u00edas. El cuerpo polic\u00edaco recibe el agua y los pl\u00e1tanos con much\u00edsimo agradecimiento.<br \/>\nEn el grupo que tom\u00f3 el asta en el Z\u00f3calo, y que no dejar\u00e1n que bajen la bandera en se\u00f1al de desacato, hay buscadoras de Tamaulipas, Oaxaca, Ciudad de M\u00e9xico, Sinaloa, Veracruz, Guadalajara, y Estado de M\u00e9xico, agrupadas en 5 colectivos: Colectivo \u201c10 de Marzo\u201d, \u201cLa Uni\u00f3n de Madres Buscadoras en Tamaulipas\u201d, \u201cDesaparecidos Nacional M\u00e9xico\u201d, \u201cSabuesas Guerreras Fracci\u00f3n Oaxaca\u201d y \u201cUna Luz en el Camino\u201d.<br \/>\nLa compa\u00f1era Delia Quiroa, representante del colectivo \u201c10 de Marzo\u201d de Tamaulipas cuenta que el plant\u00f3n lo iniciaron desde el 18 de agosto, aproximadamente a las 5 de la tarde del presente a\u00f1o. Cuenta que ten\u00edan muchos meses queriendo hacer la acci\u00f3n y que finalmente se pudo. Que cuando llegaron los militares a bajar la bandera, como hacen a diario, fue que se amarraron al asta. \u201cNuestra protesta es que no bajen la bandera porque estamos en se\u00f1al de guerra con las autoridades que nos deben proteger. Si la bandera est\u00e1 ondeando de noche ahorita es porque nuestro pa\u00eds no est\u00e1 en paz. \u00bfC\u00f3mo puede estar el pa\u00eds con m\u00e1s de 100,000 personas desaparecidas en paz? No. Yo creo que no.\u201d<br \/>\nAfirma que van seis a\u00f1os en los que no se ha avanzado nada y que el presidente L\u00f3pez Obrador les tiene un fuerte desprecio a los colectivos de buscadoras &#8220;porque le dicen lo que est\u00e1 mal, y \u00e9l es una persona a la que no le gusta que lo contradigan&#8221;. Tambi\u00e9n afirma que la persona que el presidente tiene al frente de la Comisi\u00f3n Nacional de B\u00fasqueda (Teresa Reyes Sahag\u00fan) no est\u00e1 preparada para desempe\u00f1ar ese trabajo. Afirma: \u201cSi tuviera amor por el pr\u00f3jimo y por los desaparecidos y sus familias, renunciar\u00eda. Porque es experta en urbanizaci\u00f3n y poblaci\u00f3n. Pues que la pongan en un puesto de eso, \u00bfno?\u201d Afirma que hay colectivos que saben m\u00e1s que las autoridades, pero no los toman en cuenta. El primer d\u00eda del plant\u00f3n se les acerc\u00f3 la Comisi\u00f3n Nacional de B\u00fasqueda y les ofreci\u00f3 al d\u00eda siguiente una reuni\u00f3n a primera hora. Pero, dijo, que la titular \u201ces una se\u00f1ora que no tiene experiencia, tiene mal car\u00e1cter. Acaba de estar en Tamaulipas, trat\u00f3 mal a los colectivos y es mentirosa, porque dice que todos los amparos que nosotros le metimos para reclamar por las personas a las que ella borr\u00f3 del registro nacional ella los gan\u00f3. No, no los gan\u00f3. Los jueces la obligaron a registrar a los desaparecidos, a no borrarlos. Y como ya no hay materia, para seguir el juicio porque el acto reclamado dej\u00f3 de surtir efectos, \u00bfpor qu\u00e9? Porque publicaron al desaparecido en el Registro Nacional [\u2026] No es que lo haya ganado, lo que pasa es que el juez ya no puede continuar porque ya se arregl\u00f3 el problema.\u201d<br \/>\nDelia cuenta que el colectivo se fue formando a partir del 2015 por las personas que se presentaban en las dependencias de gobierno para darle seguimiento a sus investigaciones y escuchaban c\u00f3mo \u201cestaban batallando, c\u00f3mo las estaban maltratando, c\u00f3mo les dec\u00edan que ah\u00ed no era, que era en otro lugar y cosas as\u00ed. Entonces ah\u00ed pues ya nos fuimos uniendo y as\u00ed se fue haciendo el colectivo.\u201d<br \/>\nDelia afirma que se han sentido acompa\u00f1ados por la sociedad civil, que ha habido muchas personas que han ido al plant\u00f3n a llevarles comida, medicina y apoyo. Dijo que una forma de apoyar es seguirles en redes sociales y republicar sus publicaciones sobre los desaparecidos porque las primeras 48 horas son cruciales, porque cuando una publicaci\u00f3n se vuelve viral, la autoridad se pone a buscar. Que adem\u00e1s de eso, les hacen falta medicamentos. Que hay madres buscadoras y padres buscadores que requieren alguna medicina: hay una compa\u00f1era con hipertensi\u00f3n y requiere losart\u00e1n de 50 mg, y otra compa\u00f1era que tienen fibromialgia y toma pregabalina de 150 mg, otra compa\u00f1era que requiere insulina glargina, y otro compa\u00f1ero que requiere insulina levemir.<br \/>\nAfirman que el plant\u00f3n no se va a levantar hasta que los reciban. Quieren audiencia con Claudia Sheinbaum, \u201cproponerle que haya una persona interlocutora entre ella y los colectivos. Que directamente, sin intermediarios de otras autoridades le haga llegar todo lo que nosotros queremos y necesitamos que se resume en la b\u00fasqueda, localizaci\u00f3n, identificaci\u00f3n y entrega de nuestros desaparecidos. Todo gira alrededor de eso.\u201d<\/p>\n<p><img loading=\"lazy\" decoding=\"async\" data-attachment-id=\"69575\" data-permalink=\"https:\/\/www.grieta.org.mx\/index.php\/2024\/09\/03\/buscadoras-en-el-zocalo-le-recuerdan-a-mexico-que-al-informe-del-presidente-le-faltan-cientos-de-miles-de-desaparecidos\/madreysillasvacias\/\" data-orig-file=\"https:\/\/www.grieta.org.mx\/wp-content\/uploads\/2024\/09\/Madreysillasvacias.jpg\" data-orig-size=\"732,976\" data-comments-opened=\"0\" data-image-meta=\"{&quot;aperture&quot;:&quot;0&quot;,&quot;credit&quot;:&quot;&quot;,&quot;camera&quot;:&quot;&quot;,&quot;caption&quot;:&quot;&quot;,&quot;created_timestamp&quot;:&quot;0&quot;,&quot;copyright&quot;:&quot;&quot;,&quot;focal_length&quot;:&quot;0&quot;,&quot;iso&quot;:&quot;0&quot;,&quot;shutter_speed&quot;:&quot;0&quot;,&quot;title&quot;:&quot;&quot;,&quot;orientation&quot;:&quot;1&quot;}\" data-image-title=\"Madreysillasvacias\" data-image-description=\"\" data-image-caption=\"\" data-medium-file=\"https:\/\/www.grieta.org.mx\/wp-content\/uploads\/2024\/09\/Madreysillasvacias-225x300.jpg\" data-large-file=\"https:\/\/www.grieta.org.mx\/wp-content\/uploads\/2024\/09\/Madreysillasvacias.jpg\" class=\"alignnone size-full wp-image-69575\" src=\"http:\/\/www.grieta.org.mx\/wp-content\/uploads\/2024\/09\/Madreysillasvacias.jpg\" alt=\"\" width=\"732\" height=\"976\" srcset=\"https:\/\/www.grieta.org.mx\/wp-content\/uploads\/2024\/09\/Madreysillasvacias.jpg 732w, https:\/\/www.grieta.org.mx\/wp-content\/uploads\/2024\/09\/Madreysillasvacias-225x300.jpg 225w\" sizes=\"auto, (max-width: 732px) 100vw, 732px\" \/><\/p>\n<p>El presidente parece m\u00e1s ocupado en su despedida que en cualquier otra cosa. Delia cuenta c\u00f3mo los polic\u00edas cuidan las m\u00e1s de 20,000 sillas toda la noche. \u201cEn vez de irse a buscar a los desaparecidos. Eso a m\u00ed me parece una locura. \u00bfC\u00f3mo puedes tener aqu\u00ed tanta seguridad alrededor de todo esto cuando hay m\u00e1s de 100,000 gentes perdidas?\u201d<br \/>\nLas buscadoras han resistido las noches con enfermedad, con fr\u00edo y lluvia, zancudos. Cuentan que cuando no llueve, les han echado agua con la karcher dizque para barrer la plancha del Z\u00f3calo.<br \/>\nAlgunas buscadoras y buscadores quisieron hablar con grabadora encendida. Otras prefirieron no, por cuesti\u00f3n de seguridad. Una compa\u00f1era, llamada Ana Mar\u00eda cont\u00f3 que busca a su hijo Carlos Palomares Maldonado, desaparecido el 22 de septiembre del 2010 en la colonia Narvarte de la Alcald\u00eda Benito Ju\u00e1rez en la Ciudad de M\u00e9xico. Cont\u00f3 que empez\u00f3 a buscar antes de que hubiera colectivos desde le Movimiento por la Paz con Justicia y Dignidad, con Javier Sicilia. Cuando marcharon de Cuernavaca a C.U. y de C.U. al Z\u00f3calo. Durante un tiempo estuvo en el colectivo \u201cUna Luz en el Camino\u201d, de la ciudad de M\u00e9xico, y ahora y desde hace diez a\u00f1os est\u00e1 en el Colectivo \u201c10 de marzo\u201d de Tamaulipas. Ana Mar\u00eda afirma que no se van a levantar hasta que los reciba L\u00f3pez Obrador.<\/p>\n<p>Gustavo, del Estado de M\u00e9xico, busca a su hijo desaparecido desde el 14 de mayo de este 2024. Ese d\u00eda a las 4pm fue la \u00faltima noticia que tuvieron de \u00e9l. &#8220;Con la desesperaci\u00f3n, con el estr\u00e9s, no sabes con qui\u00e9n ir, con qui\u00e9n preguntar. Y te atrapa el miedo porque no sabes qu\u00e9 pas\u00f3. Pero lo que yo creo es que no se puede desaparecer una persona as\u00ed&#8230; Y cuando su esposa levant\u00f3 el acta, hizo lo correspondiente, las primeras 48 hrs. son fundamentales. Y la autoridad no hizo nada. Ellos tienen forma de hacer la localizaci\u00f3n de la \u00faltima llamada, d\u00f3nde se encontr\u00f3, rastrear&#8230; Porque oye, los medios nos lo permiten para poder hacer eso. Es coraje, es enojo, que la impartici\u00f3n de justicia no sea la correcta. Estoy desmoralizado. Estoy muy triste.&#8221;<\/p>\n<p><img loading=\"lazy\" decoding=\"async\" data-attachment-id=\"69583\" data-permalink=\"https:\/\/www.grieta.org.mx\/index.php\/2024\/09\/03\/buscadoras-en-el-zocalo-le-recuerdan-a-mexico-que-al-informe-del-presidente-le-faltan-cientos-de-miles-de-desaparecidos\/screenshot-2024-09-03-at-20-17-39-20-facebook\/\" data-orig-file=\"https:\/\/www.grieta.org.mx\/wp-content\/uploads\/2024\/09\/Screenshot-2024-09-03-at-20-17-39-20-Facebook.png\" data-orig-size=\"1200,900\" data-comments-opened=\"0\" data-image-meta=\"{&quot;aperture&quot;:&quot;0&quot;,&quot;credit&quot;:&quot;&quot;,&quot;camera&quot;:&quot;&quot;,&quot;caption&quot;:&quot;&quot;,&quot;created_timestamp&quot;:&quot;0&quot;,&quot;copyright&quot;:&quot;&quot;,&quot;focal_length&quot;:&quot;0&quot;,&quot;iso&quot;:&quot;0&quot;,&quot;shutter_speed&quot;:&quot;0&quot;,&quot;title&quot;:&quot;&quot;,&quot;orientation&quot;:&quot;0&quot;}\" data-image-title=\"Screenshot 2024-09-03 at 20-17-39 (20 ) Facebook\" data-image-description=\"\" data-image-caption=\"\" data-medium-file=\"https:\/\/www.grieta.org.mx\/wp-content\/uploads\/2024\/09\/Screenshot-2024-09-03-at-20-17-39-20-Facebook-300x225.png\" data-large-file=\"https:\/\/www.grieta.org.mx\/wp-content\/uploads\/2024\/09\/Screenshot-2024-09-03-at-20-17-39-20-Facebook-1024x768.png\" class=\"alignnone wp-image-69583 \" src=\"http:\/\/www.grieta.org.mx\/wp-content\/uploads\/2024\/09\/Screenshot-2024-09-03-at-20-17-39-20-Facebook-300x225.png\" alt=\"\" width=\"433\" height=\"325\" srcset=\"https:\/\/www.grieta.org.mx\/wp-content\/uploads\/2024\/09\/Screenshot-2024-09-03-at-20-17-39-20-Facebook-300x225.png 300w, https:\/\/www.grieta.org.mx\/wp-content\/uploads\/2024\/09\/Screenshot-2024-09-03-at-20-17-39-20-Facebook-1024x768.png 1024w, https:\/\/www.grieta.org.mx\/wp-content\/uploads\/2024\/09\/Screenshot-2024-09-03-at-20-17-39-20-Facebook-768x576.png 768w, https:\/\/www.grieta.org.mx\/wp-content\/uploads\/2024\/09\/Screenshot-2024-09-03-at-20-17-39-20-Facebook.png 1200w\" sizes=\"auto, (max-width: 433px) 100vw, 433px\" \/><\/p>\n<p>Una madre buscadora que prefiere no grabar su voz en audio, comenta que busca a su marido que desapareci\u00f3 en el camino que va de Jiquilpan hacia Cotija, Michoac\u00e1n desde el 10 de junio de 2023. Ella tambi\u00e9n carga en solidaridad la informaci\u00f3n de un joven italiano que desapareci\u00f3 en Guanajuato, dado que su familia no puede estar.<\/p>\n<p>Otra compa\u00f1era que tampoco quiere grabar su voz afirma que han sido ignorados desde hace 15 d\u00edas. &#8220;No es posible. Ya no es normal lo que est\u00e1 pasando aqu\u00ed en M\u00e9xico. Habl\u00e9 hasta con un militar, le pregunt\u00e9 qu\u00e9 hacer, s\u00f3lo me dijo que me encomiende a Dios, imag\u00ednate, es lo \u00fanico que me dice.&#8221;<\/p>\n<p>En el coraz\u00f3n de la Ciudad de M\u00e9xico, mientras el Z\u00f3calo se viste con el despliegue festivo de sillas vac\u00edas cuidadosamente vigiladas, y el ruido ensordecedor de la m\u00fasica, el verdadero grito de rabia y resistencia resuena en la bandera tomada por quienes buscan a sus seres queridos, y con ellos, a la dignidad y la verg\u00fcenza que el Estado perdi\u00f3 hace mucho. En medio del bullicio orquestado para el \u00faltimo informe de gobierno, la imagen de estas familias cercadas por la indiferencia oficial revela una verdad inc\u00f3moda: el gobierno, obsesionado con su espect\u00e1culo, contin\u00faa desoyendo el clamor de quienes demandan justicia para sus seres queridos desaparecidos.<\/p>\n<p>Bien dice una canci\u00f3n que al terminar la funci\u00f3n, all\u00e1 en el palco de honor, nadie podr\u00e1 ya re\u00edr.<\/p>\n<p>Mientras tanto, el asta bandera del Z\u00f3calo, el lugar m\u00e1s visible del pa\u00eds, es un lugar para empezar a buscar a las buscadoras.<\/p>\n<p><iframe loading=\"lazy\" title=\"Buscando A Las Buscadoras I by Luis Flores\" width=\"1170\" height=\"400\" scrolling=\"no\" frameborder=\"no\" src=\"https:\/\/w.soundcloud.com\/player\/?visual=true&#038;url=https%3A%2F%2Fapi.soundcloud.com%2Ftracks%2F1910276849&#038;show_artwork=true&#038;maxheight=1000&#038;maxwidth=1170\"><\/iframe><\/p>\n<p><iframe loading=\"lazy\" title=\"Buscando a las buscadoras by Luis Flores\" width=\"1170\" height=\"450\" scrolling=\"no\" frameborder=\"no\" src=\"https:\/\/w.soundcloud.com\/player\/?visual=true&#038;url=https%3A%2F%2Fapi.soundcloud.com%2Fplaylists%2F1872819149&#038;show_artwork=true&#038;maxheight=1000&#038;maxwidth=1170\"><\/iframe><\/p>\n<p><img loading=\"lazy\" decoding=\"async\" data-attachment-id=\"69576\" data-permalink=\"https:\/\/www.grieta.org.mx\/index.php\/2024\/09\/03\/buscadoras-en-el-zocalo-le-recuerdan-a-mexico-que-al-informe-del-presidente-le-faltan-cientos-de-miles-de-desaparecidos\/losrostrosdelastabandera\/\" data-orig-file=\"https:\/\/www.grieta.org.mx\/wp-content\/uploads\/2024\/09\/Losrostrosdelastabandera.jpg\" data-orig-size=\"909,1212\" data-comments-opened=\"0\" data-image-meta=\"{&quot;aperture&quot;:&quot;0&quot;,&quot;credit&quot;:&quot;&quot;,&quot;camera&quot;:&quot;&quot;,&quot;caption&quot;:&quot;&quot;,&quot;created_timestamp&quot;:&quot;0&quot;,&quot;copyright&quot;:&quot;&quot;,&quot;focal_length&quot;:&quot;0&quot;,&quot;iso&quot;:&quot;0&quot;,&quot;shutter_speed&quot;:&quot;0&quot;,&quot;title&quot;:&quot;&quot;,&quot;orientation&quot;:&quot;1&quot;}\" data-image-title=\"Losrostrosdelastabandera\" data-image-description=\"\" data-image-caption=\"\" data-medium-file=\"https:\/\/www.grieta.org.mx\/wp-content\/uploads\/2024\/09\/Losrostrosdelastabandera-225x300.jpg\" data-large-file=\"https:\/\/www.grieta.org.mx\/wp-content\/uploads\/2024\/09\/Losrostrosdelastabandera-768x1024.jpg\" class=\"alignnone wp-image-69576 size-medium\" src=\"http:\/\/www.grieta.org.mx\/wp-content\/uploads\/2024\/09\/Losrostrosdelastabandera-225x300.jpg\" alt=\"\" width=\"225\" height=\"300\" srcset=\"https:\/\/www.grieta.org.mx\/wp-content\/uploads\/2024\/09\/Losrostrosdelastabandera-225x300.jpg 225w, https:\/\/www.grieta.org.mx\/wp-content\/uploads\/2024\/09\/Losrostrosdelastabandera-768x1024.jpg 768w, https:\/\/www.grieta.org.mx\/wp-content\/uploads\/2024\/09\/Losrostrosdelastabandera.jpg 909w\" sizes=\"auto, (max-width: 225px) 100vw, 225px\" \/><img loading=\"lazy\" decoding=\"async\" data-attachment-id=\"69587\" data-permalink=\"https:\/\/www.grieta.org.mx\/index.php\/2024\/09\/03\/buscadoras-en-el-zocalo-le-recuerdan-a-mexico-que-al-informe-del-presidente-le-faltan-cientos-de-miles-de-desaparecidos\/photo_2024-09-03_20-28-34\/\" data-orig-file=\"https:\/\/www.grieta.org.mx\/wp-content\/uploads\/2024\/09\/photo_2024-09-03_20-28-34.jpg\" data-orig-size=\"960,1280\" data-comments-opened=\"0\" data-image-meta=\"{&quot;aperture&quot;:&quot;0&quot;,&quot;credit&quot;:&quot;&quot;,&quot;camera&quot;:&quot;&quot;,&quot;caption&quot;:&quot;&quot;,&quot;created_timestamp&quot;:&quot;0&quot;,&quot;copyright&quot;:&quot;&quot;,&quot;focal_length&quot;:&quot;0&quot;,&quot;iso&quot;:&quot;0&quot;,&quot;shutter_speed&quot;:&quot;0&quot;,&quot;title&quot;:&quot;&quot;,&quot;orientation&quot;:&quot;0&quot;}\" data-image-title=\"photo_2024-09-03_20-28-34\" data-image-description=\"\" data-image-caption=\"\" data-medium-file=\"https:\/\/www.grieta.org.mx\/wp-content\/uploads\/2024\/09\/photo_2024-09-03_20-28-34-225x300.jpg\" data-large-file=\"https:\/\/www.grieta.org.mx\/wp-content\/uploads\/2024\/09\/photo_2024-09-03_20-28-34-768x1024.jpg\" class=\"alignnone wp-image-69587 size-medium\" src=\"http:\/\/www.grieta.org.mx\/wp-content\/uploads\/2024\/09\/photo_2024-09-03_20-28-34-225x300.jpg\" alt=\"\" width=\"225\" height=\"300\" srcset=\"https:\/\/www.grieta.org.mx\/wp-content\/uploads\/2024\/09\/photo_2024-09-03_20-28-34-225x300.jpg 225w, https:\/\/www.grieta.org.mx\/wp-content\/uploads\/2024\/09\/photo_2024-09-03_20-28-34-768x1024.jpg 768w, https:\/\/www.grieta.org.mx\/wp-content\/uploads\/2024\/09\/photo_2024-09-03_20-28-34.jpg 960w\" sizes=\"auto, (max-width: 225px) 100vw, 225px\" \/><\/p>\n<p><img loading=\"lazy\" decoding=\"async\" data-attachment-id=\"69577\" data-permalink=\"https:\/\/www.grieta.org.mx\/index.php\/2024\/09\/03\/buscadoras-en-el-zocalo-le-recuerdan-a-mexico-que-al-informe-del-presidente-le-faltan-cientos-de-miles-de-desaparecidos\/desaparecidoscatedral1\/\" data-orig-file=\"https:\/\/www.grieta.org.mx\/wp-content\/uploads\/2024\/09\/DesaparecidosCatedral1.jpg\" data-orig-size=\"960,1280\" data-comments-opened=\"0\" data-image-meta=\"{&quot;aperture&quot;:&quot;0&quot;,&quot;credit&quot;:&quot;&quot;,&quot;camera&quot;:&quot;&quot;,&quot;caption&quot;:&quot;&quot;,&quot;created_timestamp&quot;:&quot;0&quot;,&quot;copyright&quot;:&quot;&quot;,&quot;focal_length&quot;:&quot;0&quot;,&quot;iso&quot;:&quot;0&quot;,&quot;shutter_speed&quot;:&quot;0&quot;,&quot;title&quot;:&quot;&quot;,&quot;orientation&quot;:&quot;1&quot;}\" data-image-title=\"DesaparecidosCatedral(1)\" data-image-description=\"\" data-image-caption=\"\" data-medium-file=\"https:\/\/www.grieta.org.mx\/wp-content\/uploads\/2024\/09\/DesaparecidosCatedral1-225x300.jpg\" data-large-file=\"https:\/\/www.grieta.org.mx\/wp-content\/uploads\/2024\/09\/DesaparecidosCatedral1-768x1024.jpg\" class=\"alignnone wp-image-69577 size-medium\" src=\"http:\/\/www.grieta.org.mx\/wp-content\/uploads\/2024\/09\/DesaparecidosCatedral1-225x300.jpg\" alt=\"\" width=\"225\" height=\"300\" srcset=\"https:\/\/www.grieta.org.mx\/wp-content\/uploads\/2024\/09\/DesaparecidosCatedral1-225x300.jpg 225w, https:\/\/www.grieta.org.mx\/wp-content\/uploads\/2024\/09\/DesaparecidosCatedral1-768x1024.jpg 768w, https:\/\/www.grieta.org.mx\/wp-content\/uploads\/2024\/09\/DesaparecidosCatedral1.jpg 960w\" sizes=\"auto, (max-width: 225px) 100vw, 225px\" \/><img loading=\"lazy\" decoding=\"async\" data-attachment-id=\"69578\" data-permalink=\"https:\/\/www.grieta.org.mx\/index.php\/2024\/09\/03\/buscadoras-en-el-zocalo-le-recuerdan-a-mexico-que-al-informe-del-presidente-le-faltan-cientos-de-miles-de-desaparecidos\/desaparcidoscatedral2\/\" data-orig-file=\"https:\/\/www.grieta.org.mx\/wp-content\/uploads\/2024\/09\/DesaparcidosCatedral2.jpg\" data-orig-size=\"960,1280\" data-comments-opened=\"0\" data-image-meta=\"{&quot;aperture&quot;:&quot;0&quot;,&quot;credit&quot;:&quot;&quot;,&quot;camera&quot;:&quot;&quot;,&quot;caption&quot;:&quot;&quot;,&quot;created_timestamp&quot;:&quot;0&quot;,&quot;copyright&quot;:&quot;&quot;,&quot;focal_length&quot;:&quot;0&quot;,&quot;iso&quot;:&quot;0&quot;,&quot;shutter_speed&quot;:&quot;0&quot;,&quot;title&quot;:&quot;&quot;,&quot;orientation&quot;:&quot;1&quot;}\" data-image-title=\"DesaparcidosCatedral2\" data-image-description=\"\" data-image-caption=\"\" data-medium-file=\"https:\/\/www.grieta.org.mx\/wp-content\/uploads\/2024\/09\/DesaparcidosCatedral2-225x300.jpg\" data-large-file=\"https:\/\/www.grieta.org.mx\/wp-content\/uploads\/2024\/09\/DesaparcidosCatedral2-768x1024.jpg\" class=\"alignnone wp-image-69578 size-medium\" src=\"http:\/\/www.grieta.org.mx\/wp-content\/uploads\/2024\/09\/DesaparcidosCatedral2-225x300.jpg\" alt=\"\" width=\"225\" height=\"300\" srcset=\"https:\/\/www.grieta.org.mx\/wp-content\/uploads\/2024\/09\/DesaparcidosCatedral2-225x300.jpg 225w, https:\/\/www.grieta.org.mx\/wp-content\/uploads\/2024\/09\/DesaparcidosCatedral2-768x1024.jpg 768w, https:\/\/www.grieta.org.mx\/wp-content\/uploads\/2024\/09\/DesaparcidosCatedral2.jpg 960w\" sizes=\"auto, (max-width: 225px) 100vw, 225px\" \/><\/p>\n<p><img loading=\"lazy\" decoding=\"async\" data-attachment-id=\"69579\" data-permalink=\"https:\/\/www.grieta.org.mx\/index.php\/2024\/09\/03\/buscadoras-en-el-zocalo-le-recuerdan-a-mexico-que-al-informe-del-presidente-le-faltan-cientos-de-miles-de-desaparecidos\/ausentedelespectaculo1\/\" data-orig-file=\"https:\/\/www.grieta.org.mx\/wp-content\/uploads\/2024\/09\/AusentedelEspectaculo1.jpg\" data-orig-size=\"960,1280\" data-comments-opened=\"0\" data-image-meta=\"{&quot;aperture&quot;:&quot;0&quot;,&quot;credit&quot;:&quot;&quot;,&quot;camera&quot;:&quot;&quot;,&quot;caption&quot;:&quot;&quot;,&quot;created_timestamp&quot;:&quot;0&quot;,&quot;copyright&quot;:&quot;&quot;,&quot;focal_length&quot;:&quot;0&quot;,&quot;iso&quot;:&quot;0&quot;,&quot;shutter_speed&quot;:&quot;0&quot;,&quot;title&quot;:&quot;&quot;,&quot;orientation&quot;:&quot;1&quot;}\" data-image-title=\"AusentedelEspectaculo1\" data-image-description=\"\" data-image-caption=\"\" data-medium-file=\"https:\/\/www.grieta.org.mx\/wp-content\/uploads\/2024\/09\/AusentedelEspectaculo1-225x300.jpg\" data-large-file=\"https:\/\/www.grieta.org.mx\/wp-content\/uploads\/2024\/09\/AusentedelEspectaculo1-768x1024.jpg\" class=\"alignnone wp-image-69579 size-medium\" src=\"http:\/\/www.grieta.org.mx\/wp-content\/uploads\/2024\/09\/AusentedelEspectaculo1-225x300.jpg\" alt=\"\" width=\"225\" height=\"300\" srcset=\"https:\/\/www.grieta.org.mx\/wp-content\/uploads\/2024\/09\/AusentedelEspectaculo1-225x300.jpg 225w, https:\/\/www.grieta.org.mx\/wp-content\/uploads\/2024\/09\/AusentedelEspectaculo1-768x1024.jpg 768w, https:\/\/www.grieta.org.mx\/wp-content\/uploads\/2024\/09\/AusentedelEspectaculo1.jpg 960w\" sizes=\"auto, (max-width: 225px) 100vw, 225px\" \/><img loading=\"lazy\" decoding=\"async\" data-attachment-id=\"69582\" data-permalink=\"https:\/\/www.grieta.org.mx\/index.php\/2024\/09\/03\/buscadoras-en-el-zocalo-le-recuerdan-a-mexico-que-al-informe-del-presidente-le-faltan-cientos-de-miles-de-desaparecidos\/photo_2024-09-03_20-14-34\/\" data-orig-file=\"https:\/\/www.grieta.org.mx\/wp-content\/uploads\/2024\/09\/photo_2024-09-03_20-14-34.jpg\" data-orig-size=\"960,1280\" data-comments-opened=\"0\" data-image-meta=\"{&quot;aperture&quot;:&quot;0&quot;,&quot;credit&quot;:&quot;&quot;,&quot;camera&quot;:&quot;&quot;,&quot;caption&quot;:&quot;&quot;,&quot;created_timestamp&quot;:&quot;0&quot;,&quot;copyright&quot;:&quot;&quot;,&quot;focal_length&quot;:&quot;0&quot;,&quot;iso&quot;:&quot;0&quot;,&quot;shutter_speed&quot;:&quot;0&quot;,&quot;title&quot;:&quot;&quot;,&quot;orientation&quot;:&quot;0&quot;}\" data-image-title=\"photo_2024-09-03_20-14-34\" data-image-description=\"\" data-image-caption=\"\" data-medium-file=\"https:\/\/www.grieta.org.mx\/wp-content\/uploads\/2024\/09\/photo_2024-09-03_20-14-34-225x300.jpg\" data-large-file=\"https:\/\/www.grieta.org.mx\/wp-content\/uploads\/2024\/09\/photo_2024-09-03_20-14-34-768x1024.jpg\" class=\"alignnone wp-image-69582 size-medium\" src=\"http:\/\/www.grieta.org.mx\/wp-content\/uploads\/2024\/09\/photo_2024-09-03_20-14-34-225x300.jpg\" alt=\"\" width=\"225\" height=\"300\" srcset=\"https:\/\/www.grieta.org.mx\/wp-content\/uploads\/2024\/09\/photo_2024-09-03_20-14-34-225x300.jpg 225w, https:\/\/www.grieta.org.mx\/wp-content\/uploads\/2024\/09\/photo_2024-09-03_20-14-34-768x1024.jpg 768w, https:\/\/www.grieta.org.mx\/wp-content\/uploads\/2024\/09\/photo_2024-09-03_20-14-34.jpg 960w\" sizes=\"auto, (max-width: 225px) 100vw, 225px\" \/><\/p>\n","protected":false},"excerpt":{"rendered":"<p>Colectivo Grieta Ciudad de M\u00e9xico 31 de agosto de 2024.- El Z\u00f3calo de la Ciudad de M\u00e9xico est\u00e1 rodeado de vallas que protegen 25,000 sillas vac\u00edas. Entre las sillas, un &hellip; <a href=\"https:\/\/www.grieta.org.mx\/index.php\/2024\/09\/03\/buscadoras-en-el-zocalo-le-recuerdan-a-mexico-que-al-informe-del-presidente-le-faltan-cientos-de-miles-de-desaparecidos\/\" class=\"more-link\">Leer m\u00e1s<\/a><\/p>\n","protected":false},"author":2,"featured_media":69586,"comment_status":"closed","ping_status":"closed","sticky":false,"template":"","format":"standard","meta":{"ngg_post_thumbnail":0,"_jetpack_newsletter_access":"","_jetpack_dont_email_post_to_subs":false,"_jetpack_newsletter_tier_id":0,"_jetpack_memberships_contains_paywalled_content":false,"_jetpack_memberships_contains_paid_content":false,"footnotes":""},"categories":[80,1775,87,2,83],"tags":[2484,121],"class_list":["post-69571","post","type-post","status-publish","format-standard","has-post-thumbnail","hentry","category-cintillo","category-colectivo-grieta","category-desaparecidos","category-noticias-nacionales","category-temas-nacionales","tag-buscadoras","tag-desaparecidos","entry"],"jetpack_featured_media_url":"https:\/\/www.grieta.org.mx\/wp-content\/uploads\/2024\/09\/photo_2024-09-03_20-25-23.jpg","jetpack_sharing_enabled":true,"jetpack_shortlink":"https:\/\/wp.me\/p7ZJR4-i67","jetpack_likes_enabled":false,"jetpack-related-posts":[{"id":70482,"url":"https:\/\/www.grieta.org.mx\/index.php\/2024\/11\/13\/cancun-no-es-un-paraiso-es-un-infierno-donde-desaparecen-a-nuestros-hijos-e-hijas-llevan-madres-buscadoras-por-quintana-roo-demandas-al-zocalo-de-la-ciudad-de-mexico\/","url_meta":{"origin":69571,"position":0},"title":"&#8220;Canc\u00fan no es un para\u00edso, es un infierno donde desaparecen a nuestros hijos e hijas&#8221; Llevan \u2018Madres Buscadoras por Quintana Roo\u2019 demandas al Z\u00f3calo de la Ciudad de M\u00e9xico","author":"grieta","date":"13 noviembre, 2024","format":false,"excerpt":"CIUDAD DE M\u00c9XICO, MX.- Representantes del colectivo \u201cMadres Buscadoras por Quintana Roo\u201d acudieron este d\u00eda a la Ciudad de M\u00e9xico para participar en las manifestaciones que se realizan por la Convenci\u00f3n Nacional Activista. Los integrantes del colectivo expusieron en el Z\u00f3calo capitalino la situaci\u00f3n que se vive en Quintana Roo\u2026","rel":"","context":"En &quot;acciones por desaparecidos&quot;","block_context":{"text":"acciones por desaparecidos","link":"https:\/\/www.grieta.org.mx\/index.php\/category\/noticias-nacionales\/quintana-roo\/acciones-por-desaparecidos\/"},"img":{"alt_text":"","src":"https:\/\/i0.wp.com\/www.grieta.org.mx\/wp-content\/uploads\/2024\/11\/Infierno-e1731970401834.jpg?resize=350%2C200&ssl=1","width":350,"height":200,"srcset":"https:\/\/i0.wp.com\/www.grieta.org.mx\/wp-content\/uploads\/2024\/11\/Infierno-e1731970401834.jpg?resize=350%2C200&ssl=1 1x, https:\/\/i0.wp.com\/www.grieta.org.mx\/wp-content\/uploads\/2024\/11\/Infierno-e1731970401834.jpg?resize=525%2C300&ssl=1 1.5x, https:\/\/i0.wp.com\/www.grieta.org.mx\/wp-content\/uploads\/2024\/11\/Infierno-e1731970401834.jpg?resize=700%2C400&ssl=1 2x"},"classes":[]},{"id":69898,"url":"https:\/\/www.grieta.org.mx\/index.php\/2024\/09\/30\/a-10-anos-de-la-noche-de-iguala-el-mexico-de-abajo-y-a-la-izquierda-grita-verdad-y-justicia-fotos-audio-y-videos-de-la-marcha\/","url_meta":{"origin":69571,"position":1},"title":"A 10 a\u00f1os de la noche de Iguala, el M\u00e9xico de abajo y a la izquierda grita: &#8220;\u00a1Verdad y justicia!&#8221; (Fotos, audio y videos de la marcha)","author":"grieta","date":"30 septiembre, 2024","format":false,"excerpt":"Colectivo Grieta Ciudad de M\u00e9xico, 26 de septiembre de 2024. A 10 a\u00f1os de la noche en que un grupo de estudiantes de la escuela normal rural \"Ra\u00fal Isidro Burgos\" fuera violentamente atacada por fuerzas combinadas de la polic\u00eda municipal, estatal, federal, ej\u00e9rcito y crimen organizado dejando un saldo de\u2026","rel":"","context":"En &quot;CINTILLO&quot;","block_context":{"text":"CINTILLO","link":"https:\/\/www.grieta.org.mx\/index.php\/category\/cintillo\/"},"img":{"alt_text":"","src":"https:\/\/i0.wp.com\/www.grieta.org.mx\/wp-content\/uploads\/2024\/09\/photo_2024-09-30_10-10-42.jpg?resize=350%2C200&ssl=1","width":350,"height":200,"srcset":"https:\/\/i0.wp.com\/www.grieta.org.mx\/wp-content\/uploads\/2024\/09\/photo_2024-09-30_10-10-42.jpg?resize=350%2C200&ssl=1 1x, https:\/\/i0.wp.com\/www.grieta.org.mx\/wp-content\/uploads\/2024\/09\/photo_2024-09-30_10-10-42.jpg?resize=525%2C300&ssl=1 1.5x, https:\/\/i0.wp.com\/www.grieta.org.mx\/wp-content\/uploads\/2024\/09\/photo_2024-09-30_10-10-42.jpg?resize=700%2C400&ssl=1 2x"},"classes":[]},{"id":59343,"url":"https:\/\/www.grieta.org.mx\/index.php\/2021\/05\/03\/madres-buscadoras-en-mexico-y-jalisco-volveran-a-salir-a-las-calles-este-10-de-mayo-por-el-regreso-de-sus-hijos-e-hijas-desaparecidas-jalisco\/","url_meta":{"origin":69571,"position":2},"title":"Madres buscadoras en M\u00e9xico y Jalisco volver\u00e1n a salir a las calles este 10 de mayo por el regreso de sus hijos e hijas desaparecidas (Jalisco)","author":"grieta","date":"3 mayo, 2021","format":false,"excerpt":"Foto: Zona Docs El 10 de mayo,\u00a0D\u00eda de las Madres\u00a0en M\u00e9xico, ha dejado de ser una fecha de celebraci\u00f3n para miles de madres y familias del pa\u00eds, quienes padecen la ausencia de sus amores desaparecidos, por ello, en lugar de conmemorar, salen a las calles de sus estados y ciudades\u2026","rel":"","context":"En &quot;CINTILLO&quot;","block_context":{"text":"CINTILLO","link":"https:\/\/www.grieta.org.mx\/index.php\/category\/cintillo\/"},"img":{"alt_text":"","src":"https:\/\/i0.wp.com\/www.grieta.org.mx\/wp-content\/uploads\/2021\/05\/result-5-e1620589064516.jpg?resize=350%2C200&ssl=1","width":350,"height":200,"srcset":"https:\/\/i0.wp.com\/www.grieta.org.mx\/wp-content\/uploads\/2021\/05\/result-5-e1620589064516.jpg?resize=350%2C200&ssl=1 1x, https:\/\/i0.wp.com\/www.grieta.org.mx\/wp-content\/uploads\/2021\/05\/result-5-e1620589064516.jpg?resize=525%2C300&ssl=1 1.5x, https:\/\/i0.wp.com\/www.grieta.org.mx\/wp-content\/uploads\/2021\/05\/result-5-e1620589064516.jpg?resize=700%2C400&ssl=1 2x"},"classes":[]},{"id":57313,"url":"https:\/\/www.grieta.org.mx\/index.php\/2021\/03\/08\/ellos-pusieron-una-valla-nosotras-un-memorial-mujeres-solidarias-denuncian-el-feminicidio-interviniendo-las-vallas-de-amlo-sheinbaum-ciudad-de-mexico\/","url_meta":{"origin":69571,"position":3},"title":"&#8220;Ellos pusieron una valla, nosotras un memorial&#8221;: Mujeres solidarias denuncian el feminicidio interviniendo las vallas de AMLO\/Sheinbaum (Ciudad de M\u00e9xico)","author":"grieta","date":"8 marzo, 2021","format":false,"excerpt":"\u00a0 Un d\u00eda antes del d\u00eda internacional de la mujer, mujeres organizadas nombran a las mujeres que faltan y que fueron v\u00edctimas de feminicidio al tiempo que denuncian el desd\u00e9n, indiferencia y omisiones de las autoridades federales y locales. \u00a0 COLECTIVO GRIETA\/ Ciudad de M\u00e9xico.- Las vallas y cercas alzadas\u2026","rel":"","context":"En &quot;CINTILLO&quot;","block_context":{"text":"CINTILLO","link":"https:\/\/www.grieta.org.mx\/index.php\/category\/cintillo\/"},"img":{"alt_text":"","src":"https:\/\/i0.wp.com\/www.grieta.org.mx\/wp-content\/uploads\/2021\/03\/Zocalo-intervenido.jpg?resize=350%2C200&ssl=1","width":350,"height":200,"srcset":"https:\/\/i0.wp.com\/www.grieta.org.mx\/wp-content\/uploads\/2021\/03\/Zocalo-intervenido.jpg?resize=350%2C200&ssl=1 1x, https:\/\/i0.wp.com\/www.grieta.org.mx\/wp-content\/uploads\/2021\/03\/Zocalo-intervenido.jpg?resize=525%2C300&ssl=1 1.5x, https:\/\/i0.wp.com\/www.grieta.org.mx\/wp-content\/uploads\/2021\/03\/Zocalo-intervenido.jpg?resize=700%2C400&ssl=1 2x, https:\/\/i0.wp.com\/www.grieta.org.mx\/wp-content\/uploads\/2021\/03\/Zocalo-intervenido.jpg?resize=1050%2C600&ssl=1 3x"},"classes":[]},{"id":52448,"url":"https:\/\/www.grieta.org.mx\/index.php\/2020\/08\/05\/familiares-de-desaparecidos-realizan-caminata-en-el-zocalo-y-advierten-que-lo-haran-cada-mes-ciudad-de-mexico\/","url_meta":{"origin":69571,"position":4},"title":"Familiares de desaparecidos realizan caminata en el Z\u00f3calo\u2026 y advierten que lo har\u00e1n cada mes (Ciudad de M\u00e9xico)","author":"grieta","date":"5 agosto, 2020","format":false,"excerpt":"Familiares de desaparecidos en el z\u00f3calo de la Ciudad de M\u00e9xico. Foto: Brigada Humanitaria de Paz Marabunta Gloria Leticia D\u00edaz \/ Proceso Familiares de personas desaparecidas ocuparon este mi\u00e9rcoles la plancha del z\u00f3calo de la Ciudad de M\u00e9xico para mantener viva la exigencia de verdad y justicia para las m\u00e1s\u2026","rel":"","context":"En &quot;CINTILLO&quot;","block_context":{"text":"CINTILLO","link":"https:\/\/www.grieta.org.mx\/index.php\/category\/cintillo\/"},"img":{"alt_text":"","src":"https:\/\/i0.wp.com\/www.grieta.org.mx\/wp-content\/uploads\/2020\/08\/Familiares-de-desaparecidos-realizan-caminata-en-el-Z%C3%B3calo%E2%80%A6-y-advierten-que-lo-har%C3%A1n-cada-mes-cdmx-ago.jpg?resize=350%2C200&ssl=1","width":350,"height":200,"srcset":"https:\/\/i0.wp.com\/www.grieta.org.mx\/wp-content\/uploads\/2020\/08\/Familiares-de-desaparecidos-realizan-caminata-en-el-Z%C3%B3calo%E2%80%A6-y-advierten-que-lo-har%C3%A1n-cada-mes-cdmx-ago.jpg?resize=350%2C200&ssl=1 1x, https:\/\/i0.wp.com\/www.grieta.org.mx\/wp-content\/uploads\/2020\/08\/Familiares-de-desaparecidos-realizan-caminata-en-el-Z%C3%B3calo%E2%80%A6-y-advierten-que-lo-har%C3%A1n-cada-mes-cdmx-ago.jpg?resize=525%2C300&ssl=1 1.5x, https:\/\/i0.wp.com\/www.grieta.org.mx\/wp-content\/uploads\/2020\/08\/Familiares-de-desaparecidos-realizan-caminata-en-el-Z%C3%B3calo%E2%80%A6-y-advierten-que-lo-har%C3%A1n-cada-mes-cdmx-ago.jpg?resize=700%2C400&ssl=1 2x"},"classes":[]},{"id":71299,"url":"https:\/\/www.grieta.org.mx\/index.php\/2025\/03\/22\/es-momento-de-que-hable-con-nosotras-madres-y-familiares-de-desaparecidos-a-claudia-shenbaum\/","url_meta":{"origin":69571,"position":5},"title":"&#8220;Es momento de que hable con nosotras..&#8221;: madres y familiares, colectivos de buscadoras y buscadores a Claudia Shenbaum","author":"grieta","date":"22 marzo, 2025","format":false,"excerpt":"En un comunicado contundente, madres y familiares\u00a0 exigen a Claudia Sheinbaum acciones para localizar a sus desparecidos Im\u00e1genes: Colectivo Grieta - Emmlya \u201cA las Buscadoras: ... les decimos aqu\u00ed lo que les \u00edbamos a decir ac\u00e1: No dejen de buscar.\u00a0 Esas personas ausentes valen por la sangre que heredaron, la\u2026","rel":"","context":"En &quot;cdmx&quot;","block_context":{"text":"cdmx","link":"https:\/\/www.grieta.org.mx\/index.php\/category\/cdmx\/"},"img":{"alt_text":"","src":"https:\/\/i0.wp.com\/www.grieta.org.mx\/wp-content\/uploads\/2025\/03\/buscadoras.jpg?resize=350%2C200&ssl=1","width":350,"height":200,"srcset":"https:\/\/i0.wp.com\/www.grieta.org.mx\/wp-content\/uploads\/2025\/03\/buscadoras.jpg?resize=350%2C200&ssl=1 1x, https:\/\/i0.wp.com\/www.grieta.org.mx\/wp-content\/uploads\/2025\/03\/buscadoras.jpg?resize=525%2C300&ssl=1 1.5x, https:\/\/i0.wp.com\/www.grieta.org.mx\/wp-content\/uploads\/2025\/03\/buscadoras.jpg?resize=700%2C400&ssl=1 2x"},"classes":[]}],"_links":{"self":[{"href":"https:\/\/www.grieta.org.mx\/index.php\/wp-json\/wp\/v2\/posts\/69571","targetHints":{"allow":["GET"]}}],"collection":[{"href":"https:\/\/www.grieta.org.mx\/index.php\/wp-json\/wp\/v2\/posts"}],"about":[{"href":"https:\/\/www.grieta.org.mx\/index.php\/wp-json\/wp\/v2\/types\/post"}],"author":[{"embeddable":true,"href":"https:\/\/www.grieta.org.mx\/index.php\/wp-json\/wp\/v2\/users\/2"}],"replies":[{"embeddable":true,"href":"https:\/\/www.grieta.org.mx\/index.php\/wp-json\/wp\/v2\/comments?post=69571"}],"version-history":[{"count":1,"href":"https:\/\/www.grieta.org.mx\/index.php\/wp-json\/wp\/v2\/posts\/69571\/revisions"}],"predecessor-version":[{"id":69603,"href":"https:\/\/www.grieta.org.mx\/index.php\/wp-json\/wp\/v2\/posts\/69571\/revisions\/69603"}],"wp:featuredmedia":[{"embeddable":true,"href":"https:\/\/www.grieta.org.mx\/index.php\/wp-json\/wp\/v2\/media\/69586"}],"wp:attachment":[{"href":"https:\/\/www.grieta.org.mx\/index.php\/wp-json\/wp\/v2\/media?parent=69571"}],"wp:term":[{"taxonomy":"category","embeddable":true,"href":"https:\/\/www.grieta.org.mx\/index.php\/wp-json\/wp\/v2\/categories?post=69571"},{"taxonomy":"post_tag","embeddable":true,"href":"https:\/\/www.grieta.org.mx\/index.php\/wp-json\/wp\/v2\/tags?post=69571"}],"curies":[{"name":"wp","href":"https:\/\/api.w.org\/{rel}","templated":true}]}}